{"id":4199,"date":"2026-09-03T21:27:04","date_gmt":"2026-09-03T19:27:04","guid":{"rendered":"https:\/\/informnapalm.org\/at\/?p=4199"},"modified":"2026-09-03T21:35:42","modified_gmt":"2026-09-03T19:35:42","slug":"mordanschlag","status":"publish","type":"post","link":"https:\/\/informnapalm.org\/at\/mordanschlag\/","title":{"rendered":"Mordanschlag auf russischen General, der wegen Angriffen auf die Ukraine verd\u00e4chtigt wird"},"content":{"rendered":"<div lang=\"de\" style=\"color: #000000;text-align: left\">\n<p style=\"text-align: left\"><span style=\"font-weight: bold;font-family: Helvetica Neue,Helvetica,Arial,Nimbus Sans L,sans-serif\">Generalmajor Nikolai Warpachowitsch f\u00fchrt einen russischen Verband mit strategischen Bombern. Ukrainische Beh\u00f6rden verd\u00e4chtigen ihn der Beteiligung an mehreren Raketenangriffen auf zivile Ziele. Dazu geh\u00f6rt auch der Angriff auf die gr\u00f6\u00dfte spezialisierte Kinderklinik der Ukraine in Kyjiw. Am 3. September 2026 wurde er bei einem Mordanschlag in Russland schwer verletzt.<\/span><\/p>\n<div style=\"color: #333333;text-align: left\">\n<p style=\"text-align: left\">Am 3. September 2026 gegen 07.00 Uhr wurde ein hochrangiger russischer Offizier Ziel eines Mordanschlags. Der Angriff ereignete sich in der Siedlung Probuzhdenije au\u00dferhalb der Stadt Engels in der Region Saratow. Der Offizier geh\u00f6rte den russischen Luft- und Weltraumkr\u00e4ften an. Mehrere Quellen nennen Generalmajor Nikolai Warpachowitsch als Ziel des Anschlags. Er kommandiert die 22. schwere Bomberfliegerdivision der Fernfliegerkr\u00e4fte, Milit\u00e4reinheit 06987. Der Verband ist dem Luftwaffenst\u00fctzpunkt Engels-2 zugeordnet.<\/p>\n<h2 style=\"color: #000000;font-size: 1.3rem;font-weight: bold;margin-top: 24px;margin-bottom: 12px;font-family: &#039;Helvetica Neue&#039;, Helvetica, Arial, &#039;Nimbus Sans L&#039;, sans-serif;text-align: left\">Russische Ermittlungen zum Mordanschlag und ukrainischer Kriegsverbrechensverdacht<\/h2>\n<p style=\"text-align: left\">Zum Zeitpunkt der Ver\u00f6ffentlichung haben die russischen Beh\u00f6rden den Verletzten noch nicht offiziell namentlich genannt. Das russische Ermittlungskomitee hat den Angriff best\u00e4tigt und ein Strafverfahren wegen versuchten Mordes und illegalen Umgangs mit Waffen eingeleitet. Nach Angaben des Komitees wurden am Tatort au\u00dferdem Projektile und Patronenh\u00fclsen sichergestellt. Nach der medizinischen Erstversorgung wurde der schwer verletzte Offizier per Flugzeug nach Moskau gebracht.<\/p>\n<p style=\"text-align: left\">Besonders relevant ist in diesem Zusammenhang, was drei Tage zuvor, am 31. August 2026, geschah. Der ukrainische Sicherheitsdienst SBU und die Generalstaatsanwaltschaft teilten Warpachowitsch in Abwesenheit mit, dass er <a href=\"https:\/\/ssu.gov.ua\/novyny\/sbu-ta-ohp-zaochno-povidomyly-pro-pidozru-rashystam-yaki-komanduvaly-raketnymy-udaramy-po-okhmatdytu-ta-zhurnalistakh-reuters\">wegen eines Kriegsverbrechens verd\u00e4chtigt werde<\/a>. Der Verdacht betrifft den Angriff auf Ochmatdyt, die gr\u00f6\u00dfte spezialisierte Kinderklinik der Ukraine in Kyjiw. Zwischen den Ereignissen besteht ein eindeutiger zeitlicher Zusammenhang. Verifizierte Hinweise auf eine ukrainische Beteiligung am Mordanschlag liegen jedoch nicht vor. Ebenso fehlen Belege f\u00fcr einen Zusammenhang zwischen dem Anschlag und dem neuen Tatverdacht.<\/p>\n<h2 style=\"color: #000000;font-size: 1.3rem;font-weight: bold;margin-top: 24px;margin-bottom: 12px;font-family: &#039;Helvetica Neue&#039;, Helvetica, Arial, &#039;Nimbus Sans L&#039;, sans-serif;text-align: left\">Identifizierung russischen Flugpersonals mittels OSINT<\/h2>\n<p style=\"text-align: left\">Nach Beginn des russischen Lufteinsatzes in Syrien <a href=\"https:\/\/informnapalm.org\/en\/war-in-syria-russian-long-range-bomber-aviation-and-the-stray-missiles\/\">identifizierte InformNapalm<\/a> im November 2015 Besatzungsmitglieder strategischer Bomber des Typs Tu-160. Dar\u00fcber hinaus wurde Personal des 6950. Garde-Luftwaffenst\u00fctzpunkts in Engels in Russland identifiziert. Die Tu-160 und Tu-95MS des Verbandes wurden in Syrien zum Abschuss der Marschflugk\u00f6rper Ch-55SM, Ch-555 und Ch-101 eingesetzt.<\/p>\n<p style=\"text-align: left\">Im Jahr 2016 ver\u00f6ffentlichte InformNapalm umfangreiches Material mit Angaben zu <a href=\"https:\/\/informnapalm.org\/en\/russian-bombs-civilians\/\">116 russischen Piloten und Navigatoren<\/a>. Dahinter stand der Gedanke, dass sich einzelne Beteiligte nicht hinter milit\u00e4rischen Strukturen oder russischen Offiziersr\u00e4ngen verbergen sollten. Sie sollten sich auf diese Weise nicht ihrer individuellen Verantwortung entziehen k\u00f6nnen. Ziel war daher, einzelne Personen zu identifizieren und eine Grundlage f\u00fcr individuelle Verantwortung zu schaffen.<\/p>\n<div style=\"width: 642px;max-width: 100%;margin: 24px auto;aspect-ratio: 16 \/ 9\"><iframe style=\"width: 100%;height: 100%;border: 0\" src=\"https:\/\/www.youtube.com\/embed\/V0Uzt_AmHjE?start=64\" allowfullscreen=\"allowfullscreen\"><br \/>\n<\/iframe><\/div>\n<p style=\"text-align: left\">Die Ver\u00f6ffentlichung von Angaben \u00fcber Besatzungsmitglieder der russischen Luft- und Weltraumkr\u00e4fte l\u00f6ste 2016 heftige Reaktionen in russischen Medien aus. Dort wurde das Material als Weitergabe geheimer Informationen bezeichnet. Gleichzeitig versuchte das russische Au\u00dfenministerium, \u00fcber diplomatische Kan\u00e4le Druck auf Staaten mit Servern f\u00fcr Spiegelversionen von InformNapalm.org auszu\u00fcben. Das Ministerium forderte die Abschaltung der Website. Die Versuche blieben jedoch erfolglos. Die urspr\u00fcngliche Ver\u00f6ffentlichung enthielt in diesem Zusammenhang au\u00dferdem ein eingebettetes YouTube-Video.<\/p>\n<p style=\"text-align: left\">Im M\u00e4rz 2021 sprach InformNapalm eine <a href=\"https:\/\/informnapalm.org\/at\/tu-22m3-vorfall\/\">direkte Warnung<\/a> aus. Offiziere der Fernfliegerkr\u00e4fte, die InformNapalm w\u00e4hrend des russischen Einsatzes in Syrien identifiziert hatte, k\u00f6nnten in einem umfassenden Krieg eingesetzt werden. Sie k\u00f6nnten dabei an Angriffen auf die Ukraine beteiligt sein. Weniger als ein Jahr sp\u00e4ter trat genau die Entwicklung ein, vor der InformNapalm gewarnt hatte.<\/p>\n<h2 style=\"color: #000000;font-size: 1.3rem;font-weight: bold;margin-top: 24px;margin-bottom: 12px;font-family: &#039;Helvetica Neue&#039;, Helvetica, Arial, &#039;Nimbus Sans L&#039;, sans-serif;text-align: left\">Warpachowitschs Rolle in Russlands strategischen Fernfliegerkr\u00e4ften<\/h2>\n<p style=\"text-align: left\">Nikolai Warpachowitsch, Jahrgang 1970, ist Berufsoffizier der russischen Fernfliegerkr\u00e4fte. Nach Angaben des ukrainischen Milit\u00e4rnachrichtendienstes HUR ist er auf den Flugzeugmustern Tu-95MS und Tu-95MSM ausgebildet und verf\u00fcgt \u00fcber entsprechende Erfahrung. HUR zufolge besitzt er zudem die russische Qualifikationsstufe \u201eMilit\u00e4rpilot der Scharfsch\u00fctzenklasse\u201c und hat mindestens 2.500 Flugstunden absolviert.<\/p>\n<p><img loading=\"lazy\" decoding=\"async\" class=\"alignnone wp-image-33091 size-full\" style=\"max-width: 100%;height: auto;border: 1pt solid #000\" title=\"Mordanschlag auf den russischen General Nikolai Warpachowitsch\" src=\"https:\/\/informnapalm.org\/ua\/wp-content\/uploads\/sites\/9\/2026\/09\/photo_2026-09-03_14-20-53.jpg\" alt=\"Mordanschlag auf den russischen General Nikolai Warpachowitsch\" width=\"642\" height=\"361\" \/><\/p>\n<p style=\"text-align: left\">Im Dezember 2014 wurde Warpachowitsch zum Leiter des 43. Zentrums f\u00fcr Gefechtseinsatz und Umschulung des fliegenden Personals der Fernfliegerkr\u00e4fte ernannt. Das Zentrum befindet sich in Djagilewo bei Rjasan in Russland. Nach Angaben des ukrainischen Milit\u00e4rnachrichtendienstes \u00fcbernahm Warpachowitsch im November 2021 das Kommando \u00fcber die 22. schwere Bomberfliegerdivision. Das <a href=\"https:\/\/gur.gov.ua\/content\/varpakhovych-mykola-mykolaiovych.html\">vollst\u00e4ndige Dienstprofil<\/a> des ukrainischen Milit\u00e4rnachrichtendienstes zu Warpachowitsch enth\u00e4lt weitere Angaben zu seiner milit\u00e4rischen Laufbahn.<\/p>\n<h2 style=\"color: #000000;font-size: 1.3rem;font-weight: bold;margin-top: 24px;margin-bottom: 12px;font-family: &#039;Helvetica Neue&#039;, Helvetica, Arial, &#039;Nimbus Sans L&#039;, sans-serif;text-align: left\">Dokumentierte F\u00fchrungsfunktion und Angaben zum Tod seines Sohnes<\/h2>\n<p style=\"text-align: left\">Die InformNapalm-Recherchegruppe OSINT Bees ver\u00f6ffentlichte im September 2022 <a href=\"https:\/\/informnapalm.org\/osintbees\/2022\/09\/21\/poidut-ly-voevat-synovia-heneralov\/\">weitere Angaben<\/a> zu Warpachowitsch. Demnach war er Kommandeur der schweren Garde-Bomberfliegerdivision und zugleich Garnisonskommandant in Engels. Er wird au\u00dferdem in einer sp\u00e4teren <a href=\"https:\/\/informnapalm.org\/osintbees\/2022\/12\/13\/komandnyi-sklad-aerodroma-dalnoi-a\/\">OSINT-Ver\u00f6ffentlichung<\/a> zur F\u00fchrungsstruktur des St\u00fctzpunkts der Fernfliegerkr\u00e4fte in Djagilewo erw\u00e4hnt. Seine Identit\u00e4t und seine F\u00fchrungsfunktion waren somit bereits seit mehreren Jahren \u00f6ffentlich dokumentiert, als der Mordanschlag erfolgte.<\/p>\n<p style=\"text-align: left\">Zu seinem pers\u00f6nlichen Hintergrund geh\u00f6rt auch ein weniger bekanntes Ereignis. OSINT Bees berichtete 2023 \u00fcber den j\u00fcngeren Sohn des Generals, Wladislaw Warpachowitsch, Jahrgang 2002. Er starb w\u00e4hrend seines Wehrdienstes bei der Milit\u00e4reinheit 41521 in Rjasan. Ver\u00f6ffentlichte Kopien rechtsmedizinischer Unterlagen wiesen eine durchgehende Schussverletzung am Kopf aus. In der psychologischen und psychiatrischen Beurteilung, die <a href=\"https:\/\/t.me\/osintbees\/7211\">OSINT Bees wiedergibt<\/a>, wird ein schwer belasteter psychoemotionaler Zustand beschrieben.<\/p>\n<p style=\"text-align: left\">Bei der Milit\u00e4reinheit 41521 handelt es sich um dasselbe 43. Zentrum in Djagilewo, das Warpachowitsch mehrere Jahre lang leitete. Anschlie\u00dfend wurde er zum Luftwaffenst\u00fctzpunkt Engels versetzt. Das \u00f6ffentlich zug\u00e4ngliche Quellenmaterial reicht jedoch nicht aus, um die Todesumst\u00e4nde zweifelsfrei zu beurteilen. Es l\u00e4sst sich nicht feststellen, ob es sich um Suizid, eine vors\u00e4tzliche T\u00f6tung oder eine andere Todesursache handelte. Ebenso fehlen Belege f\u00fcr die Annahme, der Vorfall sei eine Vergeltungsaktion gegen Warpachowitsch wegen der T\u00e4tigkeit seines Vaters gewesen. Eine solche Annahme kann daher nicht als Tatsache dargestellt werden.<\/p>\n<h2 style=\"color: #000000;font-size: 1.3rem;font-weight: bold;margin-top: 24px;margin-bottom: 12px;font-family: &#039;Helvetica Neue&#039;, Helvetica, Arial, &#039;Nimbus Sans L&#039;, sans-serif;text-align: left\">Die gr\u00f6\u00dfte Kinderklinik der Ukraine und Informationen aus der Division<\/h2>\n<p style=\"text-align: left\">Ochmatdyt ist das nationale spezialisierte Kinderkrankenhaus der Ukraine in Kyjiw und zugleich das gr\u00f6\u00dfte Kinderkrankenhaus des Landes. Das Krankenhaus behandelt Kinder aus der gesamten Ukraine. Zum Leistungsspektrum geh\u00f6ren unter anderem chirurgische und intensivmedizinische Versorgung sowie die Behandlung von Krebs- und Bluterkrankungen. Am 8. Juli 2024 wurde das Krankenhaus von einer Rakete getroffen. Zwei Menschen kamen ums Leben, darunter eine \u00c4rztin. Mehrere Geb\u00e4ude wurden besch\u00e4digt oder zerst\u00f6rt.<\/p>\n<p style=\"text-align: left\">Am 13. Mai 2024 ver\u00f6ffentlichte HUR <a href=\"https:\/\/gur.gov.ua\/content\/identyfikatsiia-voiennykh-zlochyntsiv-rf-rozvidnyky-vyznachyly-khto-obstriliuie-ukrainu-krylatymy-raketamy-spysok.html\">die Ergebnisse einer systematischen Identifizierung<\/a> von Kommandeuren und Angeh\u00f6rigen der 22. schweren Bomberfliegerdivision. Dabei handelt es sich um die Milit\u00e4reinheit 06987 am Luftwaffenst\u00fctzpunkt Engels. Nach Angaben des HUR waren die identifizierten Personen an der Planung und Durchf\u00fchrung von Angriffen auf zivile Infrastruktur beteiligt. Warpachowitsch geh\u00f6rt zu den zentralen Personen der Zusammenstellung. HUR zufolge setzt die Division die Bomber Tu-95MS, Tu-160 und Tu-22M3 ein. Als Bewaffnung dienen die Raketen Ch-101, Ch-555, Ch-55, Ch-22 und Ch-32.<\/p>\n<p><img loading=\"lazy\" decoding=\"async\" class=\"alignnone wp-image-33090 size-full\" style=\"max-width: 100%;height: auto;border: 1pt solid #000\" title=\"Nikolai Warpachowitsch, Kommandeur der 22. schweren Bomberfliegerdivision\" src=\"https:\/\/informnapalm.org\/ua\/wp-content\/uploads\/sites\/9\/2026\/09\/866e046-screenshot-2024-07-11-164314.jpg\" alt=\"Nikolai Warpachowitsch, Kommandeur der 22. schweren Bomberfliegerdivision\" width=\"642\" height=\"325\" \/><\/p>\n<p style=\"text-align: left\">Nach dem Angriff auf Ochmatdyt wurden weitere bedeutsame Informationen bekannt. In einem Bericht vom 11. Juli 2024 schrieb die ukrainische Zeitung <a href=\"https:\/\/www.pravda.com.ua\/news\/2024\/07\/11\/7465204\/\">Ukrajinska Prawda<\/a> unter Berufung auf Quellen im HUR \u00fcber einen Piloten der 22. Division. Dieser habe Kontakt zum ukrainischen Milit\u00e4rnachrichtendienst aufgenommen. Nach Angaben der Zeitung habe der Pilot erkl\u00e4rt, der Angriff auf das Kinderkrankenhaus habe ihn stark ersch\u00fcttert. Er habe Unterlagen aus der Milit\u00e4reinheit sowie Material aus Personalakten \u00fcbergeben. Hinzu seien private Fotos der F\u00fchrung und als geheim eingestufte Dokumente der Division gekommen.<\/p>\n<p style=\"text-align: left\">In den \u00fcbergebenen Unterlagen wird Nikolai Nikolajewitsch Warpachowitsch als Person Nummer 28 gef\u00fchrt. Dort wird er als Kommandeur der 22. schweren Bomberfliegerdivision innerhalb der Fernfliegerkr\u00e4fte und der russischen Luft- und Weltraumkr\u00e4fte bezeichnet. Dem HUR waren die meisten der 30 in den Unterlagen genannten Offiziere bereits zuvor bekannt. Die \u00fcber Jahre mittels OSINT zusammengetragenen Informationen konnten dadurch um interne Unterlagen der russischen strategischen Fernfliegerkr\u00e4fte erg\u00e4nzt werden.<\/p>\n<h2 style=\"color: #000000;font-size: 1.3rem;font-weight: bold;margin-top: 24px;margin-bottom: 12px;font-family: &#039;Helvetica Neue&#039;, Helvetica, Arial, &#039;Nimbus Sans L&#039;, sans-serif;text-align: left\">Mehrere ukrainische Ermittlungsverfahren wegen Angriffen auf zivile Ziele<\/h2>\n<p style=\"text-align: left\">In den vergangenen Jahren tauchten Angaben zu Warpachowitsch auch au\u00dferhalb der Register ukrainischer Nachrichtendienste auf. Ukrainische Beh\u00f6rden verd\u00e4chtigen ihn mehrerer Kriegsverbrechen.<\/p>\n<p style=\"text-align: left\">Ukrainische Ermittler haben folgende Angaben ver\u00f6ffentlicht:<\/p>\n<ol style=\"text-align: left\">\n<li style=\"text-align: left\">Beim Angriff auf den Fernsehturm in Kyjiw am 1. M\u00e4rz 2022 wurden f\u00fcnf Zivilisten get\u00f6tet. <a href=\"https:\/\/armyinform.com.ua\/2026\/02\/12\/udar-po-kyyivskij-televezhi-rosijskyj-general-otrymav-pidozru\/\">Warpachowitsch steht im Verdacht<\/a>, den Einsatzbefehl an das unterstellte 121. schwere Bomberfliegerregiment weitergegeben zu haben.<\/li>\n<li style=\"text-align: left\">Am 23. April 2022 wurde der Wohnkomplex Tiras in Odesa mit einer Ch-101 angegriffen. Acht Menschen wurden dabei get\u00f6tet. <a href=\"https:\/\/od.npu.gov.ua\/news\/viddavaly-nakazy-nanosyty-raketni-udary-po-zhk-tiras-odeski-slidchi-povidomyly-pro-pidozru-heneral-maioru-ta-polkovnyku-armii-rosii\">Nach Einsch\u00e4tzung der ukrainischen Polizei<\/a> geh\u00f6rt Warpachowitsch zu den Organisatoren des Angriffs.<\/li>\n<li style=\"text-align: left\">Beim Angriff auf Uman am 28. April 2023 wurden 24 Menschen get\u00f6tet, darunter sechs Kinder. Auch Warpachowitsch wurde in diesem Zusammenhang offiziell <a href=\"https:\/\/armyinform.com.ua\/2025\/10\/13\/udar-shho-zabrav-24-zhyttya-sbu-vstanovyla-polkovnykiv-rf-yaki-znyshhyly-zhytlovyj-budynok-v-umani\/\">als Verd\u00e4chtiger benannt<\/a>.<\/li>\n<li style=\"text-align: left\">Zum Angriff auf Krywyj Rih am 13. Juni 2023 haben <a href=\"https:\/\/dnipr.gp.gov.ua\/ua\/news.html?_m=publications&amp;_t=rec&amp;id=424054&amp;s=print\">ukrainische Ermittler die Befehlskette rekonstruiert<\/a>. Sie reicht von der obersten F\u00fchrung der russischen Luft- und Weltraumkr\u00e4fte bis zu Warpachowitsch und dem Kommandeur des 121. Regiments. Warpachowitsch steht im Verdacht, einen Einsatzbefehl f\u00fcr Angriffe auf zivile Ziele weitergeleitet zu haben.<\/li>\n<li style=\"text-align: left\">Warpachowitsch <a href=\"https:\/\/fakty.com.ua\/ua\/ukraine\/20251111-prychetni-do-udaru-kyndzhalamy-po-lvovu-sbu-ogolosyla-pidozru-pyatom-komandyram-rf\/\">wird auch im Verfahren<\/a> zum Raketenangriff auf Lwiw vom 4. September 2024 genannt. Dabei kamen der Marschflugk\u00f6rper Ch-101 und russische Kinschal-Raketen zum Einsatz.<\/li>\n<\/ol>\n<p style=\"text-align: left\">Am 31. August 2026 teilte der SBU Warpachowitsch zudem mit, dass gegen ihn wegen des Angriffs auf Ochmatdyt ein Tatverdacht bestehe. Damit wird sein Name zum Zeitpunkt der Ver\u00f6ffentlichung in mehreren ukrainischen Ermittlungsverfahren zu Raketenangriffen auf Zivilisten und zivile Infrastruktur gef\u00fchrt.<\/p>\n<p><a href=\"https:\/\/informnapalm.org\/ua\/wp-content\/uploads\/sites\/9\/2026\/09\/EU.jpg\"><img loading=\"lazy\" decoding=\"async\" class=\"alignnone wp-image-33093 size-full\" style=\"max-width: 100%;height: auto;border: 1pt solid #000\" title=\"EU-Sanktionsliste\" src=\"https:\/\/informnapalm.org\/ua\/wp-content\/uploads\/sites\/9\/2026\/09\/EU.jpg\" alt=\"EU-Sanktionsliste\" width=\"642\" height=\"301\" \/><\/a><\/p>\n<p style=\"text-align: left\">Seit dem 16. Dezember 2024 steht Warpachowitsch auf der Sanktionsliste der Europ\u00e4ischen Union. In der offiziellen Begr\u00fcndung der EU wird er als Kommandeur der 22. Division am Luftwaffenst\u00fctzpunkt Engels-2 bezeichnet. Darin hei\u00dft es au\u00dferdem, dass eine Ch-101 seiner Division im Juli 2024 das Kinderkrankenhaus Ochmatdyt getroffen habe. Der <a href=\"https:\/\/eur-lex.europa.eu\/eli\/dec\/2024\/3182\/oj\/eng\/pdf\">offizielle EU-Beschluss zu Warpachowitsch<\/a> enth\u00e4lt die vollst\u00e4ndige Begr\u00fcndung.<\/p>\n<h2 style=\"color: #000000;font-size: 1.3rem;font-weight: bold;margin-top: 24px;margin-bottom: 12px;font-family: &#039;Helvetica Neue&#039;, Helvetica, Arial, &#039;Nimbus Sans L&#039;, sans-serif;text-align: left\">Belege f\u00fcr individuelle Verantwortung verdichten sich \u00fcber Jahre<\/h2>\n<p style=\"text-align: left\">Der Mordanschlag auf einen hochrangigen russischen Milit\u00e4rangeh\u00f6rigen verdeutlicht die langfristige Bedeutung von Identifizierung und Dokumentation. Die Ukraine verd\u00e4chtigt den Offizier mehrerer Kriegsverbrechen. Eine Person kann lange vor einem Gerichtsurteil identifiziert und ihre Rolle dokumentiert werden. Informationen aus offenen Quellen und Ermittlungsverfahren lassen sich \u00fcber Jahre zusammentragen. Sp\u00e4ter k\u00f6nnen sie als Grundlage f\u00fcr die Feststellung individueller Verantwortung dienen.<\/p>\n<p style=\"text-align: left\">Jeder russische Milit\u00e4rangeh\u00f6rige, der einen rechtswidrigen Befehl ausf\u00fchrt, muss damit rechnen, sp\u00e4ter identifiziert zu werden. Daf\u00fcr k\u00f6nnen gro\u00dfe Mengen \u00f6ffentlich zug\u00e4nglicher Informationen im Internet herangezogen werden. Hinweise k\u00f6nnen zudem von fr\u00fcheren oder gegenw\u00e4rtigen Kollegen stammen.<\/p>\n<p style=\"text-align: left\">Rechtliche Verfahren k\u00f6nnen lange dauern. Gleichzeitig kann sich die Beweislage zur individuellen Verantwortung \u00fcber Jahre hinweg weiter verdichten. Dadurch wird es zunehmend schwieriger, sich einer strafrechtlichen Verfolgung zu entziehen.<\/p>\n<p style=\"text-align: left\">Der Artikel wurde von Ashton Berson f\u00fcr InformNapalm erstellt.<\/p>\n<hr style=\"width: 75%;margin: 20px 0;border: 0;border-top: 1px solid #ccc;text-align: left\" \/>\n<h2 style=\"color: #000000;font-size: 1.3rem;font-weight: bold;text-align: left\">Lesen Sie auch<\/h2>\n<ul style=\"text-align: left\">\n<li style=\"text-align: left\"><a href=\"https:\/\/informnapalm.org\/at\/nafo\/\" target=\"_blank\" rel=\"noopener\"><span style=\"color: #333333\">Gekr\u00e4nkter Stolz in Moskau: NAFO und InformNapalm auf russischer Hackerliste<\/span><\/a><\/li>\n<li style=\"text-align: left\"><a href=\"https:\/\/informnapalm.org\/at\/zwoelf-jahre-aufklaerungsarbeit\/\" target=\"_blank\" rel=\"noopener\"><span style=\"color: #333333\">InformNapalm markiert zw\u00f6lf Jahre Aufkl\u00e4rungsarbeit gegen Russland<\/span><\/a><\/li>\n<li style=\"text-align: left\"><a href=\"https:\/\/informnapalm.org\/at\/cyber-force\/\" target=\"_blank\" rel=\"noopener\"><span style=\"color: #333333\">Die USA schaffen eine Cyber Force \u2013 Eine Analyse des Berichts der US-Kommission und seiner Bedeutung f\u00fcr die Ukraine<\/span><\/a><\/li>\n<\/ul>\n<hr style=\"border: none;border-top: 1px solid #cfcfcf;margin: 24px 0;width: 100%;text-align: left\" \/>\n<p style=\"text-align: left !important\"><span style=\"color: #000000\"><a href=\"https:\/\/informnapalm.org\/sv\/ryska-operationer\/\"><img loading=\"lazy\" decoding=\"async\" class=\"alignleft\" title=\"InformNapalm \u00d6sterreich\" src=\"https:\/\/informnapalm.org\/fr\/wp-content\/uploads\/sites\/2\/2015\/12\/InformNapalm_logo_05.png\" alt=\"InformNapalm \u00d6sterreich\" width=\"150\" height=\"68\" \/><\/a><span style=\"color: #333333\">Es steht Ihnen frei, dieses Material zu teilen, aber f\u00fcgen Sie bitte einen Link zur <span style=\"font-weight: bold\"><a href=\"https:\/\/informnapalm.org\/at\/category\/aktuell\/\" target=\"_blank\" rel=\"noopener noreferrer\">Quelle<\/a><\/span><\/span> hinzu. Creative Commons \u2013 Attribution 4.0 International \u2013 CC BY 4.0. <\/span><span style=\"color: #333333\">Folgen Sie uns auf<\/span> <span style=\"font-weight: bold\"><a href=\"https:\/\/www.facebook.com\/informnapalm24\/\" target=\"_blank\" rel=\"noopener noreferrer\">Facebook<\/a><\/span> <span style=\"color: #333333\">und<\/span> <span style=\"font-weight: bold\"><a href=\"https:\/\/twitter.com\/informnapalm\" target=\"_blank\" rel=\"noopener noreferrer\">X<\/a><\/span><span style=\"color: #333333\">.<\/span><\/p>\n<p style=\"text-align: left !important\">InformNapalm erh\u00e4lt keine finanzielle Unterst\u00fctzung von irgendeiner Regierung oder einem Sponsor. Die Finanzierung erfolgt ausschlie\u00dflich durch freiwillige Unterst\u00fctzer und Leser. Sie k\u00f6nnen InformNapalm auch unterst\u00fctzen, indem Sie monatliche <span style=\"font-weight: bold\"><a href=\"https:\/\/www.buymeacoffee.com\/informnapalm\" target=\"_blank\" rel=\"noopener\"> Minispenden<\/a> <\/span> \u00fcber BuyMeACoffee t\u00e4tigen.<\/p>\n<\/div>\n<\/div>\n","protected":false},"excerpt":{"rendered":"<p>Generalmajor Nikolai Warpachowitsch f\u00fchrt einen russischen Verband mit strategischen Bombern. Ukrainische Beh\u00f6rden verd\u00e4chtigen ihn der Beteiligung an&#8230;<\/p>\n","protected":false},"author":72,"featured_media":4200,"comment_status":"closed","ping_status":"closed","sticky":false,"template":"","format":"standard","meta":{"_acf_changed":false,"om_disable_all_campaigns":false,"_uf_show_specific_survey":0,"_uf_disable_surveys":false,"footnotes":""},"categories":[50,136,134],"tags":[2425,2426,2427,2423,2428,1911,2424,143,118],"class_list":["post-4199","post","type-post","status-publish","format-standard","has-post-thumbnail","hentry","category-aktuell","category-gesellschaft","category-osint","tag-angriffe-auf-die-ukraine","tag-fernfliegerkraefte","tag-kriegsverbrechen","tag-mordanschlag","tag-ochmatdyt","tag-raketenangriffe","tag-russischer-general","tag-russland","tag-ukraine"],"acf":[],"yoast_head":"<!-- This site is optimized with the Yoast SEO plugin v28.2 - https:\/\/yoast.com\/product\/yoast-seo-wordpress\/ -->\n<title>Mordanschlag auf russischen General, der wegen Angriffen auf die Ukraine verd\u00e4chtigt wird<\/title>\n<meta name=\"description\" content=\"Generalmajor Nikolai Warpachowitsch wurde bei einem Mordanschlag schwer verletzt. Ukrainische Beh\u00f6rden verd\u00e4chtigen ihn der Beteiligung an Angriffen auf die Ukraine.\" \/>\n<meta name=\"robots\" content=\"index, follow, max-snippet:-1, max-image-preview:large, max-video-preview:-1\" \/>\n<link rel=\"canonical\" href=\"https:\/\/informnapalm.org\/at\/mordanschlag\/\" \/>\n<meta property=\"og:locale\" content=\"de_DE\" \/>\n<meta property=\"og:type\" content=\"article\" \/>\n<meta property=\"og:title\" content=\"Mordanschlag auf russischen General, der wegen Angriffen auf die Ukraine verd\u00e4chtigt wird\" \/>\n<meta property=\"og:description\" content=\"Generalmajor Nikolai Warpachowitsch wurde bei einem Mordanschlag schwer verletzt. Ukrainische Beh\u00f6rden verd\u00e4chtigen ihn der Beteiligung an Angriffen auf die Ukraine.\" \/>\n<meta property=\"og:url\" content=\"https:\/\/informnapalm.org\/at\/mordanschlag\/\" \/>\n<meta property=\"og:site_name\" content=\"InformNapalm \u00d6sterreich\" \/>\n<meta property=\"article:published_time\" content=\"2026-09-03T19:27:04+00:00\" \/>\n<meta property=\"article:modified_time\" content=\"2026-09-03T19:35:42+00:00\" \/>\n<meta property=\"og:image\" content=\"https:\/\/informnapalm.org\/at\/wp-content\/uploads\/sites\/32\/2026\/09\/Mordanschlag-auf-russischen-General.jpg\" \/>\n\t<meta property=\"og:image:width\" content=\"642\" \/>\n\t<meta property=\"og:image:height\" content=\"336\" \/>\n\t<meta property=\"og:image:type\" content=\"image\/jpeg\" \/>\n<meta name=\"author\" content=\"2476\" \/>\n<meta name=\"twitter:card\" content=\"summary_large_image\" \/>\n<meta name=\"twitter:label1\" content=\"Verfasst von\" \/>\n\t<meta name=\"twitter:data1\" content=\"2476\" \/>\n\t<meta name=\"twitter:label2\" content=\"Gesch\u00e4tzte Lesezeit\" \/>\n\t<meta name=\"twitter:data2\" content=\"11\u00a0Minuten\" \/>\n<script type=\"application\/ld+json\" class=\"yoast-schema-graph\">{\"@context\":\"https:\\\/\\\/schema.org\",\"@graph\":[{\"@type\":\"Article\",\"@id\":\"https:\\\/\\\/informnapalm.org\\\/at\\\/mordanschlag\\\/#article\",\"isPartOf\":{\"@id\":\"https:\\\/\\\/informnapalm.org\\\/at\\\/mordanschlag\\\/\"},\"author\":{\"name\":\"2476\",\"@id\":\"https:\\\/\\\/informnapalm.org\\\/at\\\/#\\\/schema\\\/person\\\/e683569ccd9c71b2afa351e58e558cb1\"},\"headline\":\"Mordanschlag auf russischen General, der wegen Angriffen auf die Ukraine verd\u00e4chtigt wird\",\"datePublished\":\"2026-09-03T19:27:04+00:00\",\"dateModified\":\"2026-09-03T19:35:42+00:00\",\"mainEntityOfPage\":{\"@id\":\"https:\\\/\\\/informnapalm.org\\\/at\\\/mordanschlag\\\/\"},\"wordCount\":1788,\"image\":{\"@id\":\"https:\\\/\\\/informnapalm.org\\\/at\\\/mordanschlag\\\/#primaryimage\"},\"thumbnailUrl\":\"https:\\\/\\\/informnapalm.org\\\/at\\\/wp-content\\\/uploads\\\/sites\\\/32\\\/2026\\\/09\\\/Mordanschlag-auf-russischen-General.jpg\",\"keywords\":[\"Angriffe auf die Ukraine\",\"Fernfliegerkr\u00e4fte\",\"Kriegsverbrechen\",\"Mordanschlag\",\"Ochmatdyt\",\"Raketenangriffe\",\"russischer General\",\"Russland\",\"Ukraine\"],\"articleSection\":[\"Aktuell\",\"Gesellschaft\",\"OSINT\"],\"inLanguage\":\"de\"},{\"@type\":\"WebPage\",\"@id\":\"https:\\\/\\\/informnapalm.org\\\/at\\\/mordanschlag\\\/\",\"url\":\"https:\\\/\\\/informnapalm.org\\\/at\\\/mordanschlag\\\/\",\"name\":\"Mordanschlag auf russischen General, der wegen Angriffen auf die Ukraine verd\u00e4chtigt wird\",\"isPartOf\":{\"@id\":\"https:\\\/\\\/informnapalm.org\\\/at\\\/#website\"},\"primaryImageOfPage\":{\"@id\":\"https:\\\/\\\/informnapalm.org\\\/at\\\/mordanschlag\\\/#primaryimage\"},\"image\":{\"@id\":\"https:\\\/\\\/informnapalm.org\\\/at\\\/mordanschlag\\\/#primaryimage\"},\"thumbnailUrl\":\"https:\\\/\\\/informnapalm.org\\\/at\\\/wp-content\\\/uploads\\\/sites\\\/32\\\/2026\\\/09\\\/Mordanschlag-auf-russischen-General.jpg\",\"datePublished\":\"2026-09-03T19:27:04+00:00\",\"dateModified\":\"2026-09-03T19:35:42+00:00\",\"author\":{\"@id\":\"https:\\\/\\\/informnapalm.org\\\/at\\\/#\\\/schema\\\/person\\\/e683569ccd9c71b2afa351e58e558cb1\"},\"description\":\"Generalmajor Nikolai Warpachowitsch wurde bei einem Mordanschlag schwer verletzt. Ukrainische Beh\u00f6rden verd\u00e4chtigen ihn der Beteiligung an Angriffen auf die Ukraine.\",\"breadcrumb\":{\"@id\":\"https:\\\/\\\/informnapalm.org\\\/at\\\/mordanschlag\\\/#breadcrumb\"},\"inLanguage\":\"de\",\"potentialAction\":[{\"@type\":\"ReadAction\",\"target\":[\"https:\\\/\\\/informnapalm.org\\\/at\\\/mordanschlag\\\/\"]}]},{\"@type\":\"ImageObject\",\"inLanguage\":\"de\",\"@id\":\"https:\\\/\\\/informnapalm.org\\\/at\\\/mordanschlag\\\/#primaryimage\",\"url\":\"https:\\\/\\\/informnapalm.org\\\/at\\\/wp-content\\\/uploads\\\/sites\\\/32\\\/2026\\\/09\\\/Mordanschlag-auf-russischen-General.jpg\",\"contentUrl\":\"https:\\\/\\\/informnapalm.org\\\/at\\\/wp-content\\\/uploads\\\/sites\\\/32\\\/2026\\\/09\\\/Mordanschlag-auf-russischen-General.jpg\",\"width\":642,\"height\":336,\"caption\":\"Mordanschlag auf russischen General\"},{\"@type\":\"BreadcrumbList\",\"@id\":\"https:\\\/\\\/informnapalm.org\\\/at\\\/mordanschlag\\\/#breadcrumb\",\"itemListElement\":[{\"@type\":\"ListItem\",\"position\":1,\"name\":\"\u0413\u043b\u0430\u0432\u043d\u0430\u044f \u0441\u0442\u0440\u0430\u043d\u0438\u0446\u0430\",\"item\":\"https:\\\/\\\/informnapalm.org\\\/at\\\/\"},{\"@type\":\"ListItem\",\"position\":2,\"name\":\"Mordanschlag auf russischen General, der wegen Angriffen auf die Ukraine verd\u00e4chtigt wird\"}]},{\"@type\":\"WebSite\",\"@id\":\"https:\\\/\\\/informnapalm.org\\\/at\\\/#website\",\"url\":\"https:\\\/\\\/informnapalm.org\\\/at\\\/\",\"name\":\"InformNapalm \u00d6sterreich\",\"description\":\"Nachrichten aus der Ukraine\",\"potentialAction\":[{\"@type\":\"SearchAction\",\"target\":{\"@type\":\"EntryPoint\",\"urlTemplate\":\"https:\\\/\\\/informnapalm.org\\\/at\\\/?s={search_term_string}\"},\"query-input\":{\"@type\":\"PropertyValueSpecification\",\"valueRequired\":true,\"valueName\":\"search_term_string\"}}],\"inLanguage\":\"de\"},{\"@type\":\"Person\",\"@id\":\"https:\\\/\\\/informnapalm.org\\\/at\\\/#\\\/schema\\\/person\\\/e683569ccd9c71b2afa351e58e558cb1\",\"name\":\"2476\",\"image\":{\"@type\":\"ImageObject\",\"inLanguage\":\"de\",\"@id\":\"https:\\\/\\\/secure.gravatar.com\\\/avatar\\\/4cdfe9f344a6a3098c5b8f56d0951f5a6488eb77f72278644d45d1518136dda9?s=96&d=mm&r=g\",\"url\":\"https:\\\/\\\/secure.gravatar.com\\\/avatar\\\/4cdfe9f344a6a3098c5b8f56d0951f5a6488eb77f72278644d45d1518136dda9?s=96&d=mm&r=g\",\"contentUrl\":\"https:\\\/\\\/secure.gravatar.com\\\/avatar\\\/4cdfe9f344a6a3098c5b8f56d0951f5a6488eb77f72278644d45d1518136dda9?s=96&d=mm&r=g\",\"caption\":\"2476\"},\"url\":\"https:\\\/\\\/informnapalm.org\\\/at\\\/author\\\/tugrul\\\/\"}]}<\/script>\n<!-- \/ Yoast SEO plugin. -->","yoast_head_json":{"title":"Mordanschlag auf russischen General, der wegen Angriffen auf die Ukraine verd\u00e4chtigt wird","description":"Generalmajor Nikolai Warpachowitsch wurde bei einem Mordanschlag schwer verletzt. Ukrainische Beh\u00f6rden verd\u00e4chtigen ihn der Beteiligung an Angriffen auf die Ukraine.","robots":{"index":"index","follow":"follow","max-snippet":"max-snippet:-1","max-image-preview":"max-image-preview:large","max-video-preview":"max-video-preview:-1"},"canonical":"https:\/\/informnapalm.org\/at\/mordanschlag\/","og_locale":"de_DE","og_type":"article","og_title":"Mordanschlag auf russischen General, der wegen Angriffen auf die Ukraine verd\u00e4chtigt wird","og_description":"Generalmajor Nikolai Warpachowitsch wurde bei einem Mordanschlag schwer verletzt. Ukrainische Beh\u00f6rden verd\u00e4chtigen ihn der Beteiligung an Angriffen auf die Ukraine.","og_url":"https:\/\/informnapalm.org\/at\/mordanschlag\/","og_site_name":"InformNapalm \u00d6sterreich","article_published_time":"2026-09-03T19:27:04+00:00","article_modified_time":"2026-09-03T19:35:42+00:00","og_image":[{"width":642,"height":336,"url":"https:\/\/informnapalm.org\/at\/wp-content\/uploads\/sites\/32\/2026\/09\/Mordanschlag-auf-russischen-General.jpg","type":"image\/jpeg"}],"author":"2476","twitter_card":"summary_large_image","twitter_misc":{"Verfasst von":"2476","Gesch\u00e4tzte Lesezeit":"11\u00a0Minuten"},"schema":{"@context":"https:\/\/schema.org","@graph":[{"@type":"Article","@id":"https:\/\/informnapalm.org\/at\/mordanschlag\/#article","isPartOf":{"@id":"https:\/\/informnapalm.org\/at\/mordanschlag\/"},"author":{"name":"2476","@id":"https:\/\/informnapalm.org\/at\/#\/schema\/person\/e683569ccd9c71b2afa351e58e558cb1"},"headline":"Mordanschlag auf russischen General, der wegen Angriffen auf die Ukraine verd\u00e4chtigt wird","datePublished":"2026-09-03T19:27:04+00:00","dateModified":"2026-09-03T19:35:42+00:00","mainEntityOfPage":{"@id":"https:\/\/informnapalm.org\/at\/mordanschlag\/"},"wordCount":1788,"image":{"@id":"https:\/\/informnapalm.org\/at\/mordanschlag\/#primaryimage"},"thumbnailUrl":"https:\/\/informnapalm.org\/at\/wp-content\/uploads\/sites\/32\/2026\/09\/Mordanschlag-auf-russischen-General.jpg","keywords":["Angriffe auf die Ukraine","Fernfliegerkr\u00e4fte","Kriegsverbrechen","Mordanschlag","Ochmatdyt","Raketenangriffe","russischer General","Russland","Ukraine"],"articleSection":["Aktuell","Gesellschaft","OSINT"],"inLanguage":"de"},{"@type":"WebPage","@id":"https:\/\/informnapalm.org\/at\/mordanschlag\/","url":"https:\/\/informnapalm.org\/at\/mordanschlag\/","name":"Mordanschlag auf russischen General, der wegen Angriffen auf die Ukraine verd\u00e4chtigt wird","isPartOf":{"@id":"https:\/\/informnapalm.org\/at\/#website"},"primaryImageOfPage":{"@id":"https:\/\/informnapalm.org\/at\/mordanschlag\/#primaryimage"},"image":{"@id":"https:\/\/informnapalm.org\/at\/mordanschlag\/#primaryimage"},"thumbnailUrl":"https:\/\/informnapalm.org\/at\/wp-content\/uploads\/sites\/32\/2026\/09\/Mordanschlag-auf-russischen-General.jpg","datePublished":"2026-09-03T19:27:04+00:00","dateModified":"2026-09-03T19:35:42+00:00","author":{"@id":"https:\/\/informnapalm.org\/at\/#\/schema\/person\/e683569ccd9c71b2afa351e58e558cb1"},"description":"Generalmajor Nikolai Warpachowitsch wurde bei einem Mordanschlag schwer verletzt. Ukrainische Beh\u00f6rden verd\u00e4chtigen ihn der Beteiligung an Angriffen auf die Ukraine.","breadcrumb":{"@id":"https:\/\/informnapalm.org\/at\/mordanschlag\/#breadcrumb"},"inLanguage":"de","potentialAction":[{"@type":"ReadAction","target":["https:\/\/informnapalm.org\/at\/mordanschlag\/"]}]},{"@type":"ImageObject","inLanguage":"de","@id":"https:\/\/informnapalm.org\/at\/mordanschlag\/#primaryimage","url":"https:\/\/informnapalm.org\/at\/wp-content\/uploads\/sites\/32\/2026\/09\/Mordanschlag-auf-russischen-General.jpg","contentUrl":"https:\/\/informnapalm.org\/at\/wp-content\/uploads\/sites\/32\/2026\/09\/Mordanschlag-auf-russischen-General.jpg","width":642,"height":336,"caption":"Mordanschlag auf russischen General"},{"@type":"BreadcrumbList","@id":"https:\/\/informnapalm.org\/at\/mordanschlag\/#breadcrumb","itemListElement":[{"@type":"ListItem","position":1,"name":"\u0413\u043b\u0430\u0432\u043d\u0430\u044f \u0441\u0442\u0440\u0430\u043d\u0438\u0446\u0430","item":"https:\/\/informnapalm.org\/at\/"},{"@type":"ListItem","position":2,"name":"Mordanschlag auf russischen General, der wegen Angriffen auf die Ukraine verd\u00e4chtigt wird"}]},{"@type":"WebSite","@id":"https:\/\/informnapalm.org\/at\/#website","url":"https:\/\/informnapalm.org\/at\/","name":"InformNapalm \u00d6sterreich","description":"Nachrichten aus der Ukraine","potentialAction":[{"@type":"SearchAction","target":{"@type":"EntryPoint","urlTemplate":"https:\/\/informnapalm.org\/at\/?s={search_term_string}"},"query-input":{"@type":"PropertyValueSpecification","valueRequired":true,"valueName":"search_term_string"}}],"inLanguage":"de"},{"@type":"Person","@id":"https:\/\/informnapalm.org\/at\/#\/schema\/person\/e683569ccd9c71b2afa351e58e558cb1","name":"2476","image":{"@type":"ImageObject","inLanguage":"de","@id":"https:\/\/secure.gravatar.com\/avatar\/4cdfe9f344a6a3098c5b8f56d0951f5a6488eb77f72278644d45d1518136dda9?s=96&d=mm&r=g","url":"https:\/\/secure.gravatar.com\/avatar\/4cdfe9f344a6a3098c5b8f56d0951f5a6488eb77f72278644d45d1518136dda9?s=96&d=mm&r=g","contentUrl":"https:\/\/secure.gravatar.com\/avatar\/4cdfe9f344a6a3098c5b8f56d0951f5a6488eb77f72278644d45d1518136dda9?s=96&d=mm&r=g","caption":"2476"},"url":"https:\/\/informnapalm.org\/at\/author\/tugrul\/"}]}},"post_src":"<div lang=\"de\" style=\"color: #000000;text-align: left\">\r\n<p style=\"text-align: left\"><span style=\"font-weight: bold;font-family: Helvetica Neue,Helvetica,Arial,Nimbus Sans L,sans-serif\">Generalmajor Nikolai Warpachowitsch f\u00fchrt einen russischen Verband mit strategischen Bombern. Ukrainische Beh\u00f6rden verd\u00e4chtigen ihn der Beteiligung an mehreren Raketenangriffen auf zivile Ziele. Dazu geh\u00f6rt auch der Angriff auf die gr\u00f6\u00dfte spezialisierte Kinderklinik der Ukraine in Kyjiw. Am 3. September 2026 wurde er bei einem Mordanschlag in Russland schwer verletzt.<\/span><\/p>\r\n\r\n<div style=\"color: #333333;text-align: left\">\r\n<p style=\"text-align: left\">Am 3. September 2026 gegen 07.00 Uhr wurde ein hochrangiger russischer Offizier Ziel eines Mordanschlags. Der Angriff ereignete sich in der Siedlung Probuzhdenije au\u00dferhalb der Stadt Engels in der Region Saratow. Der Offizier geh\u00f6rte den russischen Luft- und Weltraumkr\u00e4ften an. Mehrere Quellen nennen Generalmajor Nikolai Warpachowitsch als Ziel des Anschlags. Er kommandiert die 22. schwere Bomberfliegerdivision der Fernfliegerkr\u00e4fte, Milit\u00e4reinheit 06987. Der Verband ist dem Luftwaffenst\u00fctzpunkt Engels-2 zugeordnet.<\/p>\r\n\r\n<h2 style=\"color: #000000;font-size: 1.3rem;font-weight: bold;margin-top: 24px;margin-bottom: 12px;font-family: &#039;Helvetica Neue&#039;, Helvetica, Arial, &#039;Nimbus Sans L&#039;, sans-serif;text-align: left\">Russische Ermittlungen zum Mordanschlag und ukrainischer Kriegsverbrechensverdacht<\/h2>\r\n<p style=\"text-align: left\">Zum Zeitpunkt der Ver\u00f6ffentlichung haben die russischen Beh\u00f6rden den Verletzten noch nicht offiziell namentlich genannt. Das russische Ermittlungskomitee hat den Angriff best\u00e4tigt und ein Strafverfahren wegen versuchten Mordes und illegalen Umgangs mit Waffen eingeleitet. Nach Angaben des Komitees wurden am Tatort au\u00dferdem Projektile und Patronenh\u00fclsen sichergestellt. Nach der medizinischen Erstversorgung wurde der schwer verletzte Offizier per Flugzeug nach Moskau gebracht.<\/p>\r\n<p style=\"text-align: left\">Besonders relevant ist in diesem Zusammenhang, was drei Tage zuvor, am 31. August 2026, geschah. Der ukrainische Sicherheitsdienst SBU und die Generalstaatsanwaltschaft teilten Warpachowitsch in Abwesenheit mit, dass er <a href=\"https:\/\/ssu.gov.ua\/novyny\/sbu-ta-ohp-zaochno-povidomyly-pro-pidozru-rashystam-yaki-komanduvaly-raketnymy-udaramy-po-okhmatdytu-ta-zhurnalistakh-reuters\">wegen eines Kriegsverbrechens verd\u00e4chtigt werde<\/a>. Der Verdacht betrifft den Angriff auf Ochmatdyt, die gr\u00f6\u00dfte spezialisierte Kinderklinik der Ukraine in Kyjiw. Zwischen den Ereignissen besteht ein eindeutiger zeitlicher Zusammenhang. Verifizierte Hinweise auf eine ukrainische Beteiligung am Mordanschlag liegen jedoch nicht vor. Ebenso fehlen Belege f\u00fcr einen Zusammenhang zwischen dem Anschlag und dem neuen Tatverdacht.<\/p>\r\n\r\n<h2 style=\"color: #000000;font-size: 1.3rem;font-weight: bold;margin-top: 24px;margin-bottom: 12px;font-family: &#039;Helvetica Neue&#039;, Helvetica, Arial, &#039;Nimbus Sans L&#039;, sans-serif;text-align: left\">Identifizierung russischen Flugpersonals mittels OSINT<\/h2>\r\n<p style=\"text-align: left\">Nach Beginn des russischen Lufteinsatzes in Syrien <a href=\"https:\/\/informnapalm.org\/en\/war-in-syria-russian-long-range-bomber-aviation-and-the-stray-missiles\/\">identifizierte InformNapalm<\/a> im November 2015 Besatzungsmitglieder strategischer Bomber des Typs Tu-160. Dar\u00fcber hinaus wurde Personal des 6950. Garde-Luftwaffenst\u00fctzpunkts in Engels in Russland identifiziert. Die Tu-160 und Tu-95MS des Verbandes wurden in Syrien zum Abschuss der Marschflugk\u00f6rper Ch-55SM, Ch-555 und Ch-101 eingesetzt.<\/p>\r\n<p style=\"text-align: left\">Im Jahr 2016 ver\u00f6ffentlichte InformNapalm umfangreiches Material mit Angaben zu <a href=\"https:\/\/informnapalm.org\/en\/russian-bombs-civilians\/\">116 russischen Piloten und Navigatoren<\/a>. Dahinter stand der Gedanke, dass sich einzelne Beteiligte nicht hinter milit\u00e4rischen Strukturen oder russischen Offiziersr\u00e4ngen verbergen sollten. Sie sollten sich auf diese Weise nicht ihrer individuellen Verantwortung entziehen k\u00f6nnen. Ziel war daher, einzelne Personen zu identifizieren und eine Grundlage f\u00fcr individuelle Verantwortung zu schaffen.<\/p>\r\n\r\n<div style=\"width: 642px;max-width: 100%;margin: 24px auto;aspect-ratio: 16 \/ 9\"><iframe style=\"width: 100%;height: 100%;border: 0\" src=\"https:\/\/www.youtube.com\/embed\/V0Uzt_AmHjE?start=64\" allowfullscreen=\"allowfullscreen\">\r\n<\/iframe><\/div>\r\n<p style=\"text-align: left\">Die Ver\u00f6ffentlichung von Angaben \u00fcber Besatzungsmitglieder der russischen Luft- und Weltraumkr\u00e4fte l\u00f6ste 2016 heftige Reaktionen in russischen Medien aus. Dort wurde das Material als Weitergabe geheimer Informationen bezeichnet. Gleichzeitig versuchte das russische Au\u00dfenministerium, \u00fcber diplomatische Kan\u00e4le Druck auf Staaten mit Servern f\u00fcr Spiegelversionen von InformNapalm.org auszu\u00fcben. Das Ministerium forderte die Abschaltung der Website. Die Versuche blieben jedoch erfolglos. Die urspr\u00fcngliche Ver\u00f6ffentlichung enthielt in diesem Zusammenhang au\u00dferdem ein eingebettetes YouTube-Video.<\/p>\r\n<p style=\"text-align: left\">Im M\u00e4rz 2021 sprach InformNapalm eine <a href=\"https:\/\/informnapalm.org\/at\/tu-22m3-vorfall\/\">direkte Warnung<\/a> aus. Offiziere der Fernfliegerkr\u00e4fte, die InformNapalm w\u00e4hrend des russischen Einsatzes in Syrien identifiziert hatte, k\u00f6nnten in einem umfassenden Krieg eingesetzt werden. Sie k\u00f6nnten dabei an Angriffen auf die Ukraine beteiligt sein. Weniger als ein Jahr sp\u00e4ter trat genau die Entwicklung ein, vor der InformNapalm gewarnt hatte.<\/p>\r\n\r\n<h2 style=\"color: #000000;font-size: 1.3rem;font-weight: bold;margin-top: 24px;margin-bottom: 12px;font-family: &#039;Helvetica Neue&#039;, Helvetica, Arial, &#039;Nimbus Sans L&#039;, sans-serif;text-align: left\">Warpachowitschs Rolle in Russlands strategischen Fernfliegerkr\u00e4ften<\/h2>\r\n<p style=\"text-align: left\">Nikolai Warpachowitsch, Jahrgang 1970, ist Berufsoffizier der russischen Fernfliegerkr\u00e4fte. Nach Angaben des ukrainischen Milit\u00e4rnachrichtendienstes HUR ist er auf den Flugzeugmustern Tu-95MS und Tu-95MSM ausgebildet und verf\u00fcgt \u00fcber entsprechende Erfahrung. HUR zufolge besitzt er zudem die russische Qualifikationsstufe \u201eMilit\u00e4rpilot der Scharfsch\u00fctzenklasse\u201c und hat mindestens 2.500 Flugstunden absolviert.<\/p>\r\n<img class=\"alignnone wp-image-33091 size-full\" style=\"max-width: 100%;height: auto;border: 1pt solid #000\" title=\"Mordanschlag auf den russischen General Nikolai Warpachowitsch\" src=\"https:\/\/informnapalm.org\/ua\/wp-content\/uploads\/sites\/9\/2026\/09\/photo_2026-09-03_14-20-53.jpg\" alt=\"Mordanschlag auf den russischen General Nikolai Warpachowitsch\" width=\"642\" height=\"361\" \/>\r\n<p style=\"text-align: left\">Im Dezember 2014 wurde Warpachowitsch zum Leiter des 43. Zentrums f\u00fcr Gefechtseinsatz und Umschulung des fliegenden Personals der Fernfliegerkr\u00e4fte ernannt. Das Zentrum befindet sich in Djagilewo bei Rjasan in Russland. Nach Angaben des ukrainischen Milit\u00e4rnachrichtendienstes \u00fcbernahm Warpachowitsch im November 2021 das Kommando \u00fcber die 22. schwere Bomberfliegerdivision. Das <a href=\"https:\/\/gur.gov.ua\/content\/varpakhovych-mykola-mykolaiovych.html\">vollst\u00e4ndige Dienstprofil<\/a> des ukrainischen Milit\u00e4rnachrichtendienstes zu Warpachowitsch enth\u00e4lt weitere Angaben zu seiner milit\u00e4rischen Laufbahn.<\/p>\r\n\r\n<h2 style=\"color: #000000;font-size: 1.3rem;font-weight: bold;margin-top: 24px;margin-bottom: 12px;font-family: &#039;Helvetica Neue&#039;, Helvetica, Arial, &#039;Nimbus Sans L&#039;, sans-serif;text-align: left\">Dokumentierte F\u00fchrungsfunktion und Angaben zum Tod seines Sohnes<\/h2>\r\n<p style=\"text-align: left\">Die InformNapalm-Recherchegruppe OSINT Bees ver\u00f6ffentlichte im September 2022 <a href=\"https:\/\/informnapalm.org\/osintbees\/2022\/09\/21\/poidut-ly-voevat-synovia-heneralov\/\">weitere Angaben<\/a> zu Warpachowitsch. Demnach war er Kommandeur der schweren Garde-Bomberfliegerdivision und zugleich Garnisonskommandant in Engels. Er wird au\u00dferdem in einer sp\u00e4teren <a href=\"https:\/\/informnapalm.org\/osintbees\/2022\/12\/13\/komandnyi-sklad-aerodroma-dalnoi-a\/\">OSINT-Ver\u00f6ffentlichung<\/a> zur F\u00fchrungsstruktur des St\u00fctzpunkts der Fernfliegerkr\u00e4fte in Djagilewo erw\u00e4hnt. Seine Identit\u00e4t und seine F\u00fchrungsfunktion waren somit bereits seit mehreren Jahren \u00f6ffentlich dokumentiert, als der Mordanschlag erfolgte.<\/p>\r\n<p style=\"text-align: left\">Zu seinem pers\u00f6nlichen Hintergrund geh\u00f6rt auch ein weniger bekanntes Ereignis. OSINT Bees berichtete 2023 \u00fcber den j\u00fcngeren Sohn des Generals, Wladislaw Warpachowitsch, Jahrgang 2002. Er starb w\u00e4hrend seines Wehrdienstes bei der Milit\u00e4reinheit 41521 in Rjasan. Ver\u00f6ffentlichte Kopien rechtsmedizinischer Unterlagen wiesen eine durchgehende Schussverletzung am Kopf aus. In der psychologischen und psychiatrischen Beurteilung, die <a href=\"https:\/\/t.me\/osintbees\/7211\">OSINT Bees wiedergibt<\/a>, wird ein schwer belasteter psychoemotionaler Zustand beschrieben.<\/p>\r\n<p style=\"text-align: left\">Bei der Milit\u00e4reinheit 41521 handelt es sich um dasselbe 43. Zentrum in Djagilewo, das Warpachowitsch mehrere Jahre lang leitete. Anschlie\u00dfend wurde er zum Luftwaffenst\u00fctzpunkt Engels versetzt. Das \u00f6ffentlich zug\u00e4ngliche Quellenmaterial reicht jedoch nicht aus, um die Todesumst\u00e4nde zweifelsfrei zu beurteilen. Es l\u00e4sst sich nicht feststellen, ob es sich um Suizid, eine vors\u00e4tzliche T\u00f6tung oder eine andere Todesursache handelte. Ebenso fehlen Belege f\u00fcr die Annahme, der Vorfall sei eine Vergeltungsaktion gegen Warpachowitsch wegen der T\u00e4tigkeit seines Vaters gewesen. Eine solche Annahme kann daher nicht als Tatsache dargestellt werden.<\/p>\r\n\r\n<h2 style=\"color: #000000;font-size: 1.3rem;font-weight: bold;margin-top: 24px;margin-bottom: 12px;font-family: &#039;Helvetica Neue&#039;, Helvetica, Arial, &#039;Nimbus Sans L&#039;, sans-serif;text-align: left\">Die gr\u00f6\u00dfte Kinderklinik der Ukraine und Informationen aus der Division<\/h2>\r\n<p style=\"text-align: left\">Ochmatdyt ist das nationale spezialisierte Kinderkrankenhaus der Ukraine in Kyjiw und zugleich das gr\u00f6\u00dfte Kinderkrankenhaus des Landes. Das Krankenhaus behandelt Kinder aus der gesamten Ukraine. Zum Leistungsspektrum geh\u00f6ren unter anderem chirurgische und intensivmedizinische Versorgung sowie die Behandlung von Krebs- und Bluterkrankungen. Am 8. Juli 2024 wurde das Krankenhaus von einer Rakete getroffen. Zwei Menschen kamen ums Leben, darunter eine \u00c4rztin. Mehrere Geb\u00e4ude wurden besch\u00e4digt oder zerst\u00f6rt.<\/p>\r\n<p style=\"text-align: left\">Am 13. Mai 2024 ver\u00f6ffentlichte HUR <a href=\"https:\/\/gur.gov.ua\/content\/identyfikatsiia-voiennykh-zlochyntsiv-rf-rozvidnyky-vyznachyly-khto-obstriliuie-ukrainu-krylatymy-raketamy-spysok.html\">die Ergebnisse einer systematischen Identifizierung<\/a> von Kommandeuren und Angeh\u00f6rigen der 22. schweren Bomberfliegerdivision. Dabei handelt es sich um die Milit\u00e4reinheit 06987 am Luftwaffenst\u00fctzpunkt Engels. Nach Angaben des HUR waren die identifizierten Personen an der Planung und Durchf\u00fchrung von Angriffen auf zivile Infrastruktur beteiligt. Warpachowitsch geh\u00f6rt zu den zentralen Personen der Zusammenstellung. HUR zufolge setzt die Division die Bomber Tu-95MS, Tu-160 und Tu-22M3 ein. Als Bewaffnung dienen die Raketen Ch-101, Ch-555, Ch-55, Ch-22 und Ch-32.<\/p>\r\n<img class=\"alignnone wp-image-33090 size-full\" style=\"max-width: 100%;height: auto;border: 1pt solid #000\" title=\"Nikolai Warpachowitsch, Kommandeur der 22. schweren Bomberfliegerdivision\" src=\"https:\/\/informnapalm.org\/ua\/wp-content\/uploads\/sites\/9\/2026\/09\/866e046-screenshot-2024-07-11-164314.jpg\" alt=\"Nikolai Warpachowitsch, Kommandeur der 22. schweren Bomberfliegerdivision\" width=\"642\" height=\"325\" \/>\r\n<p style=\"text-align: left\">Nach dem Angriff auf Ochmatdyt wurden weitere bedeutsame Informationen bekannt. In einem Bericht vom 11. Juli 2024 schrieb die ukrainische Zeitung <a href=\"https:\/\/www.pravda.com.ua\/news\/2024\/07\/11\/7465204\/\">Ukrajinska Prawda<\/a> unter Berufung auf Quellen im HUR \u00fcber einen Piloten der 22. Division. Dieser habe Kontakt zum ukrainischen Milit\u00e4rnachrichtendienst aufgenommen. Nach Angaben der Zeitung habe der Pilot erkl\u00e4rt, der Angriff auf das Kinderkrankenhaus habe ihn stark ersch\u00fcttert. Er habe Unterlagen aus der Milit\u00e4reinheit sowie Material aus Personalakten \u00fcbergeben. Hinzu seien private Fotos der F\u00fchrung und als geheim eingestufte Dokumente der Division gekommen.<\/p>\r\n<p style=\"text-align: left\">In den \u00fcbergebenen Unterlagen wird Nikolai Nikolajewitsch Warpachowitsch als Person Nummer 28 gef\u00fchrt. Dort wird er als Kommandeur der 22. schweren Bomberfliegerdivision innerhalb der Fernfliegerkr\u00e4fte und der russischen Luft- und Weltraumkr\u00e4fte bezeichnet. Dem HUR waren die meisten der 30 in den Unterlagen genannten Offiziere bereits zuvor bekannt. Die \u00fcber Jahre mittels OSINT zusammengetragenen Informationen konnten dadurch um interne Unterlagen der russischen strategischen Fernfliegerkr\u00e4fte erg\u00e4nzt werden.<\/p>\r\n\r\n<h2 style=\"color: #000000;font-size: 1.3rem;font-weight: bold;margin-top: 24px;margin-bottom: 12px;font-family: &#039;Helvetica Neue&#039;, Helvetica, Arial, &#039;Nimbus Sans L&#039;, sans-serif;text-align: left\">Mehrere ukrainische Ermittlungsverfahren wegen Angriffen auf zivile Ziele<\/h2>\r\n<p style=\"text-align: left\">In den vergangenen Jahren tauchten Angaben zu Warpachowitsch auch au\u00dferhalb der Register ukrainischer Nachrichtendienste auf. Ukrainische Beh\u00f6rden verd\u00e4chtigen ihn mehrerer Kriegsverbrechen.<\/p>\r\n<p style=\"text-align: left\">Ukrainische Ermittler haben folgende Angaben ver\u00f6ffentlicht:<\/p>\r\n\r\n<ol style=\"text-align: left\">\r\n \t<li style=\"text-align: left\">Beim Angriff auf den Fernsehturm in Kyjiw am 1. M\u00e4rz 2022 wurden f\u00fcnf Zivilisten get\u00f6tet. <a href=\"https:\/\/armyinform.com.ua\/2026\/02\/12\/udar-po-kyyivskij-televezhi-rosijskyj-general-otrymav-pidozru\/\">Warpachowitsch steht im Verdacht<\/a>, den Einsatzbefehl an das unterstellte 121. schwere Bomberfliegerregiment weitergegeben zu haben.<\/li>\r\n \t<li style=\"text-align: left\">Am 23. April 2022 wurde der Wohnkomplex Tiras in Odesa mit einer Ch-101 angegriffen. Acht Menschen wurden dabei get\u00f6tet. <a href=\"https:\/\/od.npu.gov.ua\/news\/viddavaly-nakazy-nanosyty-raketni-udary-po-zhk-tiras-odeski-slidchi-povidomyly-pro-pidozru-heneral-maioru-ta-polkovnyku-armii-rosii\">Nach Einsch\u00e4tzung der ukrainischen Polizei<\/a> geh\u00f6rt Warpachowitsch zu den Organisatoren des Angriffs.<\/li>\r\n \t<li style=\"text-align: left\">Beim Angriff auf Uman am 28. April 2023 wurden 24 Menschen get\u00f6tet, darunter sechs Kinder. Auch Warpachowitsch wurde in diesem Zusammenhang offiziell <a href=\"https:\/\/armyinform.com.ua\/2025\/10\/13\/udar-shho-zabrav-24-zhyttya-sbu-vstanovyla-polkovnykiv-rf-yaki-znyshhyly-zhytlovyj-budynok-v-umani\/\">als Verd\u00e4chtiger benannt<\/a>.<\/li>\r\n \t<li style=\"text-align: left\">Zum Angriff auf Krywyj Rih am 13. Juni 2023 haben <a href=\"https:\/\/dnipr.gp.gov.ua\/ua\/news.html?_m=publications&amp;_t=rec&amp;id=424054&amp;s=print\">ukrainische Ermittler die Befehlskette rekonstruiert<\/a>. Sie reicht von der obersten F\u00fchrung der russischen Luft- und Weltraumkr\u00e4fte bis zu Warpachowitsch und dem Kommandeur des 121. Regiments. Warpachowitsch steht im Verdacht, einen Einsatzbefehl f\u00fcr Angriffe auf zivile Ziele weitergeleitet zu haben.<\/li>\r\n \t<li style=\"text-align: left\">Warpachowitsch <a href=\"https:\/\/fakty.com.ua\/ua\/ukraine\/20251111-prychetni-do-udaru-kyndzhalamy-po-lvovu-sbu-ogolosyla-pidozru-pyatom-komandyram-rf\/\">wird auch im Verfahren<\/a> zum Raketenangriff auf Lwiw vom 4. September 2024 genannt. Dabei kamen der Marschflugk\u00f6rper Ch-101 und russische Kinschal-Raketen zum Einsatz.<\/li>\r\n<\/ol>\r\n<p style=\"text-align: left\">Am 31. August 2026 teilte der SBU Warpachowitsch zudem mit, dass gegen ihn wegen des Angriffs auf Ochmatdyt ein Tatverdacht bestehe. Damit wird sein Name zum Zeitpunkt der Ver\u00f6ffentlichung in mehreren ukrainischen Ermittlungsverfahren zu Raketenangriffen auf Zivilisten und zivile Infrastruktur gef\u00fchrt.<\/p>\r\n<a href=\"https:\/\/informnapalm.org\/ua\/wp-content\/uploads\/sites\/9\/2026\/09\/EU.jpg\"><img class=\"alignnone wp-image-33093 size-full\" style=\"max-width: 100%;height: auto;border: 1pt solid #000\" title=\"EU-Sanktionsliste\" src=\"https:\/\/informnapalm.org\/ua\/wp-content\/uploads\/sites\/9\/2026\/09\/EU.jpg\" alt=\"EU-Sanktionsliste\" width=\"642\" height=\"301\" \/><\/a>\r\n<p style=\"text-align: left\">Seit dem 16. Dezember 2024 steht Warpachowitsch auf der Sanktionsliste der Europ\u00e4ischen Union. In der offiziellen Begr\u00fcndung der EU wird er als Kommandeur der 22. Division am Luftwaffenst\u00fctzpunkt Engels-2 bezeichnet. Darin hei\u00dft es au\u00dferdem, dass eine Ch-101 seiner Division im Juli 2024 das Kinderkrankenhaus Ochmatdyt getroffen habe. Der <a href=\"https:\/\/eur-lex.europa.eu\/eli\/dec\/2024\/3182\/oj\/eng\/pdf\">offizielle EU-Beschluss zu Warpachowitsch<\/a> enth\u00e4lt die vollst\u00e4ndige Begr\u00fcndung.<\/p>\r\n\r\n<h2 style=\"color: #000000;font-size: 1.3rem;font-weight: bold;margin-top: 24px;margin-bottom: 12px;font-family: &#039;Helvetica Neue&#039;, Helvetica, Arial, &#039;Nimbus Sans L&#039;, sans-serif;text-align: left\">Belege f\u00fcr individuelle Verantwortung verdichten sich \u00fcber Jahre<\/h2>\r\n<p style=\"text-align: left\">Der Mordanschlag auf einen hochrangigen russischen Milit\u00e4rangeh\u00f6rigen verdeutlicht die langfristige Bedeutung von Identifizierung und Dokumentation. Die Ukraine verd\u00e4chtigt den Offizier mehrerer Kriegsverbrechen. Eine Person kann lange vor einem Gerichtsurteil identifiziert und ihre Rolle dokumentiert werden. Informationen aus offenen Quellen und Ermittlungsverfahren lassen sich \u00fcber Jahre zusammentragen. Sp\u00e4ter k\u00f6nnen sie als Grundlage f\u00fcr die Feststellung individueller Verantwortung dienen.<\/p>\r\n<p style=\"text-align: left\">Jeder russische Milit\u00e4rangeh\u00f6rige, der einen rechtswidrigen Befehl ausf\u00fchrt, muss damit rechnen, sp\u00e4ter identifiziert zu werden. Daf\u00fcr k\u00f6nnen gro\u00dfe Mengen \u00f6ffentlich zug\u00e4nglicher Informationen im Internet herangezogen werden. Hinweise k\u00f6nnen zudem von fr\u00fcheren oder gegenw\u00e4rtigen Kollegen stammen.<\/p>\r\n<p style=\"text-align: left\">Rechtliche Verfahren k\u00f6nnen lange dauern. Gleichzeitig kann sich die Beweislage zur individuellen Verantwortung \u00fcber Jahre hinweg weiter verdichten. Dadurch wird es zunehmend schwieriger, sich einer strafrechtlichen Verfolgung zu entziehen.<\/p>\r\n<p style=\"text-align: left\">Der Artikel wurde von Ashton Berson f\u00fcr InformNapalm erstellt.<\/p>\r\n\r\n\r\n<hr style=\"width: 75%;margin: 20px 0;border: 0;border-top: 1px solid #ccc;text-align: left\" \/>\r\n\r\n<h2 style=\"color: #000000;font-size: 1.3rem;font-weight: bold;text-align: left\">Lesen Sie auch<\/h2>\r\n<ul style=\"text-align: left\">\r\n \t<li style=\"text-align: left\"><a href=\"https:\/\/informnapalm.org\/at\/nafo\/\" target=\"_blank\" rel=\"noopener\"><span style=\"color: #333333\">Gekr\u00e4nkter Stolz in Moskau: NAFO und InformNapalm auf russischer Hackerliste<\/span><\/a><\/li>\r\n \t<li style=\"text-align: left\"><a href=\"https:\/\/informnapalm.org\/at\/zwoelf-jahre-aufklaerungsarbeit\/\" target=\"_blank\" rel=\"noopener\"><span style=\"color: #333333\">InformNapalm markiert zw\u00f6lf Jahre Aufkl\u00e4rungsarbeit gegen Russland<\/span><\/a><\/li>\r\n \t<li style=\"text-align: left\"><a href=\"https:\/\/informnapalm.org\/at\/cyber-force\/\" target=\"_blank\" rel=\"noopener\"><span style=\"color: #333333\">Die USA schaffen eine Cyber Force \u2013 Eine Analyse des Berichts der US-Kommission und seiner Bedeutung f\u00fcr die Ukraine<\/span><\/a><\/li>\r\n<\/ul>\r\n\r\n<hr style=\"border: none;border-top: 1px solid #cfcfcf;margin: 24px 0;width: 100%;text-align: left\" \/>\r\n<p style=\"text-align: left !important\"><span style=\"color: #000000\"><a href=\"https:\/\/informnapalm.org\/sv\/ryska-operationer\/\"><img class=\"alignleft\" title=\"InformNapalm \u00d6sterreich\" src=\"https:\/\/informnapalm.org\/fr\/wp-content\/uploads\/sites\/2\/2015\/12\/InformNapalm_logo_05.png\" alt=\"InformNapalm \u00d6sterreich\" width=\"150\" height=\"68\" \/><\/a><span style=\"color: #333333\">Es steht Ihnen frei, dieses Material zu teilen, aber f\u00fcgen Sie bitte einen Link zur <span style=\"font-weight: bold\"><a href=\"https:\/\/informnapalm.org\/at\/category\/aktuell\/\" target=\"_blank\" rel=\"noopener noreferrer\">Quelle<\/a><\/span><\/span> hinzu. Creative Commons \u2013 Attribution 4.0 International \u2013 CC BY 4.0. <\/span><span style=\"color: #333333\">Folgen Sie uns auf<\/span> <span style=\"font-weight: bold\"><a href=\"https:\/\/www.facebook.com\/informnapalm24\/\" target=\"_blank\" rel=\"noopener noreferrer\">Facebook<\/a><\/span> <span style=\"color: #333333\">und<\/span> <span style=\"font-weight: bold\"><a href=\"https:\/\/twitter.com\/informnapalm\" target=\"_blank\" rel=\"noopener noreferrer\">X<\/a><\/span><span style=\"color: #333333\">.<\/span><\/p>\r\n<p style=\"text-align: left !important\">InformNapalm erh\u00e4lt keine finanzielle Unterst\u00fctzung von irgendeiner Regierung oder einem Sponsor. Die Finanzierung erfolgt ausschlie\u00dflich durch freiwillige Unterst\u00fctzer und Leser. Sie k\u00f6nnen InformNapalm auch unterst\u00fctzen, indem Sie monatliche <span style=\"font-weight: bold\"><a href=\"https:\/\/www.buymeacoffee.com\/informnapalm\" target=\"_blank\" rel=\"noopener\"> Minispenden<\/a> <\/span> \u00fcber BuyMeACoffee t\u00e4tigen.<\/p>\r\n\r\n<\/div>\r\n<\/div>","amp_enabled":false,"_links":{"self":[{"href":"https:\/\/informnapalm.org\/at\/wp-json\/wp\/v2\/posts\/4199","targetHints":{"allow":["GET"]}}],"collection":[{"href":"https:\/\/informnapalm.org\/at\/wp-json\/wp\/v2\/posts"}],"about":[{"href":"https:\/\/informnapalm.org\/at\/wp-json\/wp\/v2\/types\/post"}],"author":[{"embeddable":true,"href":"https:\/\/informnapalm.org\/at\/wp-json\/wp\/v2\/users\/72"}],"replies":[{"embeddable":true,"href":"https:\/\/informnapalm.org\/at\/wp-json\/wp\/v2\/comments?post=4199"}],"version-history":[{"count":5,"href":"https:\/\/informnapalm.org\/at\/wp-json\/wp\/v2\/posts\/4199\/revisions"}],"predecessor-version":[{"id":4205,"href":"https:\/\/informnapalm.org\/at\/wp-json\/wp\/v2\/posts\/4199\/revisions\/4205"}],"wp:featuredmedia":[{"embeddable":true,"href":"https:\/\/informnapalm.org\/at\/wp-json\/wp\/v2\/media\/4200"}],"wp:attachment":[{"href":"https:\/\/informnapalm.org\/at\/wp-json\/wp\/v2\/media?parent=4199"}],"wp:term":[{"taxonomy":"category","embeddable":true,"href":"https:\/\/informnapalm.org\/at\/wp-json\/wp\/v2\/categories?post=4199"},{"taxonomy":"post_tag","embeddable":true,"href":"https:\/\/informnapalm.org\/at\/wp-json\/wp\/v2\/tags?post=4199"}],"curies":[{"name":"wp","href":"https:\/\/api.w.org\/{rel}","templated":true}]}}