{"id":2775,"date":"2026-09-03T00:28:04","date_gmt":"2026-09-02T21:28:04","guid":{"rendered":"https:\/\/informnapalm.org\/az\/?p=2775"},"modified":"2026-09-05T00:38:53","modified_gmt":"2026-09-04T21:38:53","slug":"sui-qesd-cehdi","status":"publish","type":"post","link":"https:\/\/informnapalm.org\/az\/sui-qesd-cehdi\/","title":{"rendered":"Ukraynaya h\u00fccumlarda i\u015ftirakda \u015f\u00fcbh\u0259li bilin\u0259n rus general\u0131na sui-q\u0259sd c\u0259hdi"},"content":{"rendered":"<div lang=\"az\" style=\"color: #000000;text-align: left\">\n<p style=\"text-align: left\"><span style=\"font-weight: bold;font-family: Helvetica Neue,Helvetica,Arial,Nimbus Sans L,sans-serif\">General-mayor Nikolay Varpa\u015fovi\u00e7 strateji bombardman\u00e7\u0131 t\u0259yyar\u0259l\u0259rl\u0259 t\u0259chiz edilmi\u015f Rusiya h\u0259rbi birl\u0259\u015fm\u0259sin\u0259 komandanl\u0131q edir. Ukrayna hakimiyy\u0259ti onun m\u00fclki h\u0259d\u0259fl\u0259r\u0259 qar\u015f\u0131 bir s\u0131ra raket h\u00fccumlar\u0131nda, o c\u00fcml\u0259d\u0259n Kiyevd\u0259 yerl\u0259\u015f\u0259n Ukraynan\u0131n \u0259n b\u00f6y\u00fck ixtisasla\u015fm\u0131\u015f u\u015faq x\u0259st\u0259xanas\u0131na h\u00fccumda i\u015ftirak\u0131ndan \u015f\u00fcbh\u0259l\u0259nir. Varpa\u015fovi\u00e7 3 sentyabr 2026-c\u0131 ild\u0259 Rusiyada ona qar\u015f\u0131 h\u0259yata ke\u00e7iril\u0259n sui-q\u0259sd c\u0259hdi n\u0259tic\u0259sind\u0259 a\u011f\u0131r yaralan\u0131b.<\/span><\/p>\n<div style=\"color: #333333;text-align: left\">\n<p style=\"text-align: left\">3 sentyabr 2026-c\u0131 ild\u0259 saat 07.00 rad\u0259l\u0259rind\u0259 y\u00fcks\u0259k r\u00fctb\u0259li rusiyal\u0131 zabit\u0259 sui-q\u0259sd c\u0259hdi edilib. Hadis\u0259 Saratov vilay\u0259tinin Engels \u015f\u0259h\u0259ri yax\u0131nl\u0131\u011f\u0131ndak\u0131 Probujdeniye ya\u015fay\u0131\u015f m\u0259nt\u0259q\u0259sind\u0259 ba\u015f verib. Zabit Rusiya Aerokosmik Q\u00fcvv\u0259l\u0259rinin t\u0259rkibind\u0259 xidm\u0259t edirdi. Bir ne\u00e7\u0259 m\u0259nb\u0259nin m\u0259lumat\u0131na g\u00f6r\u0259, h\u00fccumun h\u0259d\u0259fi general-mayor Nikolay Varpa\u015fovi\u00e7 olub. O, Uzaqm\u0259nzilli Aviasiyan\u0131n 06987 n\u00f6mr\u0259li h\u0259rbi hiss\u0259si olan 22-ci A\u011f\u0131r Bombardman\u00e7\u0131 Aviasiya Diviziyas\u0131n\u0131n komandiridir. H\u0259rbi birl\u0259\u015fm\u0259 Engels-2 aviabazas\u0131 il\u0259 \u0259laq\u0259lidir.<\/p>\n<h2 style=\"color: #000000;font-size: 1.3rem;font-weight: bold;margin-top: 24px;margin-bottom: 12px;font-family: &#039;Helvetica Neue&#039;, Helvetica, Arial, &#039;Nimbus Sans L&#039;, sans-serif;text-align: left\">Rusiyada sui-q\u0259sd c\u0259hdi \u00fczr\u0259 istintaq v\u0259 Ukraynada m\u00fcharib\u0259 cinay\u0259ti \u015f\u00fcbh\u0259si<\/h2>\n<p style=\"text-align: left\">Rusiya hakimiyy\u0259ti m\u0259qal\u0259nin d\u0259rc edildiyi vaxtad\u0259k yaralanm\u0131\u015f zabitin kimliyini h\u0259l\u0259 r\u0259smi \u015f\u0259kild\u0259 a\u00e7\u0131qlamay\u0131b. Rusiya \u0130stintaq Komit\u0259si h\u00fccumun ba\u015f verdiyini t\u0259sdiql\u0259yib v\u0259 \u00f6ld\u00fcrm\u0259y\u0259 c\u0259hd, el\u0259c\u0259 d\u0259 silahlar\u0131n qanunsuz d\u00f6vriyy\u0259si il\u0259 ba\u011fl\u0131 cinay\u0259t i\u015fi \u00fczr\u0259 istintaqa ba\u015flay\u0131b. Komit\u0259 hadis\u0259 yerind\u0259 g\u00fcll\u0259l\u0259rin v\u0259 bo\u015f gilizl\u0259rin g\u00f6t\u00fcr\u00fcld\u00fcy\u00fcn\u00fc d\u0259 bildirib. A\u011f\u0131r yaralanm\u0131\u015f zabit t\u0259cili tibbi yard\u0131mdan sonra t\u0259yyar\u0259 il\u0259 Moskvaya apar\u0131l\u0131b.<\/p>\n<p style=\"text-align: left\">Hadis\u0259 \u00fc\u00e7 g\u00fcn \u0259vv\u0259l, 31 avqust 2026-c\u0131 ild\u0259 ba\u015f vermi\u015f ba\u015fqa bir hadis\u0259 fonunda x\u00fcsusi \u0259h\u0259miyy\u0259t da\u015f\u0131y\u0131r. Ukrayna T\u0259hl\u00fck\u0259sizlik Xidm\u0259ti (SBU) v\u0259 Ba\u015f Prokurorluq Varpa\u015fovi\u00e7 bar\u0259sind\u0259 qiyabi qaydada m\u00fcharib\u0259 cinay\u0259ti \u00fczr\u0259 <a href=\"https:\/\/ssu.gov.ua\/novyny\/sbu-ta-ohp-zaochno-povidomyly-pro-pidozru-rashystam-yaki-komanduvaly-raketnymy-udaramy-po-okhmatdytu-ta-zhurnalistakh-reuters\">\u015f\u00fcbh\u0259 elan edib<\/a>. \u015e\u00fcbh\u0259 Kiyevd\u0259 yerl\u0259\u015f\u0259n Ukraynan\u0131n \u0259n b\u00f6y\u00fck ixtisasla\u015fm\u0131\u015f u\u015faq x\u0259st\u0259xanas\u0131 Oxmatd\u0131t-a h\u00fccumla ba\u011fl\u0131 olub. \u0130ki hadis\u0259 aras\u0131nda ayd\u0131n zaman yax\u0131nl\u0131\u011f\u0131 m\u00f6vcuddur. Bununla bel\u0259, sui-q\u0259sd c\u0259hdind\u0259 Ukraynan\u0131n i\u015ftirak\u0131na v\u0259 ya h\u00fccumla yeni \u015f\u00fcbh\u0259 aras\u0131nda h\u0259r hans\u0131 \u0259laq\u0259nin olmas\u0131na dair t\u0259sdiql\u0259nmi\u015f m\u0259lumat yoxdur.<\/p>\n<h2 style=\"color: #000000;font-size: 1.3rem;font-weight: bold;margin-top: 24px;margin-bottom: 12px;font-family: &#039;Helvetica Neue&#039;, Helvetica, Arial, &#039;Nimbus Sans L&#039;, sans-serif;text-align: left\">Rusiya aviasiya hey\u0259tinin OSINT vasit\u0259sil\u0259 m\u00fc\u0259yy\u0259nl\u0259\u015fdirilm\u0259si<\/h2>\n<p style=\"text-align: left\">Rusiyan\u0131n Suriyada hava \u0259m\u0259liyyatlar\u0131na ba\u015flamas\u0131ndan sonra <a href=\"https:\/\/informnapalm.org\/15486-syria-war-bomburus\/\">\u0130nformNapalm 2015-ci ilin noyabr\u0131nda<\/a> Tu-160 tipli strateji bombardman\u00e7\u0131 t\u0259yyar\u0259l\u0259rin ekipaj \u00fczvl\u0259rini, el\u0259c\u0259 d\u0259 Rusiyan\u0131n Engels \u015f\u0259h\u0259rind\u0259 yerl\u0259\u015f\u0259n 6950-ci Qvardiya Aviabazas\u0131n\u0131n \u015f\u0259xsi hey\u0259tini m\u00fc\u0259yy\u0259nl\u0259\u015fdirib. H\u0259rbi hiss\u0259nin Tu-160 v\u0259 Tu-95MS t\u0259yyar\u0259l\u0259ri Suriyada Ch-55SM, Ch-555 v\u0259 Ch-101 qanadl\u0131 raketl\u0259rinin burax\u0131lmas\u0131 \u00fc\u00e7\u00fcn istifad\u0259 olunub.<\/p>\n<p style=\"text-align: left\">2016-c\u0131 ild\u0259 \u0130nformNapalm <a href=\"https:\/\/informnapalm.org\/27797-kto-bombit-grazhdanskih-v-sirii-lichnye-dannye-116-ofitserov-vks-rf-infografika\/\">116 rusiyal\u0131 pilot v\u0259 \u015fturman<\/a> haqq\u0131nda m\u0259lumatlar\u0131n yer ald\u0131\u011f\u0131 geni\u015f material d\u0259rc edib. \u018fsas yana\u015fma \u0259mrl\u0259ri bilavasit\u0259 icra ed\u0259n \u015f\u0259xsl\u0259rin Rusiya Aerokosmik Q\u00fcvv\u0259l\u0259ri kimi qurum adlar\u0131n\u0131n v\u0259 ya Rusiya zabit r\u00fctb\u0259l\u0259rinin arxas\u0131nda gizl\u0259n\u0259r\u0259k f\u0259rdi m\u0259suliyy\u0259td\u0259n yay\u0131na bilm\u0259m\u0259si olub. Buna g\u00f6r\u0259 m\u0259qs\u0259d ayr\u0131-ayr\u0131 \u015f\u0259xsl\u0259rin m\u00fc\u0259yy\u0259nl\u0259\u015fdirilm\u0259si v\u0259 f\u0259rdi m\u0259suliyy\u0259tin m\u00fc\u0259yy\u0259n edilm\u0259si \u00fc\u00e7\u00fcn \u0259sas yaradacaq m\u0259lumatlar\u0131n toplanmas\u0131 idi.<\/p>\n<div style=\"width: 642px;max-width: 100%;margin: 24px auto;aspect-ratio: 16 \/ 9\"><iframe style=\"width: 100%;height: 100%;border: 0\" src=\"https:\/\/www.youtube.com\/embed\/V0Uzt_AmHjE?start=64\" allowfullscreen=\"allowfullscreen\"><br \/>\n<\/iframe><\/div>\n<p style=\"text-align: left\">2016-c\u0131 ild\u0259 Rusiya Aerokosmik Q\u00fcvv\u0259l\u0259rinin ekipaj \u00fczvl\u0259ri haqq\u0131nda m\u0259lumatlar\u0131n a\u00e7\u0131qlanmas\u0131 Rusiya medias\u0131nda s\u0259rt reaksiyalara s\u0259b\u0259b olub v\u0259 material m\u0259xfi m\u0259lumatlar\u0131n s\u0131zmas\u0131 kimi t\u0259qdim edilib. Rusiya Xarici \u0130\u015fl\u0259r Nazirliyi eyni zamanda diplomatik kanallar vasit\u0259sil\u0259 InformNapalm.org sayt\u0131n\u0131n g\u00fczg\u00fc versiyalar\u0131n\u0131n serverl\u0259rinin yerl\u0259\u015fdiyi \u00f6lk\u0259l\u0259r\u0259 t\u0259zyiq g\u00f6st\u0259rm\u0259y\u0259 v\u0259 sayt\u0131n ba\u011flanmas\u0131n\u0131 t\u0259l\u0259b etm\u0259y\u0259 \u00e7al\u0131\u015f\u0131b. Lakin bu c\u0259hdl\u0259r n\u0259tic\u0259siz qal\u0131b. \u0130lkin n\u0259\u015frd\u0259 m\u0259tnl\u0259 \u0259laq\u0259li \u015f\u0259kild\u0259 YouTube-dan yerl\u0259\u015fdirilmi\u015f video da var idi.<\/p>\n<p style=\"text-align: left\">2021-ci ilin mart\u0131nda \u0130nformNapalm <a href=\"https:\/\/informnapalm.org\/az\/tu-22m3\/\">a\u00e7\u0131q x\u0259b\u0259rdarl\u0131q<\/a> edib. Rusiyan\u0131n Suriyadak\u0131 \u0259m\u0259liyyat\u0131 zaman\u0131 \u0130nformNapalm t\u0259r\u0259find\u0259n m\u00fc\u0259yy\u0259nl\u0259\u015fdirilmi\u015f uzaqm\u0259nzilli aviasiya zabitl\u0259rinin geni\u015fmiqyasl\u0131 m\u00fcharib\u0259 ba\u015f ver\u0259c\u0259yi t\u0259qdird\u0259 Ukraynaya qar\u015f\u0131 h\u00fccumlarda istifad\u0259 oluna bil\u0259c\u0259yi bildirilib. \u0130nformNapalm-\u0131n x\u0259b\u0259rdarl\u0131q etdiyi ssenari bir ild\u0259n az m\u00fcdd\u0259t sonra reall\u0131\u011fa \u00e7evrilib.<\/p>\n<h2 style=\"color: #000000;font-size: 1.3rem;font-weight: bold;margin-top: 24px;margin-bottom: 12px;font-family: &#039;Helvetica Neue&#039;, Helvetica, Arial, &#039;Nimbus Sans L&#039;, sans-serif;text-align: left\">Varpa\u015fovi\u00e7in Rusiyan\u0131n strateji bombardman\u00e7\u0131 aviasiyas\u0131ndak\u0131 rolu<\/h2>\n<p style=\"text-align: left\">1970-ci il t\u0259v\u0259ll\u00fcdl\u00fc Nikolay Varpa\u015fovi\u00e7 Rusiyan\u0131n uzaqm\u0259nzilli aviasiyas\u0131nda xidm\u0259t ed\u0259n kadr zabitidir. Ukraynan\u0131n h\u0259rbi k\u0259\u015ffiyyat\u0131 HUR-un m\u0259lumat\u0131na g\u00f6r\u0259, o, Tu-95MS v\u0259 Tu-95MSM tipli t\u0259yyar\u0259l\u0259r \u00fczr\u0259 haz\u0131rl\u0131q ke\u00e7ib v\u0259 bu t\u0259yyar\u0259l\u0259rd\u0259 xidm\u0259t t\u0259cr\u00fcb\u0259sin\u0259 malikdir. HUR h\u0259m\u00e7inin Varpa\u015fovi\u00e7in Rusiyada istifad\u0259 olunan \u201ch\u0259rbi pilot-snayper\u201d ixtisas d\u0259r\u0259c\u0259sin\u0259 v\u0259 \u0259n az\u0131 2 500 saat u\u00e7u\u015f t\u0259cr\u00fcb\u0259sin\u0259 malik oldu\u011funu bildirir.<\/p>\n<p><img loading=\"lazy\" decoding=\"async\" class=\"alignnone wp-image-33091 size-full\" style=\"max-width: 100%;height: auto;border: 1pt solid #000\" title=\"Rus general\u0131 Nikolay Varpa\u015fovi\u00e7\u0259 sui-q\u0259sd c\u0259hdi\" src=\"https:\/\/informnapalm.org\/ua\/wp-content\/uploads\/sites\/9\/2026\/09\/photo_2026-09-03_14-20-53.jpg\" alt=\"Rus general\u0131 Nikolay Varpa\u015fovi\u00e7\u0259 sui-q\u0259sd c\u0259hdi\" width=\"642\" height=\"361\" \/><\/p>\n<p style=\"text-align: left\">2014-c\u00fc ilin dekabr\u0131nda Varpa\u015fovi\u00e7 Rusiyan\u0131n Ryazan \u015f\u0259h\u0259ri yax\u0131nl\u0131\u011f\u0131ndak\u0131 Dyagilevoda yerl\u0259\u015f\u0259n Uzaqm\u0259nzilli Aviasiyan\u0131n U\u00e7u\u015f Hey\u0259tinin D\u00f6y\u00fc\u015f T\u0259tbiqi v\u0259 Yenid\u0259n Haz\u0131rl\u0131\u011f\u0131 \u00fczr\u0259 43-c\u00fc M\u0259rk\u0259zinin r\u0259isi t\u0259yin edilib. Ukraynan\u0131n h\u0259rbi k\u0259\u015ffiyyat\u0131 bildirir ki, o, 2021-ci ilin noyabr\u0131nda 22-ci A\u011f\u0131r Bombardman\u00e7\u0131 Aviasiya Diviziyas\u0131n\u0131n komandiri v\u0259zif\u0259sin\u0259 ba\u015flay\u0131b. Ukrayna h\u0259rbi k\u0259\u015ffiyyat\u0131n\u0131n Varpa\u015fovi\u00e7 haqq\u0131nda <a href=\"https:\/\/gur.gov.ua\/content\/varpakhovych-mykola-mykolaiovych.html\">tam xidm\u0259t dosyesind\u0259<\/a> onun h\u0259rbi ke\u00e7mi\u015fin\u0259 dair \u0259lav\u0259 m\u0259lumatlar yer al\u0131r.<\/p>\n<h2 style=\"color: #000000;font-size: 1.3rem;font-weight: bold;margin-top: 24px;margin-bottom: 12px;font-family: &#039;Helvetica Neue&#039;, Helvetica, Arial, &#039;Nimbus Sans L&#039;, sans-serif;text-align: left\">S\u0259n\u0259dl\u0259\u015fdirilmi\u015f komandanl\u0131q v\u0259zif\u0259si v\u0259 o\u011flunun \u00f6l\u00fcm\u00fc haqq\u0131nda m\u0259lumatlar<\/h2>\n<p style=\"text-align: left\">\u0130nformNapalm daxilind\u0259 f\u0259aliyy\u0259t g\u00f6st\u0259r\u0259n OSINT Bees ara\u015fd\u0131rma qrupu 2022-ci ilin sentyabr\u0131nda <a href=\"https:\/\/informnapalm.org\/osintbees\/2022\/09\/21\/poidut-ly-voevat-synovia-heneralov\/\">\u0259lav\u0259 m\u0259lumatlar<\/a> d\u0259rc edib. Bu m\u0259lumatlarda Varpa\u015fovi\u00e7 Qvardiya A\u011f\u0131r Bombardman\u00e7\u0131 Aviasiya Diviziyas\u0131n\u0131n komandiri v\u0259 Engels qarnizonunun r\u0259isi kimi g\u00f6st\u0259rilib. O, h\u0259m\u00e7inin Dyagilevodak\u0131 Uzaqm\u0259nzilli Aviasiya aviabazas\u0131n\u0131n komandanl\u0131q strukturu haqq\u0131nda daha sonrak\u0131 <a href=\"https:\/\/informnapalm.org\/osintbees\/2022\/12\/13\/komandnyi-sklad-aerodroma-dalnoi-a\/\">OSINT n\u0259\u015frind\u0259<\/a> d\u0259 qeyd olunub. Bel\u0259likl\u0259, sui-q\u0259sd c\u0259hdi ba\u015f ver\u0259n\u0259d\u0259k onun \u015f\u0259xsiyy\u0259ti v\u0259 komandanl\u0131q v\u0259zif\u0259si art\u0131q bir ne\u00e7\u0259 il idi ki, a\u00e7\u0131q m\u0259nb\u0259l\u0259rd\u0259 s\u0259n\u0259dl\u0259\u015fdirilmi\u015fdi.<\/p>\n<p style=\"text-align: left\">Onun ke\u00e7mi\u015find\u0259 daha az m\u0259lum olan ba\u015fqa bir hadis\u0259 d\u0259 var. OSINT Bees-in 2023-c\u00fc ild\u0259 d\u0259rc etdiyi m\u0259lumata g\u00f6r\u0259, general\u0131n 2002-ci il t\u0259v\u0259ll\u00fcdl\u00fc ki\u00e7ik o\u011flu Vladislav Varpa\u015fovi\u00e7 Ryazandak\u0131 41521 n\u00f6mr\u0259li h\u0259rbi hiss\u0259d\u0259 m\u00fcdd\u0259tli h\u0259qiqi h\u0259rbi xidm\u0259t ke\u00e7\u0259rk\u0259n \u00f6l\u00fcb. \u0130ctimaiyy\u0259t\u0259 a\u00e7\u0131qlanm\u0131\u015f m\u0259hk\u0259m\u0259-tibbi s\u0259n\u0259dl\u0259rin sur\u0259tl\u0259rind\u0259 ba\u015f nahiy\u0259sind\u0259 d\u0259lib-ke\u00e7\u0259n g\u00fcll\u0259 yaras\u0131n\u0131n oldu\u011fu g\u00f6st\u0259rilib. <a href=\"https:\/\/t.me\/osintbees\/7211\">OSINT Bees t\u0259r\u0259find\u0259n t\u0259qdim olunan<\/a> psixoloji v\u0259 psixiatrik qiym\u0259tl\u0259ndirm\u0259d\u0259 onun a\u011f\u0131r psixoemosional v\u0259ziyy\u0259td\u0259 oldu\u011fu v\u0259 bu v\u0259ziyy\u0259tin k\u0259skin m\u0259nfi xarakter da\u015f\u0131d\u0131\u011f\u0131 qeyd edilib.<\/p>\n<p style=\"text-align: left\">41521 n\u00f6mr\u0259li h\u0259rbi hiss\u0259 Varpa\u015fovi\u00e7in Engels aviabazas\u0131na ke\u00e7irilm\u0259zd\u0259n \u0259vv\u0259l bir ne\u00e7\u0259 il r\u0259hb\u0259rlik etdiyi Dyagilevodak\u0131 h\u0259min 43-c\u00fc M\u0259rk\u0259zdir. Bununla bel\u0259, a\u00e7\u0131q m\u0259nb\u0259l\u0259rd\u0259ki material \u00f6l\u00fcm\u00fcn intihar, q\u0259sd\u0259n adam \u00f6ld\u00fcrm\u0259 v\u0259 ya ba\u015fqa hadis\u0259 n\u0259tic\u0259sind\u0259 ba\u015f verdiyini etibarl\u0131 \u015f\u0259kild\u0259 m\u00fc\u0259yy\u0259n etm\u0259k \u00fc\u00e7\u00fcn kifay\u0259t deyil. Hadis\u0259nin atas\u0131n\u0131n f\u0259aliyy\u0259ti il\u0259 \u0259laq\u0259dar Varpa\u015fovi\u00e7\u0259 qar\u015f\u0131 qisas akt\u0131 olmas\u0131 ehtimal\u0131n\u0131 t\u0259sdiql\u0259y\u0259n s\u00fcbutlar da yoxdur. Buna g\u00f6r\u0259 bel\u0259 bir ehtimal fakt kimi t\u0259qdim edil\u0259 bilm\u0259z.<\/p>\n<h2 style=\"color: #000000;font-size: 1.3rem;font-weight: bold;margin-top: 24px;margin-bottom: 12px;font-family: &#039;Helvetica Neue&#039;, Helvetica, Arial, &#039;Nimbus Sans L&#039;, sans-serif;text-align: left\">Ukraynan\u0131n \u0259n b\u00f6y\u00fck u\u015faq x\u0259st\u0259xanas\u0131 v\u0259 diviziya daxilind\u0259n \u0259ld\u0259 edil\u0259n m\u0259lumatlar<\/h2>\n<p style=\"text-align: left\">Oxmatd\u0131t Kiyevd\u0259 yerl\u0259\u015f\u0259n Ukrayna Milli \u0130xtisasla\u015fm\u0131\u015f U\u015faq X\u0259st\u0259xanas\u0131d\u0131r v\u0259 \u00f6lk\u0259nin \u0259n b\u00f6y\u00fck u\u015faq x\u0259st\u0259xanas\u0131d\u0131r. X\u0259st\u0259xana Ukraynan\u0131n b\u00fct\u00fcn b\u00f6lg\u0259l\u0259rind\u0259n u\u015faqlar\u0131 q\u0259bul edir, c\u0259rrahiyy\u0259 v\u0259 intensiv terapiya xidm\u0259tl\u0259ri g\u00f6st\u0259rir, h\u0259m\u00e7inin x\u0259r\u00e7\u0259ng v\u0259 qan x\u0259st\u0259likl\u0259rinin m\u00fcalic\u0259sini h\u0259yata ke\u00e7irir. 8 iyul 2024-c\u00fc ild\u0259 x\u0259st\u0259xanaya raket d\u00fc\u015f\u00fcb. Biri h\u0259kim olmaqla iki n\u0259f\u0259r h\u0259lak olub, bir ne\u00e7\u0259 bina z\u0259d\u0259l\u0259nib v\u0259 ya da\u011f\u0131d\u0131l\u0131b.<\/p>\n<p style=\"text-align: left\">13 may 2024-c\u00fc ild\u0259 HUR Engels aviabazas\u0131ndak\u0131 06987 n\u00f6mr\u0259li h\u0259rbi hiss\u0259 olan 22-ci A\u011f\u0131r Bombardman\u00e7\u0131 Aviasiya Diviziyas\u0131n\u0131n komandanl\u0131q hey\u0259tinin v\u0259 dig\u0259r \u015f\u0259xsi hey\u0259tinin <a href=\"https:\/\/gur.gov.ua\/content\/identyfikatsiia-voiennykh-zlochyntsiv-rf-rozvidnyky-vyznachyly-khto-obstriliuie-ukrainu-krylatymy-raketamy-spysok.html\">sistemli \u015f\u0259kild\u0259 m\u00fc\u0259yy\u0259nl\u0259\u015fdirilm\u0259si \u00fczr\u0259 ara\u015fd\u0131rman\u0131n n\u0259tic\u0259l\u0259rini<\/a> a\u00e7\u0131qlay\u0131b. HUR-un m\u0259lumat\u0131na g\u00f6r\u0259, m\u00fc\u0259yy\u0259n edilmi\u015f \u015f\u0259xsl\u0259r Ukraynadak\u0131 m\u00fclki infrastruktura h\u00fccumlar\u0131n planla\u015fd\u0131r\u0131lmas\u0131 v\u0259 h\u0259yata ke\u00e7irilm\u0259sind\u0259 i\u015ftirak edibl\u0259r. Varpa\u015fovi\u00e7 siyah\u0131dak\u0131 \u0259sas \u015f\u0259xsl\u0259rd\u0259n biridir. HUR h\u0259m\u00e7inin diviziyan\u0131n b\u00f6lm\u0259l\u0259rinin Tu-95MS, Tu-160 v\u0259 Tu-22M3 bombardman\u00e7\u0131 t\u0259yyar\u0259l\u0259rind\u0259n Ch-101, Ch-555, Ch-55, Ch-22 v\u0259 Ch-32 raketl\u0259ri il\u0259 birlikd\u0259 istifad\u0259 etdiyini bildirir.<\/p>\n<p><img loading=\"lazy\" decoding=\"async\" class=\"alignnone wp-image-33090 size-full\" style=\"max-width: 100%;height: auto;border: 1pt solid #000\" title=\"Nikolay Varpa\u015fovi\u00e7, 22-ci A\u011f\u0131r Bombardman\u00e7\u0131 Aviasiya Diviziyas\u0131n\u0131n komandiri\" src=\"https:\/\/informnapalm.org\/ua\/wp-content\/uploads\/sites\/9\/2026\/09\/866e046-screenshot-2024-07-11-164314.jpg\" alt=\"Nikolay Varpa\u015fovi\u00e7, 22-ci A\u011f\u0131r Bombardman\u00e7\u0131 Aviasiya Diviziyas\u0131n\u0131n komandiri\" width=\"642\" height=\"325\" \/><\/p>\n<p style=\"text-align: left\">Oxmatd\u0131t-a h\u00fccumdan sonra \u0259lav\u0259 m\u00fch\u00fcm m\u0259lumatlar ortaya \u00e7\u0131x\u0131b. Ukraynan\u0131n <a href=\"https:\/\/www.pravda.com.ua\/news\/2024\/07\/11\/7465204\/\">Ukraynska Pravda<\/a> q\u0259zeti 11 iyul 2024-c\u00fc il tarixli m\u0259lumat\u0131nda HUR daxilind\u0259ki m\u0259nb\u0259l\u0259r\u0259 istinad\u0259n 22-ci Diviziyada xidm\u0259t ed\u0259n pilotlardan birinin Ukrayna k\u0259\u015ffiyyat\u0131 il\u0259 \u0259laq\u0259 saxlad\u0131\u011f\u0131n\u0131 bildirib. Q\u0259zetin m\u0259nb\u0259l\u0259rinin m\u0259lumat\u0131na g\u00f6r\u0259, pilot u\u015faq x\u0259st\u0259xanas\u0131na h\u00fccuma k\u0259skin reaksiya verdiyini s\u00f6yl\u0259yib. O, h\u0259m\u00e7inin h\u0259rbi hiss\u0259y\u0259 aid s\u0259n\u0259dl\u0259ri, \u015f\u0259xsi i\u015fl\u0259rd\u0259n materiallar\u0131, komandanl\u0131q hey\u0259tinin \u015f\u0259xsi foto\u015f\u0259kill\u0259rini v\u0259 diviziyaya aid m\u0259xfilik d\u0259r\u0259c\u0259si verilmi\u015f s\u0259n\u0259dl\u0259ri t\u0259hvil verib.<\/p>\n<p style=\"text-align: left\">T\u0259hvil verilmi\u015f materiallarda Nikolay Nikolayevi\u00e7 Varpa\u015fovi\u00e7 28-ci \u015f\u0259xs kimi g\u00f6st\u0259rilir v\u0259 Uzaqm\u0259nzilli Aviasiya il\u0259 Rusiya Aerokosmik Q\u00fcvv\u0259l\u0259rinin t\u0259rkibind\u0259ki 22-ci A\u011f\u0131r Bombardman\u00e7\u0131 Aviasiya Diviziyas\u0131n\u0131n komandiri kimi qeyd olunur. HUR materiallarda yer alan 30 zabitin \u0259ks\u0259riyy\u0259tinin kimliyini \u0259vv\u0259ld\u0259n bilirdi. Bel\u0259likl\u0259, bir ne\u00e7\u0259 il \u0259rzind\u0259 OSINT vasit\u0259sil\u0259 toplanm\u0131\u015f m\u0259lumatlar Rusiya strateji aviasiyas\u0131n\u0131n daxili s\u0259n\u0259dl\u0259ri il\u0259 tamamlan\u0131b.<\/p>\n<h2 style=\"color: #000000;font-size: 1.3rem;font-weight: bold;margin-top: 24px;margin-bottom: 12px;font-family: &#039;Helvetica Neue&#039;, Helvetica, Arial, &#039;Nimbus Sans L&#039;, sans-serif;text-align: left\">M\u00fclki h\u0259d\u0259fl\u0259r\u0259 h\u00fccumlarla ba\u011fl\u0131 Ukraynada apar\u0131lan bir ne\u00e7\u0259 cinay\u0259t i\u015fi<\/h2>\n<p style=\"text-align: left\">Ukrayna hakimiyy\u0259ti t\u0259r\u0259find\u0259n m\u00fcharib\u0259 cinay\u0259tl\u0259rind\u0259 \u015f\u00fcbh\u0259li bilin\u0259n Varpa\u015fovi\u00e7 haqq\u0131nda m\u0259lumatlar son ill\u0259rd\u0259 k\u0259\u015ffiyyat reyestrl\u0259rind\u0259n k\u0259narda da yer al\u0131b.<\/p>\n<p style=\"text-align: left\">Ukraynal\u0131 m\u00fcst\u0259ntiql\u0259r a\u015fa\u011f\u0131dak\u0131 m\u0259lumatlar\u0131 a\u00e7\u0131qlay\u0131blar.<\/p>\n<ol style=\"text-align: left\">\n<li style=\"text-align: left\">1 mart 2022-ci ild\u0259 Kiyev televiziya q\u00fcll\u0259sin\u0259 edil\u0259n v\u0259 be\u015f m\u00fclki \u015f\u0259xsin h\u0259lak oldu\u011fu h\u00fccumla ba\u011fl\u0131 i\u015fd\u0259 <a href=\"https:\/\/armyinform.com.ua\/2026\/02\/12\/udar-po-kyyivskij-televezhi-rosijskyj-general-otrymav-pidozru\/\">Varpa\u015fovi\u00e7in<\/a> d\u00f6y\u00fc\u015f \u0259mrini tabeliyind\u0259 olan 121-ci A\u011f\u0131r Bombardman\u00e7\u0131 Aviasiya Alay\u0131na \u00f6t\u00fcrd\u00fcy\u00fcnd\u0259n \u015f\u00fcbh\u0259l\u0259nilir.<\/li>\n<li style=\"text-align: left\">23 aprel 2022-ci ild\u0259 Odessadak\u0131 Tiras ya\u015fay\u0131\u015f kompleksin\u0259 Ch-101 raketi il\u0259 edil\u0259n v\u0259 s\u0259kkiz n\u0259f\u0259rin h\u0259lak oldu\u011fu h\u00fccumla ba\u011fl\u0131 i\u015fd\u0259 <a href=\"https:\/\/od.npu.gov.ua\/news\/viddavaly-nakazy-nanosyty-raketni-udary-po-zhk-tiras-odeski-slidchi-povidomyly-pro-pidozru-heneral-maioru-ta-polkovnyku-armii-rosii\">Ukrayna polisi<\/a> Varpa\u015fovi\u00e7i h\u00fccumun t\u0259\u015fkilat\u00e7\u0131lar\u0131ndan biri hesab edir.<\/li>\n<li style=\"text-align: left\">28 aprel 2023-c\u00fc ild\u0259 Umana edil\u0259n v\u0259 alt\u0131s\u0131 u\u015faq olmaqla 24 n\u0259f\u0259rin h\u0259lak oldu\u011fu h\u00fccumla ba\u011fl\u0131 i\u015fd\u0259 Varpa\u015fovi\u00e7 bar\u0259sind\u0259 d\u0259 <a href=\"https:\/\/armyinform.com.ua\/2025\/10\/13\/udar-shho-zabrav-24-zhyttya-sbu-vstanovyla-polkovnykiv-rf-yaki-znyshhyly-zhytlovyj-budynok-v-umani\/\">\u015f\u00fcbh\u0259 elan edilib<\/a>.<\/li>\n<li style=\"text-align: left\">13 iyun 2023-c\u00fc ild\u0259 Kriv\u0131 Rih\u0259 h\u00fccumla ba\u011fl\u0131 <a href=\"https:\/\/dnipr.gp.gov.ua\/ua\/news.html?_m=publications&amp;_t=rec&amp;id=424054&amp;s=print\">Ukrayna m\u00fcst\u0259ntiql\u0259ri<\/a> Rusiya Aerokosmik Q\u00fcvv\u0259l\u0259rinin ali r\u0259hb\u0259rliyind\u0259n Varpa\u015fovi\u00e7\u0259 v\u0259 121-ci Alay\u0131n komandirin\u0259d\u0259k uzanan komandanl\u0131q z\u0259ncirini m\u00fc\u0259yy\u0259nl\u0259\u015fdiribl\u0259r. Varpa\u015fovi\u00e7in m\u00fclki h\u0259d\u0259fl\u0259r\u0259 h\u00fccum bar\u0259d\u0259 d\u00f6y\u00fc\u015f \u0259mrini \u00f6t\u00fcrd\u00fcy\u00fcnd\u0259n \u015f\u00fcbh\u0259l\u0259nilir.<\/li>\n<li style=\"text-align: left\">Varpa\u015fovi\u00e7 4 sentyabr 2024-c\u00fc ild\u0259 Lvova qar\u015f\u0131 Ch-101 qanadl\u0131 raketi v\u0259 Rusiyan\u0131n Kinjal raketl\u0259rinin istifad\u0259 olundu\u011fu raket h\u00fccumu il\u0259 ba\u011fl\u0131 <a href=\"https:\/\/fakty.com.ua\/ua\/ukraine\/20251111-prychetni-do-udaru-kyndzhalamy-po-lvovu-sbu-ogolosyla-pidozru-pyatom-komandyram-rf\/\">i\u015fin materiallar\u0131nda da qeyd olunur<\/a>.<\/li>\n<\/ol>\n<p style=\"text-align: left\">31 avqust 2026-c\u0131 ild\u0259 SBU Oxmatd\u0131t-a h\u00fccumla ba\u011fl\u0131 Varpa\u015fovi\u00e7 bar\u0259sind\u0259 \u0259lav\u0259 olaraq \u015f\u00fcbh\u0259 elan edib. Bel\u0259likl\u0259, m\u0259qal\u0259nin d\u0259rc edildiyi vaxt Varpa\u015fovi\u00e7in ad\u0131 m\u00fclki \u015f\u0259xsl\u0259r\u0259 v\u0259 m\u00fclki infrastruktura raket h\u00fccumlar\u0131 il\u0259 ba\u011fl\u0131 Ukraynada apar\u0131lan bir ne\u00e7\u0259 cinay\u0259t i\u015find\u0259 ke\u00e7ir.<\/p>\n<p><a href=\"https:\/\/informnapalm.org\/ua\/wp-content\/uploads\/sites\/9\/2026\/09\/EU.jpg\"><img loading=\"lazy\" decoding=\"async\" class=\"alignnone wp-image-33093 size-full\" style=\"max-width: 100%;height: auto;border: 1pt solid #000\" title=\"A\u0130-nin sanksiya t\u0259tbiq edil\u0259n \u015f\u0259xsl\u0259r siyah\u0131s\u0131\" src=\"https:\/\/informnapalm.org\/ua\/wp-content\/uploads\/sites\/9\/2026\/09\/EU.jpg\" alt=\"A\u0130-nin sanksiya t\u0259tbiq edil\u0259n \u015f\u0259xsl\u0259r siyah\u0131s\u0131\" width=\"642\" height=\"301\" \/><\/a><\/p>\n<p style=\"text-align: left\">Varpa\u015fovi\u00e7 16 dekabr 2024-c\u00fc ild\u0259n etibar\u0259n Avropa \u0130ttifaq\u0131n\u0131n f\u0259rdi sanksiyalar t\u0259tbiq edil\u0259n \u015f\u0259xsl\u0259r siyah\u0131s\u0131nda yer al\u0131r. A\u0130-nin r\u0259smi \u0259sasland\u0131rmas\u0131nda o, Engels-2 aviabazas\u0131nda yerl\u0259\u015f\u0259n 22-ci Diviziyan\u0131n komandiri kimi g\u00f6st\u0259rilir. H\u0259min s\u0259n\u0259dd\u0259 diviziyaya m\u0259xsus Ch-101 raketinin 2024-c\u00fc ilin iyulunda Oxmatd\u0131t U\u015faq X\u0259st\u0259xanas\u0131n\u0131 vurdu\u011fu da qeyd edilir. <a href=\"https:\/\/eur-lex.europa.eu\/eli\/dec\/2024\/3182\/oj\/eng\/pdf\">A\u0130-nin Varpa\u015fovi\u00e7 haqq\u0131nda r\u0259smi q\u0259rar\u0131nda<\/a> \u0259sasland\u0131rman\u0131n tam m\u0259tni yer al\u0131r.<\/p>\n<h2 style=\"color: #000000;font-size: 1.3rem;font-weight: bold;margin-top: 24px;margin-bottom: 12px;font-family: &#039;Helvetica Neue&#039;, Helvetica, Arial, &#039;Nimbus Sans L&#039;, sans-serif;text-align: left\">F\u0259rdi m\u0259suliyy\u0259t \u00fc\u00e7\u00fcn \u0259saslar zamanla formala\u015f\u0131r<\/h2>\n<p style=\"text-align: left\">Ukrayna t\u0259r\u0259find\u0259n m\u00fcharib\u0259 cinay\u0259tl\u0259rind\u0259 \u015f\u00fcbh\u0259li bilin\u0259n y\u00fcks\u0259k r\u00fctb\u0259li Rusiya h\u0259rb\u00e7isin\u0259 qar\u015f\u0131 sui-q\u0259sd c\u0259hdi g\u00f6st\u0259rir ki, \u015f\u0259xsl\u0259rin m\u00fc\u0259yy\u0259nl\u0259\u015fdirilm\u0259si v\u0259 onlar\u0131n f\u0259aliyy\u0259tinin s\u0259n\u0259dl\u0259\u015fdirilm\u0259si m\u0259hk\u0259m\u0259 h\u00f6km\u00fcn\u00fcn \u00e7\u0131xar\u0131lmas\u0131ndan xeyli \u0259vv\u0259l h\u0259yata ke\u00e7iril\u0259 bil\u0259r. A\u00e7\u0131q m\u0259nb\u0259l\u0259rd\u0259n v\u0259 cinay\u0259t istintaqlar\u0131ndan \u0259ld\u0259 edil\u0259n m\u0259lumatlar ill\u0259r \u0259rzind\u0259 toplana v\u0259 sonradan f\u0259rdi m\u0259suliyy\u0259tin m\u00fc\u0259yy\u0259n edilm\u0259si \u00fc\u00e7\u00fcn \u0259sas yarada bil\u0259r.<\/p>\n<p style=\"text-align: left\">Qanunsuz \u0259mri icra ed\u0259n h\u0259r bir Rusiya h\u0259rb\u00e7isi internetd\u0259 m\u00f6vcud olan b\u00f6y\u00fck h\u0259cmd\u0259 m\u0259lumat\u0131n onun kimliyinin m\u00fc\u0259yy\u0259nl\u0259\u015fdirilm\u0259si \u00fc\u00e7\u00fcn istifad\u0259 oluna bil\u0259c\u0259yini n\u0259z\u0259r\u0259 almal\u0131d\u0131r. M\u0259lumatlar h\u0259min \u015f\u0259xsin ke\u00e7mi\u015f v\u0259 ya haz\u0131rk\u0131 h\u0259mkarlar\u0131 t\u0259r\u0259find\u0259n d\u0259 t\u0259qdim edil\u0259 bil\u0259r.<\/p>\n<p style=\"text-align: left\">M\u0259hk\u0259m\u0259 v\u0259 dig\u0259r h\u00fcquqi prosedurlar uzun m\u00fcdd\u0259t davam ed\u0259 bil\u0259r. F\u0259rdi m\u0259suliyy\u0259tin m\u00fc\u0259yy\u0259n edilm\u0259sin\u0259 \u0259sas ver\u0259n m\u0259lumat v\u0259 s\u0259n\u0259dl\u0259r is\u0259 ill\u0259r \u0259rzind\u0259 toplanma\u011fa davam ed\u0259 bil\u0259r. Bu, m\u0259suliyy\u0259td\u0259n yay\u0131nmaq imkanlar\u0131n\u0131 t\u0259dric\u0259n azald\u0131r.<\/p>\n<p style=\"text-align: left\">M\u0259qal\u0259 \u0130nformNapalm \u00fc\u00e7\u00fcn A\u015fton Berson t\u0259r\u0259find\u0259n haz\u0131rlan\u0131b.<\/p>\n<hr style=\"width: 75%;margin: 20px 0;border: 0;border-top: 1px solid #ccc;text-align: left\" \/>\n<h2 style=\"color: #000;font-size: 1.5rem;font-weight: bold;margin: 24px 0 16px;text-align: left\">\u0130nformNapalm-dan dig\u0259r m\u0259qal\u0259l\u0259ri oxuyun<\/h2>\n<ul style=\"padding-left: 24px;margin: 16px 0;text-align: left\">\n<li style=\"text-align: left;margin: 8px 0\"><a style=\"color: #333333;text-decoration: none\" href=\"https:\/\/informnapalm.org\/az\/wildberries\/\" target=\"_blank\" rel=\"noopener\">Wildberries PUA z\u0259rb\u0259l\u0259ri v\u0259 kiber\u0259m\u0259liyyatlar\u0131n \u00e7arpaz at\u0259\u015fi alt\u0131nda<\/a><\/li>\n<li style=\"text-align: left;margin: 8px 0\"><a style=\"color: #333333;text-decoration: none\" href=\"https:\/\/informnapalm.org\/az\/telegram\/\" target=\"_blank\" rel=\"noopener\">Ukrayna H\u0259rbi D\u0259niz Q\u00fcvv\u0259l\u0259ri Kr\u0131mda Bastion sahil raket kompleksini vurub<\/a><\/li>\n<li style=\"text-align: left;margin: 8px 0\"><a style=\"color: #333333;text-decoration: none\" href=\"https:\/\/informnapalm.org\/az\/rusiyanin-dron-tehdidi-ukrayna-nato\/\" target=\"_blank\" rel=\"noopener\">Rusiyan\u0131n 2026\u20132027-ci ill\u0259r \u00fc\u00e7\u00fcn dron t\u0259hdidi v\u0259 NATO-nun Ukraynadan \u00e7\u0131xarmal\u0131 oldu\u011fu d\u0259rsl\u0259r<\/a><\/li>\n<\/ul>\n<hr style=\"border: none;border-top: 1px solid #cfcfcf;margin: 24px 0;width: 100%;text-align: left\" \/>\n<p style=\"text-align: left\"><span style=\"color: #000000\"><img loading=\"lazy\" decoding=\"async\" class=\"alignleft\" title=\"InformNapalm\" src=\"https:\/\/informnapalm.org\/fr\/wp-content\/uploads\/sites\/2\/2015\/12\/InformNapalm_logo_05.png\" alt=\"InformNapalm\" width=\"120\" height=\"55\" \/> <span style=\"color: #333333\">Veb sayt\u0131m\u0131za bir link payla\u015fd\u0131\u011f\u0131n\u0131z \u00fc\u00e7\u00fcn \u00e7ox sa\u011f olun! Creative Commons \u2013 Attribution 4.0 International \u2013 CC BY 4.0.<\/span> <span style=\"font-weight: bold\"><a style=\"color: #000000\" href=\"https:\/\/www.facebook.com\/informnapalm24\/\">Facebook<\/a><\/span>, <span style=\"font-weight: bold\"><a style=\"color: #000000\" href=\"https:\/\/twitter.com\/InformNapalm\">X<\/a><\/span> <span style=\"color: #333333\">v\u0259<\/span> <span style=\"font-weight: bold\"><a style=\"color: #000000\" href=\"https:\/\/t.me\/informnapalm\">Telegram-da<\/a><\/span> <span style=\"color: #333333\">\u0130nformNapalm s\u0259hif\u0259l\u0259rini oxuyun.<\/span><\/span><\/p>\n<p style=\"text-align: left\">\u0130nformNapalm-\u0131n he\u00e7 bir h\u00f6kum\u0259t v\u0259 ya sponsor t\u0259r\u0259find\u0259n maliyy\u0259 d\u0259st\u0259yi yoxdur. Yegan\u0259 sponsorlar\u0131m\u0131z f\u0259rdi k\u00f6n\u00fcll\u00fcl\u0259r v\u0259 oxuculard\u0131r. Siz h\u0259m\u00e7inin BuyMeACoffee vasit\u0259sil\u0259 ayl\u0131q <span style=\"font-weight: bold\"><a style=\"color: #000000\" href=\"https:\/\/www.buymeacoffee.com\/informnapalm\" target=\"_blank\" rel=\"noopener\"> mini ian\u0259l\u0259r<\/a> <\/span> etm\u0259kl\u0259 \u0130nformNapalm-a d\u0259st\u0259k ola bil\u0259rsiniz.<\/p>\n<\/div>\n<\/div>\n","protected":false},"excerpt":{"rendered":"<p>General-mayor Nikolay Varpa\u015fovi\u00e7 strateji bombardman\u00e7\u0131 t\u0259yyar\u0259l\u0259rl\u0259 t\u0259chiz edilmi\u015f Rusiya h\u0259rbi birl\u0259\u015fm\u0259sin\u0259 komandanl\u0131q edir. Ukrayna hakimiyy\u0259ti onun m\u00fclki&#8230;<\/p>\n","protected":false},"author":72,"featured_media":2776,"comment_status":"closed","ping_status":"closed","sticky":false,"template":"","format":"standard","meta":{"_acf_changed":false,"om_disable_all_campaigns":false,"_uf_show_specific_survey":0,"_uf_disable_surveys":false,"footnotes":""},"categories":[70,69,6],"tags":[1319,1278,24,617,289,1323,4,600,1320,1324,1322,1321,42],"class_list":["post-2775","post","type-post","status-publish","format-standard","has-post-thumbnail","hentry","category-rusiya","category-ukrayna","category-news","tag-engels-2","tag-hur","tag-informnapalm","tag-muharib-cinaytlri","tag-osint","tag-oxmatdit","tag-rusiya","tag-sbu","tag-strateji-bombardmanci-aviasiya","tag-sui-qsd-chdi","tag-tu-160","tag-tu-95ms","tag-ukrayna"],"acf":[],"yoast_head":"<!-- This site is optimized with the Yoast SEO plugin v28.2 - https:\/\/yoast.com\/product\/yoast-seo-wordpress\/ -->\n<title>Ukraynaya h\u00fccumlarda i\u015ftirakda \u015f\u00fcbh\u0259li bilin\u0259n rus general\u0131na sui-q\u0259sd c\u0259hdi<\/title>\n<meta name=\"description\" content=\"General-mayor Nikolay Varpa\u015fovi\u00e7 Saratov vilay\u0259tind\u0259 sui-q\u0259sd c\u0259hdind\u0259 a\u011f\u0131r yaralan\u0131b. Ukrayna onu m\u00fcharib\u0259 cinay\u0259tl\u0259rind\u0259 \u015f\u00fcbh\u0259li bilir.\" \/>\n<meta name=\"robots\" content=\"index, follow, max-snippet:-1, max-image-preview:large, max-video-preview:-1\" \/>\n<link rel=\"canonical\" href=\"https:\/\/informnapalm.org\/az\/sui-qesd-cehdi\/\" \/>\n<meta property=\"og:locale\" content=\"az_AZ\" \/>\n<meta property=\"og:type\" content=\"article\" \/>\n<meta property=\"og:title\" content=\"Ukraynaya h\u00fccumlarda i\u015ftirakda \u015f\u00fcbh\u0259li bilin\u0259n rus general\u0131na sui-q\u0259sd c\u0259hdi\" \/>\n<meta property=\"og:description\" content=\"General-mayor Nikolay Varpa\u015fovi\u00e7 Saratov vilay\u0259tind\u0259 sui-q\u0259sd c\u0259hdind\u0259 a\u011f\u0131r yaralan\u0131b. Ukrayna onu m\u00fcharib\u0259 cinay\u0259tl\u0259rind\u0259 \u015f\u00fcbh\u0259li bilir.\" \/>\n<meta property=\"og:url\" content=\"https:\/\/informnapalm.org\/az\/sui-qesd-cehdi\/\" \/>\n<meta property=\"og:site_name\" content=\"Az\u0259rbaycan dilind\u0259 \u0130nformNapalm\" \/>\n<meta property=\"article:published_time\" content=\"2026-09-02T21:28:04+00:00\" \/>\n<meta property=\"article:modified_time\" content=\"2026-09-04T21:38:53+00:00\" \/>\n<meta property=\"og:image\" content=\"https:\/\/informnapalm.org\/az\/wp-content\/uploads\/sites\/21\/2026\/09\/Rus-generali-Nikolay-Varpasovic\u0259-sui-q\u0259sd-c\u0259hdi.jpg\" \/>\n\t<meta property=\"og:image:width\" content=\"642\" \/>\n\t<meta property=\"og:image:height\" content=\"336\" \/>\n\t<meta property=\"og:image:type\" content=\"image\/jpeg\" \/>\n<meta name=\"author\" content=\"2476\" \/>\n<meta name=\"twitter:label1\" content=\"Written by\" \/>\n\t<meta name=\"twitter:data1\" content=\"2476\" \/>\n\t<meta name=\"twitter:label2\" content=\"Est. reading time\" \/>\n\t<meta name=\"twitter:data2\" content=\"8 minutes\" \/>\n<script type=\"application\/ld+json\" class=\"yoast-schema-graph\">{\"@context\":\"https:\\\/\\\/schema.org\",\"@graph\":[{\"@type\":\"Article\",\"@id\":\"https:\\\/\\\/informnapalm.org\\\/az\\\/sui-qesd-cehdi\\\/#article\",\"isPartOf\":{\"@id\":\"https:\\\/\\\/informnapalm.org\\\/az\\\/sui-qesd-cehdi\\\/\"},\"author\":{\"name\":\"2476\",\"@id\":\"https:\\\/\\\/informnapalm.org\\\/az\\\/#\\\/schema\\\/person\\\/e683569ccd9c71b2afa351e58e558cb1\"},\"headline\":\"Ukraynaya h\u00fccumlarda i\u015ftirakda \u015f\u00fcbh\u0259li bilin\u0259n rus general\u0131na sui-q\u0259sd c\u0259hdi\",\"datePublished\":\"2026-09-02T21:28:04+00:00\",\"dateModified\":\"2026-09-04T21:38:53+00:00\",\"mainEntityOfPage\":{\"@id\":\"https:\\\/\\\/informnapalm.org\\\/az\\\/sui-qesd-cehdi\\\/\"},\"wordCount\":2695,\"image\":{\"@id\":\"https:\\\/\\\/informnapalm.org\\\/az\\\/sui-qesd-cehdi\\\/#primaryimage\"},\"thumbnailUrl\":\"https:\\\/\\\/informnapalm.org\\\/az\\\/wp-content\\\/uploads\\\/sites\\\/21\\\/2026\\\/09\\\/Rus-generali-Nikolay-Varpasovic\u0259-sui-q\u0259sd-c\u0259hdi.jpg\",\"keywords\":[\"Engels-2\",\"HUR\",\"InformNapalm\",\"M\u00fcharib\u0259 cinay\u0259tl\u0259ri\",\"OSINT\",\"Oxmatd\u0131t\",\"Rusiya\",\"SBU\",\"strateji bombardman\u00e7\u0131 aviasiya\",\"sui-q\u0259sd c\u0259hdi\",\"Tu-160\",\"Tu-95MS\",\"Ukrayna\"],\"articleSection\":[\"Rusiya\",\"Ukrayna\",\"X\u0259b\u0259rl\u0259r\"],\"inLanguage\":\"az\"},{\"@type\":\"WebPage\",\"@id\":\"https:\\\/\\\/informnapalm.org\\\/az\\\/sui-qesd-cehdi\\\/\",\"url\":\"https:\\\/\\\/informnapalm.org\\\/az\\\/sui-qesd-cehdi\\\/\",\"name\":\"Ukraynaya h\u00fccumlarda i\u015ftirakda \u015f\u00fcbh\u0259li bilin\u0259n rus general\u0131na sui-q\u0259sd c\u0259hdi\",\"isPartOf\":{\"@id\":\"https:\\\/\\\/informnapalm.org\\\/az\\\/#website\"},\"primaryImageOfPage\":{\"@id\":\"https:\\\/\\\/informnapalm.org\\\/az\\\/sui-qesd-cehdi\\\/#primaryimage\"},\"image\":{\"@id\":\"https:\\\/\\\/informnapalm.org\\\/az\\\/sui-qesd-cehdi\\\/#primaryimage\"},\"thumbnailUrl\":\"https:\\\/\\\/informnapalm.org\\\/az\\\/wp-content\\\/uploads\\\/sites\\\/21\\\/2026\\\/09\\\/Rus-generali-Nikolay-Varpasovic\u0259-sui-q\u0259sd-c\u0259hdi.jpg\",\"datePublished\":\"2026-09-02T21:28:04+00:00\",\"dateModified\":\"2026-09-04T21:38:53+00:00\",\"author\":{\"@id\":\"https:\\\/\\\/informnapalm.org\\\/az\\\/#\\\/schema\\\/person\\\/e683569ccd9c71b2afa351e58e558cb1\"},\"description\":\"General-mayor Nikolay Varpa\u015fovi\u00e7 Saratov vilay\u0259tind\u0259 sui-q\u0259sd c\u0259hdind\u0259 a\u011f\u0131r yaralan\u0131b. Ukrayna onu m\u00fcharib\u0259 cinay\u0259tl\u0259rind\u0259 \u015f\u00fcbh\u0259li bilir.\",\"breadcrumb\":{\"@id\":\"https:\\\/\\\/informnapalm.org\\\/az\\\/sui-qesd-cehdi\\\/#breadcrumb\"},\"inLanguage\":\"az\",\"potentialAction\":[{\"@type\":\"ReadAction\",\"target\":[\"https:\\\/\\\/informnapalm.org\\\/az\\\/sui-qesd-cehdi\\\/\"]}]},{\"@type\":\"ImageObject\",\"inLanguage\":\"az\",\"@id\":\"https:\\\/\\\/informnapalm.org\\\/az\\\/sui-qesd-cehdi\\\/#primaryimage\",\"url\":\"https:\\\/\\\/informnapalm.org\\\/az\\\/wp-content\\\/uploads\\\/sites\\\/21\\\/2026\\\/09\\\/Rus-generali-Nikolay-Varpasovic\u0259-sui-q\u0259sd-c\u0259hdi.jpg\",\"contentUrl\":\"https:\\\/\\\/informnapalm.org\\\/az\\\/wp-content\\\/uploads\\\/sites\\\/21\\\/2026\\\/09\\\/Rus-generali-Nikolay-Varpasovic\u0259-sui-q\u0259sd-c\u0259hdi.jpg\",\"width\":642,\"height\":336,\"caption\":\"Rus general\u0131 Nikolay Varpa\u015fovi\u00e7\u0259 sui-q\u0259sd c\u0259hdi\"},{\"@type\":\"BreadcrumbList\",\"@id\":\"https:\\\/\\\/informnapalm.org\\\/az\\\/sui-qesd-cehdi\\\/#breadcrumb\",\"itemListElement\":[{\"@type\":\"ListItem\",\"position\":1,\"name\":\"Home\",\"item\":\"https:\\\/\\\/informnapalm.org\\\/az\\\/\"},{\"@type\":\"ListItem\",\"position\":2,\"name\":\"Ukraynaya h\u00fccumlarda i\u015ftirakda \u015f\u00fcbh\u0259li bilin\u0259n rus general\u0131na sui-q\u0259sd c\u0259hdi\"}]},{\"@type\":\"WebSite\",\"@id\":\"https:\\\/\\\/informnapalm.org\\\/az\\\/#website\",\"url\":\"https:\\\/\\\/informnapalm.org\\\/az\\\/\",\"name\":\"Az\u0259rbaycan dilind\u0259 \u0130nformNapalm\",\"description\":\"Ukrayna x\u0259b\u0259rl\u0259ri az\u0259rbaycanca\",\"potentialAction\":[{\"@type\":\"SearchAction\",\"target\":{\"@type\":\"EntryPoint\",\"urlTemplate\":\"https:\\\/\\\/informnapalm.org\\\/az\\\/?s={search_term_string}\"},\"query-input\":{\"@type\":\"PropertyValueSpecification\",\"valueRequired\":true,\"valueName\":\"search_term_string\"}}],\"inLanguage\":\"az\"},{\"@type\":\"Person\",\"@id\":\"https:\\\/\\\/informnapalm.org\\\/az\\\/#\\\/schema\\\/person\\\/e683569ccd9c71b2afa351e58e558cb1\",\"name\":\"2476\",\"image\":{\"@type\":\"ImageObject\",\"inLanguage\":\"az\",\"@id\":\"https:\\\/\\\/secure.gravatar.com\\\/avatar\\\/4cdfe9f344a6a3098c5b8f56d0951f5a6488eb77f72278644d45d1518136dda9?s=96&d=mm&r=g\",\"url\":\"https:\\\/\\\/secure.gravatar.com\\\/avatar\\\/4cdfe9f344a6a3098c5b8f56d0951f5a6488eb77f72278644d45d1518136dda9?s=96&d=mm&r=g\",\"contentUrl\":\"https:\\\/\\\/secure.gravatar.com\\\/avatar\\\/4cdfe9f344a6a3098c5b8f56d0951f5a6488eb77f72278644d45d1518136dda9?s=96&d=mm&r=g\",\"caption\":\"2476\"},\"url\":\"https:\\\/\\\/informnapalm.org\\\/az\\\/author\\\/tugrul\\\/\"}]}<\/script>\n<!-- \/ Yoast SEO plugin. -->","yoast_head_json":{"title":"Ukraynaya h\u00fccumlarda i\u015ftirakda \u015f\u00fcbh\u0259li bilin\u0259n rus general\u0131na sui-q\u0259sd c\u0259hdi","description":"General-mayor Nikolay Varpa\u015fovi\u00e7 Saratov vilay\u0259tind\u0259 sui-q\u0259sd c\u0259hdind\u0259 a\u011f\u0131r yaralan\u0131b. Ukrayna onu m\u00fcharib\u0259 cinay\u0259tl\u0259rind\u0259 \u015f\u00fcbh\u0259li bilir.","robots":{"index":"index","follow":"follow","max-snippet":"max-snippet:-1","max-image-preview":"max-image-preview:large","max-video-preview":"max-video-preview:-1"},"canonical":"https:\/\/informnapalm.org\/az\/sui-qesd-cehdi\/","og_locale":"az_AZ","og_type":"article","og_title":"Ukraynaya h\u00fccumlarda i\u015ftirakda \u015f\u00fcbh\u0259li bilin\u0259n rus general\u0131na sui-q\u0259sd c\u0259hdi","og_description":"General-mayor Nikolay Varpa\u015fovi\u00e7 Saratov vilay\u0259tind\u0259 sui-q\u0259sd c\u0259hdind\u0259 a\u011f\u0131r yaralan\u0131b. Ukrayna onu m\u00fcharib\u0259 cinay\u0259tl\u0259rind\u0259 \u015f\u00fcbh\u0259li bilir.","og_url":"https:\/\/informnapalm.org\/az\/sui-qesd-cehdi\/","og_site_name":"Az\u0259rbaycan dilind\u0259 \u0130nformNapalm","article_published_time":"2026-09-02T21:28:04+00:00","article_modified_time":"2026-09-04T21:38:53+00:00","og_image":[{"width":642,"height":336,"url":"https:\/\/informnapalm.org\/az\/wp-content\/uploads\/sites\/21\/2026\/09\/Rus-generali-Nikolay-Varpasovic\u0259-sui-q\u0259sd-c\u0259hdi.jpg","type":"image\/jpeg"}],"author":"2476","twitter_misc":{"Written by":"2476","Est. reading time":"8 minutes"},"schema":{"@context":"https:\/\/schema.org","@graph":[{"@type":"Article","@id":"https:\/\/informnapalm.org\/az\/sui-qesd-cehdi\/#article","isPartOf":{"@id":"https:\/\/informnapalm.org\/az\/sui-qesd-cehdi\/"},"author":{"name":"2476","@id":"https:\/\/informnapalm.org\/az\/#\/schema\/person\/e683569ccd9c71b2afa351e58e558cb1"},"headline":"Ukraynaya h\u00fccumlarda i\u015ftirakda \u015f\u00fcbh\u0259li bilin\u0259n rus general\u0131na sui-q\u0259sd c\u0259hdi","datePublished":"2026-09-02T21:28:04+00:00","dateModified":"2026-09-04T21:38:53+00:00","mainEntityOfPage":{"@id":"https:\/\/informnapalm.org\/az\/sui-qesd-cehdi\/"},"wordCount":2695,"image":{"@id":"https:\/\/informnapalm.org\/az\/sui-qesd-cehdi\/#primaryimage"},"thumbnailUrl":"https:\/\/informnapalm.org\/az\/wp-content\/uploads\/sites\/21\/2026\/09\/Rus-generali-Nikolay-Varpasovic\u0259-sui-q\u0259sd-c\u0259hdi.jpg","keywords":["Engels-2","HUR","InformNapalm","M\u00fcharib\u0259 cinay\u0259tl\u0259ri","OSINT","Oxmatd\u0131t","Rusiya","SBU","strateji bombardman\u00e7\u0131 aviasiya","sui-q\u0259sd c\u0259hdi","Tu-160","Tu-95MS","Ukrayna"],"articleSection":["Rusiya","Ukrayna","X\u0259b\u0259rl\u0259r"],"inLanguage":"az"},{"@type":"WebPage","@id":"https:\/\/informnapalm.org\/az\/sui-qesd-cehdi\/","url":"https:\/\/informnapalm.org\/az\/sui-qesd-cehdi\/","name":"Ukraynaya h\u00fccumlarda i\u015ftirakda \u015f\u00fcbh\u0259li bilin\u0259n rus general\u0131na sui-q\u0259sd c\u0259hdi","isPartOf":{"@id":"https:\/\/informnapalm.org\/az\/#website"},"primaryImageOfPage":{"@id":"https:\/\/informnapalm.org\/az\/sui-qesd-cehdi\/#primaryimage"},"image":{"@id":"https:\/\/informnapalm.org\/az\/sui-qesd-cehdi\/#primaryimage"},"thumbnailUrl":"https:\/\/informnapalm.org\/az\/wp-content\/uploads\/sites\/21\/2026\/09\/Rus-generali-Nikolay-Varpasovic\u0259-sui-q\u0259sd-c\u0259hdi.jpg","datePublished":"2026-09-02T21:28:04+00:00","dateModified":"2026-09-04T21:38:53+00:00","author":{"@id":"https:\/\/informnapalm.org\/az\/#\/schema\/person\/e683569ccd9c71b2afa351e58e558cb1"},"description":"General-mayor Nikolay Varpa\u015fovi\u00e7 Saratov vilay\u0259tind\u0259 sui-q\u0259sd c\u0259hdind\u0259 a\u011f\u0131r yaralan\u0131b. Ukrayna onu m\u00fcharib\u0259 cinay\u0259tl\u0259rind\u0259 \u015f\u00fcbh\u0259li bilir.","breadcrumb":{"@id":"https:\/\/informnapalm.org\/az\/sui-qesd-cehdi\/#breadcrumb"},"inLanguage":"az","potentialAction":[{"@type":"ReadAction","target":["https:\/\/informnapalm.org\/az\/sui-qesd-cehdi\/"]}]},{"@type":"ImageObject","inLanguage":"az","@id":"https:\/\/informnapalm.org\/az\/sui-qesd-cehdi\/#primaryimage","url":"https:\/\/informnapalm.org\/az\/wp-content\/uploads\/sites\/21\/2026\/09\/Rus-generali-Nikolay-Varpasovic\u0259-sui-q\u0259sd-c\u0259hdi.jpg","contentUrl":"https:\/\/informnapalm.org\/az\/wp-content\/uploads\/sites\/21\/2026\/09\/Rus-generali-Nikolay-Varpasovic\u0259-sui-q\u0259sd-c\u0259hdi.jpg","width":642,"height":336,"caption":"Rus general\u0131 Nikolay Varpa\u015fovi\u00e7\u0259 sui-q\u0259sd c\u0259hdi"},{"@type":"BreadcrumbList","@id":"https:\/\/informnapalm.org\/az\/sui-qesd-cehdi\/#breadcrumb","itemListElement":[{"@type":"ListItem","position":1,"name":"Home","item":"https:\/\/informnapalm.org\/az\/"},{"@type":"ListItem","position":2,"name":"Ukraynaya h\u00fccumlarda i\u015ftirakda \u015f\u00fcbh\u0259li bilin\u0259n rus general\u0131na sui-q\u0259sd c\u0259hdi"}]},{"@type":"WebSite","@id":"https:\/\/informnapalm.org\/az\/#website","url":"https:\/\/informnapalm.org\/az\/","name":"Az\u0259rbaycan dilind\u0259 \u0130nformNapalm","description":"Ukrayna x\u0259b\u0259rl\u0259ri az\u0259rbaycanca","potentialAction":[{"@type":"SearchAction","target":{"@type":"EntryPoint","urlTemplate":"https:\/\/informnapalm.org\/az\/?s={search_term_string}"},"query-input":{"@type":"PropertyValueSpecification","valueRequired":true,"valueName":"search_term_string"}}],"inLanguage":"az"},{"@type":"Person","@id":"https:\/\/informnapalm.org\/az\/#\/schema\/person\/e683569ccd9c71b2afa351e58e558cb1","name":"2476","image":{"@type":"ImageObject","inLanguage":"az","@id":"https:\/\/secure.gravatar.com\/avatar\/4cdfe9f344a6a3098c5b8f56d0951f5a6488eb77f72278644d45d1518136dda9?s=96&d=mm&r=g","url":"https:\/\/secure.gravatar.com\/avatar\/4cdfe9f344a6a3098c5b8f56d0951f5a6488eb77f72278644d45d1518136dda9?s=96&d=mm&r=g","contentUrl":"https:\/\/secure.gravatar.com\/avatar\/4cdfe9f344a6a3098c5b8f56d0951f5a6488eb77f72278644d45d1518136dda9?s=96&d=mm&r=g","caption":"2476"},"url":"https:\/\/informnapalm.org\/az\/author\/tugrul\/"}]}},"post_src":"<div lang=\"az\" style=\"color: #000000;text-align: left\">\r\n<p style=\"text-align: left\"><span style=\"font-weight: bold;font-family: Helvetica Neue,Helvetica,Arial,Nimbus Sans L,sans-serif\">General-mayor Nikolay Varpa\u015fovi\u00e7 strateji bombardman\u00e7\u0131 t\u0259yyar\u0259l\u0259rl\u0259 t\u0259chiz edilmi\u015f Rusiya h\u0259rbi birl\u0259\u015fm\u0259sin\u0259 komandanl\u0131q edir. Ukrayna hakimiyy\u0259ti onun m\u00fclki h\u0259d\u0259fl\u0259r\u0259 qar\u015f\u0131 bir s\u0131ra raket h\u00fccumlar\u0131nda, o c\u00fcml\u0259d\u0259n Kiyevd\u0259 yerl\u0259\u015f\u0259n Ukraynan\u0131n \u0259n b\u00f6y\u00fck ixtisasla\u015fm\u0131\u015f u\u015faq x\u0259st\u0259xanas\u0131na h\u00fccumda i\u015ftirak\u0131ndan \u015f\u00fcbh\u0259l\u0259nir. Varpa\u015fovi\u00e7 3 sentyabr 2026-c\u0131 ild\u0259 Rusiyada ona qar\u015f\u0131 h\u0259yata ke\u00e7iril\u0259n sui-q\u0259sd c\u0259hdi n\u0259tic\u0259sind\u0259 a\u011f\u0131r yaralan\u0131b.<\/span><\/p>\r\n\r\n<div style=\"color: #333333;text-align: left\">\r\n<p style=\"text-align: left\">3 sentyabr 2026-c\u0131 ild\u0259 saat 07.00 rad\u0259l\u0259rind\u0259 y\u00fcks\u0259k r\u00fctb\u0259li rusiyal\u0131 zabit\u0259 sui-q\u0259sd c\u0259hdi edilib. Hadis\u0259 Saratov vilay\u0259tinin Engels \u015f\u0259h\u0259ri yax\u0131nl\u0131\u011f\u0131ndak\u0131 Probujdeniye ya\u015fay\u0131\u015f m\u0259nt\u0259q\u0259sind\u0259 ba\u015f verib. Zabit Rusiya Aerokosmik Q\u00fcvv\u0259l\u0259rinin t\u0259rkibind\u0259 xidm\u0259t edirdi. Bir ne\u00e7\u0259 m\u0259nb\u0259nin m\u0259lumat\u0131na g\u00f6r\u0259, h\u00fccumun h\u0259d\u0259fi general-mayor Nikolay Varpa\u015fovi\u00e7 olub. O, Uzaqm\u0259nzilli Aviasiyan\u0131n 06987 n\u00f6mr\u0259li h\u0259rbi hiss\u0259si olan 22-ci A\u011f\u0131r Bombardman\u00e7\u0131 Aviasiya Diviziyas\u0131n\u0131n komandiridir. H\u0259rbi birl\u0259\u015fm\u0259 Engels-2 aviabazas\u0131 il\u0259 \u0259laq\u0259lidir.<\/p>\r\n\r\n<h2 style=\"color: #000000;font-size: 1.3rem;font-weight: bold;margin-top: 24px;margin-bottom: 12px;font-family: &#039;Helvetica Neue&#039;, Helvetica, Arial, &#039;Nimbus Sans L&#039;, sans-serif;text-align: left\">Rusiyada sui-q\u0259sd c\u0259hdi \u00fczr\u0259 istintaq v\u0259 Ukraynada m\u00fcharib\u0259 cinay\u0259ti \u015f\u00fcbh\u0259si<\/h2>\r\n<p style=\"text-align: left\">Rusiya hakimiyy\u0259ti m\u0259qal\u0259nin d\u0259rc edildiyi vaxtad\u0259k yaralanm\u0131\u015f zabitin kimliyini h\u0259l\u0259 r\u0259smi \u015f\u0259kild\u0259 a\u00e7\u0131qlamay\u0131b. Rusiya \u0130stintaq Komit\u0259si h\u00fccumun ba\u015f verdiyini t\u0259sdiql\u0259yib v\u0259 \u00f6ld\u00fcrm\u0259y\u0259 c\u0259hd, el\u0259c\u0259 d\u0259 silahlar\u0131n qanunsuz d\u00f6vriyy\u0259si il\u0259 ba\u011fl\u0131 cinay\u0259t i\u015fi \u00fczr\u0259 istintaqa ba\u015flay\u0131b. Komit\u0259 hadis\u0259 yerind\u0259 g\u00fcll\u0259l\u0259rin v\u0259 bo\u015f gilizl\u0259rin g\u00f6t\u00fcr\u00fcld\u00fcy\u00fcn\u00fc d\u0259 bildirib. A\u011f\u0131r yaralanm\u0131\u015f zabit t\u0259cili tibbi yard\u0131mdan sonra t\u0259yyar\u0259 il\u0259 Moskvaya apar\u0131l\u0131b.<\/p>\r\n<p style=\"text-align: left\">Hadis\u0259 \u00fc\u00e7 g\u00fcn \u0259vv\u0259l, 31 avqust 2026-c\u0131 ild\u0259 ba\u015f vermi\u015f ba\u015fqa bir hadis\u0259 fonunda x\u00fcsusi \u0259h\u0259miyy\u0259t da\u015f\u0131y\u0131r. Ukrayna T\u0259hl\u00fck\u0259sizlik Xidm\u0259ti (SBU) v\u0259 Ba\u015f Prokurorluq Varpa\u015fovi\u00e7 bar\u0259sind\u0259 qiyabi qaydada m\u00fcharib\u0259 cinay\u0259ti \u00fczr\u0259 <a href=\"https:\/\/ssu.gov.ua\/novyny\/sbu-ta-ohp-zaochno-povidomyly-pro-pidozru-rashystam-yaki-komanduvaly-raketnymy-udaramy-po-okhmatdytu-ta-zhurnalistakh-reuters\">\u015f\u00fcbh\u0259 elan edib<\/a>. \u015e\u00fcbh\u0259 Kiyevd\u0259 yerl\u0259\u015f\u0259n Ukraynan\u0131n \u0259n b\u00f6y\u00fck ixtisasla\u015fm\u0131\u015f u\u015faq x\u0259st\u0259xanas\u0131 Oxmatd\u0131t-a h\u00fccumla ba\u011fl\u0131 olub. \u0130ki hadis\u0259 aras\u0131nda ayd\u0131n zaman yax\u0131nl\u0131\u011f\u0131 m\u00f6vcuddur. Bununla bel\u0259, sui-q\u0259sd c\u0259hdind\u0259 Ukraynan\u0131n i\u015ftirak\u0131na v\u0259 ya h\u00fccumla yeni \u015f\u00fcbh\u0259 aras\u0131nda h\u0259r hans\u0131 \u0259laq\u0259nin olmas\u0131na dair t\u0259sdiql\u0259nmi\u015f m\u0259lumat yoxdur.<\/p>\r\n\r\n<h2 style=\"color: #000000;font-size: 1.3rem;font-weight: bold;margin-top: 24px;margin-bottom: 12px;font-family: &#039;Helvetica Neue&#039;, Helvetica, Arial, &#039;Nimbus Sans L&#039;, sans-serif;text-align: left\">Rusiya aviasiya hey\u0259tinin OSINT vasit\u0259sil\u0259 m\u00fc\u0259yy\u0259nl\u0259\u015fdirilm\u0259si<\/h2>\r\n<p style=\"text-align: left\">Rusiyan\u0131n Suriyada hava \u0259m\u0259liyyatlar\u0131na ba\u015flamas\u0131ndan sonra <a href=\"https:\/\/informnapalm.org\/15486-syria-war-bomburus\/\">\u0130nformNapalm 2015-ci ilin noyabr\u0131nda<\/a> Tu-160 tipli strateji bombardman\u00e7\u0131 t\u0259yyar\u0259l\u0259rin ekipaj \u00fczvl\u0259rini, el\u0259c\u0259 d\u0259 Rusiyan\u0131n Engels \u015f\u0259h\u0259rind\u0259 yerl\u0259\u015f\u0259n 6950-ci Qvardiya Aviabazas\u0131n\u0131n \u015f\u0259xsi hey\u0259tini m\u00fc\u0259yy\u0259nl\u0259\u015fdirib. H\u0259rbi hiss\u0259nin Tu-160 v\u0259 Tu-95MS t\u0259yyar\u0259l\u0259ri Suriyada Ch-55SM, Ch-555 v\u0259 Ch-101 qanadl\u0131 raketl\u0259rinin burax\u0131lmas\u0131 \u00fc\u00e7\u00fcn istifad\u0259 olunub.<\/p>\r\n<p style=\"text-align: left\">2016-c\u0131 ild\u0259 \u0130nformNapalm <a href=\"https:\/\/informnapalm.org\/27797-kto-bombit-grazhdanskih-v-sirii-lichnye-dannye-116-ofitserov-vks-rf-infografika\/\">116 rusiyal\u0131 pilot v\u0259 \u015fturman<\/a> haqq\u0131nda m\u0259lumatlar\u0131n yer ald\u0131\u011f\u0131 geni\u015f material d\u0259rc edib. \u018fsas yana\u015fma \u0259mrl\u0259ri bilavasit\u0259 icra ed\u0259n \u015f\u0259xsl\u0259rin Rusiya Aerokosmik Q\u00fcvv\u0259l\u0259ri kimi qurum adlar\u0131n\u0131n v\u0259 ya Rusiya zabit r\u00fctb\u0259l\u0259rinin arxas\u0131nda gizl\u0259n\u0259r\u0259k f\u0259rdi m\u0259suliyy\u0259td\u0259n yay\u0131na bilm\u0259m\u0259si olub. Buna g\u00f6r\u0259 m\u0259qs\u0259d ayr\u0131-ayr\u0131 \u015f\u0259xsl\u0259rin m\u00fc\u0259yy\u0259nl\u0259\u015fdirilm\u0259si v\u0259 f\u0259rdi m\u0259suliyy\u0259tin m\u00fc\u0259yy\u0259n edilm\u0259si \u00fc\u00e7\u00fcn \u0259sas yaradacaq m\u0259lumatlar\u0131n toplanmas\u0131 idi.<\/p>\r\n\r\n<div style=\"width: 642px;max-width: 100%;margin: 24px auto;aspect-ratio: 16 \/ 9\"><iframe style=\"width: 100%;height: 100%;border: 0\" src=\"https:\/\/www.youtube.com\/embed\/V0Uzt_AmHjE?start=64\" allowfullscreen=\"allowfullscreen\">\r\n<\/iframe><\/div>\r\n<p style=\"text-align: left\">2016-c\u0131 ild\u0259 Rusiya Aerokosmik Q\u00fcvv\u0259l\u0259rinin ekipaj \u00fczvl\u0259ri haqq\u0131nda m\u0259lumatlar\u0131n a\u00e7\u0131qlanmas\u0131 Rusiya medias\u0131nda s\u0259rt reaksiyalara s\u0259b\u0259b olub v\u0259 material m\u0259xfi m\u0259lumatlar\u0131n s\u0131zmas\u0131 kimi t\u0259qdim edilib. Rusiya Xarici \u0130\u015fl\u0259r Nazirliyi eyni zamanda diplomatik kanallar vasit\u0259sil\u0259 InformNapalm.org sayt\u0131n\u0131n g\u00fczg\u00fc versiyalar\u0131n\u0131n serverl\u0259rinin yerl\u0259\u015fdiyi \u00f6lk\u0259l\u0259r\u0259 t\u0259zyiq g\u00f6st\u0259rm\u0259y\u0259 v\u0259 sayt\u0131n ba\u011flanmas\u0131n\u0131 t\u0259l\u0259b etm\u0259y\u0259 \u00e7al\u0131\u015f\u0131b. Lakin bu c\u0259hdl\u0259r n\u0259tic\u0259siz qal\u0131b. \u0130lkin n\u0259\u015frd\u0259 m\u0259tnl\u0259 \u0259laq\u0259li \u015f\u0259kild\u0259 YouTube-dan yerl\u0259\u015fdirilmi\u015f video da var idi.<\/p>\r\n<p style=\"text-align: left\">2021-ci ilin mart\u0131nda \u0130nformNapalm <a href=\"https:\/\/informnapalm.org\/az\/tu-22m3\/\">a\u00e7\u0131q x\u0259b\u0259rdarl\u0131q<\/a> edib. Rusiyan\u0131n Suriyadak\u0131 \u0259m\u0259liyyat\u0131 zaman\u0131 \u0130nformNapalm t\u0259r\u0259find\u0259n m\u00fc\u0259yy\u0259nl\u0259\u015fdirilmi\u015f uzaqm\u0259nzilli aviasiya zabitl\u0259rinin geni\u015fmiqyasl\u0131 m\u00fcharib\u0259 ba\u015f ver\u0259c\u0259yi t\u0259qdird\u0259 Ukraynaya qar\u015f\u0131 h\u00fccumlarda istifad\u0259 oluna bil\u0259c\u0259yi bildirilib. \u0130nformNapalm-\u0131n x\u0259b\u0259rdarl\u0131q etdiyi ssenari bir ild\u0259n az m\u00fcdd\u0259t sonra reall\u0131\u011fa \u00e7evrilib.<\/p>\r\n\r\n<h2 style=\"color: #000000;font-size: 1.3rem;font-weight: bold;margin-top: 24px;margin-bottom: 12px;font-family: &#039;Helvetica Neue&#039;, Helvetica, Arial, &#039;Nimbus Sans L&#039;, sans-serif;text-align: left\">Varpa\u015fovi\u00e7in Rusiyan\u0131n strateji bombardman\u00e7\u0131 aviasiyas\u0131ndak\u0131 rolu<\/h2>\r\n<p style=\"text-align: left\">1970-ci il t\u0259v\u0259ll\u00fcdl\u00fc Nikolay Varpa\u015fovi\u00e7 Rusiyan\u0131n uzaqm\u0259nzilli aviasiyas\u0131nda xidm\u0259t ed\u0259n kadr zabitidir. Ukraynan\u0131n h\u0259rbi k\u0259\u015ffiyyat\u0131 HUR-un m\u0259lumat\u0131na g\u00f6r\u0259, o, Tu-95MS v\u0259 Tu-95MSM tipli t\u0259yyar\u0259l\u0259r \u00fczr\u0259 haz\u0131rl\u0131q ke\u00e7ib v\u0259 bu t\u0259yyar\u0259l\u0259rd\u0259 xidm\u0259t t\u0259cr\u00fcb\u0259sin\u0259 malikdir. HUR h\u0259m\u00e7inin Varpa\u015fovi\u00e7in Rusiyada istifad\u0259 olunan \u201ch\u0259rbi pilot-snayper\u201d ixtisas d\u0259r\u0259c\u0259sin\u0259 v\u0259 \u0259n az\u0131 2 500 saat u\u00e7u\u015f t\u0259cr\u00fcb\u0259sin\u0259 malik oldu\u011funu bildirir.<\/p>\r\n<img class=\"alignnone wp-image-33091 size-full\" style=\"max-width: 100%;height: auto;border: 1pt solid #000\" title=\"Rus general\u0131 Nikolay Varpa\u015fovi\u00e7\u0259 sui-q\u0259sd c\u0259hdi\" src=\"https:\/\/informnapalm.org\/ua\/wp-content\/uploads\/sites\/9\/2026\/09\/photo_2026-09-03_14-20-53.jpg\" alt=\"Rus general\u0131 Nikolay Varpa\u015fovi\u00e7\u0259 sui-q\u0259sd c\u0259hdi\" width=\"642\" height=\"361\" \/>\r\n<p style=\"text-align: left\">2014-c\u00fc ilin dekabr\u0131nda Varpa\u015fovi\u00e7 Rusiyan\u0131n Ryazan \u015f\u0259h\u0259ri yax\u0131nl\u0131\u011f\u0131ndak\u0131 Dyagilevoda yerl\u0259\u015f\u0259n Uzaqm\u0259nzilli Aviasiyan\u0131n U\u00e7u\u015f Hey\u0259tinin D\u00f6y\u00fc\u015f T\u0259tbiqi v\u0259 Yenid\u0259n Haz\u0131rl\u0131\u011f\u0131 \u00fczr\u0259 43-c\u00fc M\u0259rk\u0259zinin r\u0259isi t\u0259yin edilib. Ukraynan\u0131n h\u0259rbi k\u0259\u015ffiyyat\u0131 bildirir ki, o, 2021-ci ilin noyabr\u0131nda 22-ci A\u011f\u0131r Bombardman\u00e7\u0131 Aviasiya Diviziyas\u0131n\u0131n komandiri v\u0259zif\u0259sin\u0259 ba\u015flay\u0131b. Ukrayna h\u0259rbi k\u0259\u015ffiyyat\u0131n\u0131n Varpa\u015fovi\u00e7 haqq\u0131nda <a href=\"https:\/\/gur.gov.ua\/content\/varpakhovych-mykola-mykolaiovych.html\">tam xidm\u0259t dosyesind\u0259<\/a> onun h\u0259rbi ke\u00e7mi\u015fin\u0259 dair \u0259lav\u0259 m\u0259lumatlar yer al\u0131r.<\/p>\r\n\r\n<h2 style=\"color: #000000;font-size: 1.3rem;font-weight: bold;margin-top: 24px;margin-bottom: 12px;font-family: &#039;Helvetica Neue&#039;, Helvetica, Arial, &#039;Nimbus Sans L&#039;, sans-serif;text-align: left\">S\u0259n\u0259dl\u0259\u015fdirilmi\u015f komandanl\u0131q v\u0259zif\u0259si v\u0259 o\u011flunun \u00f6l\u00fcm\u00fc haqq\u0131nda m\u0259lumatlar<\/h2>\r\n<p style=\"text-align: left\">\u0130nformNapalm daxilind\u0259 f\u0259aliyy\u0259t g\u00f6st\u0259r\u0259n OSINT Bees ara\u015fd\u0131rma qrupu 2022-ci ilin sentyabr\u0131nda <a href=\"https:\/\/informnapalm.org\/osintbees\/2022\/09\/21\/poidut-ly-voevat-synovia-heneralov\/\">\u0259lav\u0259 m\u0259lumatlar<\/a> d\u0259rc edib. Bu m\u0259lumatlarda Varpa\u015fovi\u00e7 Qvardiya A\u011f\u0131r Bombardman\u00e7\u0131 Aviasiya Diviziyas\u0131n\u0131n komandiri v\u0259 Engels qarnizonunun r\u0259isi kimi g\u00f6st\u0259rilib. O, h\u0259m\u00e7inin Dyagilevodak\u0131 Uzaqm\u0259nzilli Aviasiya aviabazas\u0131n\u0131n komandanl\u0131q strukturu haqq\u0131nda daha sonrak\u0131 <a href=\"https:\/\/informnapalm.org\/osintbees\/2022\/12\/13\/komandnyi-sklad-aerodroma-dalnoi-a\/\">OSINT n\u0259\u015frind\u0259<\/a> d\u0259 qeyd olunub. Bel\u0259likl\u0259, sui-q\u0259sd c\u0259hdi ba\u015f ver\u0259n\u0259d\u0259k onun \u015f\u0259xsiyy\u0259ti v\u0259 komandanl\u0131q v\u0259zif\u0259si art\u0131q bir ne\u00e7\u0259 il idi ki, a\u00e7\u0131q m\u0259nb\u0259l\u0259rd\u0259 s\u0259n\u0259dl\u0259\u015fdirilmi\u015fdi.<\/p>\r\n<p style=\"text-align: left\">Onun ke\u00e7mi\u015find\u0259 daha az m\u0259lum olan ba\u015fqa bir hadis\u0259 d\u0259 var. OSINT Bees-in 2023-c\u00fc ild\u0259 d\u0259rc etdiyi m\u0259lumata g\u00f6r\u0259, general\u0131n 2002-ci il t\u0259v\u0259ll\u00fcdl\u00fc ki\u00e7ik o\u011flu Vladislav Varpa\u015fovi\u00e7 Ryazandak\u0131 41521 n\u00f6mr\u0259li h\u0259rbi hiss\u0259d\u0259 m\u00fcdd\u0259tli h\u0259qiqi h\u0259rbi xidm\u0259t ke\u00e7\u0259rk\u0259n \u00f6l\u00fcb. \u0130ctimaiyy\u0259t\u0259 a\u00e7\u0131qlanm\u0131\u015f m\u0259hk\u0259m\u0259-tibbi s\u0259n\u0259dl\u0259rin sur\u0259tl\u0259rind\u0259 ba\u015f nahiy\u0259sind\u0259 d\u0259lib-ke\u00e7\u0259n g\u00fcll\u0259 yaras\u0131n\u0131n oldu\u011fu g\u00f6st\u0259rilib. <a href=\"https:\/\/t.me\/osintbees\/7211\">OSINT Bees t\u0259r\u0259find\u0259n t\u0259qdim olunan<\/a> psixoloji v\u0259 psixiatrik qiym\u0259tl\u0259ndirm\u0259d\u0259 onun a\u011f\u0131r psixoemosional v\u0259ziyy\u0259td\u0259 oldu\u011fu v\u0259 bu v\u0259ziyy\u0259tin k\u0259skin m\u0259nfi xarakter da\u015f\u0131d\u0131\u011f\u0131 qeyd edilib.<\/p>\r\n<p style=\"text-align: left\">41521 n\u00f6mr\u0259li h\u0259rbi hiss\u0259 Varpa\u015fovi\u00e7in Engels aviabazas\u0131na ke\u00e7irilm\u0259zd\u0259n \u0259vv\u0259l bir ne\u00e7\u0259 il r\u0259hb\u0259rlik etdiyi Dyagilevodak\u0131 h\u0259min 43-c\u00fc M\u0259rk\u0259zdir. Bununla bel\u0259, a\u00e7\u0131q m\u0259nb\u0259l\u0259rd\u0259ki material \u00f6l\u00fcm\u00fcn intihar, q\u0259sd\u0259n adam \u00f6ld\u00fcrm\u0259 v\u0259 ya ba\u015fqa hadis\u0259 n\u0259tic\u0259sind\u0259 ba\u015f verdiyini etibarl\u0131 \u015f\u0259kild\u0259 m\u00fc\u0259yy\u0259n etm\u0259k \u00fc\u00e7\u00fcn kifay\u0259t deyil. Hadis\u0259nin atas\u0131n\u0131n f\u0259aliyy\u0259ti il\u0259 \u0259laq\u0259dar Varpa\u015fovi\u00e7\u0259 qar\u015f\u0131 qisas akt\u0131 olmas\u0131 ehtimal\u0131n\u0131 t\u0259sdiql\u0259y\u0259n s\u00fcbutlar da yoxdur. Buna g\u00f6r\u0259 bel\u0259 bir ehtimal fakt kimi t\u0259qdim edil\u0259 bilm\u0259z.<\/p>\r\n\r\n<h2 style=\"color: #000000;font-size: 1.3rem;font-weight: bold;margin-top: 24px;margin-bottom: 12px;font-family: &#039;Helvetica Neue&#039;, Helvetica, Arial, &#039;Nimbus Sans L&#039;, sans-serif;text-align: left\">Ukraynan\u0131n \u0259n b\u00f6y\u00fck u\u015faq x\u0259st\u0259xanas\u0131 v\u0259 diviziya daxilind\u0259n \u0259ld\u0259 edil\u0259n m\u0259lumatlar<\/h2>\r\n<p style=\"text-align: left\">Oxmatd\u0131t Kiyevd\u0259 yerl\u0259\u015f\u0259n Ukrayna Milli \u0130xtisasla\u015fm\u0131\u015f U\u015faq X\u0259st\u0259xanas\u0131d\u0131r v\u0259 \u00f6lk\u0259nin \u0259n b\u00f6y\u00fck u\u015faq x\u0259st\u0259xanas\u0131d\u0131r. X\u0259st\u0259xana Ukraynan\u0131n b\u00fct\u00fcn b\u00f6lg\u0259l\u0259rind\u0259n u\u015faqlar\u0131 q\u0259bul edir, c\u0259rrahiyy\u0259 v\u0259 intensiv terapiya xidm\u0259tl\u0259ri g\u00f6st\u0259rir, h\u0259m\u00e7inin x\u0259r\u00e7\u0259ng v\u0259 qan x\u0259st\u0259likl\u0259rinin m\u00fcalic\u0259sini h\u0259yata ke\u00e7irir. 8 iyul 2024-c\u00fc ild\u0259 x\u0259st\u0259xanaya raket d\u00fc\u015f\u00fcb. Biri h\u0259kim olmaqla iki n\u0259f\u0259r h\u0259lak olub, bir ne\u00e7\u0259 bina z\u0259d\u0259l\u0259nib v\u0259 ya da\u011f\u0131d\u0131l\u0131b.<\/p>\r\n<p style=\"text-align: left\">13 may 2024-c\u00fc ild\u0259 HUR Engels aviabazas\u0131ndak\u0131 06987 n\u00f6mr\u0259li h\u0259rbi hiss\u0259 olan 22-ci A\u011f\u0131r Bombardman\u00e7\u0131 Aviasiya Diviziyas\u0131n\u0131n komandanl\u0131q hey\u0259tinin v\u0259 dig\u0259r \u015f\u0259xsi hey\u0259tinin <a href=\"https:\/\/gur.gov.ua\/content\/identyfikatsiia-voiennykh-zlochyntsiv-rf-rozvidnyky-vyznachyly-khto-obstriliuie-ukrainu-krylatymy-raketamy-spysok.html\">sistemli \u015f\u0259kild\u0259 m\u00fc\u0259yy\u0259nl\u0259\u015fdirilm\u0259si \u00fczr\u0259 ara\u015fd\u0131rman\u0131n n\u0259tic\u0259l\u0259rini<\/a> a\u00e7\u0131qlay\u0131b. HUR-un m\u0259lumat\u0131na g\u00f6r\u0259, m\u00fc\u0259yy\u0259n edilmi\u015f \u015f\u0259xsl\u0259r Ukraynadak\u0131 m\u00fclki infrastruktura h\u00fccumlar\u0131n planla\u015fd\u0131r\u0131lmas\u0131 v\u0259 h\u0259yata ke\u00e7irilm\u0259sind\u0259 i\u015ftirak edibl\u0259r. Varpa\u015fovi\u00e7 siyah\u0131dak\u0131 \u0259sas \u015f\u0259xsl\u0259rd\u0259n biridir. HUR h\u0259m\u00e7inin diviziyan\u0131n b\u00f6lm\u0259l\u0259rinin Tu-95MS, Tu-160 v\u0259 Tu-22M3 bombardman\u00e7\u0131 t\u0259yyar\u0259l\u0259rind\u0259n Ch-101, Ch-555, Ch-55, Ch-22 v\u0259 Ch-32 raketl\u0259ri il\u0259 birlikd\u0259 istifad\u0259 etdiyini bildirir.<\/p>\r\n<img class=\"alignnone wp-image-33090 size-full\" style=\"max-width: 100%;height: auto;border: 1pt solid #000\" title=\"Nikolay Varpa\u015fovi\u00e7, 22-ci A\u011f\u0131r Bombardman\u00e7\u0131 Aviasiya Diviziyas\u0131n\u0131n komandiri\" src=\"https:\/\/informnapalm.org\/ua\/wp-content\/uploads\/sites\/9\/2026\/09\/866e046-screenshot-2024-07-11-164314.jpg\" alt=\"Nikolay Varpa\u015fovi\u00e7, 22-ci A\u011f\u0131r Bombardman\u00e7\u0131 Aviasiya Diviziyas\u0131n\u0131n komandiri\" width=\"642\" height=\"325\" \/>\r\n<p style=\"text-align: left\">Oxmatd\u0131t-a h\u00fccumdan sonra \u0259lav\u0259 m\u00fch\u00fcm m\u0259lumatlar ortaya \u00e7\u0131x\u0131b. Ukraynan\u0131n <a href=\"https:\/\/www.pravda.com.ua\/news\/2024\/07\/11\/7465204\/\">Ukraynska Pravda<\/a> q\u0259zeti 11 iyul 2024-c\u00fc il tarixli m\u0259lumat\u0131nda HUR daxilind\u0259ki m\u0259nb\u0259l\u0259r\u0259 istinad\u0259n 22-ci Diviziyada xidm\u0259t ed\u0259n pilotlardan birinin Ukrayna k\u0259\u015ffiyyat\u0131 il\u0259 \u0259laq\u0259 saxlad\u0131\u011f\u0131n\u0131 bildirib. Q\u0259zetin m\u0259nb\u0259l\u0259rinin m\u0259lumat\u0131na g\u00f6r\u0259, pilot u\u015faq x\u0259st\u0259xanas\u0131na h\u00fccuma k\u0259skin reaksiya verdiyini s\u00f6yl\u0259yib. O, h\u0259m\u00e7inin h\u0259rbi hiss\u0259y\u0259 aid s\u0259n\u0259dl\u0259ri, \u015f\u0259xsi i\u015fl\u0259rd\u0259n materiallar\u0131, komandanl\u0131q hey\u0259tinin \u015f\u0259xsi foto\u015f\u0259kill\u0259rini v\u0259 diviziyaya aid m\u0259xfilik d\u0259r\u0259c\u0259si verilmi\u015f s\u0259n\u0259dl\u0259ri t\u0259hvil verib.<\/p>\r\n<p style=\"text-align: left\">T\u0259hvil verilmi\u015f materiallarda Nikolay Nikolayevi\u00e7 Varpa\u015fovi\u00e7 28-ci \u015f\u0259xs kimi g\u00f6st\u0259rilir v\u0259 Uzaqm\u0259nzilli Aviasiya il\u0259 Rusiya Aerokosmik Q\u00fcvv\u0259l\u0259rinin t\u0259rkibind\u0259ki 22-ci A\u011f\u0131r Bombardman\u00e7\u0131 Aviasiya Diviziyas\u0131n\u0131n komandiri kimi qeyd olunur. HUR materiallarda yer alan 30 zabitin \u0259ks\u0259riyy\u0259tinin kimliyini \u0259vv\u0259ld\u0259n bilirdi. Bel\u0259likl\u0259, bir ne\u00e7\u0259 il \u0259rzind\u0259 OSINT vasit\u0259sil\u0259 toplanm\u0131\u015f m\u0259lumatlar Rusiya strateji aviasiyas\u0131n\u0131n daxili s\u0259n\u0259dl\u0259ri il\u0259 tamamlan\u0131b.<\/p>\r\n\r\n<h2 style=\"color: #000000;font-size: 1.3rem;font-weight: bold;margin-top: 24px;margin-bottom: 12px;font-family: &#039;Helvetica Neue&#039;, Helvetica, Arial, &#039;Nimbus Sans L&#039;, sans-serif;text-align: left\">M\u00fclki h\u0259d\u0259fl\u0259r\u0259 h\u00fccumlarla ba\u011fl\u0131 Ukraynada apar\u0131lan bir ne\u00e7\u0259 cinay\u0259t i\u015fi<\/h2>\r\n<p style=\"text-align: left\">Ukrayna hakimiyy\u0259ti t\u0259r\u0259find\u0259n m\u00fcharib\u0259 cinay\u0259tl\u0259rind\u0259 \u015f\u00fcbh\u0259li bilin\u0259n Varpa\u015fovi\u00e7 haqq\u0131nda m\u0259lumatlar son ill\u0259rd\u0259 k\u0259\u015ffiyyat reyestrl\u0259rind\u0259n k\u0259narda da yer al\u0131b.<\/p>\r\n<p style=\"text-align: left\">Ukraynal\u0131 m\u00fcst\u0259ntiql\u0259r a\u015fa\u011f\u0131dak\u0131 m\u0259lumatlar\u0131 a\u00e7\u0131qlay\u0131blar.<\/p>\r\n\r\n<ol style=\"text-align: left\">\r\n \t<li style=\"text-align: left\">1 mart 2022-ci ild\u0259 Kiyev televiziya q\u00fcll\u0259sin\u0259 edil\u0259n v\u0259 be\u015f m\u00fclki \u015f\u0259xsin h\u0259lak oldu\u011fu h\u00fccumla ba\u011fl\u0131 i\u015fd\u0259 <a href=\"https:\/\/armyinform.com.ua\/2026\/02\/12\/udar-po-kyyivskij-televezhi-rosijskyj-general-otrymav-pidozru\/\">Varpa\u015fovi\u00e7in<\/a> d\u00f6y\u00fc\u015f \u0259mrini tabeliyind\u0259 olan 121-ci A\u011f\u0131r Bombardman\u00e7\u0131 Aviasiya Alay\u0131na \u00f6t\u00fcrd\u00fcy\u00fcnd\u0259n \u015f\u00fcbh\u0259l\u0259nilir.<\/li>\r\n \t<li style=\"text-align: left\">23 aprel 2022-ci ild\u0259 Odessadak\u0131 Tiras ya\u015fay\u0131\u015f kompleksin\u0259 Ch-101 raketi il\u0259 edil\u0259n v\u0259 s\u0259kkiz n\u0259f\u0259rin h\u0259lak oldu\u011fu h\u00fccumla ba\u011fl\u0131 i\u015fd\u0259 <a href=\"https:\/\/od.npu.gov.ua\/news\/viddavaly-nakazy-nanosyty-raketni-udary-po-zhk-tiras-odeski-slidchi-povidomyly-pro-pidozru-heneral-maioru-ta-polkovnyku-armii-rosii\">Ukrayna polisi<\/a> Varpa\u015fovi\u00e7i h\u00fccumun t\u0259\u015fkilat\u00e7\u0131lar\u0131ndan biri hesab edir.<\/li>\r\n \t<li style=\"text-align: left\">28 aprel 2023-c\u00fc ild\u0259 Umana edil\u0259n v\u0259 alt\u0131s\u0131 u\u015faq olmaqla 24 n\u0259f\u0259rin h\u0259lak oldu\u011fu h\u00fccumla ba\u011fl\u0131 i\u015fd\u0259 Varpa\u015fovi\u00e7 bar\u0259sind\u0259 d\u0259 <a href=\"https:\/\/armyinform.com.ua\/2025\/10\/13\/udar-shho-zabrav-24-zhyttya-sbu-vstanovyla-polkovnykiv-rf-yaki-znyshhyly-zhytlovyj-budynok-v-umani\/\">\u015f\u00fcbh\u0259 elan edilib<\/a>.<\/li>\r\n \t<li style=\"text-align: left\">13 iyun 2023-c\u00fc ild\u0259 Kriv\u0131 Rih\u0259 h\u00fccumla ba\u011fl\u0131 <a href=\"https:\/\/dnipr.gp.gov.ua\/ua\/news.html?_m=publications&amp;_t=rec&amp;id=424054&amp;s=print\">Ukrayna m\u00fcst\u0259ntiql\u0259ri<\/a> Rusiya Aerokosmik Q\u00fcvv\u0259l\u0259rinin ali r\u0259hb\u0259rliyind\u0259n Varpa\u015fovi\u00e7\u0259 v\u0259 121-ci Alay\u0131n komandirin\u0259d\u0259k uzanan komandanl\u0131q z\u0259ncirini m\u00fc\u0259yy\u0259nl\u0259\u015fdiribl\u0259r. Varpa\u015fovi\u00e7in m\u00fclki h\u0259d\u0259fl\u0259r\u0259 h\u00fccum bar\u0259d\u0259 d\u00f6y\u00fc\u015f \u0259mrini \u00f6t\u00fcrd\u00fcy\u00fcnd\u0259n \u015f\u00fcbh\u0259l\u0259nilir.<\/li>\r\n \t<li style=\"text-align: left\">Varpa\u015fovi\u00e7 4 sentyabr 2024-c\u00fc ild\u0259 Lvova qar\u015f\u0131 Ch-101 qanadl\u0131 raketi v\u0259 Rusiyan\u0131n Kinjal raketl\u0259rinin istifad\u0259 olundu\u011fu raket h\u00fccumu il\u0259 ba\u011fl\u0131 <a href=\"https:\/\/fakty.com.ua\/ua\/ukraine\/20251111-prychetni-do-udaru-kyndzhalamy-po-lvovu-sbu-ogolosyla-pidozru-pyatom-komandyram-rf\/\">i\u015fin materiallar\u0131nda da qeyd olunur<\/a>.<\/li>\r\n<\/ol>\r\n<p style=\"text-align: left\">31 avqust 2026-c\u0131 ild\u0259 SBU Oxmatd\u0131t-a h\u00fccumla ba\u011fl\u0131 Varpa\u015fovi\u00e7 bar\u0259sind\u0259 \u0259lav\u0259 olaraq \u015f\u00fcbh\u0259 elan edib. Bel\u0259likl\u0259, m\u0259qal\u0259nin d\u0259rc edildiyi vaxt Varpa\u015fovi\u00e7in ad\u0131 m\u00fclki \u015f\u0259xsl\u0259r\u0259 v\u0259 m\u00fclki infrastruktura raket h\u00fccumlar\u0131 il\u0259 ba\u011fl\u0131 Ukraynada apar\u0131lan bir ne\u00e7\u0259 cinay\u0259t i\u015find\u0259 ke\u00e7ir.<\/p>\r\n<a href=\"https:\/\/informnapalm.org\/ua\/wp-content\/uploads\/sites\/9\/2026\/09\/EU.jpg\"><img class=\"alignnone wp-image-33093 size-full\" style=\"max-width: 100%;height: auto;border: 1pt solid #000\" title=\"A\u0130-nin sanksiya t\u0259tbiq edil\u0259n \u015f\u0259xsl\u0259r siyah\u0131s\u0131\" src=\"https:\/\/informnapalm.org\/ua\/wp-content\/uploads\/sites\/9\/2026\/09\/EU.jpg\" alt=\"A\u0130-nin sanksiya t\u0259tbiq edil\u0259n \u015f\u0259xsl\u0259r siyah\u0131s\u0131\" width=\"642\" height=\"301\" \/><\/a>\r\n<p style=\"text-align: left\">Varpa\u015fovi\u00e7 16 dekabr 2024-c\u00fc ild\u0259n etibar\u0259n Avropa \u0130ttifaq\u0131n\u0131n f\u0259rdi sanksiyalar t\u0259tbiq edil\u0259n \u015f\u0259xsl\u0259r siyah\u0131s\u0131nda yer al\u0131r. A\u0130-nin r\u0259smi \u0259sasland\u0131rmas\u0131nda o, Engels-2 aviabazas\u0131nda yerl\u0259\u015f\u0259n 22-ci Diviziyan\u0131n komandiri kimi g\u00f6st\u0259rilir. H\u0259min s\u0259n\u0259dd\u0259 diviziyaya m\u0259xsus Ch-101 raketinin 2024-c\u00fc ilin iyulunda Oxmatd\u0131t U\u015faq X\u0259st\u0259xanas\u0131n\u0131 vurdu\u011fu da qeyd edilir. <a href=\"https:\/\/eur-lex.europa.eu\/eli\/dec\/2024\/3182\/oj\/eng\/pdf\">A\u0130-nin Varpa\u015fovi\u00e7 haqq\u0131nda r\u0259smi q\u0259rar\u0131nda<\/a> \u0259sasland\u0131rman\u0131n tam m\u0259tni yer al\u0131r.<\/p>\r\n\r\n<h2 style=\"color: #000000;font-size: 1.3rem;font-weight: bold;margin-top: 24px;margin-bottom: 12px;font-family: &#039;Helvetica Neue&#039;, Helvetica, Arial, &#039;Nimbus Sans L&#039;, sans-serif;text-align: left\">F\u0259rdi m\u0259suliyy\u0259t \u00fc\u00e7\u00fcn \u0259saslar zamanla formala\u015f\u0131r<\/h2>\r\n<p style=\"text-align: left\">Ukrayna t\u0259r\u0259find\u0259n m\u00fcharib\u0259 cinay\u0259tl\u0259rind\u0259 \u015f\u00fcbh\u0259li bilin\u0259n y\u00fcks\u0259k r\u00fctb\u0259li Rusiya h\u0259rb\u00e7isin\u0259 qar\u015f\u0131 sui-q\u0259sd c\u0259hdi g\u00f6st\u0259rir ki, \u015f\u0259xsl\u0259rin m\u00fc\u0259yy\u0259nl\u0259\u015fdirilm\u0259si v\u0259 onlar\u0131n f\u0259aliyy\u0259tinin s\u0259n\u0259dl\u0259\u015fdirilm\u0259si m\u0259hk\u0259m\u0259 h\u00f6km\u00fcn\u00fcn \u00e7\u0131xar\u0131lmas\u0131ndan xeyli \u0259vv\u0259l h\u0259yata ke\u00e7iril\u0259 bil\u0259r. A\u00e7\u0131q m\u0259nb\u0259l\u0259rd\u0259n v\u0259 cinay\u0259t istintaqlar\u0131ndan \u0259ld\u0259 edil\u0259n m\u0259lumatlar ill\u0259r \u0259rzind\u0259 toplana v\u0259 sonradan f\u0259rdi m\u0259suliyy\u0259tin m\u00fc\u0259yy\u0259n edilm\u0259si \u00fc\u00e7\u00fcn \u0259sas yarada bil\u0259r.<\/p>\r\n<p style=\"text-align: left\">Qanunsuz \u0259mri icra ed\u0259n h\u0259r bir Rusiya h\u0259rb\u00e7isi internetd\u0259 m\u00f6vcud olan b\u00f6y\u00fck h\u0259cmd\u0259 m\u0259lumat\u0131n onun kimliyinin m\u00fc\u0259yy\u0259nl\u0259\u015fdirilm\u0259si \u00fc\u00e7\u00fcn istifad\u0259 oluna bil\u0259c\u0259yini n\u0259z\u0259r\u0259 almal\u0131d\u0131r. M\u0259lumatlar h\u0259min \u015f\u0259xsin ke\u00e7mi\u015f v\u0259 ya haz\u0131rk\u0131 h\u0259mkarlar\u0131 t\u0259r\u0259find\u0259n d\u0259 t\u0259qdim edil\u0259 bil\u0259r.<\/p>\r\n<p style=\"text-align: left\">M\u0259hk\u0259m\u0259 v\u0259 dig\u0259r h\u00fcquqi prosedurlar uzun m\u00fcdd\u0259t davam ed\u0259 bil\u0259r. F\u0259rdi m\u0259suliyy\u0259tin m\u00fc\u0259yy\u0259n edilm\u0259sin\u0259 \u0259sas ver\u0259n m\u0259lumat v\u0259 s\u0259n\u0259dl\u0259r is\u0259 ill\u0259r \u0259rzind\u0259 toplanma\u011fa davam ed\u0259 bil\u0259r. Bu, m\u0259suliyy\u0259td\u0259n yay\u0131nmaq imkanlar\u0131n\u0131 t\u0259dric\u0259n azald\u0131r.<\/p>\r\n<p style=\"text-align: left\">M\u0259qal\u0259 \u0130nformNapalm \u00fc\u00e7\u00fcn A\u015fton Berson t\u0259r\u0259find\u0259n haz\u0131rlan\u0131b.<\/p>\r\n\r\n\r\n<hr style=\"width: 75%;margin: 20px 0;border: 0;border-top: 1px solid #ccc;text-align: left\" \/>\r\n\r\n<h2 style=\"color: #000;font-size: 1.5rem;font-weight: bold;margin: 24px 0 16px;text-align: left\">\u0130nformNapalm-dan dig\u0259r m\u0259qal\u0259l\u0259ri oxuyun<\/h2>\r\n<ul style=\"padding-left: 24px;margin: 16px 0;text-align: left\">\r\n \t<li style=\"text-align: left;margin: 8px 0\"><a style=\"color: #333333;text-decoration: none\" href=\"https:\/\/informnapalm.org\/az\/wildberries\/\" target=\"_blank\" rel=\"noopener\">Wildberries PUA z\u0259rb\u0259l\u0259ri v\u0259 kiber\u0259m\u0259liyyatlar\u0131n \u00e7arpaz at\u0259\u015fi alt\u0131nda<\/a><\/li>\r\n \t<li style=\"text-align: left;margin: 8px 0\"><a style=\"color: #333333;text-decoration: none\" href=\"https:\/\/informnapalm.org\/az\/telegram\/\" target=\"_blank\" rel=\"noopener\">Ukrayna H\u0259rbi D\u0259niz Q\u00fcvv\u0259l\u0259ri Kr\u0131mda Bastion sahil raket kompleksini vurub<\/a><\/li>\r\n \t<li style=\"text-align: left;margin: 8px 0\"><a style=\"color: #333333;text-decoration: none\" href=\"https:\/\/informnapalm.org\/az\/rusiyanin-dron-tehdidi-ukrayna-nato\/\" target=\"_blank\" rel=\"noopener\">Rusiyan\u0131n 2026\u20132027-ci ill\u0259r \u00fc\u00e7\u00fcn dron t\u0259hdidi v\u0259 NATO-nun Ukraynadan \u00e7\u0131xarmal\u0131 oldu\u011fu d\u0259rsl\u0259r<\/a><\/li>\r\n<\/ul>\r\n\r\n<hr style=\"border: none;border-top: 1px solid #cfcfcf;margin: 24px 0;width: 100%;text-align: left\" \/>\r\n<p style=\"text-align: left\"><span style=\"color: #000000\"><img class=\"alignleft\" title=\"InformNapalm\" src=\"https:\/\/informnapalm.org\/fr\/wp-content\/uploads\/sites\/2\/2015\/12\/InformNapalm_logo_05.png\" alt=\"InformNapalm\" width=\"120\" height=\"55\" \/> <span style=\"color: #333333\">Veb sayt\u0131m\u0131za bir link payla\u015fd\u0131\u011f\u0131n\u0131z \u00fc\u00e7\u00fcn \u00e7ox sa\u011f olun! Creative Commons \u2013 Attribution 4.0 International \u2013 CC BY 4.0.<\/span> <span style=\"font-weight: bold\"><a style=\"color: #000000\" href=\"https:\/\/www.facebook.com\/informnapalm24\/\">Facebook<\/a><\/span>, <span style=\"font-weight: bold\"><a style=\"color: #000000\" href=\"https:\/\/twitter.com\/InformNapalm\">X<\/a><\/span> <span style=\"color: #333333\">v\u0259<\/span> <span style=\"font-weight: bold\"><a style=\"color: #000000\" href=\"https:\/\/t.me\/informnapalm\">Telegram-da<\/a><\/span> <span style=\"color: #333333\">\u0130nformNapalm s\u0259hif\u0259l\u0259rini oxuyun.<\/span><\/span><\/p>\r\n<p style=\"text-align: left\">\u0130nformNapalm-\u0131n he\u00e7 bir h\u00f6kum\u0259t v\u0259 ya sponsor t\u0259r\u0259find\u0259n maliyy\u0259 d\u0259st\u0259yi yoxdur. Yegan\u0259 sponsorlar\u0131m\u0131z f\u0259rdi k\u00f6n\u00fcll\u00fcl\u0259r v\u0259 oxuculard\u0131r. Siz h\u0259m\u00e7inin BuyMeACoffee vasit\u0259sil\u0259 ayl\u0131q <span style=\"font-weight: bold\"><a style=\"color: #000000\" href=\"https:\/\/www.buymeacoffee.com\/informnapalm\" target=\"_blank\" rel=\"noopener\"> mini ian\u0259l\u0259r<\/a> <\/span> etm\u0259kl\u0259 \u0130nformNapalm-a d\u0259st\u0259k ola bil\u0259rsiniz.<\/p>\r\n\r\n<\/div>\r\n<\/div>","amp_enabled":false,"_links":{"self":[{"href":"https:\/\/informnapalm.org\/az\/wp-json\/wp\/v2\/posts\/2775","targetHints":{"allow":["GET"]}}],"collection":[{"href":"https:\/\/informnapalm.org\/az\/wp-json\/wp\/v2\/posts"}],"about":[{"href":"https:\/\/informnapalm.org\/az\/wp-json\/wp\/v2\/types\/post"}],"author":[{"embeddable":true,"href":"https:\/\/informnapalm.org\/az\/wp-json\/wp\/v2\/users\/72"}],"replies":[{"embeddable":true,"href":"https:\/\/informnapalm.org\/az\/wp-json\/wp\/v2\/comments?post=2775"}],"version-history":[{"count":6,"href":"https:\/\/informnapalm.org\/az\/wp-json\/wp\/v2\/posts\/2775\/revisions"}],"predecessor-version":[{"id":2782,"href":"https:\/\/informnapalm.org\/az\/wp-json\/wp\/v2\/posts\/2775\/revisions\/2782"}],"wp:featuredmedia":[{"embeddable":true,"href":"https:\/\/informnapalm.org\/az\/wp-json\/wp\/v2\/media\/2776"}],"wp:attachment":[{"href":"https:\/\/informnapalm.org\/az\/wp-json\/wp\/v2\/media?parent=2775"}],"wp:term":[{"taxonomy":"category","embeddable":true,"href":"https:\/\/informnapalm.org\/az\/wp-json\/wp\/v2\/categories?post=2775"},{"taxonomy":"post_tag","embeddable":true,"href":"https:\/\/informnapalm.org\/az\/wp-json\/wp\/v2\/tags?post=2775"}],"curies":[{"name":"wp","href":"https:\/\/api.w.org\/{rel}","templated":true}]}}