{"id":27016,"date":"2026-09-02T01:45:06","date_gmt":"2026-09-01T23:45:06","guid":{"rendered":"https:\/\/informnapalm.org\/sv\/?p=27016"},"modified":"2026-09-02T02:46:03","modified_gmt":"2026-09-02T00:46:03","slug":"zarnitsa-2-0-rysslands-putinjugend","status":"publish","type":"post","link":"https:\/\/informnapalm.org\/sv\/zarnitsa-2-0-rysslands-putinjugend\/","title":{"rendered":"Zarnitsa 2.0 och Rysslands Putinjugend inf\u00f6r framtida krig"},"content":{"rendered":"<div style=\"color: #000000;text-align: left\">\n<p lang=\"sv\" style=\"text-align: left\"><span style=\"font-weight: bold;font-family: Helvetica Neue,Helvetica,Arial,Nimbus Sans L,sans-serif\">Medan europeiska l\u00e4nder diskuterar beredskap inf\u00f6r framtida krig har Ryssland l\u00e4nge militariserat barn och unga. Systemet omfattar \u00e4ven ukrainska barn fr\u00e5n ockuperade omr\u00e5den. De f\u00f6rs in i ryska milit\u00e4ra, utbildningsm\u00e4ssiga och ideologiska strukturer.<br \/>\n<\/span><\/p>\n<div style=\"color: #333333;text-align: left\">\n<p style=\"text-align: left\">\u00c5r 2019 publicerade Andrij Lutjkov och den polske utredaren Andrzej Leszkiewicz en omfattande unders\u00f6kning baserad p\u00e5 \u00f6ppna k\u00e4llor. Lutjkov \u00e4r utredare med inriktning p\u00e5 \u00f6ppna k\u00e4llor och volont\u00e4r inom InformNapalm. Unders\u00f6kningen g\u00e4llde militariseringen av barn i Ryssland samt i de ockuperade omr\u00e5dena Krim och Donbas. Den publicerades under namnet <a href=\"https:\/\/informnapalm.org\/en\/putinjugend-children-for-russian-war\/\" target=\"_blank\" rel=\"noopener\">Putinjugend Children for Russian War<\/a> och \u00e4ven i en <a href=\"https:\/\/informnapalm.org\/ua\/yunarmiia-putinjugend\/\" target=\"_blank\" rel=\"noopener\">ukrainsk version<\/a>.<\/p>\n<h2 style=\"color: #000000;font-size: 1.3rem;font-weight: bold;margin-top: 24px;margin-bottom: 12px;font-family: &#039;Helvetica Neue&#039;, Helvetica, Arial, &#039;Nimbus Sans L&#039;, sans-serif;text-align: left\">Fr\u00e5n milit\u00e4r fostran till statligt organiserad krigsf\u00f6rberedelse<\/h2>\n<p style=\"text-align: left\">Unders\u00f6kningen beskrev hur Kreml p\u00e5verkar barns v\u00e4rldsbild genom statliga institutioner, utbildning och milit\u00e4rpatriotiska organisationer. F\u00f6rfattarna beskrev ocks\u00e5 hur milit\u00e4r kultur normaliseras och hur unga f\u00f6rbereds f\u00f6r framtida ryska krig. De beskrev militariseringen som en del av den ryska statens politik inf\u00f6r fortsatt milit\u00e4r aggression.<\/p>\n<p style=\"text-align: left\">Unders\u00f6kningen fick stor uppm\u00e4rksamhet i Ukraina och internationellt. Mer \u00e4n sju \u00e5r senare har de beskrivna strukturerna inte avvecklats. De har i st\u00e4llet byggts ut och anpassats till erfarenheterna fr\u00e5n det fullskaliga kriget mot Ukraina. \u00c5r 2019 beskrev InformNapalm Junarmija, kadettklasser, milit\u00e4ra l\u00e4ger, skjututbildning och annan milit\u00e4r tr\u00e4ning. \u00c5r 2026 omfattar systemet \u00e4ven dr\u00f6narutbildning, min- och ingenj\u00f6rstj\u00e4nst, anfallsstrid, sambandstj\u00e4nst och informationsverksamhet.<\/p>\n<p style=\"text-align: left\">Ett tydligt exempel \u00e4r den rikst\u00e4ckande ryska milit\u00e4rpatriotiska verksamheten Zarnitsa 2.0. Under augusti och september 2026 genomf\u00f6rs den federala finalen i programmets tredje s\u00e4song. Finalen h\u00e5lls i Volgogradregionen. Ben\u00e4mningen \u201dspel\u201d ger dock inte en r\u00e4ttvisande bild av verksamheten. Omfattningen, organisationen och handledarnas bakgrund g\u00e5r l\u00e4ngre \u00e4n vad som normalt f\u00f6rknippas med en ungdomst\u00e4vling. Detsamma g\u00e4ller utbildningsmomentens inneh\u00e5ll.<\/p>\n<p style=\"text-align: left\">Enligt arrang\u00f6rerna ans\u00f6kte fler \u00e4n 3,2 miljoner skolelever och studerande om deltagande under 2026. Den f\u00f6rsta finalomg\u00e5ngen omfattade 960 deltagare i den \u00e4ldre \u00e5lderskategorin. De f\u00f6rdelades p\u00e5 96 grupper med tio personer i varje. Arrang\u00f6rerna ben\u00e4mner dessutom regelbundet ungdomarna som \u201dsoldater\u201d.<\/p>\n<p><img loading=\"lazy\" decoding=\"async\" class=\"alignnone\" style=\"width: 642pt;height: auto;border: 2pt solid #000\" title=\"Zarnitsa 2.0 och Rysslands Putinjugend inf\u00f6r framtida krig\" src=\"https:\/\/informnapalm.org\/ua\/wp-content\/uploads\/sites\/9\/2026\/09\/photo_2026-08-22_13-03-07-2.jpg\" alt=\"Zarnitsa 2.0\" width=\"1280\" height=\"853\" \/><\/p>\n<p style=\"text-align: left\">Zarnitsa 2.0 drivs av Dvizjenije Pervych, Junarmija och centret VOIN. Verksamheten st\u00f6ds av Rosmolodjozj samt Rysslands utbildningsministerium och f\u00f6rsvarsministerium. Den ing\u00e5r i det federala nationella projektet \u201dUngdom och barn\u201d. Verksamheten \u00e4r d\u00e4rf\u00f6r en del av statens organiserade ungdomspolitik. Det handlar inte om ett lokalt eller frist\u00e5ende initiativ.<\/p>\n<h2 style=\"color: #000000;font-size: 1.3rem;font-weight: bold;margin-top: 24px;margin-bottom: 12px;font-family: &#039;Helvetica Neue&#039;, Helvetica, Arial, &#039;Nimbus Sans L&#039;, sans-serif;text-align: left\">Fr\u00e5n sju \u00e5rs \u00e5lder till milit\u00e4r rekryterings\u00e5lder<\/h2>\n<p style=\"text-align: left\">Under 2026 utvidgade Ryssland \u00e5ldersgr\u00e4nserna f\u00f6r Zarnitsa 2.0. Verksamheten omfattar nu fyra kategorier. Den yngre kategorin g\u00e4ller barn mellan 7 och 10 \u00e5r. Mellankategorin g\u00e4ller barn mellan 11 och 13 \u00e5r. Den \u00e4ldre kategorin g\u00e4ller ungdomar mellan 14 och 17 \u00e5r. D\u00e4rut\u00f6ver finns en s\u00e4rskild kategori f\u00f6r personer mellan 18 och 23 \u00e5r.<\/p>\n<p style=\"text-align: left\">Den s\u00e4rskilda kategorin inneb\u00e4r en betydande f\u00f6r\u00e4ndring. Den \u00f6vre \u00e5ldersgr\u00e4nsen har f\u00f6r f\u00f6rsta g\u00e5ngen h\u00f6jts till 23 \u00e5r. Verksamheten kan bland annat omfatta studerande vid pedagogiska h\u00f6gskolor. Avsikten \u00e4r att vissa senare ska kunna tj\u00e4nstg\u00f6ra som handledare f\u00f6r yngre deltagare.<\/p>\n<p><img loading=\"lazy\" decoding=\"async\" class=\"alignnone\" style=\"width: 642pt;height: auto;border: 2pt solid #000\" title=\"Zarnitsa 2.0 och Rysslands Putinjugend inf\u00f6r framtida krig\" src=\"https:\/\/informnapalm.org\/ua\/wp-content\/uploads\/sites\/9\/2026\/09\/photo_2026-08-29_18-01-48.jpg\" alt=\"Zarnitsa 2.0 och Rysslands Putinjugend inf\u00f6r framtida krig\" width=\"1280\" height=\"853\" \/><br \/>\n<img loading=\"lazy\" decoding=\"async\" class=\"alignnone\" style=\"width: 642pt;height: auto;border: 2pt solid #000\" title=\"Zarnitsa 2.0 och Rysslands Putinjugend inf\u00f6r framtida krig\" src=\"https:\/\/informnapalm.org\/ua\/wp-content\/uploads\/sites\/9\/2026\/09\/photo_2026-08-29_18-01-49.jpg\" alt=\"Zarnitsa 2.0\" width=\"1280\" height=\"853\" \/><\/p>\n<p style=\"text-align: left\">Rysslands utbildningsministerium beskriver Zarnitsa 2.0 som ett s\u00e4tt att praktiskt bef\u00e4sta grundl\u00e4ggande kunskaper inom milit\u00e4r utbildning. Verksamheten beskrivs ocks\u00e5 som yrkesorienterande f\u00f6r unga som s\u00f6ker sig till milit\u00e4ra skolor och h\u00f6gskolor. Arrang\u00f6rerna beskriver dessa unga som beredda att \u201dknyta sitt fortsatta \u00f6de till tj\u00e4nsten f\u00f6r fosterlandet\u201d.<\/p>\n<p style=\"text-align: left\">Systemet skapar d\u00e4rmed en sammanh\u00e4ngande v\u00e4g fr\u00e5n tidig kontakt med milit\u00e4r verksamhet till m\u00f6jlig milit\u00e4rtj\u00e4nst. Den f\u00f6rsta kontakten kan ske redan vid sju \u00e5rs \u00e5lder. Fr\u00e5n elva \u00e5rs \u00e5lder introduceras s\u00e4rskilda milit\u00e4ra funktioner. Mellan 14 och 17 \u00e5r genomf\u00f6rs mer avancerade taktiska moment. Den \u00e4ldsta kategorin omfattar personer i en \u00e5lder f\u00f6r milit\u00e4r utbildning och m\u00f6jlig rekrytering.<\/p>\n<p><img loading=\"lazy\" decoding=\"async\" class=\"alignnone\" style=\"width: 642pt;height: auto;border: 2pt solid #000\" title=\"Zarnitsa 2.0 och Rysslands Putinjugend inf\u00f6r framtida krig\" src=\"https:\/\/informnapalm.org\/ua\/wp-content\/uploads\/sites\/9\/2026\/09\/photo_2026-08-13_21-35-45.jpg\" alt=\"Zarnitsa 2.0\" width=\"1280\" height=\"853\" \/><br \/>\n<img loading=\"lazy\" decoding=\"async\" class=\"alignnone\" style=\"width: 642pt;height: auto;border: 2pt solid #000\" title=\"Zarnitsa 2.0 och Rysslands Putinjugend inf\u00f6r framtida krig\" src=\"https:\/\/informnapalm.org\/ua\/wp-content\/uploads\/sites\/9\/2026\/09\/photo_2026-07-06_03-00-43.jpg\" alt=\"Zarnitsa 2.0 och Rysslands Putinjugend inf\u00f6r framtida krig\" width=\"1280\" height=\"853\" \/><\/p>\n<p style=\"text-align: left\">Zarnitsa betecknas officiellt inte som ett program f\u00f6r utbildning av en mobiliseringsreserv. Den \u00e4ldsta kategorin omfattar dock myndiga personer som kan antas till milit\u00e4ra utbildningar. De kan ocks\u00e5 teckna tj\u00e4nstg\u00f6ringsavtal med det ryska f\u00f6rsvarsministeriet. Verksamheten kan d\u00e4rf\u00f6r skapa en v\u00e4g fr\u00e5n ungdomsverksamhet till milit\u00e4r rekrytering. Efter flera \u00e5rs deltagande minskar det psykologiska avst\u00e5ndet till faktisk milit\u00e4rtj\u00e4nst.<\/p>\n<h2 style=\"color: #000000;font-size: 1.3rem;font-weight: bold;margin-top: 24px;margin-bottom: 12px;font-family: &#039;Helvetica Neue&#039;, Helvetica, Arial, &#039;Nimbus Sans L&#039;, sans-serif;text-align: left\">Milit\u00e4r utbildning fr\u00e5n elva \u00e5rs \u00e5lder<\/h2>\n<p style=\"text-align: left\">F\u00f6r de yngsta barnen har Zarnitsa fortfarande inslag av traditionell milit\u00e4r- och idrottsinriktad ungdomsverksamhet. F\u00f6r \u00e4ldre grupper liknar organisationen d\u00e4remot ett milit\u00e4rt f\u00f6rbands uppbyggnad och arbetsformer.<\/p>\n<p><img loading=\"lazy\" decoding=\"async\" class=\"alignnone\" style=\"width: 642pt;height: auto;border: 2pt solid #000\" title=\"Rysslands Putinjugend inf\u00f6r framtida krig\" src=\"https:\/\/informnapalm.org\/ua\/wp-content\/uploads\/sites\/9\/2026\/09\/photo_2026-07-05_14-08-51.jpg\" alt=\"Rysslands Putinjugend inf\u00f6r framtida krig\" width=\"1280\" height=\"853\" \/><br \/>\n<img loading=\"lazy\" decoding=\"async\" class=\"alignnone\" style=\"width: 642pt;height: auto;border: 2pt solid #000\" title=\"Rysslands Putinjugend inf\u00f6r framtida krig\" src=\"https:\/\/informnapalm.org\/ua\/wp-content\/uploads\/sites\/9\/2026\/09\/photo_2026-08-29_18-01-51.jpg\" alt=\"Rysslands Putinjugend inf\u00f6r framtida krig\" width=\"1280\" height=\"853\" \/><\/p>\n<p style=\"text-align: left\">Under 2026 anv\u00e4nds sju s\u00e5 kallade milit\u00e4ra specialiseringar. De \u00e4r bef\u00e4lhavare, anfallssoldat, ingenj\u00f6rssoldat med minr\u00f6jningsuppgifter, sjukv\u00e5rdare, signalist, dr\u00f6naroperat\u00f6r och krigskorrespondent.<\/p>\n<p style=\"text-align: left\">Deltagarna f\u00e5r dessutom utbildning i skytte, taktik, taktisk sjukv\u00e5rd och CBRN-skydd. Utbildningen omfattar \u00e4ven f\u00e4ltbef\u00e4stning, maskering av st\u00e4llningar och \u00f6verlevnad under extrema f\u00f6rh\u00e5llanden. Den federala finalen avslutas med en omfattande milit\u00e4rtaktisk \u00f6vning. D\u00e4r ing\u00e5r bland annat \u201dgarnisonstj\u00e4nst\u201d, kombinerad marsch, verksamhet i terr\u00e4ng och en avslutande \u201dstrid\u201d.<\/p>\n<p><img loading=\"lazy\" decoding=\"async\" class=\"alignnone\" style=\"width: 642pt;height: auto;border: 2pt solid #000\" title=\"Milit\u00e4r utbildning fr\u00e5n elva \u00e5rs \u00e5lder\" src=\"https:\/\/informnapalm.org\/ua\/wp-content\/uploads\/sites\/9\/2026\/09\/photo_2026-08-30_14-27-51-3.jpg\" alt=\"Milit\u00e4r utbildning fr\u00e5n elva \u00e5rs \u00e5lder\" width=\"1280\" height=\"853\" \/><br \/>\n<img loading=\"lazy\" decoding=\"async\" class=\"alignnone\" style=\"width: 642pt;height: auto;border: 2pt solid #000\" title=\"Milit\u00e4r utbildning fr\u00e5n elva \u00e5rs \u00e5lder\" src=\"https:\/\/informnapalm.org\/ua\/wp-content\/uploads\/sites\/9\/2026\/09\/photo_2026-08-27_19-49-49-3.jpg\" alt=\"Milit\u00e4r utbildning fr\u00e5n elva \u00e5rs \u00e5lder\" width=\"1280\" height=\"854\" \/><\/p>\n<p style=\"text-align: left\">Zarnitsas officiella informationskanal beskriver \u00e4ven utbildningen f\u00f6r anfallssoldater. Momenten omfattar \u201dbek\u00e4mpning av motst\u00e5ndarens st\u00e4llningar\u201d, arbete i par och anv\u00e4ndning av skydd. De omfattar ocks\u00e5 intr\u00e4ngning i byggnader och strid i begr\u00e4nsade utrymmen. Det handlar d\u00e4rmed inte enbart om fysisk tr\u00e4ning eller hinderbanor. Ungdomarna tr\u00e4nas i uppgifter och arbetsformer som f\u00f6rekommer i moderna stridande f\u00f6rband.<\/p>\n<h2 style=\"color: #000000;font-size: 1.3rem;font-weight: bold;margin-top: 24px;margin-bottom: 12px;font-family: &#039;Helvetica Neue&#039;, Helvetica, Arial, &#039;Nimbus Sans L&#039;, sans-serif;text-align: left\">Erfarenheter fr\u00e5n dr\u00f6narkrigf\u00f6ring i ungdomsutbildningen<\/h2>\n<p style=\"text-align: left\">Utbildningen i obemannade system speglar tydligt erfarenheter fr\u00e5n det p\u00e5g\u00e5ende rysk-ukrainska kriget. Vid t\u00e4vlingarna ska operat\u00f6rerna anv\u00e4nda tre typer av plattformar. En anv\u00e4nds f\u00f6r spaning och en f\u00f6r angrepp. Den tredje \u00e4r en markbaserad obemannad plattform.<\/p>\n<p style=\"text-align: left\">Det officiella \u00f6vningsscenariot omfattar installation av en rel\u00e4station och genomf\u00f6rande av luftspaning. Deltagarna ska uppt\u00e4cka personal och eldst\u00e4llningar hos en simulerad motst\u00e5ndare. De ska ocks\u00e5 f\u00e4lla last fr\u00e5n dr\u00f6naren. En attackdr\u00f6nare ska anv\u00e4ndas f\u00f6r att bek\u00e4mpa en eldst\u00e4llning. Materielen ska d\u00e4refter \u00e5terf\u00f6ras efter genomf\u00f6rt uppdrag.<\/p>\n<p><img loading=\"lazy\" decoding=\"async\" class=\"alignnone\" style=\"width: 642pt;height: auto;border: 2pt solid #000\" title=\"Zarnitsa 2.0\" src=\"https:\/\/informnapalm.org\/ua\/wp-content\/uploads\/sites\/9\/2026\/09\/photo_2026-07-05_14-08-49.jpg\" alt=\"Zarnitsa 2.0\" width=\"1280\" height=\"853\" \/><br \/>\n<img loading=\"lazy\" decoding=\"async\" class=\"alignnone\" style=\"width: 642pt;height: auto;border: 2pt solid #000\" title=\"Zarnitsa 2.0\" src=\"https:\/\/informnapalm.org\/ua\/wp-content\/uploads\/sites\/9\/2026\/09\/photo_2026-08-15_13-36-21.jpg\" alt=\"Zarnitsa 2.0\" width=\"1170\" height=\"780\" \/><br \/>\n<img loading=\"lazy\" decoding=\"async\" class=\"alignnone\" style=\"width: 642pt;height: auto;border: 2pt solid #000\" title=\"Zarnitsa 2.0\" src=\"https:\/\/informnapalm.org\/ua\/wp-content\/uploads\/sites\/9\/2026\/09\/photo_2026-08-30_14-27-52.jpg\" alt=\"Zarnitsa 2.0\" width=\"1280\" height=\"853\" \/><br \/>\n<img loading=\"lazy\" decoding=\"async\" class=\"alignnone\" style=\"width: 642pt;height: auto;border: 2pt solid #000\" title=\"Zarnitsa 2.0\" src=\"https:\/\/informnapalm.org\/ua\/wp-content\/uploads\/sites\/9\/2026\/09\/photo_2026-08-31_15-24-04.jpg\" alt=\"Zarnitsa 2.0\" width=\"1280\" height=\"853\" \/><\/p>\n<p style=\"text-align: left\">Arrang\u00f6rerna bed\u00f6mer deltagarnas f\u00f6rm\u00e5ga att man\u00f6vrera systemen. De bed\u00f6mer \u00e4ven tr\u00e4ffs\u00e4kerheten och tiden f\u00f6r att genomf\u00f6ra stridsuppdraget. Metoder och tekniska erfarenheter fr\u00e5n kriget f\u00f6rs d\u00e4rmed direkt in i ungdomsutbildningen. Dr\u00f6narna anv\u00e4nds inte endast f\u00f6r teknisk f\u00e4rdighetstr\u00e4ning. Scenarierna omfattar uttryckligen spaning, m\u00e5lidentifiering och bek\u00e4mpning.<\/p>\n<p style=\"text-align: left\">Det inneb\u00e4r en tydlig f\u00f6r\u00e4ndring j\u00e4mf\u00f6rt med \u00e4ldre milit\u00e4rpatriotisk ungdomsverksamhet. Tidigare l\u00e5g st\u00f6rre tyngd p\u00e5 exercis, fysisk tr\u00e4ning och vapenhantering. Nu ing\u00e5r \u00e4ven teknik och arbetsmetoder med stor betydelse i det p\u00e5g\u00e5ende kriget.<\/p>\n<h2 style=\"color: #000000;font-size: 1.3rem;font-weight: bold;margin-top: 24px;margin-bottom: 12px;font-family: &#039;Helvetica Neue&#039;, Helvetica, Arial, &#039;Nimbus Sans L&#039;, sans-serif;text-align: left\">Krigskorrespondenten som del av f\u00f6rbandet<\/h2>\n<p style=\"text-align: left\">En annan del av Zarnitsa 2.0 \u00e4r funktionen som krigskorrespondent. I samma grupp finns anfallssoldater, minr\u00f6jare, signalister och dr\u00f6naroperat\u00f6rer. Krigskorrespondenten ska dokumentera h\u00e4ndelser, fotografera, filma och genomf\u00f6ra intervjuer. Uppgiften omfattar \u00e4ven insamling, analys och produktion av nyhetsmaterial.<\/p>\n<p style=\"text-align: left\">Deltagaren ska dessutom ansvara f\u00f6r gruppens informationskanaler. I uppgiften ing\u00e5r ocks\u00e5 att skilja mellan vad arrang\u00f6rerna beskriver som sann och otillf\u00f6rlitlig information. Informationsverksamheten p\u00e5verkar samtidigt t\u00e4vlingsresultatet. Regional dokumentation inf\u00f6r finalen anger att gruppen f\u00e5r 0,1 po\u00e4ng f\u00f6r varje f\u00f6ljare i sin kanal. Publikens aktivitet under direkts\u00e4ndningen av den avslutande striden kan dessutom ge gruppen en f\u00f6rdel.<\/p>\n<div style=\"text-align: left\">\n<blockquote class=\"twitter-tweet\" style=\"text-align: left;margin-left: 0;margin-right: auto\">\n<p dir=\"ltr\" lang=\"en\" style=\"text-align: left\">While <a href=\"https:\/\/x.com\/hashtag\/Europe?src=hash&amp;ref_src=twsrc%5Etfw\">#Europe<\/a> debates whether it is ready for a future war, <a href=\"https:\/\/x.com\/hashtag\/Russia?src=hash&amp;ref_src=twsrc%5Etfw\">#Russia<\/a> is already preparing the next generation for one.<\/p>\n<p>That preparation includes Ukrainian children from the temporarily occupied territories, whom Moscow is systematically absorbing into its military, educational\u2026 <a href=\"https:\/\/t.co\/tXLKnmJWBP\">pic.twitter.com\/tXLKnmJWBP<\/a><\/p>\n<p>\u2014 InformNapalm (@InformNapalm) <a href=\"https:\/\/x.com\/InformNapalm\/status\/2094785973812855097?ref_src=twsrc%5Etfw\">September 1, 2026<\/a><\/p><\/blockquote>\n<\/div>\n<p><script src=\"https:\/\/platform.x.com\/widgets.js\"><\/script><\/p>\n<p style=\"text-align: left\">Utbildningen omfattar d\u00e4rf\u00f6r mer \u00e4n skrivande, fotografering och dokumentation. Deltagarna f\u00e5r erfarenhet av att bygga upp informationskanaler och producera inneh\u00e5ll. De tr\u00e4nas ocks\u00e5 i publikarbete och i att \u00f6ka inneh\u00e5llets r\u00e4ckvidd. Dessutom l\u00e4r de sig att ge informationsst\u00f6d \u00e5t den egna gruppens verksamhet. F\u00e4rdigheterna \u00e4r direkt relevanta f\u00f6r modern informationsp\u00e5verkan och kognitiv krigf\u00f6ring.<\/p>\n<p style=\"text-align: left\">Verksamheten f\u00f6renar d\u00e4rmed tv\u00e5 delar av modern krigf\u00f6ring. Den milit\u00e4ra delen omfattar bef\u00e4lhavare, anfallssoldater, minr\u00f6jare, sjukv\u00e5rdare, signalister och dr\u00f6naroperat\u00f6rer. Den andra delen omfattar informationsproduktion, kommunikationskanaler, publikarbete och p\u00e5verkan p\u00e5 hur h\u00e4ndelser uppfattas. Vissa deltagare tr\u00e4nas i att uppt\u00e4cka och simulerat bek\u00e4mpa en motst\u00e5ndare. Andra tr\u00e4nas i att dokumentera, beskriva och f\u00f6rmedla h\u00e4ndelsef\u00f6rloppet till en publik.<\/p>\n<h2 style=\"color: #000000;font-size: 1.3rem;font-weight: bold;margin-top: 24px;margin-bottom: 12px;font-family: &#039;Helvetica Neue&#039;, Helvetica, Arial, &#039;Nimbus Sans L&#039;, sans-serif;text-align: left\">Krigsdeltagare som bef\u00e4l och f\u00f6rebilder<\/h2>\n<p style=\"text-align: left\">Valet av handledare visar verksamhetens n\u00e4ra koppling till Rysslands p\u00e5g\u00e5ende krig mot Ukraina. Bef\u00e4lhavare f\u00f6r den federala finalen \u00e4r Vladimir Michajlovskij.<\/p>\n<p><img loading=\"lazy\" decoding=\"async\" class=\"alignnone\" style=\"width: 642pt;height: auto;border: 2pt solid #000\" title=\"Kognitiv krigf\u00f6ring\" src=\"https:\/\/informnapalm.org\/ua\/wp-content\/uploads\/sites\/9\/2026\/09\/photo_2026-08-22_13-03-07.jpg\" alt=\"Kognitiv krigf\u00f6ring\" width=\"1280\" height=\"853\" \/><\/p>\n<p style=\"text-align: left\">Vladimir Michajlovskij \u00e4r gardesmajor och mottagare av tre ryska tapperhetsordnar. Michajlovskij har deltagit i kriget mot Ukraina. Han deltar \u00e4ven i det ryska presidentprogrammet Vremja gerojev.<\/p>\n<p><img loading=\"lazy\" decoding=\"async\" class=\"alignnone\" style=\"width: 642pt;height: auto;border: 2pt solid #000\" title=\"Kognitiv krigf\u00f6ring\" src=\"https:\/\/informnapalm.org\/ua\/wp-content\/uploads\/sites\/9\/2026\/09\/photo_2026-08-21_13-22-09.jpg\" alt=\"Kognitiv krigf\u00f6ring\" width=\"1280\" height=\"1280\" \/><\/p>\n<p style=\"text-align: left\">Finalens fyra simulerade \u201darm\u00e9er\u201d leds av deltagare i samma program och av dekorerade ryska milit\u00e4rer. Amur leds av Jegor Aleksandrovitj Zacharov. Han har tilldelats utm\u00e4rkelsen Ryska federationens hj\u00e4lte och Tapperhetsorden. Ob leds av Vadim Andrejevitj Bykov. Han har tilldelats tv\u00e5 tapperhetsordnar.<\/p>\n<p style=\"text-align: left\">Kama leds av Aleksej Sergejevitj Zjbanov. Han har ocks\u00e5 tilldelats tv\u00e5 tapperhetsordnar. Volga leds av Vladislav Andrejevitj Frolov. Han har tilldelats Tapperhetsorden. Namnen, f\u00f6rdelningen och utm\u00e4rkelserna anges i Zarnitsas officiella presentationsmaterial. Uppgifterna bekr\u00e4ftas enligt artikeln av offentligt material fr\u00e5n finalen.<\/p>\n<p><img loading=\"lazy\" decoding=\"async\" class=\"alignnone\" style=\"width: 642pt;height: auto;border: 2pt solid #000\" title=\"Kognitiv krigf\u00f6ring\" src=\"https:\/\/informnapalm.org\/ua\/wp-content\/uploads\/sites\/9\/2026\/09\/photo_2026-08-21_20-09-00.jpg\" alt=\"Kognitiv krigf\u00f6ring\" width=\"1280\" height=\"1280\" \/><\/p>\n<p style=\"text-align: left\">Nikita Aleksandrovitj Ivanov anges som st\u00e4llf\u00f6retr\u00e4dande bef\u00e4lhavare. Han presenteras som deltagare i den ryska s\u00e5 kallade s\u00e4rskilda milit\u00e4ra operationen. Dessutom uppges han \u00e4ven ha tilldelats Suvorovmedaljen. Han presenteras dessutom som medlem av Junarmija och verksam inom milit\u00e4rpatriotisk fostran av ungdomar.<\/p>\n<p style=\"text-align: left\">Barnen m\u00f6ter d\u00e4rmed inte enbart historiska eller abstrakta milit\u00e4ra f\u00f6rebilder. De leds av personer med erfarenhet fr\u00e5n Rysslands nuvarande krig mot Ukraina. Arrang\u00f6rerna beskriver handledarnas uppgift som mer omfattande \u00e4n praktisk utbildning. De ska \u00e4ven f\u00f6ra vidare sin v\u00e4rldsbild och sina livserfarenheter.<\/p>\n<p style=\"text-align: left\">Zjbanov har uttryckligen beskrivit sin uppgift som att \u201ddela sin v\u00e4rldsbild\u201d. Han ska samtidigt fungera som mentor f\u00f6r deltagarna. Krigserfarenheten f\u00f6rs d\u00e4rmed in genom b\u00e5de utbildningen och de personer som utses till f\u00f6rebilder. Det p\u00e5g\u00e5ende kriget blir ocks\u00e5 en del av den v\u00e4rldsbild som f\u00f6rmedlas till deltagarna.<\/p>\n<h2 style=\"color: #000000;font-size: 1.3rem;font-weight: bold;margin-top: 24px;margin-bottom: 12px;font-family: &#039;Helvetica Neue&#039;, Helvetica, Arial, &#039;Nimbus Sans L&#039;, sans-serif;text-align: left\">Ockuperade ukrainska omr\u00e5den i systemet<\/h2>\n<p style=\"text-align: left\">Zarnitsa 2.0 anv\u00e4nds \u00e4ven f\u00f6r att integrera ockuperade ukrainska omr\u00e5den i ryska administrativa och ideologiska strukturer. P\u00e5 finalens officiella karta redovisas det ockuperade Krim utan s\u00e4rskild markering eller reservation. Krim anges som en del av det ryska S\u00f6dra federala distriktet. Omr\u00e5det placeras d\u00e4rmed inom den simulerade arm\u00e9n \u201dVolga\u201d.<\/p>\n<p><img loading=\"lazy\" decoding=\"async\" class=\"alignnone\" style=\"width: 642pt;height: auto;border: 2pt solid #000\" title=\"Zarnitsa 2.0\" src=\"https:\/\/informnapalm.org\/ua\/wp-content\/uploads\/sites\/9\/2026\/09\/photo_2026-08-21_22-49-56.jpg\" alt=\"Zarnitsa 2.0\" width=\"1280\" height=\"1280\" \/><\/p>\n<p style=\"text-align: left\">P\u00e5 samma karta har fyra \u201ds\u00e4rskilda f\u00f6rband\u201d placerats under \u201dVolga\u201d. Enligt artikeln visar kartmaterialet att dessa omfattar ockuperade delar av Ukraina. Ukrainska barns deltagande framg\u00e5r \u00e4ven av annat officiellt ryskt material.<\/p>\n<p style=\"text-align: left\">Under 2026 genomf\u00f6rde Ryssland en egen regional omg\u00e5ng av Zarnitsa 2.0 p\u00e5 Krim. Enligt det ryska katastrofministeriet deltog omkring 500 barn. Vinnare fr\u00e5n Simferopol skickades vidare till n\u00e4sta t\u00e4vlingsomg\u00e5ng i Volgogradregionen. De representerade d\u00e4r den ockuperade halv\u00f6n.<\/p>\n<p><img loading=\"lazy\" decoding=\"async\" class=\"alignnone\" style=\"width: 642pt;height: auto;border: 2pt solid #000\" title=\"Zarnitsa 2.0 p\u00e5 ockuperade Krim\" src=\"https:\/\/informnapalm.org\/ua\/wp-content\/uploads\/sites\/9\/2026\/09\/photo_2026-08-31_15-24-04-3.jpg\" alt=\"Zarnitsa 2.0 p\u00e5 ockuperade Krim\" width=\"1280\" height=\"853\" \/><br \/>\n<img loading=\"lazy\" decoding=\"async\" class=\"alignnone\" style=\"width: 642pt;height: auto;border: 2pt solid #000\" title=\"Zarnitsa 2.0 p\u00e5 ockuperade Krim\" src=\"https:\/\/informnapalm.org\/ua\/wp-content\/uploads\/sites\/9\/2026\/09\/photo_2026-08-31_15-24-04-6.jpg\" alt=\"Zarnitsa 2.0 p\u00e5 ockuperade Krim\" width=\"1280\" height=\"853\" \/><\/p>\n<p style=\"text-align: left\">Lag fr\u00e5n ockuperade delar av Donetsk- och Luhanskregionerna deltog ocks\u00e5 i distriktsomg\u00e5ngen f\u00f6r S\u00f6dra federala distriktet. De deltog p\u00e5 samma villkor som lag fr\u00e5n ryska regioner. Lagen deltog \u00e4ven i kategorin 18\u201323 \u00e5r. De t\u00e4vlade inom samma sju milit\u00e4ra specialiseringar. Zarnitsa bidrar d\u00e4rmed till att inf\u00f6rliva ockupationen i den verklighetsbild som f\u00f6rmedlas till deltagarna.<\/p>\n<h2 style=\"color: #000000;font-size: 1.3rem;font-weight: bold;margin-top: 24px;margin-bottom: 12px;font-family: &#039;Helvetica Neue&#039;, Helvetica, Arial, &#039;Nimbus Sans L&#039;, sans-serif;text-align: left\">J\u00e4mf\u00f6relsen med Hitlerjugend<\/h2>\n<p style=\"text-align: left\">Milit\u00e4rpatriotiska ungdomsorganisationer, kadettverksamhet och f\u00f6rsvarsinriktad ungdomsutbildning finns \u00e4ven i andra l\u00e4nder. Utbildning i f\u00f6rsta hj\u00e4lpen, skytte, orientering eller milit\u00e4ra f\u00e4rdigheter \u00e4r d\u00e4rf\u00f6r inte i sig bevis f\u00f6r en totalit\u00e4r ungdomsmodell. En j\u00e4mf\u00f6relse med Hitlerjugend kan allts\u00e5 inte grundas enbart p\u00e5 barn i uniform eller milit\u00e4r utbildning.<\/p>\n<p style=\"text-align: left\">J\u00e4mf\u00f6relsen i artikeln g\u00e4ller i st\u00e4llet systemets uppbyggnad och funktion. United States Holocaust Memorial Museum beskriver Hitlerjugend som ett statligt instrument f\u00f6r att forma ungdomars v\u00e4rldsbild. Organisationen f\u00f6rberedde samtidigt pojkar f\u00f6r framtida milit\u00e4rtj\u00e4nst. Barn och ungdomar genomf\u00f6rde milit\u00e4ra \u00f6vningar och fick utbildning i vapenhantering.<\/p>\n<p style=\"text-align: left\">Massritualer, propaganda och kollektiva aktiviteter anv\u00e4ndes samtidigt f\u00f6r att skapa lojalitet till regimen. \u00c5r 1939 hade deltagande i nazistiska ungdomsorganisationer blivit obligatoriskt. Zarnitsa 2.0 \u00e4r inte identiskt med Hitlerjugend. N\u00e5gon motsvarande r\u00e4ttslig skyldighet att delta finns inte i Ryssland. De historiska och politiska f\u00f6rh\u00e5llandena skiljer sig ocks\u00e5 \u00e5t.<\/p>\n<p style=\"text-align: left\">J\u00e4mf\u00f6relsen g\u00e4ller i st\u00e4llet flera strukturella likheter. Systemet omfattar mycket stora grupper barn och drivs av staten. Verksamheten b\u00f6rjar redan i tidig skol\u00e5lder och f\u00f6renar ideologisk fostran med milit\u00e4r utbildning. Den inneh\u00e5ller milit\u00e4r hierarki och ritualisering. Deltagare i det p\u00e5g\u00e5ende kriget framst\u00e4lls som f\u00f6rebilder.<\/p>\n<p style=\"text-align: left\">Barn och unga utbildas inom funktioner som anv\u00e4nds p\u00e5 moderna slagf\u00e4lt. Systemet skapar ocks\u00e5 en m\u00f6jlig v\u00e4g vidare till milit\u00e4rtj\u00e4nst. Ockuperade omr\u00e5den framst\u00e4lls samtidigt som delar av den ryska staten. Dessutom finns en s\u00e4rskild informationsfunktion f\u00f6r publikarbete och opinionsp\u00e5verkan.<\/p>\n<p style=\"text-align: left\">InformNapalm anv\u00e4nder beteckningen \u201dPutinjugend\u201d i denna betydelse. Begreppet inneb\u00e4r inte att systemen p\u00e5st\u00e5s vara historiskt identiska. Det beskriver en utveckling d\u00e4r en stat som bedriver angreppskrig samtidigt formar n\u00e4sta generation. Det sker genom milit\u00e4r utbildning, ideologisk fostran och organiserad ungdomsverksamhet.<\/p>\n<h2 style=\"color: #000000;font-size: 1.3rem;font-weight: bold;margin-top: 24px;margin-bottom: 12px;font-family: &#039;Helvetica Neue&#039;, Helvetica, Arial, &#039;Nimbus Sans L&#039;, sans-serif;text-align: left\">En l\u00e5ngsiktig struktur f\u00f6r framtida krig<\/h2>\n<p style=\"text-align: left\">Det finns ingen grund f\u00f6r att anta att alla 3,2 miljoner registrerade deltagare blir milit\u00e4rer. En s\u00e5dan slutsats skulle vara felaktig. F\u00f6r bed\u00f6mningen av den ryska strategin \u00e4r systemets omfattning och kontinuitet viktigare \u00e4n enskilda framtida yrkesval.<\/p>\n<p style=\"text-align: left\">Systemet g\u00f6r milit\u00e4r kultur till en normal del av vardagen redan i de yngre skol\u00e5ren. Fr\u00e5n elva \u00e5rs \u00e5lder introduceras uppgifter som motsvarar milit\u00e4ra funktioner. Erfarenheter fr\u00e5n det p\u00e5g\u00e5ende kriget f\u00f6rs in genom FPV-dr\u00f6nare, attackdr\u00f6nare och anfallsstrid. Personer med krigserfarenhet anv\u00e4nds som handledare och f\u00f6rebilder.<\/p>\n<p><img loading=\"lazy\" decoding=\"async\" class=\"alignnone\" style=\"width: 642pt;height: auto;border: 2pt solid #000\" title=\"Zarnitsa 2.0 - Kognitiv krigf\u00f6ring\" src=\"https:\/\/informnapalm.org\/ua\/wp-content\/uploads\/sites\/9\/2026\/09\/photo_2026-09-01_13-57-13-2.jpg\" alt=\"Zarnitsa 2.0 - Kognitiv krigf\u00f6ring\" width=\"1280\" height=\"853\" \/><br \/>\n<img loading=\"lazy\" decoding=\"async\" class=\"alignnone\" style=\"width: 642pt;height: auto;border: 2pt solid #000\" title=\"Zarnitsa 2.0 - Kognitiv krigf\u00f6ring\" src=\"https:\/\/informnapalm.org\/ua\/wp-content\/uploads\/sites\/9\/2026\/09\/photo_2026-09-01_13-57-13-3.jpg\" alt=\"Zarnitsa 2.0 - Kognitiv krigf\u00f6ring\" width=\"1280\" height=\"853\" \/><\/p>\n<p style=\"text-align: left\">Vissa ungdomar utbildas i informationsverksamhet. Programmet forts\u00e4tter upp till 23 \u00e5rs \u00e5lder. Den \u00e4ldsta gruppen befinner sig d\u00e4rf\u00f6r i en \u00e5lder d\u00e5 direkt milit\u00e4r rekrytering \u00e4r m\u00f6jlig.<\/p>\n<p style=\"text-align: left\">Europeiska stater diskuterar vilka milit\u00e4ra hot som kan uppst\u00e5 om fem eller tio \u00e5r. Samtidigt formar Ryssland redan den generation som d\u00e5 kommer att vara mellan omkring 18 och 30 \u00e5r. Utbildningen omfattar bland annat dr\u00f6naroperat\u00f6rer, minr\u00f6jare, anfallssoldater och signalister. Den omfattar \u00e4ven informationsverksamhet i samband med milit\u00e4ra operationer. Deltagarna tr\u00e4nas ocks\u00e5 i att p\u00e5verka hur m\u00e4nniskor uppfattar och tolkar information.<\/p>\n<h2 style=\"color: #000000;font-size: 1.3rem;font-weight: bold;margin-top: 24px;margin-bottom: 12px;font-family: &#039;Helvetica Neue&#039;, Helvetica, Arial, &#039;Nimbus Sans L&#039;, sans-serif;text-align: left\">Fr\u00e5n varning till statligt organiserat system<\/h2>\n<p style=\"text-align: left\">InformNapalm anv\u00e4nde redan 2019 beteckningen \u201dPutinjugend\u201d f\u00f6r denna utveckling. Militariseringen beskrevs som mer \u00e4n propagandaverksamhet. Den framst\u00e4lldes som en l\u00e5ngsiktig investering i personella resurser f\u00f6r framtida krig.<\/p>\n<p style=\"text-align: left\">Sju \u00e5r senare har systemet enligt artikeln blivit st\u00f6rre och mer tekniskt avancerat. Det har ocks\u00e5 anpassats tydligare till behoven p\u00e5 ett modernt slagf\u00e4lt. Traditionell exercis och vapenutbildning har kompletterats med attackdr\u00f6nare, digitala sambandssystem och anfallsutbildning. D\u00e4rtill kommer f\u00f6rberedelser f\u00f6r informationsp\u00e5verkan och kognitiv krigf\u00f6ring.<\/p>\n<p style=\"text-align: left\">F\u00f6r Ukraina och \u00f6vriga Europa g\u00e4ller fr\u00e5gan inte endast den nuvarande ryska aggressionen. Den l\u00e5ngsiktiga s\u00e4kerhetsbed\u00f6mningen m\u00e5ste ocks\u00e5 omfatta de resurser som Ryssland bygger upp. Det g\u00e4ller personella och milit\u00e4ra resurser samt resurser f\u00f6r informationsp\u00e5verkan. Dessa kan komma att anv\u00e4ndas i framtida krig.<\/p>\n<p style=\"text-align: left\">Varningen om ett ryskt \u201dPutinjugend\u201d framf\u00f6rdes redan 2019. \u00c5r 2026 handlar det inte l\u00e4ngre enbart om en prognos. Det finns nu ett omfattande statligt organiserat system som kan f\u00f6ljas i praktiken.<\/p>\n<p style=\"text-align: left\">Artikeln har utarbetats av Andrij Lisitsyn f\u00f6r InformNapalm.<\/p>\n<hr style=\"width: 75%;margin: 20px 0;border: 0;border-top: 1px solid #ccc;text-align: left\" \/>\n<div style=\"color: #333333;text-align: left;font-family: Helvetica Neue,Helvetica,Arial,Nimbus Sans L,sans-serif\">\n<h2 style=\"color: #000;font-size: 1.5rem;font-weight: bold;margin-top: 24px;margin-bottom: 12px\">Ytterligare artiklar av InformNapalm<\/h2>\n<ul style=\"text-align: left;list-style-type: disc;padding-left: 20px\">\n<li style=\"text-align: left;margin-bottom: 8px\"><a style=\"color: #333333;text-decoration: none\" href=\"https:\/\/informnapalm.org\/sv\/gru-officer-2\/\" target=\"_blank\" rel=\"noopener noreferrer\">Hackning av en GRU-officer efterlyst av FBI, ledare f\u00f6r hackergruppen APT28<\/a><\/li>\n<li style=\"text-align: left;margin-bottom: 8px\"><a style=\"color: #333333;text-decoration: none\" href=\"https:\/\/informnapalm.org\/sv\/tolv-ar-av-underrattelsearbete\/\" target=\"_blank\" rel=\"noopener noreferrer\">InformNapalm markerar tolv \u00e5r av underr\u00e4ttelsearbete mot Ryssland<\/a><\/li>\n<li style=\"text-align: left;margin-bottom: 8px\"><a style=\"color: #333333;text-decoration: none\" href=\"https:\/\/informnapalm.org\/sv\/sverige-ukraina-2026\/\" target=\"_blank\" rel=\"noopener noreferrer\">Det politiska klimatet i Sverige efter Rysslands invasion av Ukraina<\/a><\/li>\n<\/ul>\n<\/div>\n<hr style=\"border: none;border-top: 1px solid #cfcfcf;margin: 24px 0;width: 100%;text-align: left\" \/>\n<div style=\"color: #333333;text-align: left;font-family: Helvetica Neue,Helvetica,Arial,Nimbus Sans L,sans-serif\">\n<p style=\"text-align: left;margin-bottom: 16px\"><img loading=\"lazy\" decoding=\"async\" class=\"alignleft\" style=\"float: left;margin-right: 15px\" title=\"InformNapalm p\u00e5 svenska\" src=\"https:\/\/informnapalm.org\/fr\/wp-content\/uploads\/sites\/2\/2015\/12\/InformNapalm_logo_05.png\" alt=\"InformNapalm p\u00e5 svenska\" width=\"120\" height=\"55\" \/><span style=\"color: #333333\">Materialet f\u00e5r fritt spridas och \u00e5terpubliceras under f\u00f6ruts\u00e4ttning att k\u00e4llan anges.<\/span> Licensiering enligt Creative Commons Erk\u00e4nnande 4.0 Internationell (CC BY 4.0). <span style=\"color: #333333\">F\u00f6lj oss p\u00e5 <\/span><a style=\"text-decoration: none;font-weight: bold\" href=\"https:\/\/www.facebook.com\/informnapalm24\/\" target=\"_blank\" rel=\"noopener noreferrer\">Facebook<\/a>, <a style=\"text-decoration: none;font-weight: bold\" href=\"https:\/\/twitter.com\/informnapalm\" target=\"_blank\" rel=\"noopener noreferrer\">X<\/a>, <a style=\"text-decoration: none;font-weight: bold\" title=\"Telegram\" href=\"https:\/\/t.me\/informnapalm\" target=\"_blank\" rel=\"noopener noreferrer\">Telegram<\/a> och <a style=\"text-decoration: none;font-weight: bold\" title=\"Slate (Sl8)\" href=\"https:\/\/sl8.online\/invite\/WrrzJQ\" target=\"_blank\" rel=\"noopener noreferrer\">Slate (Sl8)<\/a>.<\/p>\n<p style=\"text-align: left;margin-bottom: 16px\">InformNapalm tar inte emot ekonomiskt st\u00f6d fr\u00e5n n\u00e5gon stat eller institutionell sponsor. Verksamheten finansieras uteslutande av frivilliga insatser fr\u00e5n enskilda volont\u00e4rer och l\u00e4sare. Den som \u00f6nskar bidra kan g\u00f6ra det genom m\u00e5natliga <a style=\"text-decoration: none;font-weight: bold\" href=\"https:\/\/www.buymeacoffee.com\/informnapalm\" target=\"_blank\" rel=\"noopener noreferrer\">mindre donationer<\/a> via plattformen BuyMeACoffee.<\/p>\n<\/div>\n<\/div>\n<\/div>\n","protected":false},"excerpt":{"rendered":"<p>Medan europeiska l\u00e4nder diskuterar beredskap inf\u00f6r framtida krig har Ryssland l\u00e4nge militariserat barn och unga. Systemet omfattar&#8230;<\/p>\n","protected":false},"author":72,"featured_media":27019,"comment_status":"closed","ping_status":"closed","sticky":false,"template":"","format":"standard","meta":{"_acf_changed":false,"om_disable_all_campaigns":false,"_uf_show_specific_survey":0,"_uf_disable_surveys":false,"footnotes":""},"categories":[1693,1771,268,801],"tags":[13302,13297,11545,13299,13300,13301,13298],"class_list":["post-27016","post","type-post","status-publish","format-standard","has-post-thumbnail","hentry","category-informationskrig","category-nyheter","category-osint","category-ryssland","tag-junarmija","tag-kognitiv-krigforing","tag-militar","tag-militarisering-av-barn","tag-putinjugend","tag-ryska-ungdomsprogram","tag-zarnitsa-2-0"],"acf":[],"yoast_head":"<!-- This site is optimized with the Yoast SEO plugin v28.2 - https:\/\/yoast.com\/product\/yoast-seo-wordpress\/ -->\n<title>Zarnitsa 2.0 och Rysslands Putinjugend inf\u00f6r framtida krig<\/title>\n<meta name=\"description\" content=\"Ryssland bygger genom Zarnitsa 2.0 upp ett statligt system f\u00f6r milit\u00e4r och ideologisk fostran av barn och unga inf\u00f6r framtida krig.\" \/>\n<meta name=\"robots\" content=\"index, follow, max-snippet:-1, max-image-preview:large, max-video-preview:-1\" \/>\n<link rel=\"canonical\" href=\"https:\/\/informnapalm.org\/sv\/zarnitsa-2-0-rysslands-putinjugend\/\" \/>\n<meta property=\"og:locale\" content=\"en_US\" \/>\n<meta property=\"og:type\" content=\"article\" \/>\n<meta property=\"og:title\" content=\"Zarnitsa 2.0 och Rysslands Putinjugend inf\u00f6r framtida krig\" \/>\n<meta property=\"og:description\" content=\"Ryssland bygger genom Zarnitsa 2.0 upp ett statligt system f\u00f6r milit\u00e4r och ideologisk fostran av barn och unga inf\u00f6r framtida krig.\" \/>\n<meta property=\"og:url\" content=\"https:\/\/informnapalm.org\/sv\/zarnitsa-2-0-rysslands-putinjugend\/\" \/>\n<meta property=\"og:site_name\" content=\"InformNapalm p\u00e5 svenska\" \/>\n<meta property=\"article:published_time\" content=\"2026-09-01T23:45:06+00:00\" \/>\n<meta property=\"article:modified_time\" content=\"2026-09-02T00:46:03+00:00\" \/>\n<meta property=\"og:image\" content=\"https:\/\/informnapalm.org\/sv\/wp-content\/uploads\/sites\/22\/2026\/09\/Zarnitsa-2.0-och-Rysslands-Putinjugend-infor-framtida-krig.jpg\" \/>\n\t<meta property=\"og:image:width\" content=\"642\" \/>\n\t<meta property=\"og:image:height\" content=\"336\" \/>\n\t<meta property=\"og:image:type\" content=\"image\/jpeg\" \/>\n<meta name=\"author\" content=\"2476\" \/>\n<meta name=\"twitter:label1\" content=\"Written by\" \/>\n\t<meta name=\"twitter:data1\" content=\"2476\" \/>\n\t<meta name=\"twitter:label2\" content=\"Est. reading time\" \/>\n\t<meta name=\"twitter:data2\" content=\"15 minutes\" \/>\n<script type=\"application\/ld+json\" class=\"yoast-schema-graph\">{\"@context\":\"https:\\\/\\\/schema.org\",\"@graph\":[{\"@type\":\"Article\",\"@id\":\"https:\\\/\\\/informnapalm.org\\\/sv\\\/zarnitsa-2-0-rysslands-putinjugend\\\/#article\",\"isPartOf\":{\"@id\":\"https:\\\/\\\/informnapalm.org\\\/sv\\\/zarnitsa-2-0-rysslands-putinjugend\\\/\"},\"author\":{\"name\":\"2476\",\"@id\":\"https:\\\/\\\/informnapalm.org\\\/sv\\\/#\\\/schema\\\/person\\\/e683569ccd9c71b2afa351e58e558cb1\"},\"headline\":\"Zarnitsa 2.0 och Rysslands Putinjugend inf\u00f6r framtida krig\",\"datePublished\":\"2026-09-01T23:45:06+00:00\",\"dateModified\":\"2026-09-02T00:46:03+00:00\",\"mainEntityOfPage\":{\"@id\":\"https:\\\/\\\/informnapalm.org\\\/sv\\\/zarnitsa-2-0-rysslands-putinjugend\\\/\"},\"wordCount\":2773,\"publisher\":{\"@id\":\"https:\\\/\\\/informnapalm.org\\\/sv\\\/#organization\"},\"image\":{\"@id\":\"https:\\\/\\\/informnapalm.org\\\/sv\\\/zarnitsa-2-0-rysslands-putinjugend\\\/#primaryimage\"},\"thumbnailUrl\":\"https:\\\/\\\/informnapalm.org\\\/sv\\\/wp-content\\\/uploads\\\/sites\\\/22\\\/2026\\\/09\\\/Zarnitsa-2.0-och-Rysslands-Putinjugend-infor-framtida-krig.jpg\",\"keywords\":[\"Junarmija\",\"Kognitiv krigf\u00f6ring\",\"Milit\u00e4r\",\"Militarisering av barn\",\"Putinjugend\",\"Ryska ungdomsprogram\",\"Zarnitsa 2.0\"],\"articleSection\":[\"Informationskrig\",\"Nyheter\",\"OSINT\",\"Ryssland\"],\"inLanguage\":\"en-US\"},{\"@type\":\"WebPage\",\"@id\":\"https:\\\/\\\/informnapalm.org\\\/sv\\\/zarnitsa-2-0-rysslands-putinjugend\\\/\",\"url\":\"https:\\\/\\\/informnapalm.org\\\/sv\\\/zarnitsa-2-0-rysslands-putinjugend\\\/\",\"name\":\"Zarnitsa 2.0 och Rysslands Putinjugend inf\u00f6r framtida krig\",\"isPartOf\":{\"@id\":\"https:\\\/\\\/informnapalm.org\\\/sv\\\/#website\"},\"primaryImageOfPage\":{\"@id\":\"https:\\\/\\\/informnapalm.org\\\/sv\\\/zarnitsa-2-0-rysslands-putinjugend\\\/#primaryimage\"},\"image\":{\"@id\":\"https:\\\/\\\/informnapalm.org\\\/sv\\\/zarnitsa-2-0-rysslands-putinjugend\\\/#primaryimage\"},\"thumbnailUrl\":\"https:\\\/\\\/informnapalm.org\\\/sv\\\/wp-content\\\/uploads\\\/sites\\\/22\\\/2026\\\/09\\\/Zarnitsa-2.0-och-Rysslands-Putinjugend-infor-framtida-krig.jpg\",\"datePublished\":\"2026-09-01T23:45:06+00:00\",\"dateModified\":\"2026-09-02T00:46:03+00:00\",\"description\":\"Ryssland bygger genom Zarnitsa 2.0 upp ett statligt system f\u00f6r milit\u00e4r och ideologisk fostran av barn och unga inf\u00f6r framtida krig.\",\"breadcrumb\":{\"@id\":\"https:\\\/\\\/informnapalm.org\\\/sv\\\/zarnitsa-2-0-rysslands-putinjugend\\\/#breadcrumb\"},\"inLanguage\":\"en-US\",\"potentialAction\":[{\"@type\":\"ReadAction\",\"target\":[\"https:\\\/\\\/informnapalm.org\\\/sv\\\/zarnitsa-2-0-rysslands-putinjugend\\\/\"]}]},{\"@type\":\"ImageObject\",\"inLanguage\":\"en-US\",\"@id\":\"https:\\\/\\\/informnapalm.org\\\/sv\\\/zarnitsa-2-0-rysslands-putinjugend\\\/#primaryimage\",\"url\":\"https:\\\/\\\/informnapalm.org\\\/sv\\\/wp-content\\\/uploads\\\/sites\\\/22\\\/2026\\\/09\\\/Zarnitsa-2.0-och-Rysslands-Putinjugend-infor-framtida-krig.jpg\",\"contentUrl\":\"https:\\\/\\\/informnapalm.org\\\/sv\\\/wp-content\\\/uploads\\\/sites\\\/22\\\/2026\\\/09\\\/Zarnitsa-2.0-och-Rysslands-Putinjugend-infor-framtida-krig.jpg\",\"width\":642,\"height\":336,\"caption\":\"Zarnitsa 2.0 och Rysslands Putinjugend inf\u00f6r framtida krig\"},{\"@type\":\"BreadcrumbList\",\"@id\":\"https:\\\/\\\/informnapalm.org\\\/sv\\\/zarnitsa-2-0-rysslands-putinjugend\\\/#breadcrumb\",\"itemListElement\":[{\"@type\":\"ListItem\",\"position\":1,\"name\":\"Home\",\"item\":\"https:\\\/\\\/informnapalm.org\\\/sv\\\/\"},{\"@type\":\"ListItem\",\"position\":2,\"name\":\"Zarnitsa 2.0 och Rysslands Putinjugend inf\u00f6r framtida krig\"}]},{\"@type\":\"WebSite\",\"@id\":\"https:\\\/\\\/informnapalm.org\\\/sv\\\/#website\",\"url\":\"https:\\\/\\\/informnapalm.org\\\/sv\\\/\",\"name\":\"InformNapalm p\u00e5 svenska\",\"description\":\"Nyheter fr\u00e5n Ukraina\",\"publisher\":{\"@id\":\"https:\\\/\\\/informnapalm.org\\\/sv\\\/#organization\"},\"potentialAction\":[{\"@type\":\"SearchAction\",\"target\":{\"@type\":\"EntryPoint\",\"urlTemplate\":\"https:\\\/\\\/informnapalm.org\\\/sv\\\/?s={search_term_string}\"},\"query-input\":{\"@type\":\"PropertyValueSpecification\",\"valueRequired\":true,\"valueName\":\"search_term_string\"}}],\"inLanguage\":\"en-US\"},{\"@type\":\"Organization\",\"@id\":\"https:\\\/\\\/informnapalm.org\\\/sv\\\/#organization\",\"name\":\"InformNapalm\",\"url\":\"https:\\\/\\\/informnapalm.org\\\/sv\\\/\",\"logo\":{\"@type\":\"ImageObject\",\"inLanguage\":\"en-US\",\"@id\":\"https:\\\/\\\/informnapalm.org\\\/sv\\\/#\\\/schema\\\/logo\\\/image\\\/\",\"url\":\"https:\\\/\\\/informnapalm.org\\\/sv\\\/wp-content\\\/uploads\\\/sites\\\/22\\\/2016\\\/03\\\/InformNapalm_logo_07.png\",\"contentUrl\":\"https:\\\/\\\/informnapalm.org\\\/sv\\\/wp-content\\\/uploads\\\/sites\\\/22\\\/2016\\\/03\\\/InformNapalm_logo_07.png\",\"width\":220,\"height\":90,\"caption\":\"InformNapalm\"},\"image\":{\"@id\":\"https:\\\/\\\/informnapalm.org\\\/sv\\\/#\\\/schema\\\/logo\\\/image\\\/\"}},{\"@type\":\"Person\",\"@id\":\"https:\\\/\\\/informnapalm.org\\\/sv\\\/#\\\/schema\\\/person\\\/e683569ccd9c71b2afa351e58e558cb1\",\"name\":\"2476\",\"image\":{\"@type\":\"ImageObject\",\"inLanguage\":\"en-US\",\"@id\":\"https:\\\/\\\/secure.gravatar.com\\\/avatar\\\/4cdfe9f344a6a3098c5b8f56d0951f5a6488eb77f72278644d45d1518136dda9?s=96&d=mm&r=g\",\"url\":\"https:\\\/\\\/secure.gravatar.com\\\/avatar\\\/4cdfe9f344a6a3098c5b8f56d0951f5a6488eb77f72278644d45d1518136dda9?s=96&d=mm&r=g\",\"contentUrl\":\"https:\\\/\\\/secure.gravatar.com\\\/avatar\\\/4cdfe9f344a6a3098c5b8f56d0951f5a6488eb77f72278644d45d1518136dda9?s=96&d=mm&r=g\",\"caption\":\"2476\"},\"url\":\"https:\\\/\\\/informnapalm.org\\\/sv\\\/author\\\/tugrul\\\/\"}]}<\/script>\n<!-- \/ Yoast SEO plugin. -->","yoast_head_json":{"title":"Zarnitsa 2.0 och Rysslands Putinjugend inf\u00f6r framtida krig","description":"Ryssland bygger genom Zarnitsa 2.0 upp ett statligt system f\u00f6r milit\u00e4r och ideologisk fostran av barn och unga inf\u00f6r framtida krig.","robots":{"index":"index","follow":"follow","max-snippet":"max-snippet:-1","max-image-preview":"max-image-preview:large","max-video-preview":"max-video-preview:-1"},"canonical":"https:\/\/informnapalm.org\/sv\/zarnitsa-2-0-rysslands-putinjugend\/","og_locale":"en_US","og_type":"article","og_title":"Zarnitsa 2.0 och Rysslands Putinjugend inf\u00f6r framtida krig","og_description":"Ryssland bygger genom Zarnitsa 2.0 upp ett statligt system f\u00f6r milit\u00e4r och ideologisk fostran av barn och unga inf\u00f6r framtida krig.","og_url":"https:\/\/informnapalm.org\/sv\/zarnitsa-2-0-rysslands-putinjugend\/","og_site_name":"InformNapalm p\u00e5 svenska","article_published_time":"2026-09-01T23:45:06+00:00","article_modified_time":"2026-09-02T00:46:03+00:00","og_image":[{"width":642,"height":336,"url":"https:\/\/informnapalm.org\/sv\/wp-content\/uploads\/sites\/22\/2026\/09\/Zarnitsa-2.0-och-Rysslands-Putinjugend-infor-framtida-krig.jpg","type":"image\/jpeg"}],"author":"2476","twitter_misc":{"Written by":"2476","Est. reading time":"15 minutes"},"schema":{"@context":"https:\/\/schema.org","@graph":[{"@type":"Article","@id":"https:\/\/informnapalm.org\/sv\/zarnitsa-2-0-rysslands-putinjugend\/#article","isPartOf":{"@id":"https:\/\/informnapalm.org\/sv\/zarnitsa-2-0-rysslands-putinjugend\/"},"author":{"name":"2476","@id":"https:\/\/informnapalm.org\/sv\/#\/schema\/person\/e683569ccd9c71b2afa351e58e558cb1"},"headline":"Zarnitsa 2.0 och Rysslands Putinjugend inf\u00f6r framtida krig","datePublished":"2026-09-01T23:45:06+00:00","dateModified":"2026-09-02T00:46:03+00:00","mainEntityOfPage":{"@id":"https:\/\/informnapalm.org\/sv\/zarnitsa-2-0-rysslands-putinjugend\/"},"wordCount":2773,"publisher":{"@id":"https:\/\/informnapalm.org\/sv\/#organization"},"image":{"@id":"https:\/\/informnapalm.org\/sv\/zarnitsa-2-0-rysslands-putinjugend\/#primaryimage"},"thumbnailUrl":"https:\/\/informnapalm.org\/sv\/wp-content\/uploads\/sites\/22\/2026\/09\/Zarnitsa-2.0-och-Rysslands-Putinjugend-infor-framtida-krig.jpg","keywords":["Junarmija","Kognitiv krigf\u00f6ring","Milit\u00e4r","Militarisering av barn","Putinjugend","Ryska ungdomsprogram","Zarnitsa 2.0"],"articleSection":["Informationskrig","Nyheter","OSINT","Ryssland"],"inLanguage":"en-US"},{"@type":"WebPage","@id":"https:\/\/informnapalm.org\/sv\/zarnitsa-2-0-rysslands-putinjugend\/","url":"https:\/\/informnapalm.org\/sv\/zarnitsa-2-0-rysslands-putinjugend\/","name":"Zarnitsa 2.0 och Rysslands Putinjugend inf\u00f6r framtida krig","isPartOf":{"@id":"https:\/\/informnapalm.org\/sv\/#website"},"primaryImageOfPage":{"@id":"https:\/\/informnapalm.org\/sv\/zarnitsa-2-0-rysslands-putinjugend\/#primaryimage"},"image":{"@id":"https:\/\/informnapalm.org\/sv\/zarnitsa-2-0-rysslands-putinjugend\/#primaryimage"},"thumbnailUrl":"https:\/\/informnapalm.org\/sv\/wp-content\/uploads\/sites\/22\/2026\/09\/Zarnitsa-2.0-och-Rysslands-Putinjugend-infor-framtida-krig.jpg","datePublished":"2026-09-01T23:45:06+00:00","dateModified":"2026-09-02T00:46:03+00:00","description":"Ryssland bygger genom Zarnitsa 2.0 upp ett statligt system f\u00f6r milit\u00e4r och ideologisk fostran av barn och unga inf\u00f6r framtida krig.","breadcrumb":{"@id":"https:\/\/informnapalm.org\/sv\/zarnitsa-2-0-rysslands-putinjugend\/#breadcrumb"},"inLanguage":"en-US","potentialAction":[{"@type":"ReadAction","target":["https:\/\/informnapalm.org\/sv\/zarnitsa-2-0-rysslands-putinjugend\/"]}]},{"@type":"ImageObject","inLanguage":"en-US","@id":"https:\/\/informnapalm.org\/sv\/zarnitsa-2-0-rysslands-putinjugend\/#primaryimage","url":"https:\/\/informnapalm.org\/sv\/wp-content\/uploads\/sites\/22\/2026\/09\/Zarnitsa-2.0-och-Rysslands-Putinjugend-infor-framtida-krig.jpg","contentUrl":"https:\/\/informnapalm.org\/sv\/wp-content\/uploads\/sites\/22\/2026\/09\/Zarnitsa-2.0-och-Rysslands-Putinjugend-infor-framtida-krig.jpg","width":642,"height":336,"caption":"Zarnitsa 2.0 och Rysslands Putinjugend inf\u00f6r framtida krig"},{"@type":"BreadcrumbList","@id":"https:\/\/informnapalm.org\/sv\/zarnitsa-2-0-rysslands-putinjugend\/#breadcrumb","itemListElement":[{"@type":"ListItem","position":1,"name":"Home","item":"https:\/\/informnapalm.org\/sv\/"},{"@type":"ListItem","position":2,"name":"Zarnitsa 2.0 och Rysslands Putinjugend inf\u00f6r framtida krig"}]},{"@type":"WebSite","@id":"https:\/\/informnapalm.org\/sv\/#website","url":"https:\/\/informnapalm.org\/sv\/","name":"InformNapalm p\u00e5 svenska","description":"Nyheter fr\u00e5n Ukraina","publisher":{"@id":"https:\/\/informnapalm.org\/sv\/#organization"},"potentialAction":[{"@type":"SearchAction","target":{"@type":"EntryPoint","urlTemplate":"https:\/\/informnapalm.org\/sv\/?s={search_term_string}"},"query-input":{"@type":"PropertyValueSpecification","valueRequired":true,"valueName":"search_term_string"}}],"inLanguage":"en-US"},{"@type":"Organization","@id":"https:\/\/informnapalm.org\/sv\/#organization","name":"InformNapalm","url":"https:\/\/informnapalm.org\/sv\/","logo":{"@type":"ImageObject","inLanguage":"en-US","@id":"https:\/\/informnapalm.org\/sv\/#\/schema\/logo\/image\/","url":"https:\/\/informnapalm.org\/sv\/wp-content\/uploads\/sites\/22\/2016\/03\/InformNapalm_logo_07.png","contentUrl":"https:\/\/informnapalm.org\/sv\/wp-content\/uploads\/sites\/22\/2016\/03\/InformNapalm_logo_07.png","width":220,"height":90,"caption":"InformNapalm"},"image":{"@id":"https:\/\/informnapalm.org\/sv\/#\/schema\/logo\/image\/"}},{"@type":"Person","@id":"https:\/\/informnapalm.org\/sv\/#\/schema\/person\/e683569ccd9c71b2afa351e58e558cb1","name":"2476","image":{"@type":"ImageObject","inLanguage":"en-US","@id":"https:\/\/secure.gravatar.com\/avatar\/4cdfe9f344a6a3098c5b8f56d0951f5a6488eb77f72278644d45d1518136dda9?s=96&d=mm&r=g","url":"https:\/\/secure.gravatar.com\/avatar\/4cdfe9f344a6a3098c5b8f56d0951f5a6488eb77f72278644d45d1518136dda9?s=96&d=mm&r=g","contentUrl":"https:\/\/secure.gravatar.com\/avatar\/4cdfe9f344a6a3098c5b8f56d0951f5a6488eb77f72278644d45d1518136dda9?s=96&d=mm&r=g","caption":"2476"},"url":"https:\/\/informnapalm.org\/sv\/author\/tugrul\/"}]}},"post_src":"<div style=\"color: #000000;text-align: left\">\r\n<p lang=\"sv\" style=\"text-align: left\"><span style=\"font-weight: bold;font-family: Helvetica Neue,Helvetica,Arial,Nimbus Sans L,sans-serif\">Medan europeiska l\u00e4nder diskuterar beredskap inf\u00f6r framtida krig har Ryssland l\u00e4nge militariserat barn och unga. Systemet omfattar \u00e4ven ukrainska barn fr\u00e5n ockuperade omr\u00e5den. De f\u00f6rs in i ryska milit\u00e4ra, utbildningsm\u00e4ssiga och ideologiska strukturer.\r\n<\/span><\/p>\r\n\r\n<div style=\"color: #333333;text-align: left\">\r\n<p style=\"text-align: left\">\u00c5r 2019 publicerade Andrij Lutjkov och den polske utredaren Andrzej Leszkiewicz en omfattande unders\u00f6kning baserad p\u00e5 \u00f6ppna k\u00e4llor. Lutjkov \u00e4r utredare med inriktning p\u00e5 \u00f6ppna k\u00e4llor och volont\u00e4r inom InformNapalm. Unders\u00f6kningen g\u00e4llde militariseringen av barn i Ryssland samt i de ockuperade omr\u00e5dena Krim och Donbas. Den publicerades under namnet <a href=\"https:\/\/informnapalm.org\/en\/putinjugend-children-for-russian-war\/\" target=\"_blank\" rel=\"noopener\">Putinjugend Children for Russian War<\/a> och \u00e4ven i en <a href=\"https:\/\/informnapalm.org\/ua\/yunarmiia-putinjugend\/\" target=\"_blank\" rel=\"noopener\">ukrainsk version<\/a>.<\/p>\r\n\r\n<h2 style=\"color: #000000;font-size: 1.3rem;font-weight: bold;margin-top: 24px;margin-bottom: 12px;font-family: &#039;Helvetica Neue&#039;, Helvetica, Arial, &#039;Nimbus Sans L&#039;, sans-serif;text-align: left\">Fr\u00e5n milit\u00e4r fostran till statligt organiserad krigsf\u00f6rberedelse<\/h2>\r\n<p style=\"text-align: left\">Unders\u00f6kningen beskrev hur Kreml p\u00e5verkar barns v\u00e4rldsbild genom statliga institutioner, utbildning och milit\u00e4rpatriotiska organisationer. F\u00f6rfattarna beskrev ocks\u00e5 hur milit\u00e4r kultur normaliseras och hur unga f\u00f6rbereds f\u00f6r framtida ryska krig. De beskrev militariseringen som en del av den ryska statens politik inf\u00f6r fortsatt milit\u00e4r aggression.<\/p>\r\n<p style=\"text-align: left\">Unders\u00f6kningen fick stor uppm\u00e4rksamhet i Ukraina och internationellt. Mer \u00e4n sju \u00e5r senare har de beskrivna strukturerna inte avvecklats. De har i st\u00e4llet byggts ut och anpassats till erfarenheterna fr\u00e5n det fullskaliga kriget mot Ukraina. \u00c5r 2019 beskrev InformNapalm Junarmija, kadettklasser, milit\u00e4ra l\u00e4ger, skjututbildning och annan milit\u00e4r tr\u00e4ning. \u00c5r 2026 omfattar systemet \u00e4ven dr\u00f6narutbildning, min- och ingenj\u00f6rstj\u00e4nst, anfallsstrid, sambandstj\u00e4nst och informationsverksamhet.<\/p>\r\n<p style=\"text-align: left\">Ett tydligt exempel \u00e4r den rikst\u00e4ckande ryska milit\u00e4rpatriotiska verksamheten Zarnitsa 2.0. Under augusti och september 2026 genomf\u00f6rs den federala finalen i programmets tredje s\u00e4song. Finalen h\u00e5lls i Volgogradregionen. Ben\u00e4mningen \u201dspel\u201d ger dock inte en r\u00e4ttvisande bild av verksamheten. Omfattningen, organisationen och handledarnas bakgrund g\u00e5r l\u00e4ngre \u00e4n vad som normalt f\u00f6rknippas med en ungdomst\u00e4vling. Detsamma g\u00e4ller utbildningsmomentens inneh\u00e5ll.<\/p>\r\n<p style=\"text-align: left\">Enligt arrang\u00f6rerna ans\u00f6kte fler \u00e4n 3,2 miljoner skolelever och studerande om deltagande under 2026. Den f\u00f6rsta finalomg\u00e5ngen omfattade 960 deltagare i den \u00e4ldre \u00e5lderskategorin. De f\u00f6rdelades p\u00e5 96 grupper med tio personer i varje. Arrang\u00f6rerna ben\u00e4mner dessutom regelbundet ungdomarna som \u201dsoldater\u201d.<\/p>\r\n<img class=\"alignnone\" style=\"width: 642pt;height: auto;border: 2pt solid #000\" title=\"Zarnitsa 2.0 och Rysslands Putinjugend inf\u00f6r framtida krig\" src=\"https:\/\/informnapalm.org\/ua\/wp-content\/uploads\/sites\/9\/2026\/09\/photo_2026-08-22_13-03-07-2.jpg\" alt=\"Zarnitsa 2.0\" width=\"1280\" height=\"853\" \/>\r\n<p style=\"text-align: left\">Zarnitsa 2.0 drivs av Dvizjenije Pervych, Junarmija och centret VOIN. Verksamheten st\u00f6ds av Rosmolodjozj samt Rysslands utbildningsministerium och f\u00f6rsvarsministerium. Den ing\u00e5r i det federala nationella projektet \u201dUngdom och barn\u201d. Verksamheten \u00e4r d\u00e4rf\u00f6r en del av statens organiserade ungdomspolitik. Det handlar inte om ett lokalt eller frist\u00e5ende initiativ.<\/p>\r\n\r\n<h2 style=\"color: #000000;font-size: 1.3rem;font-weight: bold;margin-top: 24px;margin-bottom: 12px;font-family: &#039;Helvetica Neue&#039;, Helvetica, Arial, &#039;Nimbus Sans L&#039;, sans-serif;text-align: left\">Fr\u00e5n sju \u00e5rs \u00e5lder till milit\u00e4r rekryterings\u00e5lder<\/h2>\r\n<p style=\"text-align: left\">Under 2026 utvidgade Ryssland \u00e5ldersgr\u00e4nserna f\u00f6r Zarnitsa 2.0. Verksamheten omfattar nu fyra kategorier. Den yngre kategorin g\u00e4ller barn mellan 7 och 10 \u00e5r. Mellankategorin g\u00e4ller barn mellan 11 och 13 \u00e5r. Den \u00e4ldre kategorin g\u00e4ller ungdomar mellan 14 och 17 \u00e5r. D\u00e4rut\u00f6ver finns en s\u00e4rskild kategori f\u00f6r personer mellan 18 och 23 \u00e5r.<\/p>\r\n<p style=\"text-align: left\">Den s\u00e4rskilda kategorin inneb\u00e4r en betydande f\u00f6r\u00e4ndring. Den \u00f6vre \u00e5ldersgr\u00e4nsen har f\u00f6r f\u00f6rsta g\u00e5ngen h\u00f6jts till 23 \u00e5r. Verksamheten kan bland annat omfatta studerande vid pedagogiska h\u00f6gskolor. Avsikten \u00e4r att vissa senare ska kunna tj\u00e4nstg\u00f6ra som handledare f\u00f6r yngre deltagare.<\/p>\r\n<img class=\"alignnone\" style=\"width: 642pt;height: auto;border: 2pt solid #000\" title=\"Zarnitsa 2.0 och Rysslands Putinjugend inf\u00f6r framtida krig\" src=\"https:\/\/informnapalm.org\/ua\/wp-content\/uploads\/sites\/9\/2026\/09\/photo_2026-08-29_18-01-48.jpg\" alt=\"Zarnitsa 2.0 och Rysslands Putinjugend inf\u00f6r framtida krig\" width=\"1280\" height=\"853\" \/>\r\n<img class=\"alignnone\" style=\"width: 642pt;height: auto;border: 2pt solid #000\" title=\"Zarnitsa 2.0 och Rysslands Putinjugend inf\u00f6r framtida krig\" src=\"https:\/\/informnapalm.org\/ua\/wp-content\/uploads\/sites\/9\/2026\/09\/photo_2026-08-29_18-01-49.jpg\" alt=\"Zarnitsa 2.0\" width=\"1280\" height=\"853\" \/>\r\n<p style=\"text-align: left\">Rysslands utbildningsministerium beskriver Zarnitsa 2.0 som ett s\u00e4tt att praktiskt bef\u00e4sta grundl\u00e4ggande kunskaper inom milit\u00e4r utbildning. Verksamheten beskrivs ocks\u00e5 som yrkesorienterande f\u00f6r unga som s\u00f6ker sig till milit\u00e4ra skolor och h\u00f6gskolor. Arrang\u00f6rerna beskriver dessa unga som beredda att \u201dknyta sitt fortsatta \u00f6de till tj\u00e4nsten f\u00f6r fosterlandet\u201d.<\/p>\r\n<p style=\"text-align: left\">Systemet skapar d\u00e4rmed en sammanh\u00e4ngande v\u00e4g fr\u00e5n tidig kontakt med milit\u00e4r verksamhet till m\u00f6jlig milit\u00e4rtj\u00e4nst. Den f\u00f6rsta kontakten kan ske redan vid sju \u00e5rs \u00e5lder. Fr\u00e5n elva \u00e5rs \u00e5lder introduceras s\u00e4rskilda milit\u00e4ra funktioner. Mellan 14 och 17 \u00e5r genomf\u00f6rs mer avancerade taktiska moment. Den \u00e4ldsta kategorin omfattar personer i en \u00e5lder f\u00f6r milit\u00e4r utbildning och m\u00f6jlig rekrytering.<\/p>\r\n<img class=\"alignnone\" style=\"width: 642pt;height: auto;border: 2pt solid #000\" title=\"Zarnitsa 2.0 och Rysslands Putinjugend inf\u00f6r framtida krig\" src=\"https:\/\/informnapalm.org\/ua\/wp-content\/uploads\/sites\/9\/2026\/09\/photo_2026-08-13_21-35-45.jpg\" alt=\"Zarnitsa 2.0\" width=\"1280\" height=\"853\" \/>\r\n<img class=\"alignnone\" style=\"width: 642pt;height: auto;border: 2pt solid #000\" title=\"Zarnitsa 2.0 och Rysslands Putinjugend inf\u00f6r framtida krig\" src=\"https:\/\/informnapalm.org\/ua\/wp-content\/uploads\/sites\/9\/2026\/09\/photo_2026-07-06_03-00-43.jpg\" alt=\"Zarnitsa 2.0 och Rysslands Putinjugend inf\u00f6r framtida krig\" width=\"1280\" height=\"853\" \/>\r\n<p style=\"text-align: left\">Zarnitsa betecknas officiellt inte som ett program f\u00f6r utbildning av en mobiliseringsreserv. Den \u00e4ldsta kategorin omfattar dock myndiga personer som kan antas till milit\u00e4ra utbildningar. De kan ocks\u00e5 teckna tj\u00e4nstg\u00f6ringsavtal med det ryska f\u00f6rsvarsministeriet. Verksamheten kan d\u00e4rf\u00f6r skapa en v\u00e4g fr\u00e5n ungdomsverksamhet till milit\u00e4r rekrytering. Efter flera \u00e5rs deltagande minskar det psykologiska avst\u00e5ndet till faktisk milit\u00e4rtj\u00e4nst.<\/p>\r\n\r\n<h2 style=\"color: #000000;font-size: 1.3rem;font-weight: bold;margin-top: 24px;margin-bottom: 12px;font-family: &#039;Helvetica Neue&#039;, Helvetica, Arial, &#039;Nimbus Sans L&#039;, sans-serif;text-align: left\">Milit\u00e4r utbildning fr\u00e5n elva \u00e5rs \u00e5lder<\/h2>\r\n<p style=\"text-align: left\">F\u00f6r de yngsta barnen har Zarnitsa fortfarande inslag av traditionell milit\u00e4r- och idrottsinriktad ungdomsverksamhet. F\u00f6r \u00e4ldre grupper liknar organisationen d\u00e4remot ett milit\u00e4rt f\u00f6rbands uppbyggnad och arbetsformer.<\/p>\r\n<img class=\"alignnone\" style=\"width: 642pt;height: auto;border: 2pt solid #000\" title=\"Rysslands Putinjugend inf\u00f6r framtida krig\" src=\"https:\/\/informnapalm.org\/ua\/wp-content\/uploads\/sites\/9\/2026\/09\/photo_2026-07-05_14-08-51.jpg\" alt=\"Rysslands Putinjugend inf\u00f6r framtida krig\" width=\"1280\" height=\"853\" \/>\r\n<img class=\"alignnone\" style=\"width: 642pt;height: auto;border: 2pt solid #000\" title=\"Rysslands Putinjugend inf\u00f6r framtida krig\" src=\"https:\/\/informnapalm.org\/ua\/wp-content\/uploads\/sites\/9\/2026\/09\/photo_2026-08-29_18-01-51.jpg\" alt=\"Rysslands Putinjugend inf\u00f6r framtida krig\" width=\"1280\" height=\"853\" \/>\r\n<p style=\"text-align: left\">Under 2026 anv\u00e4nds sju s\u00e5 kallade milit\u00e4ra specialiseringar. De \u00e4r bef\u00e4lhavare, anfallssoldat, ingenj\u00f6rssoldat med minr\u00f6jningsuppgifter, sjukv\u00e5rdare, signalist, dr\u00f6naroperat\u00f6r och krigskorrespondent.<\/p>\r\n<p style=\"text-align: left\">Deltagarna f\u00e5r dessutom utbildning i skytte, taktik, taktisk sjukv\u00e5rd och CBRN-skydd. Utbildningen omfattar \u00e4ven f\u00e4ltbef\u00e4stning, maskering av st\u00e4llningar och \u00f6verlevnad under extrema f\u00f6rh\u00e5llanden. Den federala finalen avslutas med en omfattande milit\u00e4rtaktisk \u00f6vning. D\u00e4r ing\u00e5r bland annat \u201dgarnisonstj\u00e4nst\u201d, kombinerad marsch, verksamhet i terr\u00e4ng och en avslutande \u201dstrid\u201d.<\/p>\r\n<img class=\"alignnone\" style=\"width: 642pt;height: auto;border: 2pt solid #000\" title=\"Milit\u00e4r utbildning fr\u00e5n elva \u00e5rs \u00e5lder\" src=\"https:\/\/informnapalm.org\/ua\/wp-content\/uploads\/sites\/9\/2026\/09\/photo_2026-08-30_14-27-51-3.jpg\" alt=\"Milit\u00e4r utbildning fr\u00e5n elva \u00e5rs \u00e5lder\" width=\"1280\" height=\"853\" \/>\r\n<img class=\"alignnone\" style=\"width: 642pt;height: auto;border: 2pt solid #000\" title=\"Milit\u00e4r utbildning fr\u00e5n elva \u00e5rs \u00e5lder\" src=\"https:\/\/informnapalm.org\/ua\/wp-content\/uploads\/sites\/9\/2026\/09\/photo_2026-08-27_19-49-49-3.jpg\" alt=\"Milit\u00e4r utbildning fr\u00e5n elva \u00e5rs \u00e5lder\" width=\"1280\" height=\"854\" \/>\r\n<p style=\"text-align: left\">Zarnitsas officiella informationskanal beskriver \u00e4ven utbildningen f\u00f6r anfallssoldater. Momenten omfattar \u201dbek\u00e4mpning av motst\u00e5ndarens st\u00e4llningar\u201d, arbete i par och anv\u00e4ndning av skydd. De omfattar ocks\u00e5 intr\u00e4ngning i byggnader och strid i begr\u00e4nsade utrymmen. Det handlar d\u00e4rmed inte enbart om fysisk tr\u00e4ning eller hinderbanor. Ungdomarna tr\u00e4nas i uppgifter och arbetsformer som f\u00f6rekommer i moderna stridande f\u00f6rband.<\/p>\r\n\r\n<h2 style=\"color: #000000;font-size: 1.3rem;font-weight: bold;margin-top: 24px;margin-bottom: 12px;font-family: &#039;Helvetica Neue&#039;, Helvetica, Arial, &#039;Nimbus Sans L&#039;, sans-serif;text-align: left\">Erfarenheter fr\u00e5n dr\u00f6narkrigf\u00f6ring i ungdomsutbildningen<\/h2>\r\n<p style=\"text-align: left\">Utbildningen i obemannade system speglar tydligt erfarenheter fr\u00e5n det p\u00e5g\u00e5ende rysk-ukrainska kriget. Vid t\u00e4vlingarna ska operat\u00f6rerna anv\u00e4nda tre typer av plattformar. En anv\u00e4nds f\u00f6r spaning och en f\u00f6r angrepp. Den tredje \u00e4r en markbaserad obemannad plattform.<\/p>\r\n<p style=\"text-align: left\">Det officiella \u00f6vningsscenariot omfattar installation av en rel\u00e4station och genomf\u00f6rande av luftspaning. Deltagarna ska uppt\u00e4cka personal och eldst\u00e4llningar hos en simulerad motst\u00e5ndare. De ska ocks\u00e5 f\u00e4lla last fr\u00e5n dr\u00f6naren. En attackdr\u00f6nare ska anv\u00e4ndas f\u00f6r att bek\u00e4mpa en eldst\u00e4llning. Materielen ska d\u00e4refter \u00e5terf\u00f6ras efter genomf\u00f6rt uppdrag.<\/p>\r\n<img class=\"alignnone\" style=\"width: 642pt;height: auto;border: 2pt solid #000\" title=\"Zarnitsa 2.0\" src=\"https:\/\/informnapalm.org\/ua\/wp-content\/uploads\/sites\/9\/2026\/09\/photo_2026-07-05_14-08-49.jpg\" alt=\"Zarnitsa 2.0\" width=\"1280\" height=\"853\" \/>\r\n<img class=\"alignnone\" style=\"width: 642pt;height: auto;border: 2pt solid #000\" title=\"Zarnitsa 2.0\" src=\"https:\/\/informnapalm.org\/ua\/wp-content\/uploads\/sites\/9\/2026\/09\/photo_2026-08-15_13-36-21.jpg\" alt=\"Zarnitsa 2.0\" width=\"1170\" height=\"780\" \/>\r\n<img class=\"alignnone\" style=\"width: 642pt;height: auto;border: 2pt solid #000\" title=\"Zarnitsa 2.0\" src=\"https:\/\/informnapalm.org\/ua\/wp-content\/uploads\/sites\/9\/2026\/09\/photo_2026-08-30_14-27-52.jpg\" alt=\"Zarnitsa 2.0\" width=\"1280\" height=\"853\" \/>\r\n<img class=\"alignnone\" style=\"width: 642pt;height: auto;border: 2pt solid #000\" title=\"Zarnitsa 2.0\" src=\"https:\/\/informnapalm.org\/ua\/wp-content\/uploads\/sites\/9\/2026\/09\/photo_2026-08-31_15-24-04.jpg\" alt=\"Zarnitsa 2.0\" width=\"1280\" height=\"853\" \/>\r\n<p style=\"text-align: left\">Arrang\u00f6rerna bed\u00f6mer deltagarnas f\u00f6rm\u00e5ga att man\u00f6vrera systemen. De bed\u00f6mer \u00e4ven tr\u00e4ffs\u00e4kerheten och tiden f\u00f6r att genomf\u00f6ra stridsuppdraget. Metoder och tekniska erfarenheter fr\u00e5n kriget f\u00f6rs d\u00e4rmed direkt in i ungdomsutbildningen. Dr\u00f6narna anv\u00e4nds inte endast f\u00f6r teknisk f\u00e4rdighetstr\u00e4ning. Scenarierna omfattar uttryckligen spaning, m\u00e5lidentifiering och bek\u00e4mpning.<\/p>\r\n<p style=\"text-align: left\">Det inneb\u00e4r en tydlig f\u00f6r\u00e4ndring j\u00e4mf\u00f6rt med \u00e4ldre milit\u00e4rpatriotisk ungdomsverksamhet. Tidigare l\u00e5g st\u00f6rre tyngd p\u00e5 exercis, fysisk tr\u00e4ning och vapenhantering. Nu ing\u00e5r \u00e4ven teknik och arbetsmetoder med stor betydelse i det p\u00e5g\u00e5ende kriget.<\/p>\r\n\r\n<h2 style=\"color: #000000;font-size: 1.3rem;font-weight: bold;margin-top: 24px;margin-bottom: 12px;font-family: &#039;Helvetica Neue&#039;, Helvetica, Arial, &#039;Nimbus Sans L&#039;, sans-serif;text-align: left\">Krigskorrespondenten som del av f\u00f6rbandet<\/h2>\r\n<p style=\"text-align: left\">En annan del av Zarnitsa 2.0 \u00e4r funktionen som krigskorrespondent. I samma grupp finns anfallssoldater, minr\u00f6jare, signalister och dr\u00f6naroperat\u00f6rer. Krigskorrespondenten ska dokumentera h\u00e4ndelser, fotografera, filma och genomf\u00f6ra intervjuer. Uppgiften omfattar \u00e4ven insamling, analys och produktion av nyhetsmaterial.<\/p>\r\n<p style=\"text-align: left\">Deltagaren ska dessutom ansvara f\u00f6r gruppens informationskanaler. I uppgiften ing\u00e5r ocks\u00e5 att skilja mellan vad arrang\u00f6rerna beskriver som sann och otillf\u00f6rlitlig information. Informationsverksamheten p\u00e5verkar samtidigt t\u00e4vlingsresultatet. Regional dokumentation inf\u00f6r finalen anger att gruppen f\u00e5r 0,1 po\u00e4ng f\u00f6r varje f\u00f6ljare i sin kanal. Publikens aktivitet under direkts\u00e4ndningen av den avslutande striden kan dessutom ge gruppen en f\u00f6rdel.<\/p>\r\n\r\n<div style=\"text-align: left\">\r\n<blockquote class=\"twitter-tweet\" style=\"text-align: left;margin-left: 0;margin-right: auto\">\r\n<p dir=\"ltr\" lang=\"en\" style=\"text-align: left\">While <a href=\"https:\/\/x.com\/hashtag\/Europe?src=hash&amp;ref_src=twsrc%5Etfw\">#Europe<\/a> debates whether it is ready for a future war, <a href=\"https:\/\/x.com\/hashtag\/Russia?src=hash&amp;ref_src=twsrc%5Etfw\">#Russia<\/a> is already preparing the next generation for one.<\/p>\r\nThat preparation includes Ukrainian children from the temporarily occupied territories, whom Moscow is systematically absorbing into its military, educational\u2026 <a href=\"https:\/\/t.co\/tXLKnmJWBP\">pic.twitter.com\/tXLKnmJWBP<\/a>\r\n\r\n\u2014 InformNapalm (@InformNapalm) <a href=\"https:\/\/x.com\/InformNapalm\/status\/2094785973812855097?ref_src=twsrc%5Etfw\">September 1, 2026<\/a><\/blockquote>\r\n<\/div>\r\n<script src=\"https:\/\/platform.x.com\/widgets.js\"><\/script>\r\n<p style=\"text-align: left\">Utbildningen omfattar d\u00e4rf\u00f6r mer \u00e4n skrivande, fotografering och dokumentation. Deltagarna f\u00e5r erfarenhet av att bygga upp informationskanaler och producera inneh\u00e5ll. De tr\u00e4nas ocks\u00e5 i publikarbete och i att \u00f6ka inneh\u00e5llets r\u00e4ckvidd. Dessutom l\u00e4r de sig att ge informationsst\u00f6d \u00e5t den egna gruppens verksamhet. F\u00e4rdigheterna \u00e4r direkt relevanta f\u00f6r modern informationsp\u00e5verkan och kognitiv krigf\u00f6ring.<\/p>\r\n<p style=\"text-align: left\">Verksamheten f\u00f6renar d\u00e4rmed tv\u00e5 delar av modern krigf\u00f6ring. Den milit\u00e4ra delen omfattar bef\u00e4lhavare, anfallssoldater, minr\u00f6jare, sjukv\u00e5rdare, signalister och dr\u00f6naroperat\u00f6rer. Den andra delen omfattar informationsproduktion, kommunikationskanaler, publikarbete och p\u00e5verkan p\u00e5 hur h\u00e4ndelser uppfattas. Vissa deltagare tr\u00e4nas i att uppt\u00e4cka och simulerat bek\u00e4mpa en motst\u00e5ndare. Andra tr\u00e4nas i att dokumentera, beskriva och f\u00f6rmedla h\u00e4ndelsef\u00f6rloppet till en publik.<\/p>\r\n\r\n<h2 style=\"color: #000000;font-size: 1.3rem;font-weight: bold;margin-top: 24px;margin-bottom: 12px;font-family: &#039;Helvetica Neue&#039;, Helvetica, Arial, &#039;Nimbus Sans L&#039;, sans-serif;text-align: left\">Krigsdeltagare som bef\u00e4l och f\u00f6rebilder<\/h2>\r\n<p style=\"text-align: left\">Valet av handledare visar verksamhetens n\u00e4ra koppling till Rysslands p\u00e5g\u00e5ende krig mot Ukraina. Bef\u00e4lhavare f\u00f6r den federala finalen \u00e4r Vladimir Michajlovskij.<\/p>\r\n<img class=\"alignnone\" style=\"width: 642pt;height: auto;border: 2pt solid #000\" title=\"Kognitiv krigf\u00f6ring\" src=\"https:\/\/informnapalm.org\/ua\/wp-content\/uploads\/sites\/9\/2026\/09\/photo_2026-08-22_13-03-07.jpg\" alt=\"Kognitiv krigf\u00f6ring\" width=\"1280\" height=\"853\" \/>\r\n<p style=\"text-align: left\">Vladimir Michajlovskij \u00e4r gardesmajor och mottagare av tre ryska tapperhetsordnar. Michajlovskij har deltagit i kriget mot Ukraina. Han deltar \u00e4ven i det ryska presidentprogrammet Vremja gerojev.<\/p>\r\n<img class=\"alignnone\" style=\"width: 642pt;height: auto;border: 2pt solid #000\" title=\"Kognitiv krigf\u00f6ring\" src=\"https:\/\/informnapalm.org\/ua\/wp-content\/uploads\/sites\/9\/2026\/09\/photo_2026-08-21_13-22-09.jpg\" alt=\"Kognitiv krigf\u00f6ring\" width=\"1280\" height=\"1280\" \/>\r\n<p style=\"text-align: left\">Finalens fyra simulerade \u201darm\u00e9er\u201d leds av deltagare i samma program och av dekorerade ryska milit\u00e4rer. Amur leds av Jegor Aleksandrovitj Zacharov. Han har tilldelats utm\u00e4rkelsen Ryska federationens hj\u00e4lte och Tapperhetsorden. Ob leds av Vadim Andrejevitj Bykov. Han har tilldelats tv\u00e5 tapperhetsordnar.<\/p>\r\n<p style=\"text-align: left\">Kama leds av Aleksej Sergejevitj Zjbanov. Han har ocks\u00e5 tilldelats tv\u00e5 tapperhetsordnar. Volga leds av Vladislav Andrejevitj Frolov. Han har tilldelats Tapperhetsorden. Namnen, f\u00f6rdelningen och utm\u00e4rkelserna anges i Zarnitsas officiella presentationsmaterial. Uppgifterna bekr\u00e4ftas enligt artikeln av offentligt material fr\u00e5n finalen.<\/p>\r\n<img class=\"alignnone\" style=\"width: 642pt;height: auto;border: 2pt solid #000\" title=\"Kognitiv krigf\u00f6ring\" src=\"https:\/\/informnapalm.org\/ua\/wp-content\/uploads\/sites\/9\/2026\/09\/photo_2026-08-21_20-09-00.jpg\" alt=\"Kognitiv krigf\u00f6ring\" width=\"1280\" height=\"1280\" \/>\r\n<p style=\"text-align: left\">Nikita Aleksandrovitj Ivanov anges som st\u00e4llf\u00f6retr\u00e4dande bef\u00e4lhavare. Han presenteras som deltagare i den ryska s\u00e5 kallade s\u00e4rskilda milit\u00e4ra operationen. Dessutom uppges han \u00e4ven ha tilldelats Suvorovmedaljen. Han presenteras dessutom som medlem av Junarmija och verksam inom milit\u00e4rpatriotisk fostran av ungdomar.<\/p>\r\n<p style=\"text-align: left\">Barnen m\u00f6ter d\u00e4rmed inte enbart historiska eller abstrakta milit\u00e4ra f\u00f6rebilder. De leds av personer med erfarenhet fr\u00e5n Rysslands nuvarande krig mot Ukraina. Arrang\u00f6rerna beskriver handledarnas uppgift som mer omfattande \u00e4n praktisk utbildning. De ska \u00e4ven f\u00f6ra vidare sin v\u00e4rldsbild och sina livserfarenheter.<\/p>\r\n<p style=\"text-align: left\">Zjbanov har uttryckligen beskrivit sin uppgift som att \u201ddela sin v\u00e4rldsbild\u201d. Han ska samtidigt fungera som mentor f\u00f6r deltagarna. Krigserfarenheten f\u00f6rs d\u00e4rmed in genom b\u00e5de utbildningen och de personer som utses till f\u00f6rebilder. Det p\u00e5g\u00e5ende kriget blir ocks\u00e5 en del av den v\u00e4rldsbild som f\u00f6rmedlas till deltagarna.<\/p>\r\n\r\n<h2 style=\"color: #000000;font-size: 1.3rem;font-weight: bold;margin-top: 24px;margin-bottom: 12px;font-family: &#039;Helvetica Neue&#039;, Helvetica, Arial, &#039;Nimbus Sans L&#039;, sans-serif;text-align: left\">Ockuperade ukrainska omr\u00e5den i systemet<\/h2>\r\n<p style=\"text-align: left\">Zarnitsa 2.0 anv\u00e4nds \u00e4ven f\u00f6r att integrera ockuperade ukrainska omr\u00e5den i ryska administrativa och ideologiska strukturer. P\u00e5 finalens officiella karta redovisas det ockuperade Krim utan s\u00e4rskild markering eller reservation. Krim anges som en del av det ryska S\u00f6dra federala distriktet. Omr\u00e5det placeras d\u00e4rmed inom den simulerade arm\u00e9n \u201dVolga\u201d.<\/p>\r\n<img class=\"alignnone\" style=\"width: 642pt;height: auto;border: 2pt solid #000\" title=\"Zarnitsa 2.0\" src=\"https:\/\/informnapalm.org\/ua\/wp-content\/uploads\/sites\/9\/2026\/09\/photo_2026-08-21_22-49-56.jpg\" alt=\"Zarnitsa 2.0\" width=\"1280\" height=\"1280\" \/>\r\n<p style=\"text-align: left\">P\u00e5 samma karta har fyra \u201ds\u00e4rskilda f\u00f6rband\u201d placerats under \u201dVolga\u201d. Enligt artikeln visar kartmaterialet att dessa omfattar ockuperade delar av Ukraina. Ukrainska barns deltagande framg\u00e5r \u00e4ven av annat officiellt ryskt material.<\/p>\r\n<p style=\"text-align: left\">Under 2026 genomf\u00f6rde Ryssland en egen regional omg\u00e5ng av Zarnitsa 2.0 p\u00e5 Krim. Enligt det ryska katastrofministeriet deltog omkring 500 barn. Vinnare fr\u00e5n Simferopol skickades vidare till n\u00e4sta t\u00e4vlingsomg\u00e5ng i Volgogradregionen. De representerade d\u00e4r den ockuperade halv\u00f6n.<\/p>\r\n<img class=\"alignnone\" style=\"width: 642pt;height: auto;border: 2pt solid #000\" title=\"Zarnitsa 2.0 p\u00e5 ockuperade Krim\" src=\"https:\/\/informnapalm.org\/ua\/wp-content\/uploads\/sites\/9\/2026\/09\/photo_2026-08-31_15-24-04-3.jpg\" alt=\"Zarnitsa 2.0 p\u00e5 ockuperade Krim\" width=\"1280\" height=\"853\" \/>\r\n<img class=\"alignnone\" style=\"width: 642pt;height: auto;border: 2pt solid #000\" title=\"Zarnitsa 2.0 p\u00e5 ockuperade Krim\" src=\"https:\/\/informnapalm.org\/ua\/wp-content\/uploads\/sites\/9\/2026\/09\/photo_2026-08-31_15-24-04-6.jpg\" alt=\"Zarnitsa 2.0 p\u00e5 ockuperade Krim\" width=\"1280\" height=\"853\" \/>\r\n<p style=\"text-align: left\">Lag fr\u00e5n ockuperade delar av Donetsk- och Luhanskregionerna deltog ocks\u00e5 i distriktsomg\u00e5ngen f\u00f6r S\u00f6dra federala distriktet. De deltog p\u00e5 samma villkor som lag fr\u00e5n ryska regioner. Lagen deltog \u00e4ven i kategorin 18\u201323 \u00e5r. De t\u00e4vlade inom samma sju milit\u00e4ra specialiseringar. Zarnitsa bidrar d\u00e4rmed till att inf\u00f6rliva ockupationen i den verklighetsbild som f\u00f6rmedlas till deltagarna.<\/p>\r\n\r\n<h2 style=\"color: #000000;font-size: 1.3rem;font-weight: bold;margin-top: 24px;margin-bottom: 12px;font-family: &#039;Helvetica Neue&#039;, Helvetica, Arial, &#039;Nimbus Sans L&#039;, sans-serif;text-align: left\">J\u00e4mf\u00f6relsen med Hitlerjugend<\/h2>\r\n<p style=\"text-align: left\">Milit\u00e4rpatriotiska ungdomsorganisationer, kadettverksamhet och f\u00f6rsvarsinriktad ungdomsutbildning finns \u00e4ven i andra l\u00e4nder. Utbildning i f\u00f6rsta hj\u00e4lpen, skytte, orientering eller milit\u00e4ra f\u00e4rdigheter \u00e4r d\u00e4rf\u00f6r inte i sig bevis f\u00f6r en totalit\u00e4r ungdomsmodell. En j\u00e4mf\u00f6relse med Hitlerjugend kan allts\u00e5 inte grundas enbart p\u00e5 barn i uniform eller milit\u00e4r utbildning.<\/p>\r\n<p style=\"text-align: left\">J\u00e4mf\u00f6relsen i artikeln g\u00e4ller i st\u00e4llet systemets uppbyggnad och funktion. United States Holocaust Memorial Museum beskriver Hitlerjugend som ett statligt instrument f\u00f6r att forma ungdomars v\u00e4rldsbild. Organisationen f\u00f6rberedde samtidigt pojkar f\u00f6r framtida milit\u00e4rtj\u00e4nst. Barn och ungdomar genomf\u00f6rde milit\u00e4ra \u00f6vningar och fick utbildning i vapenhantering.<\/p>\r\n<p style=\"text-align: left\">Massritualer, propaganda och kollektiva aktiviteter anv\u00e4ndes samtidigt f\u00f6r att skapa lojalitet till regimen. \u00c5r 1939 hade deltagande i nazistiska ungdomsorganisationer blivit obligatoriskt. Zarnitsa 2.0 \u00e4r inte identiskt med Hitlerjugend. N\u00e5gon motsvarande r\u00e4ttslig skyldighet att delta finns inte i Ryssland. De historiska och politiska f\u00f6rh\u00e5llandena skiljer sig ocks\u00e5 \u00e5t.<\/p>\r\n<p style=\"text-align: left\">J\u00e4mf\u00f6relsen g\u00e4ller i st\u00e4llet flera strukturella likheter. Systemet omfattar mycket stora grupper barn och drivs av staten. Verksamheten b\u00f6rjar redan i tidig skol\u00e5lder och f\u00f6renar ideologisk fostran med milit\u00e4r utbildning. Den inneh\u00e5ller milit\u00e4r hierarki och ritualisering. Deltagare i det p\u00e5g\u00e5ende kriget framst\u00e4lls som f\u00f6rebilder.<\/p>\r\n<p style=\"text-align: left\">Barn och unga utbildas inom funktioner som anv\u00e4nds p\u00e5 moderna slagf\u00e4lt. Systemet skapar ocks\u00e5 en m\u00f6jlig v\u00e4g vidare till milit\u00e4rtj\u00e4nst. Ockuperade omr\u00e5den framst\u00e4lls samtidigt som delar av den ryska staten. Dessutom finns en s\u00e4rskild informationsfunktion f\u00f6r publikarbete och opinionsp\u00e5verkan.<\/p>\r\n<p style=\"text-align: left\">InformNapalm anv\u00e4nder beteckningen \u201dPutinjugend\u201d i denna betydelse. Begreppet inneb\u00e4r inte att systemen p\u00e5st\u00e5s vara historiskt identiska. Det beskriver en utveckling d\u00e4r en stat som bedriver angreppskrig samtidigt formar n\u00e4sta generation. Det sker genom milit\u00e4r utbildning, ideologisk fostran och organiserad ungdomsverksamhet.<\/p>\r\n\r\n<h2 style=\"color: #000000;font-size: 1.3rem;font-weight: bold;margin-top: 24px;margin-bottom: 12px;font-family: &#039;Helvetica Neue&#039;, Helvetica, Arial, &#039;Nimbus Sans L&#039;, sans-serif;text-align: left\">En l\u00e5ngsiktig struktur f\u00f6r framtida krig<\/h2>\r\n<p style=\"text-align: left\">Det finns ingen grund f\u00f6r att anta att alla 3,2 miljoner registrerade deltagare blir milit\u00e4rer. En s\u00e5dan slutsats skulle vara felaktig. F\u00f6r bed\u00f6mningen av den ryska strategin \u00e4r systemets omfattning och kontinuitet viktigare \u00e4n enskilda framtida yrkesval.<\/p>\r\n<p style=\"text-align: left\">Systemet g\u00f6r milit\u00e4r kultur till en normal del av vardagen redan i de yngre skol\u00e5ren. Fr\u00e5n elva \u00e5rs \u00e5lder introduceras uppgifter som motsvarar milit\u00e4ra funktioner. Erfarenheter fr\u00e5n det p\u00e5g\u00e5ende kriget f\u00f6rs in genom FPV-dr\u00f6nare, attackdr\u00f6nare och anfallsstrid. Personer med krigserfarenhet anv\u00e4nds som handledare och f\u00f6rebilder.<\/p>\r\n<img class=\"alignnone\" style=\"width: 642pt;height: auto;border: 2pt solid #000\" title=\"Zarnitsa 2.0 - Kognitiv krigf\u00f6ring\" src=\"https:\/\/informnapalm.org\/ua\/wp-content\/uploads\/sites\/9\/2026\/09\/photo_2026-09-01_13-57-13-2.jpg\" alt=\"Zarnitsa 2.0 - Kognitiv krigf\u00f6ring\" width=\"1280\" height=\"853\" \/>\r\n<img class=\"alignnone\" style=\"width: 642pt;height: auto;border: 2pt solid #000\" title=\"Zarnitsa 2.0 - Kognitiv krigf\u00f6ring\" src=\"https:\/\/informnapalm.org\/ua\/wp-content\/uploads\/sites\/9\/2026\/09\/photo_2026-09-01_13-57-13-3.jpg\" alt=\"Zarnitsa 2.0 - Kognitiv krigf\u00f6ring\" width=\"1280\" height=\"853\" \/>\r\n<p style=\"text-align: left\">Vissa ungdomar utbildas i informationsverksamhet. Programmet forts\u00e4tter upp till 23 \u00e5rs \u00e5lder. Den \u00e4ldsta gruppen befinner sig d\u00e4rf\u00f6r i en \u00e5lder d\u00e5 direkt milit\u00e4r rekrytering \u00e4r m\u00f6jlig.<\/p>\r\n<p style=\"text-align: left\">Europeiska stater diskuterar vilka milit\u00e4ra hot som kan uppst\u00e5 om fem eller tio \u00e5r. Samtidigt formar Ryssland redan den generation som d\u00e5 kommer att vara mellan omkring 18 och 30 \u00e5r. Utbildningen omfattar bland annat dr\u00f6naroperat\u00f6rer, minr\u00f6jare, anfallssoldater och signalister. Den omfattar \u00e4ven informationsverksamhet i samband med milit\u00e4ra operationer. Deltagarna tr\u00e4nas ocks\u00e5 i att p\u00e5verka hur m\u00e4nniskor uppfattar och tolkar information.<\/p>\r\n\r\n<h2 style=\"color: #000000;font-size: 1.3rem;font-weight: bold;margin-top: 24px;margin-bottom: 12px;font-family: &#039;Helvetica Neue&#039;, Helvetica, Arial, &#039;Nimbus Sans L&#039;, sans-serif;text-align: left\">Fr\u00e5n varning till statligt organiserat system<\/h2>\r\n<p style=\"text-align: left\">InformNapalm anv\u00e4nde redan 2019 beteckningen \u201dPutinjugend\u201d f\u00f6r denna utveckling. Militariseringen beskrevs som mer \u00e4n propagandaverksamhet. Den framst\u00e4lldes som en l\u00e5ngsiktig investering i personella resurser f\u00f6r framtida krig.<\/p>\r\n<p style=\"text-align: left\">Sju \u00e5r senare har systemet enligt artikeln blivit st\u00f6rre och mer tekniskt avancerat. Det har ocks\u00e5 anpassats tydligare till behoven p\u00e5 ett modernt slagf\u00e4lt. Traditionell exercis och vapenutbildning har kompletterats med attackdr\u00f6nare, digitala sambandssystem och anfallsutbildning. D\u00e4rtill kommer f\u00f6rberedelser f\u00f6r informationsp\u00e5verkan och kognitiv krigf\u00f6ring.<\/p>\r\n<p style=\"text-align: left\">F\u00f6r Ukraina och \u00f6vriga Europa g\u00e4ller fr\u00e5gan inte endast den nuvarande ryska aggressionen. Den l\u00e5ngsiktiga s\u00e4kerhetsbed\u00f6mningen m\u00e5ste ocks\u00e5 omfatta de resurser som Ryssland bygger upp. Det g\u00e4ller personella och milit\u00e4ra resurser samt resurser f\u00f6r informationsp\u00e5verkan. Dessa kan komma att anv\u00e4ndas i framtida krig.<\/p>\r\n<p style=\"text-align: left\">Varningen om ett ryskt \u201dPutinjugend\u201d framf\u00f6rdes redan 2019. \u00c5r 2026 handlar det inte l\u00e4ngre enbart om en prognos. Det finns nu ett omfattande statligt organiserat system som kan f\u00f6ljas i praktiken.<\/p>\r\n<p style=\"text-align: left\">Artikeln har utarbetats av Andrij Lisitsyn f\u00f6r InformNapalm.<\/p>\r\n\r\n\r\n<hr style=\"width: 75%;margin: 20px 0;border: 0;border-top: 1px solid #ccc;text-align: left\" \/>\r\n\r\n<div style=\"color: #333333;text-align: left;font-family: Helvetica Neue,Helvetica,Arial,Nimbus Sans L,sans-serif\">\r\n<h2 style=\"color: #000;font-size: 1.5rem;font-weight: bold;margin-top: 24px;margin-bottom: 12px\">Ytterligare artiklar av InformNapalm<\/h2>\r\n<ul style=\"text-align: left;list-style-type: disc;padding-left: 20px\">\r\n \t<li style=\"text-align: left;margin-bottom: 8px\"><a style=\"color: #333333;text-decoration: none\" href=\"https:\/\/informnapalm.org\/sv\/gru-officer-2\/\" target=\"_blank\" rel=\"noopener noreferrer\">Hackning av en GRU-officer efterlyst av FBI, ledare f\u00f6r hackergruppen APT28<\/a><\/li>\r\n \t<li style=\"text-align: left;margin-bottom: 8px\"><a style=\"color: #333333;text-decoration: none\" href=\"https:\/\/informnapalm.org\/sv\/tolv-ar-av-underrattelsearbete\/\" target=\"_blank\" rel=\"noopener noreferrer\">InformNapalm markerar tolv \u00e5r av underr\u00e4ttelsearbete mot Ryssland<\/a><\/li>\r\n \t<li style=\"text-align: left;margin-bottom: 8px\"><a style=\"color: #333333;text-decoration: none\" href=\"https:\/\/informnapalm.org\/sv\/sverige-ukraina-2026\/\" target=\"_blank\" rel=\"noopener noreferrer\">Det politiska klimatet i Sverige efter Rysslands invasion av Ukraina<\/a><\/li>\r\n<\/ul>\r\n<\/div>\r\n\r\n<hr style=\"border: none;border-top: 1px solid #cfcfcf;margin: 24px 0;width: 100%;text-align: left\" \/>\r\n\r\n<div style=\"color: #333333;text-align: left;font-family: Helvetica Neue,Helvetica,Arial,Nimbus Sans L,sans-serif\">\r\n<p style=\"text-align: left;margin-bottom: 16px\"><img class=\"alignleft\" style=\"float: left;margin-right: 15px\" title=\"InformNapalm p\u00e5 svenska\" src=\"https:\/\/informnapalm.org\/fr\/wp-content\/uploads\/sites\/2\/2015\/12\/InformNapalm_logo_05.png\" alt=\"InformNapalm p\u00e5 svenska\" width=\"120\" height=\"55\" \/><span style=\"color: #333333\">Materialet f\u00e5r fritt spridas och \u00e5terpubliceras under f\u00f6ruts\u00e4ttning att k\u00e4llan anges.<\/span> Licensiering enligt Creative Commons Erk\u00e4nnande 4.0 Internationell (CC BY 4.0). <span style=\"color: #333333\">F\u00f6lj oss p\u00e5 <\/span><a style=\"text-decoration: none;font-weight: bold\" href=\"https:\/\/www.facebook.com\/informnapalm24\/\" target=\"_blank\" rel=\"noopener noreferrer\">Facebook<\/a>, <a style=\"text-decoration: none;font-weight: bold\" href=\"https:\/\/twitter.com\/informnapalm\" target=\"_blank\" rel=\"noopener noreferrer\">X<\/a>, <a style=\"text-decoration: none;font-weight: bold\" title=\"Telegram\" href=\"https:\/\/t.me\/informnapalm\" target=\"_blank\" rel=\"noopener noreferrer\">Telegram<\/a> och <a style=\"text-decoration: none;font-weight: bold\" title=\"Slate (Sl8)\" href=\"https:\/\/sl8.online\/invite\/WrrzJQ\" target=\"_blank\" rel=\"noopener noreferrer\">Slate (Sl8)<\/a>.<\/p>\r\n<p style=\"text-align: left;margin-bottom: 16px\">InformNapalm tar inte emot ekonomiskt st\u00f6d fr\u00e5n n\u00e5gon stat eller institutionell sponsor. Verksamheten finansieras uteslutande av frivilliga insatser fr\u00e5n enskilda volont\u00e4rer och l\u00e4sare. Den som \u00f6nskar bidra kan g\u00f6ra det genom m\u00e5natliga <a style=\"text-decoration: none;font-weight: bold\" href=\"https:\/\/www.buymeacoffee.com\/informnapalm\" target=\"_blank\" rel=\"noopener noreferrer\">mindre donationer<\/a> via plattformen BuyMeACoffee.<\/p>\r\n\r\n<\/div>\r\n<\/div>\r\n<\/div>","amp_enabled":false,"_links":{"self":[{"href":"https:\/\/informnapalm.org\/sv\/wp-json\/wp\/v2\/posts\/27016","targetHints":{"allow":["GET"]}}],"collection":[{"href":"https:\/\/informnapalm.org\/sv\/wp-json\/wp\/v2\/posts"}],"about":[{"href":"https:\/\/informnapalm.org\/sv\/wp-json\/wp\/v2\/types\/post"}],"author":[{"embeddable":true,"href":"https:\/\/informnapalm.org\/sv\/wp-json\/wp\/v2\/users\/72"}],"replies":[{"embeddable":true,"href":"https:\/\/informnapalm.org\/sv\/wp-json\/wp\/v2\/comments?post=27016"}],"version-history":[{"count":16,"href":"https:\/\/informnapalm.org\/sv\/wp-json\/wp\/v2\/posts\/27016\/revisions"}],"predecessor-version":[{"id":27033,"href":"https:\/\/informnapalm.org\/sv\/wp-json\/wp\/v2\/posts\/27016\/revisions\/27033"}],"wp:featuredmedia":[{"embeddable":true,"href":"https:\/\/informnapalm.org\/sv\/wp-json\/wp\/v2\/media\/27019"}],"wp:attachment":[{"href":"https:\/\/informnapalm.org\/sv\/wp-json\/wp\/v2\/media?parent=27016"}],"wp:term":[{"taxonomy":"category","embeddable":true,"href":"https:\/\/informnapalm.org\/sv\/wp-json\/wp\/v2\/categories?post=27016"},{"taxonomy":"post_tag","embeddable":true,"href":"https:\/\/informnapalm.org\/sv\/wp-json\/wp\/v2\/tags?post=27016"}],"curies":[{"name":"wp","href":"https:\/\/api.w.org\/{rel}","templated":true}]}}