{"id":27036,"date":"2026-09-02T17:33:54","date_gmt":"2026-09-02T15:33:54","guid":{"rendered":"https:\/\/informnapalm.org\/sv\/?p=27036"},"modified":"2026-09-02T18:37:56","modified_gmt":"2026-09-02T16:37:56","slug":"civilflyg","status":"publish","type":"post","link":"https:\/\/informnapalm.org\/sv\/civilflyg\/","title":{"rendered":"Konsekvenserna av Rysslands s\u00e4rskilda milit\u00e4ra operation f\u00f6r landets civilflyg"},"content":{"rendered":"<div style=\"color: #000000;text-align: left\">\n<p style=\"text-align: left\"><span style=\"font-weight: bold;font-family: Helvetica Neue,Helvetica,Arial,Nimbus Sans L,sans-serif\">F\u00f6r ett \u00e5r sedan uppm\u00e4rksammade InformNapalm att Ukrainas attacker med fj\u00e4rrverkande system tvingar Ryssland att st\u00e4nga delar av sitt luftrum, vilket begr\u00e4nsar landets civilflyg och medf\u00f6r ekonomiska f\u00f6rluster.<\/span><\/p>\n<div style=\"color: #333333;text-align: left\">\n<p style=\"text-align: left\">Efter ett uttalande av president Volodymyr Zelenskyj den 1 september och uppgifter i The Atlantic om en ukrainsk plan f\u00f6r att \u00e5terkommande st\u00f6ra flygtrafiken kring Moskva tycks denna effekt nu vara p\u00e5 v\u00e4g att utvecklas till ett mer systematiskt p\u00e5tryckningsmedel mot Ryssland.<\/p>\n<h2 style=\"color: #000000;font-size: 1.3rem;font-weight: bold;margin-top: 24px;margin-bottom: 12px;font-family: &#039;Helvetica Neue&#039;, Helvetica, Arial, &#039;Nimbus Sans L&#039;, sans-serif;text-align: left\">Zelenskyj varnar f\u00f6r f\u00f6r\u00e4ndrat s\u00e4kerhetsl\u00e4ge i ryskt luftrum<\/h2>\n<p style=\"text-align: left\">Den 1 september gjorde Zelenskyj ett uttalande som kan markera ett nytt skede i Ukrainas anv\u00e4ndning av fj\u00e4rrverkande system. Budskapet riktade sig i praktiken till internationella flygbolag, f\u00f6rs\u00e4kringsbolag och de stater vars flygbolag fortfarande anv\u00e4nder ryskt luftrum.<\/p>\n<div style=\"text-align: left;margin-top: 16px;margin-bottom: 16px;padding: 0\"><iframe loading=\"lazy\" src=\"https:\/\/www.youtube.com\/embed\/3-xS7yVB7zI?si=S08Z-oqqb3ltyUNX\" width=\"642\" height=\"340\" frameborder=\"0\" allowfullscreen=\"allowfullscreen\"><\/iframe><\/div>\n<p style=\"text-align: left\">Enligt Zelenskyj kommer det ryska luftrummet de facto att st\u00e4ngas som en f\u00f6ljd av det krig som Ryssland har inlett. Samtidigt betonade han att Ukraina inte hotar civila flygplan. Risken best\u00e5r i att antalet ukrainska dr\u00f6nare i ryskt luftrum v\u00e4ntas \u00f6ka och att den civila luftfarten d\u00e4rf\u00f6r m\u00e5ste anpassa sig till ett f\u00f6r\u00e4ndrat s\u00e4kerhetsl\u00e4ge.<\/p>\n<h2 style=\"color: #000000;font-size: 1.3rem;font-weight: bold;margin-top: 24px;margin-bottom: 12px;font-family: &#039;Helvetica Neue&#039;, Helvetica, Arial, &#039;Nimbus Sans L&#039;, sans-serif;text-align: left\">S\u00e4kerheten i luftrummet \u00f6ver ryska flygplatser har blivit en f\u00f6rhandlingsfr\u00e5ga<\/h2>\n<p style=\"text-align: left\">En central del av Zelenskyjs uttalande handlade om diplomati. Han bekr\u00e4ftade att Ukraina p\u00e5 USA:s beg\u00e4ran gjorde ett uppeh\u00e5ll i attackerna mot Moskva och Sankt Petersburg den 25\u201327 augusti. Enligt honom hade \u00e4ven ett annat land v\u00e4nt sig till Ukraina med en beg\u00e4ran om ett tillf\u00e4lligt uppeh\u00e5ll i riktning mot Vladivostok. Principen \u00e4r att Ukraina av diplomatiska sk\u00e4l och f\u00f6r att underl\u00e4tta f\u00f6rhandlingar under vissa perioder och i vissa riktningar kan avst\u00e5 fr\u00e5n att anv\u00e4nda dr\u00f6nare i delar av det ryska luftrummet. S\u00e5 l\u00e4nge Ryssland forts\u00e4tter kriget kvarst\u00e5r samtidigt risken f\u00f6r att ukrainska dr\u00f6nare och andra fj\u00e4rrverkande system n\u00e5r ryskt luftrum. Det kan tvinga Ryssland att st\u00e4nga flygplatser eller begr\u00e4nsa den civila flygtrafiken.<\/p>\n<p style=\"text-align: left\">Zelenskyjs uttalande visar d\u00e4rmed att en tillf\u00e4llig minskning av denna risk kan bli en del av internationella \u00f6verenskommelser. Enligt honom kan det ryska luftrummet bli fullt s\u00e4kert igen f\u00f6rst n\u00e4r det finns verkliga framsteg mot ett slut p\u00e5 kriget. S\u00e4kerheten i det ryska luftrummet \u00e4r d\u00e4rf\u00f6r inte l\u00e4ngre enbart en flygs\u00e4kerhetsfr\u00e5ga, utan kan ocks\u00e5 f\u00e5 betydelse i diplomatiska f\u00f6rhandlingar.<\/p>\n<h2 style=\"color: #000000;font-size: 1.3rem;font-weight: bold;margin-top: 24px;margin-bottom: 12px;font-family: &#039;Helvetica Neue&#039;, Helvetica, Arial, &#039;Nimbus Sans L&#039;, sans-serif;text-align: left\">Flygmarknaden har redan reagerat<\/h2>\n<p style=\"text-align: left\">De f\u00f6rsta praktiska konsekvenserna m\u00e4rktes n\u00e4stan omedelbart n\u00e4r turkiska flygbolag natten till den 2 september st\u00e4llde in flera flygningar till och fr\u00e5n Moskva samtidigt som nya restriktioner inf\u00f6rdes vid flygplatserna i den ryska huvudstaden. Turkiska Pegasus Airlines v\u00e4nde tv\u00e5 flygplan som var p\u00e5 v\u00e4g fr\u00e5n Antalya respektive Izmir. Det skedde innan den ryska beredskaps\u00e5tg\u00e4rden officiellt inf\u00f6rdes p\u00e5 Vnukovo flygplats. Beredskaps\u00e5tg\u00e4rden inneb\u00e4r att flygtrafiken tillf\u00e4lligt begr\u00e4nsas n\u00e4r myndigheterna bed\u00f6mer att luftrummet \u00e4r utsatt f\u00f6r ett hot. \u00c4ven flera andra avg\u00e5ngar med Pegasus och Turkish Airlines till Moskva st\u00e4lldes in. \u00c4ven den ryska aktiemarknaden reagerade. Efter Zelenskyjs uttalande f\u00f6ll aktien i Rysslands st\u00f6rsta flygbolag Aeroflot med mer \u00e4n 5 procent i kv\u00e4llshandeln p\u00e5 Moskvab\u00f6rsen.<\/p>\n<p><img loading=\"lazy\" decoding=\"async\" class=\"alignnone\" style=\"width: 642pt;height: auto;border: 1pt solid #000\" title=\"Aeroflot och den ryska flygmarknaden\" src=\"https:\/\/informnapalm.org\/ua\/wp-content\/uploads\/sites\/9\/2026\/09\/aeroflot.jpg\" alt=\"Aeroflot och den ryska flygmarknaden\" width=\"997\" height=\"621\" \/><\/p>\n<p style=\"text-align: left\">Uttalandet riktar sig d\u00e4rf\u00f6r inte bara till Kreml och den ryska allm\u00e4nheten, utan ocks\u00e5 till flygbolag och f\u00f6rs\u00e4kringsbolag. F\u00f6r flygbranschen fungerar den h\u00e4r typen av risk annorlunda \u00e4n traditionella ekonomiska sanktioner. Om ett flygbolag eller ett f\u00f6rs\u00e4kringsbolag bed\u00f6mer att en flygrutt har blivit alltf\u00f6r riskfylld eller \u00e5terkommande drabbas av st\u00f6rningar beh\u00f6vs inte ett nytt politiskt beslut eller ett formellt f\u00f6rbud.<\/p>\n<p style=\"text-align: left\">Flygningar kan st\u00e4llas in, skjutas upp eller ledas om enbart p\u00e5 grundval av operativa riskbed\u00f6mningar. St\u00f6rningar i luftrummet kan d\u00e4rf\u00f6r f\u00e5 ekonomiska konsekvenser l\u00e5ngt innan n\u00e5gra nya formella sanktioner eller internationella begr\u00e4nsningar inf\u00f6rs. Det g\u00f6r den civila luftfarten till en s\u00e4rskilt k\u00e4nslig sektor f\u00f6r Ryssland.<\/p>\n<h2 style=\"color: #000000;font-size: 1.3rem;font-weight: bold;margin-top: 24px;margin-bottom: 12px;font-family: &#039;Helvetica Neue&#039;, Helvetica, Arial, &#039;Nimbus Sans L&#039;, sans-serif;text-align: left\">Fr\u00e5n parad i Moskva till varningar f\u00f6r flygtrafiken<\/h2>\n<p style=\"text-align: left\">Ukraina har tidigare anv\u00e4nt en liknande form av politisk signalering. Den 8 maj 2026 utf\u00e4rdade Zelenskyj dekret nr 374\/2026, genom vilket han formellt gav klartecken till att paraden den 9 maj kunde genomf\u00f6ras i Moskva. Under tiden f\u00f6r evenemanget undantogs ett angivet omr\u00e5de p\u00e5 R\u00f6da torget fr\u00e5n Ukrainas planering f\u00f6r anv\u00e4ndning av vapen. Till formen kunde beskedet uppfattas som en politisk provokation, men det var samtidigt en konkret milit\u00e4r signal med fastst\u00e4llda koordinater och tidsramar. D\u00e4rf\u00f6r togs det p\u00e5 allvar b\u00e5de i Ryssland och utanf\u00f6r landet.<\/p>\n<p style=\"text-align: left\">Nu \u00e4r omfattningen st\u00f6rre. Zelenskyjs budskap riktar sig inte l\u00e4ngre till deltagarna i ett enskilt evenemang p\u00e5 R\u00f6da torget, utan till den internationella flygmarknaden. Riskerna med att anv\u00e4nda ryskt luftrum ska enligt hans budskap betraktas som en konkret operativ faktor som flygbolag och f\u00f6rs\u00e4kringsbolag m\u00e5ste ta h\u00e4nsyn till.<\/p>\n<h2 style=\"color: #000000;font-size: 1.3rem;font-weight: bold;margin-top: 24px;margin-bottom: 12px;font-family: &#039;Helvetica Neue&#039;, Helvetica, Arial, &#039;Nimbus Sans L&#039;, sans-serif;text-align: left\">En ukrainsk plan f\u00f6r att st\u00f6ra civilflyget<\/h2>\n<p style=\"text-align: left\">I augusti rapporterade tidningen <a href=\"https:\/\/www.theatlantic.com\/national-security\/2026\/08\/ukraine-moscow-airports-ai-drones\/688337\/\">The Atlantic<\/a>, med h\u00e4nvisning till k\u00e4llor, om en ukrainsk plan som enligt tidningen har kodnamnet M&amp;M. Planen uppges bygga p\u00e5 anv\u00e4ndning av stora m\u00e4ngder billiga autonoma dr\u00f6nare f\u00f6r att \u00e5terkommande st\u00f6ra flygtrafiken kring Moskva. Det finns dock inget offentligt besked fr\u00e5n ukrainska myndigheter som bekr\u00e4ftar att M&amp;M \u00e4r ett officiellt operationsnamn eller att planen genomf\u00f6rs i den form som The Atlantic beskriver.<\/p>\n<p style=\"text-align: left\">Enligt tidningen \u00e4r syftet inte i f\u00f6rsta hand att angripa civila flygplatser. Tanken \u00e4r i st\u00e4llet att ett stort antal dr\u00f6nare ska skapa en \u00e5terkommande risk i luftrummet som f\u00e5r Ryssland att sj\u00e4lvt begr\u00e4nsa flygtrafiken. Om st\u00f6rningarna blir tillr\u00e4ckligt omfattande kan internationella flygbolag och f\u00f6rs\u00e4kringsbolag dessutom b\u00f6rja bed\u00f6ma flygningar till Moskva som alltf\u00f6r riskfyllda eller op\u00e5litliga.<\/p>\n<p style=\"text-align: left\">Moskvas flygplatser skulle p\u00e5 s\u00e5 s\u00e4tt kunna p\u00e5verkas utan att vara direkta m\u00e5l f\u00f6r attacker. \u00c5terkommande st\u00e4ngningar och f\u00f6rseningar kan f\u00e5 internationella flygbolag att minska eller helt upph\u00f6ra med sina flygningar till den ryska huvudstaden. Det skulle i sin tur kunna \u00f6ka isoleringen av den ryska politiska och ekonomiska eliten samt skapa ytterligare ekonomiskt och politiskt tryck p\u00e5 Kreml.<\/p>\n<p style=\"text-align: left\">The Atlantic skrev ocks\u00e5 om m\u00f6jligheten att anv\u00e4nda upp till tusen mindre autonoma dr\u00f6nare under en enda natt. Den 2 september uppgav tidningens journalist Simon Shuster att en av de k\u00e4llor som tidigare hade ber\u00e4ttat f\u00f6r honom om M&amp;M ans\u00e5g att Zelenskyjs uttalande innebar att konceptet hade b\u00f6rjat oms\u00e4ttas i praktiken.<\/p>\n<p style=\"text-align: left\">Detta \u00e4r dock en uppgift fr\u00e5n en journalistk\u00e4lla och inte ett officiellt besked fr\u00e5n den ukrainska regeringen. M&amp;M b\u00f6r d\u00e4rf\u00f6r beskrivas som en plan som The Atlantic har rapporterat om, inte som en offentligt bekr\u00e4ftad ukrainsk operation. Den bakomliggande strategiska principen har d\u00e4remot formulerats offentligt av Ukrainas president. N\u00e4rvaron av ukrainska fj\u00e4rrverkande dr\u00f6nare i ryskt luftrum kan i sig tvinga Ryssland att begr\u00e4nsa den civila flygtrafiken, \u00e4ven n\u00e4r civila flygplatser inte \u00e4r m\u00e5l f\u00f6r attackerna.<\/p>\n<h2 style=\"color: #000000;font-size: 1.3rem;font-weight: bold;margin-top: 24px;margin-bottom: 12px;font-family: &#039;Helvetica Neue&#039;, Helvetica, Arial, &#039;Nimbus Sans L&#039;, sans-serif;text-align: left\">InformNapalm har beskrivit effekten tidigare<\/h2>\n<p style=\"text-align: left\">F\u00f6r InformNapalms \u00e5terkommande l\u00e4sare \u00e4r denna mekanism inte ny. InformNapalm publicerade 2025 en analys och en infografik med rubriken \u00d6ver 30 ryska flygplatser drabbades av <a href=\"https:\/\/informnapalm.org\/ua\/infohrafika-ponad-30-aeroportiv-rf\/\" target=\"_blank\" rel=\"noopener\">\u00e5terkommande luftrumsst\u00e4ngningar<\/a> sommaren 2025.<\/p>\n<p><img decoding=\"async\" class=\"alignnone\" style=\"width: 642pt;height: auto;border: 1pt solid #000\" title=\"\u00c5terkommande begr\u00e4nsningar av flygtrafiken vid ryska flygplatser\" src=\"https:\/\/informnapalm.org\/ua\/wp-content\/uploads\/sites\/9\/2026\/09\/kovior.jpg\" alt=\"\u00c5terkommande begr\u00e4nsningar av flygtrafiken vid ryska flygplatser\" \/><\/p>\n<p style=\"text-align: left\">IATA-koden f\u00f6r Sjeremetevoflygplatsen i Moskva \u00e4r SVO. Samma bokst\u00e4ver anv\u00e4nds ocks\u00e5 som rysk f\u00f6rkortning f\u00f6r den s\u00e5 kallade s\u00e4rskilda milit\u00e4ra operationen. InformNapalm har tidigare anspelat p\u00e5 denna ordlek f\u00f6r att beskriva hur konsekvenserna av kriget i allt h\u00f6gre grad ocks\u00e5 har n\u00e5tt Moskva.<\/p>\n<p style=\"text-align: left\">Under 2025 framtr\u00e4dde ett tydligt m\u00f6nster. Ukrainska dr\u00f6nare beh\u00f6vde inte angripa civila flygplatser f\u00f6r att p\u00e5verka flygtrafiken. Enbart f\u00f6rekomsten av fj\u00e4rrverkande dr\u00f6nare i n\u00e4rheten av st\u00f6rre flygnav har vid upprepade tillf\u00e4llen f\u00e5tt Ryssland att begr\u00e4nsa eller stoppa flygtrafiken. Under sommaren 2025 registrerades \u00e5terkommande restriktioner vid fler \u00e4n 30 ryska flygplatser. N\u00e4stan dagligen inf\u00f6rdes flygf\u00f6rbud i olika delar av Ryssland, vilket ledde till f\u00f6rseningar, omdirigerade flygplan och omfattande st\u00f6rningar i passagerartrafiken.<\/p>\n<p style=\"text-align: left\">I september 2025 <a href=\"https:\/\/t.me\/informnapalm\/25786\">uppm\u00e4rksammade InformNapalm<\/a> \u00e4ven de ekonomiska konsekvenserna. D\u00e4r framh\u00f6lls att st\u00e4ngningar av luftrummet \u00f6ver ryska flygplatser orsakar ekonomiska f\u00f6rluster f\u00f6r Ryssland. Om en ukrainsk dr\u00f6nares flygv\u00e4g passerar i n\u00e4rheten av en st\u00f6rre flygplats kan de ryska myndigheterna av s\u00e4kerhetssk\u00e4l tillf\u00e4lligt stoppa den civila flygtrafiken.<\/p>\n<p style=\"text-align: left\">Mekanismen \u00e4r enkel. En dr\u00f6nare kan vara p\u00e5 v\u00e4g mot ett milit\u00e4rt m\u00e5l, ett olje- eller gasm\u00e5l eller n\u00e5gon annan m\u00e5ltavla. Om flygv\u00e4gen passerar i n\u00e4rheten av ett st\u00f6rre flygnav kan Ryssland av s\u00e4kerhetssk\u00e4l st\u00e4nga luftrummet. D\u00e4rmed uppst\u00e5r ytterligare ekonomiska och logistiska f\u00f6rluster \u00e4ven om den civila flygplatsen inte \u00e4r m\u00e5let f\u00f6r attacken.<\/p>\n<h2 style=\"color: #000000;font-size: 1.3rem;font-weight: bold;margin-top: 24px;margin-bottom: 12px;font-family: &#039;Helvetica Neue&#039;, Helvetica, Arial, &#039;Nimbus Sans L&#039;, sans-serif;text-align: left\">Fr\u00e5n bieffekt till systematiskt p\u00e5tryckningsmedel<\/h2>\n<p style=\"text-align: left\">Det \u00e4r inte k\u00e4nt med s\u00e4kerhet varf\u00f6r denna mekanism f\u00f6rst nu tycks utvecklas till ett systematiskt p\u00e5tryckningsmedel. Ukraina kan tidigare ha saknat tillr\u00e4ckligt m\u00e5nga fj\u00e4rrverkande system f\u00f6r att uppr\u00e4tth\u00e5lla ett kontinuerligt tryck mot stora ryska flygnav. Produktionen av billigare dr\u00f6nare och autonoma system kan ocks\u00e5 ha beh\u00f6vt skalas upp.<\/p>\n<p style=\"text-align: left\">Det \u00e4r dessutom m\u00f6jligt att Ukraina har tagit h\u00e4nsyn till diplomatiska konsekvenser f\u00f6r de l\u00e4nder vars flygbolag fortfarande anv\u00e4nder ryskt luftrum i stor omfattning. En annan m\u00f6jlig f\u00f6rklaring \u00e4r att strategin f\u00f6r anv\u00e4ndningen av fj\u00e4rrverkande system har f\u00f6r\u00e4ndrats. Det kan \u00e4ven finnas andra orsaker. Det g\u00e5r d\u00e4remot att konstatera att den ekonomiska effekt som InformNapalm redan 2025 beskrev som en f\u00f6ljd av Ukrainas fj\u00e4rrverkande attacker nu tycks vara p\u00e5 v\u00e4g att f\u00e5 en mer systematisk roll.<\/p>\n<p style=\"text-align: left\">Ukraina beh\u00f6ver inte fysiskt st\u00e4nga ryska civila flygplatser f\u00f6r att uppn\u00e5 denna effekt. Det r\u00e4cker att skapa ett s\u00e4kerhetsl\u00e4ge d\u00e4r Ryssland regelbundet tvingas begr\u00e4nsa flygtrafiken, samtidigt som internationella flygbolag och f\u00f6rs\u00e4kringsbolag g\u00f6r egna bed\u00f6mningar av riskerna med att forts\u00e4tta flyga till Ryssland.<\/p>\n<p style=\"text-align: left\">Rysslands krig mot Ukraina f\u00e5r d\u00e4rmed allt tydligare konsekvenser \u00e4ven f\u00f6r landets eget luftrum. Effekterna m\u00e4rks inte bara i anslutning till milit\u00e4ra och strategiska m\u00e5l, utan ocks\u00e5 inom den civila flygtrafiken.<\/p>\n<p style=\"text-align: left\">Artikeln har sammanst\u00e4llts av Anthony Kubint f\u00f6r InformNapalm.<\/p>\n<hr style=\"width: 75%;margin: 20px 0;border: 0;border-top: 1px solid #ccc;text-align: left\" \/>\n<div style=\"color: #333333;text-align: left;font-family: Helvetica Neue,Helvetica,Arial,Nimbus Sans L,sans-serif\">\n<h2 style=\"color: #000;font-size: 1.5rem;font-weight: bold;margin-top: 24px;margin-bottom: 12px\">Ytterligare artiklar av InformNapalm<\/h2>\n<ul style=\"text-align: left;list-style-type: disc;padding-left: 20px\">\n<li style=\"text-align: left;margin-bottom: 8px\"><a style=\"color: #333333;text-decoration: none\" href=\"https:\/\/informnapalm.org\/sv\/gru-officer-2\/\" target=\"_blank\" rel=\"noopener noreferrer\">Hackning av en GRU-officer efterlyst av FBI, ledare f\u00f6r hackergruppen APT28<\/a><\/li>\n<li style=\"text-align: left;margin-bottom: 8px\"><a style=\"color: #333333;text-decoration: none\" href=\"https:\/\/informnapalm.org\/sv\/tolv-ar-av-underrattelsearbete\/\" target=\"_blank\" rel=\"noopener noreferrer\">InformNapalm markerar tolv \u00e5r av underr\u00e4ttelsearbete mot Ryssland<\/a><\/li>\n<li style=\"text-align: left;margin-bottom: 8px\"><a style=\"color: #333333;text-decoration: none\" href=\"https:\/\/informnapalm.org\/sv\/sverige-ukraina-2026\/\" target=\"_blank\" rel=\"noopener noreferrer\">Det politiska klimatet i Sverige efter Rysslands invasion av Ukraina<\/a><\/li>\n<\/ul>\n<\/div>\n<hr style=\"border: none;border-top: 1px solid #cfcfcf;margin: 24px 0;width: 100%;text-align: left\" \/>\n<div style=\"color: #333333;text-align: left;font-family: Helvetica Neue,Helvetica,Arial,Nimbus Sans L,sans-serif\">\n<p style=\"text-align: left;margin-bottom: 16px\"><img loading=\"lazy\" decoding=\"async\" class=\"alignleft\" style=\"float: left;margin-right: 15px\" title=\"InformNapalm p\u00e5 svenska\" src=\"https:\/\/informnapalm.org\/fr\/wp-content\/uploads\/sites\/2\/2015\/12\/InformNapalm_logo_05.png\" alt=\"InformNapalm p\u00e5 svenska\" width=\"120\" height=\"55\" \/><span style=\"color: #333333\">Materialet f\u00e5r fritt spridas och \u00e5terpubliceras under f\u00f6ruts\u00e4ttning att k\u00e4llan anges.<\/span> Licensiering enligt Creative Commons Erk\u00e4nnande 4.0 Internationell (CC BY 4.0). <span style=\"color: #333333\">F\u00f6lj oss p\u00e5 <\/span><a style=\"text-decoration: none;font-weight: bold\" href=\"https:\/\/www.facebook.com\/informnapalm24\/\" target=\"_blank\" rel=\"noopener noreferrer\">Facebook<\/a>, <a style=\"text-decoration: none;font-weight: bold\" href=\"https:\/\/twitter.com\/informnapalm\" target=\"_blank\" rel=\"noopener noreferrer\">X<\/a>, <a style=\"text-decoration: none;font-weight: bold\" title=\"Telegram\" href=\"https:\/\/t.me\/informnapalm\" target=\"_blank\" rel=\"noopener noreferrer\">Telegram<\/a> och <a style=\"text-decoration: none;font-weight: bold\" title=\"Slate (Sl8)\" href=\"https:\/\/sl8.online\/invite\/WrrzJQ\" target=\"_blank\" rel=\"noopener noreferrer\">Slate (Sl8)<\/a>.<\/p>\n<p style=\"text-align: left;margin-bottom: 16px\">InformNapalm tar inte emot ekonomiskt st\u00f6d fr\u00e5n n\u00e5gon stat eller institutionell sponsor. Verksamheten finansieras uteslutande av frivilliga insatser fr\u00e5n enskilda volont\u00e4rer och l\u00e4sare. Den som \u00f6nskar bidra kan g\u00f6ra det genom m\u00e5natliga <a style=\"text-decoration: none;font-weight: bold\" href=\"https:\/\/www.buymeacoffee.com\/informnapalm\" target=\"_blank\" rel=\"noopener noreferrer\">mindre donationer<\/a> via plattformen BuyMeACoffee.<\/p>\n<\/div>\n<\/div>\n<\/div>\n","protected":false},"excerpt":{"rendered":"<p>F\u00f6r ett \u00e5r sedan uppm\u00e4rksammade InformNapalm att Ukrainas attacker med fj\u00e4rrverkande system tvingar Ryssland att st\u00e4nga delar&#8230;<\/p>\n","protected":false},"author":72,"featured_media":27039,"comment_status":"closed","ping_status":"closed","sticky":false,"template":"","format":"standard","meta":{"_acf_changed":false,"om_disable_all_campaigns":false,"_uf_show_specific_survey":0,"_uf_disable_surveys":false,"footnotes":""},"categories":[1771,268,801,148],"tags":[],"class_list":["post-27036","post","type-post","status-publish","format-standard","has-post-thumbnail","hentry","category-nyheter","category-osint","category-ryssland","category-vapen"],"acf":[],"yoast_head":"<!-- This site is optimized with the Yoast SEO plugin v28.2 - https:\/\/yoast.com\/product\/yoast-seo-wordpress\/ -->\n<title>Konsekvenserna av Rysslands SVO f\u00f6r landets civilflyg<\/title>\n<meta name=\"description\" content=\"Civilflyg i Ryssland p\u00e5verkas av ukrainska dr\u00f6naroperationer, \u00e5terkommande luftrumsst\u00e4ngningar och st\u00f6rningar vid landets flygplatser.\" \/>\n<meta name=\"robots\" content=\"index, follow, max-snippet:-1, max-image-preview:large, max-video-preview:-1\" \/>\n<link rel=\"canonical\" href=\"https:\/\/informnapalm.org\/sv\/civilflyg\/\" \/>\n<meta property=\"og:locale\" content=\"en_US\" \/>\n<meta property=\"og:type\" content=\"article\" \/>\n<meta property=\"og:title\" content=\"Konsekvenserna av Rysslands SVO f\u00f6r landets civilflyg\" \/>\n<meta property=\"og:description\" content=\"Civilflyg i Ryssland p\u00e5verkas av ukrainska dr\u00f6naroperationer, \u00e5terkommande luftrumsst\u00e4ngningar och st\u00f6rningar vid landets flygplatser.\" \/>\n<meta property=\"og:url\" content=\"https:\/\/informnapalm.org\/sv\/civilflyg\/\" \/>\n<meta property=\"og:site_name\" content=\"InformNapalm p\u00e5 svenska\" \/>\n<meta property=\"article:published_time\" content=\"2026-09-02T15:33:54+00:00\" \/>\n<meta property=\"article:modified_time\" content=\"2026-09-02T16:37:56+00:00\" \/>\n<meta property=\"og:image\" content=\"https:\/\/informnapalm.org\/sv\/wp-content\/uploads\/sites\/22\/2026\/09\/Civilflyg-i-Ryssland-paverkas-av-ukrainska-dronaroperationer.jpg\" \/>\n\t<meta property=\"og:image:width\" content=\"642\" \/>\n\t<meta property=\"og:image:height\" content=\"336\" \/>\n\t<meta property=\"og:image:type\" content=\"image\/jpeg\" \/>\n<meta name=\"author\" content=\"2476\" \/>\n<meta name=\"twitter:label1\" content=\"Written by\" \/>\n\t<meta name=\"twitter:data1\" content=\"2476\" \/>\n\t<meta name=\"twitter:label2\" content=\"Est. reading time\" \/>\n\t<meta name=\"twitter:data2\" content=\"8 minutes\" \/>\n<script type=\"application\/ld+json\" class=\"yoast-schema-graph\">{\"@context\":\"https:\\\/\\\/schema.org\",\"@graph\":[{\"@type\":\"Article\",\"@id\":\"https:\\\/\\\/informnapalm.org\\\/sv\\\/civilflyg\\\/#article\",\"isPartOf\":{\"@id\":\"https:\\\/\\\/informnapalm.org\\\/sv\\\/civilflyg\\\/\"},\"author\":{\"name\":\"2476\",\"@id\":\"https:\\\/\\\/informnapalm.org\\\/sv\\\/#\\\/schema\\\/person\\\/e683569ccd9c71b2afa351e58e558cb1\"},\"headline\":\"Konsekvenserna av Rysslands s\u00e4rskilda milit\u00e4ra operation f\u00f6r landets civilflyg\",\"datePublished\":\"2026-09-02T15:33:54+00:00\",\"dateModified\":\"2026-09-02T16:37:56+00:00\",\"mainEntityOfPage\":{\"@id\":\"https:\\\/\\\/informnapalm.org\\\/sv\\\/civilflyg\\\/\"},\"wordCount\":1925,\"publisher\":{\"@id\":\"https:\\\/\\\/informnapalm.org\\\/sv\\\/#organization\"},\"image\":{\"@id\":\"https:\\\/\\\/informnapalm.org\\\/sv\\\/civilflyg\\\/#primaryimage\"},\"thumbnailUrl\":\"https:\\\/\\\/informnapalm.org\\\/sv\\\/wp-content\\\/uploads\\\/sites\\\/22\\\/2026\\\/09\\\/Civilflyg-i-Ryssland-paverkas-av-ukrainska-dronaroperationer.jpg\",\"articleSection\":[\"Nyheter\",\"OSINT\",\"Ryssland\",\"Vapen\"],\"inLanguage\":\"en-US\"},{\"@type\":\"WebPage\",\"@id\":\"https:\\\/\\\/informnapalm.org\\\/sv\\\/civilflyg\\\/\",\"url\":\"https:\\\/\\\/informnapalm.org\\\/sv\\\/civilflyg\\\/\",\"name\":\"Konsekvenserna av Rysslands SVO f\u00f6r landets civilflyg\",\"isPartOf\":{\"@id\":\"https:\\\/\\\/informnapalm.org\\\/sv\\\/#website\"},\"primaryImageOfPage\":{\"@id\":\"https:\\\/\\\/informnapalm.org\\\/sv\\\/civilflyg\\\/#primaryimage\"},\"image\":{\"@id\":\"https:\\\/\\\/informnapalm.org\\\/sv\\\/civilflyg\\\/#primaryimage\"},\"thumbnailUrl\":\"https:\\\/\\\/informnapalm.org\\\/sv\\\/wp-content\\\/uploads\\\/sites\\\/22\\\/2026\\\/09\\\/Civilflyg-i-Ryssland-paverkas-av-ukrainska-dronaroperationer.jpg\",\"datePublished\":\"2026-09-02T15:33:54+00:00\",\"dateModified\":\"2026-09-02T16:37:56+00:00\",\"description\":\"Civilflyg i Ryssland p\u00e5verkas av ukrainska dr\u00f6naroperationer, \u00e5terkommande luftrumsst\u00e4ngningar och st\u00f6rningar vid landets flygplatser.\",\"breadcrumb\":{\"@id\":\"https:\\\/\\\/informnapalm.org\\\/sv\\\/civilflyg\\\/#breadcrumb\"},\"inLanguage\":\"en-US\",\"potentialAction\":[{\"@type\":\"ReadAction\",\"target\":[\"https:\\\/\\\/informnapalm.org\\\/sv\\\/civilflyg\\\/\"]}]},{\"@type\":\"ImageObject\",\"inLanguage\":\"en-US\",\"@id\":\"https:\\\/\\\/informnapalm.org\\\/sv\\\/civilflyg\\\/#primaryimage\",\"url\":\"https:\\\/\\\/informnapalm.org\\\/sv\\\/wp-content\\\/uploads\\\/sites\\\/22\\\/2026\\\/09\\\/Civilflyg-i-Ryssland-paverkas-av-ukrainska-dronaroperationer.jpg\",\"contentUrl\":\"https:\\\/\\\/informnapalm.org\\\/sv\\\/wp-content\\\/uploads\\\/sites\\\/22\\\/2026\\\/09\\\/Civilflyg-i-Ryssland-paverkas-av-ukrainska-dronaroperationer.jpg\",\"width\":642,\"height\":336,\"caption\":\"Civilflyg i Ryssland p\u00e5verkas av ukrainska dr\u00f6naroperationer\"},{\"@type\":\"BreadcrumbList\",\"@id\":\"https:\\\/\\\/informnapalm.org\\\/sv\\\/civilflyg\\\/#breadcrumb\",\"itemListElement\":[{\"@type\":\"ListItem\",\"position\":1,\"name\":\"Home\",\"item\":\"https:\\\/\\\/informnapalm.org\\\/sv\\\/\"},{\"@type\":\"ListItem\",\"position\":2,\"name\":\"Konsekvenserna av Rysslands s\u00e4rskilda milit\u00e4ra operation f\u00f6r landets civilflyg\"}]},{\"@type\":\"WebSite\",\"@id\":\"https:\\\/\\\/informnapalm.org\\\/sv\\\/#website\",\"url\":\"https:\\\/\\\/informnapalm.org\\\/sv\\\/\",\"name\":\"InformNapalm p\u00e5 svenska\",\"description\":\"Nyheter fr\u00e5n Ukraina\",\"publisher\":{\"@id\":\"https:\\\/\\\/informnapalm.org\\\/sv\\\/#organization\"},\"potentialAction\":[{\"@type\":\"SearchAction\",\"target\":{\"@type\":\"EntryPoint\",\"urlTemplate\":\"https:\\\/\\\/informnapalm.org\\\/sv\\\/?s={search_term_string}\"},\"query-input\":{\"@type\":\"PropertyValueSpecification\",\"valueRequired\":true,\"valueName\":\"search_term_string\"}}],\"inLanguage\":\"en-US\"},{\"@type\":\"Organization\",\"@id\":\"https:\\\/\\\/informnapalm.org\\\/sv\\\/#organization\",\"name\":\"InformNapalm\",\"url\":\"https:\\\/\\\/informnapalm.org\\\/sv\\\/\",\"logo\":{\"@type\":\"ImageObject\",\"inLanguage\":\"en-US\",\"@id\":\"https:\\\/\\\/informnapalm.org\\\/sv\\\/#\\\/schema\\\/logo\\\/image\\\/\",\"url\":\"https:\\\/\\\/informnapalm.org\\\/sv\\\/wp-content\\\/uploads\\\/sites\\\/22\\\/2016\\\/03\\\/InformNapalm_logo_07.png\",\"contentUrl\":\"https:\\\/\\\/informnapalm.org\\\/sv\\\/wp-content\\\/uploads\\\/sites\\\/22\\\/2016\\\/03\\\/InformNapalm_logo_07.png\",\"width\":220,\"height\":90,\"caption\":\"InformNapalm\"},\"image\":{\"@id\":\"https:\\\/\\\/informnapalm.org\\\/sv\\\/#\\\/schema\\\/logo\\\/image\\\/\"}},{\"@type\":\"Person\",\"@id\":\"https:\\\/\\\/informnapalm.org\\\/sv\\\/#\\\/schema\\\/person\\\/e683569ccd9c71b2afa351e58e558cb1\",\"name\":\"2476\",\"image\":{\"@type\":\"ImageObject\",\"inLanguage\":\"en-US\",\"@id\":\"https:\\\/\\\/secure.gravatar.com\\\/avatar\\\/4cdfe9f344a6a3098c5b8f56d0951f5a6488eb77f72278644d45d1518136dda9?s=96&d=mm&r=g\",\"url\":\"https:\\\/\\\/secure.gravatar.com\\\/avatar\\\/4cdfe9f344a6a3098c5b8f56d0951f5a6488eb77f72278644d45d1518136dda9?s=96&d=mm&r=g\",\"contentUrl\":\"https:\\\/\\\/secure.gravatar.com\\\/avatar\\\/4cdfe9f344a6a3098c5b8f56d0951f5a6488eb77f72278644d45d1518136dda9?s=96&d=mm&r=g\",\"caption\":\"2476\"},\"url\":\"https:\\\/\\\/informnapalm.org\\\/sv\\\/author\\\/tugrul\\\/\"}]}<\/script>\n<!-- \/ Yoast SEO plugin. -->","yoast_head_json":{"title":"Konsekvenserna av Rysslands SVO f\u00f6r landets civilflyg","description":"Civilflyg i Ryssland p\u00e5verkas av ukrainska dr\u00f6naroperationer, \u00e5terkommande luftrumsst\u00e4ngningar och st\u00f6rningar vid landets flygplatser.","robots":{"index":"index","follow":"follow","max-snippet":"max-snippet:-1","max-image-preview":"max-image-preview:large","max-video-preview":"max-video-preview:-1"},"canonical":"https:\/\/informnapalm.org\/sv\/civilflyg\/","og_locale":"en_US","og_type":"article","og_title":"Konsekvenserna av Rysslands SVO f\u00f6r landets civilflyg","og_description":"Civilflyg i Ryssland p\u00e5verkas av ukrainska dr\u00f6naroperationer, \u00e5terkommande luftrumsst\u00e4ngningar och st\u00f6rningar vid landets flygplatser.","og_url":"https:\/\/informnapalm.org\/sv\/civilflyg\/","og_site_name":"InformNapalm p\u00e5 svenska","article_published_time":"2026-09-02T15:33:54+00:00","article_modified_time":"2026-09-02T16:37:56+00:00","og_image":[{"width":642,"height":336,"url":"https:\/\/informnapalm.org\/sv\/wp-content\/uploads\/sites\/22\/2026\/09\/Civilflyg-i-Ryssland-paverkas-av-ukrainska-dronaroperationer.jpg","type":"image\/jpeg"}],"author":"2476","twitter_misc":{"Written by":"2476","Est. reading time":"8 minutes"},"schema":{"@context":"https:\/\/schema.org","@graph":[{"@type":"Article","@id":"https:\/\/informnapalm.org\/sv\/civilflyg\/#article","isPartOf":{"@id":"https:\/\/informnapalm.org\/sv\/civilflyg\/"},"author":{"name":"2476","@id":"https:\/\/informnapalm.org\/sv\/#\/schema\/person\/e683569ccd9c71b2afa351e58e558cb1"},"headline":"Konsekvenserna av Rysslands s\u00e4rskilda milit\u00e4ra operation f\u00f6r landets civilflyg","datePublished":"2026-09-02T15:33:54+00:00","dateModified":"2026-09-02T16:37:56+00:00","mainEntityOfPage":{"@id":"https:\/\/informnapalm.org\/sv\/civilflyg\/"},"wordCount":1925,"publisher":{"@id":"https:\/\/informnapalm.org\/sv\/#organization"},"image":{"@id":"https:\/\/informnapalm.org\/sv\/civilflyg\/#primaryimage"},"thumbnailUrl":"https:\/\/informnapalm.org\/sv\/wp-content\/uploads\/sites\/22\/2026\/09\/Civilflyg-i-Ryssland-paverkas-av-ukrainska-dronaroperationer.jpg","articleSection":["Nyheter","OSINT","Ryssland","Vapen"],"inLanguage":"en-US"},{"@type":"WebPage","@id":"https:\/\/informnapalm.org\/sv\/civilflyg\/","url":"https:\/\/informnapalm.org\/sv\/civilflyg\/","name":"Konsekvenserna av Rysslands SVO f\u00f6r landets civilflyg","isPartOf":{"@id":"https:\/\/informnapalm.org\/sv\/#website"},"primaryImageOfPage":{"@id":"https:\/\/informnapalm.org\/sv\/civilflyg\/#primaryimage"},"image":{"@id":"https:\/\/informnapalm.org\/sv\/civilflyg\/#primaryimage"},"thumbnailUrl":"https:\/\/informnapalm.org\/sv\/wp-content\/uploads\/sites\/22\/2026\/09\/Civilflyg-i-Ryssland-paverkas-av-ukrainska-dronaroperationer.jpg","datePublished":"2026-09-02T15:33:54+00:00","dateModified":"2026-09-02T16:37:56+00:00","description":"Civilflyg i Ryssland p\u00e5verkas av ukrainska dr\u00f6naroperationer, \u00e5terkommande luftrumsst\u00e4ngningar och st\u00f6rningar vid landets flygplatser.","breadcrumb":{"@id":"https:\/\/informnapalm.org\/sv\/civilflyg\/#breadcrumb"},"inLanguage":"en-US","potentialAction":[{"@type":"ReadAction","target":["https:\/\/informnapalm.org\/sv\/civilflyg\/"]}]},{"@type":"ImageObject","inLanguage":"en-US","@id":"https:\/\/informnapalm.org\/sv\/civilflyg\/#primaryimage","url":"https:\/\/informnapalm.org\/sv\/wp-content\/uploads\/sites\/22\/2026\/09\/Civilflyg-i-Ryssland-paverkas-av-ukrainska-dronaroperationer.jpg","contentUrl":"https:\/\/informnapalm.org\/sv\/wp-content\/uploads\/sites\/22\/2026\/09\/Civilflyg-i-Ryssland-paverkas-av-ukrainska-dronaroperationer.jpg","width":642,"height":336,"caption":"Civilflyg i Ryssland p\u00e5verkas av ukrainska dr\u00f6naroperationer"},{"@type":"BreadcrumbList","@id":"https:\/\/informnapalm.org\/sv\/civilflyg\/#breadcrumb","itemListElement":[{"@type":"ListItem","position":1,"name":"Home","item":"https:\/\/informnapalm.org\/sv\/"},{"@type":"ListItem","position":2,"name":"Konsekvenserna av Rysslands s\u00e4rskilda milit\u00e4ra operation f\u00f6r landets civilflyg"}]},{"@type":"WebSite","@id":"https:\/\/informnapalm.org\/sv\/#website","url":"https:\/\/informnapalm.org\/sv\/","name":"InformNapalm p\u00e5 svenska","description":"Nyheter fr\u00e5n Ukraina","publisher":{"@id":"https:\/\/informnapalm.org\/sv\/#organization"},"potentialAction":[{"@type":"SearchAction","target":{"@type":"EntryPoint","urlTemplate":"https:\/\/informnapalm.org\/sv\/?s={search_term_string}"},"query-input":{"@type":"PropertyValueSpecification","valueRequired":true,"valueName":"search_term_string"}}],"inLanguage":"en-US"},{"@type":"Organization","@id":"https:\/\/informnapalm.org\/sv\/#organization","name":"InformNapalm","url":"https:\/\/informnapalm.org\/sv\/","logo":{"@type":"ImageObject","inLanguage":"en-US","@id":"https:\/\/informnapalm.org\/sv\/#\/schema\/logo\/image\/","url":"https:\/\/informnapalm.org\/sv\/wp-content\/uploads\/sites\/22\/2016\/03\/InformNapalm_logo_07.png","contentUrl":"https:\/\/informnapalm.org\/sv\/wp-content\/uploads\/sites\/22\/2016\/03\/InformNapalm_logo_07.png","width":220,"height":90,"caption":"InformNapalm"},"image":{"@id":"https:\/\/informnapalm.org\/sv\/#\/schema\/logo\/image\/"}},{"@type":"Person","@id":"https:\/\/informnapalm.org\/sv\/#\/schema\/person\/e683569ccd9c71b2afa351e58e558cb1","name":"2476","image":{"@type":"ImageObject","inLanguage":"en-US","@id":"https:\/\/secure.gravatar.com\/avatar\/4cdfe9f344a6a3098c5b8f56d0951f5a6488eb77f72278644d45d1518136dda9?s=96&d=mm&r=g","url":"https:\/\/secure.gravatar.com\/avatar\/4cdfe9f344a6a3098c5b8f56d0951f5a6488eb77f72278644d45d1518136dda9?s=96&d=mm&r=g","contentUrl":"https:\/\/secure.gravatar.com\/avatar\/4cdfe9f344a6a3098c5b8f56d0951f5a6488eb77f72278644d45d1518136dda9?s=96&d=mm&r=g","caption":"2476"},"url":"https:\/\/informnapalm.org\/sv\/author\/tugrul\/"}]}},"post_src":"<div style=\"color: #000000;text-align: left\">\r\n<p style=\"text-align: left\"><span style=\"font-weight: bold;font-family: Helvetica Neue,Helvetica,Arial,Nimbus Sans L,sans-serif\">F\u00f6r ett \u00e5r sedan uppm\u00e4rksammade InformNapalm att Ukrainas attacker med fj\u00e4rrverkande system tvingar Ryssland att st\u00e4nga delar av sitt luftrum, vilket begr\u00e4nsar landets civilflyg och medf\u00f6r ekonomiska f\u00f6rluster.<\/span><\/p>\r\n\r\n<div style=\"color: #333333;text-align: left\">\r\n<p style=\"text-align: left\">Efter ett uttalande av president Volodymyr Zelenskyj den 1 september och uppgifter i The Atlantic om en ukrainsk plan f\u00f6r att \u00e5terkommande st\u00f6ra flygtrafiken kring Moskva tycks denna effekt nu vara p\u00e5 v\u00e4g att utvecklas till ett mer systematiskt p\u00e5tryckningsmedel mot Ryssland.<\/p>\r\n\r\n<h2 style=\"color: #000000;font-size: 1.3rem;font-weight: bold;margin-top: 24px;margin-bottom: 12px;font-family: &#039;Helvetica Neue&#039;, Helvetica, Arial, &#039;Nimbus Sans L&#039;, sans-serif;text-align: left\">Zelenskyj varnar f\u00f6r f\u00f6r\u00e4ndrat s\u00e4kerhetsl\u00e4ge i ryskt luftrum<\/h2>\r\n<p style=\"text-align: left\">Den 1 september gjorde Zelenskyj ett uttalande som kan markera ett nytt skede i Ukrainas anv\u00e4ndning av fj\u00e4rrverkande system. Budskapet riktade sig i praktiken till internationella flygbolag, f\u00f6rs\u00e4kringsbolag och de stater vars flygbolag fortfarande anv\u00e4nder ryskt luftrum.<\/p>\r\n\r\n<div style=\"text-align: left;margin-top: 16px;margin-bottom: 16px;padding: 0\"><iframe src=\"https:\/\/www.youtube.com\/embed\/3-xS7yVB7zI?si=S08Z-oqqb3ltyUNX\" width=\"642\" height=\"340\" frameborder=\"0\" allowfullscreen=\"allowfullscreen\"><\/iframe><\/div>\r\n<p style=\"text-align: left\">Enligt Zelenskyj kommer det ryska luftrummet de facto att st\u00e4ngas som en f\u00f6ljd av det krig som Ryssland har inlett. Samtidigt betonade han att Ukraina inte hotar civila flygplan. Risken best\u00e5r i att antalet ukrainska dr\u00f6nare i ryskt luftrum v\u00e4ntas \u00f6ka och att den civila luftfarten d\u00e4rf\u00f6r m\u00e5ste anpassa sig till ett f\u00f6r\u00e4ndrat s\u00e4kerhetsl\u00e4ge.<\/p>\r\n\r\n<h2 style=\"color: #000000;font-size: 1.3rem;font-weight: bold;margin-top: 24px;margin-bottom: 12px;font-family: &#039;Helvetica Neue&#039;, Helvetica, Arial, &#039;Nimbus Sans L&#039;, sans-serif;text-align: left\">S\u00e4kerheten i luftrummet \u00f6ver ryska flygplatser har blivit en f\u00f6rhandlingsfr\u00e5ga<\/h2>\r\n<p style=\"text-align: left\">En central del av Zelenskyjs uttalande handlade om diplomati. Han bekr\u00e4ftade att Ukraina p\u00e5 USA:s beg\u00e4ran gjorde ett uppeh\u00e5ll i attackerna mot Moskva och Sankt Petersburg den 25\u201327 augusti. Enligt honom hade \u00e4ven ett annat land v\u00e4nt sig till Ukraina med en beg\u00e4ran om ett tillf\u00e4lligt uppeh\u00e5ll i riktning mot Vladivostok. Principen \u00e4r att Ukraina av diplomatiska sk\u00e4l och f\u00f6r att underl\u00e4tta f\u00f6rhandlingar under vissa perioder och i vissa riktningar kan avst\u00e5 fr\u00e5n att anv\u00e4nda dr\u00f6nare i delar av det ryska luftrummet. S\u00e5 l\u00e4nge Ryssland forts\u00e4tter kriget kvarst\u00e5r samtidigt risken f\u00f6r att ukrainska dr\u00f6nare och andra fj\u00e4rrverkande system n\u00e5r ryskt luftrum. Det kan tvinga Ryssland att st\u00e4nga flygplatser eller begr\u00e4nsa den civila flygtrafiken.<\/p>\r\n<p style=\"text-align: left\">Zelenskyjs uttalande visar d\u00e4rmed att en tillf\u00e4llig minskning av denna risk kan bli en del av internationella \u00f6verenskommelser. Enligt honom kan det ryska luftrummet bli fullt s\u00e4kert igen f\u00f6rst n\u00e4r det finns verkliga framsteg mot ett slut p\u00e5 kriget. S\u00e4kerheten i det ryska luftrummet \u00e4r d\u00e4rf\u00f6r inte l\u00e4ngre enbart en flygs\u00e4kerhetsfr\u00e5ga, utan kan ocks\u00e5 f\u00e5 betydelse i diplomatiska f\u00f6rhandlingar.<\/p>\r\n\r\n<h2 style=\"color: #000000;font-size: 1.3rem;font-weight: bold;margin-top: 24px;margin-bottom: 12px;font-family: &#039;Helvetica Neue&#039;, Helvetica, Arial, &#039;Nimbus Sans L&#039;, sans-serif;text-align: left\">Flygmarknaden har redan reagerat<\/h2>\r\n<p style=\"text-align: left\">De f\u00f6rsta praktiska konsekvenserna m\u00e4rktes n\u00e4stan omedelbart n\u00e4r turkiska flygbolag natten till den 2 september st\u00e4llde in flera flygningar till och fr\u00e5n Moskva samtidigt som nya restriktioner inf\u00f6rdes vid flygplatserna i den ryska huvudstaden. Turkiska Pegasus Airlines v\u00e4nde tv\u00e5 flygplan som var p\u00e5 v\u00e4g fr\u00e5n Antalya respektive Izmir. Det skedde innan den ryska beredskaps\u00e5tg\u00e4rden officiellt inf\u00f6rdes p\u00e5 Vnukovo flygplats. Beredskaps\u00e5tg\u00e4rden inneb\u00e4r att flygtrafiken tillf\u00e4lligt begr\u00e4nsas n\u00e4r myndigheterna bed\u00f6mer att luftrummet \u00e4r utsatt f\u00f6r ett hot. \u00c4ven flera andra avg\u00e5ngar med Pegasus och Turkish Airlines till Moskva st\u00e4lldes in. \u00c4ven den ryska aktiemarknaden reagerade. Efter Zelenskyjs uttalande f\u00f6ll aktien i Rysslands st\u00f6rsta flygbolag Aeroflot med mer \u00e4n 5 procent i kv\u00e4llshandeln p\u00e5 Moskvab\u00f6rsen.<\/p>\r\n<img class=\"alignnone\" style=\"width: 642pt;height: auto;border: 1pt solid #000\" title=\"Aeroflot och den ryska flygmarknaden\" src=\"https:\/\/informnapalm.org\/ua\/wp-content\/uploads\/sites\/9\/2026\/09\/aeroflot.jpg\" alt=\"Aeroflot och den ryska flygmarknaden\" width=\"997\" height=\"621\" \/>\r\n<p style=\"text-align: left\">Uttalandet riktar sig d\u00e4rf\u00f6r inte bara till Kreml och den ryska allm\u00e4nheten, utan ocks\u00e5 till flygbolag och f\u00f6rs\u00e4kringsbolag. F\u00f6r flygbranschen fungerar den h\u00e4r typen av risk annorlunda \u00e4n traditionella ekonomiska sanktioner. Om ett flygbolag eller ett f\u00f6rs\u00e4kringsbolag bed\u00f6mer att en flygrutt har blivit alltf\u00f6r riskfylld eller \u00e5terkommande drabbas av st\u00f6rningar beh\u00f6vs inte ett nytt politiskt beslut eller ett formellt f\u00f6rbud.<\/p>\r\n<p style=\"text-align: left\">Flygningar kan st\u00e4llas in, skjutas upp eller ledas om enbart p\u00e5 grundval av operativa riskbed\u00f6mningar. St\u00f6rningar i luftrummet kan d\u00e4rf\u00f6r f\u00e5 ekonomiska konsekvenser l\u00e5ngt innan n\u00e5gra nya formella sanktioner eller internationella begr\u00e4nsningar inf\u00f6rs. Det g\u00f6r den civila luftfarten till en s\u00e4rskilt k\u00e4nslig sektor f\u00f6r Ryssland.<\/p>\r\n\r\n<h2 style=\"color: #000000;font-size: 1.3rem;font-weight: bold;margin-top: 24px;margin-bottom: 12px;font-family: &#039;Helvetica Neue&#039;, Helvetica, Arial, &#039;Nimbus Sans L&#039;, sans-serif;text-align: left\">Fr\u00e5n parad i Moskva till varningar f\u00f6r flygtrafiken<\/h2>\r\n<p style=\"text-align: left\">Ukraina har tidigare anv\u00e4nt en liknande form av politisk signalering. Den 8 maj 2026 utf\u00e4rdade Zelenskyj dekret nr 374\/2026, genom vilket han formellt gav klartecken till att paraden den 9 maj kunde genomf\u00f6ras i Moskva. Under tiden f\u00f6r evenemanget undantogs ett angivet omr\u00e5de p\u00e5 R\u00f6da torget fr\u00e5n Ukrainas planering f\u00f6r anv\u00e4ndning av vapen. Till formen kunde beskedet uppfattas som en politisk provokation, men det var samtidigt en konkret milit\u00e4r signal med fastst\u00e4llda koordinater och tidsramar. D\u00e4rf\u00f6r togs det p\u00e5 allvar b\u00e5de i Ryssland och utanf\u00f6r landet.<\/p>\r\n<p style=\"text-align: left\">Nu \u00e4r omfattningen st\u00f6rre. Zelenskyjs budskap riktar sig inte l\u00e4ngre till deltagarna i ett enskilt evenemang p\u00e5 R\u00f6da torget, utan till den internationella flygmarknaden. Riskerna med att anv\u00e4nda ryskt luftrum ska enligt hans budskap betraktas som en konkret operativ faktor som flygbolag och f\u00f6rs\u00e4kringsbolag m\u00e5ste ta h\u00e4nsyn till.<\/p>\r\n\r\n<h2 style=\"color: #000000;font-size: 1.3rem;font-weight: bold;margin-top: 24px;margin-bottom: 12px;font-family: &#039;Helvetica Neue&#039;, Helvetica, Arial, &#039;Nimbus Sans L&#039;, sans-serif;text-align: left\">En ukrainsk plan f\u00f6r att st\u00f6ra civilflyget<\/h2>\r\n<p style=\"text-align: left\">I augusti rapporterade tidningen <a href=\"https:\/\/www.theatlantic.com\/national-security\/2026\/08\/ukraine-moscow-airports-ai-drones\/688337\/\">The Atlantic<\/a>, med h\u00e4nvisning till k\u00e4llor, om en ukrainsk plan som enligt tidningen har kodnamnet M&amp;M. Planen uppges bygga p\u00e5 anv\u00e4ndning av stora m\u00e4ngder billiga autonoma dr\u00f6nare f\u00f6r att \u00e5terkommande st\u00f6ra flygtrafiken kring Moskva. Det finns dock inget offentligt besked fr\u00e5n ukrainska myndigheter som bekr\u00e4ftar att M&amp;M \u00e4r ett officiellt operationsnamn eller att planen genomf\u00f6rs i den form som The Atlantic beskriver.<\/p>\r\n<p style=\"text-align: left\">Enligt tidningen \u00e4r syftet inte i f\u00f6rsta hand att angripa civila flygplatser. Tanken \u00e4r i st\u00e4llet att ett stort antal dr\u00f6nare ska skapa en \u00e5terkommande risk i luftrummet som f\u00e5r Ryssland att sj\u00e4lvt begr\u00e4nsa flygtrafiken. Om st\u00f6rningarna blir tillr\u00e4ckligt omfattande kan internationella flygbolag och f\u00f6rs\u00e4kringsbolag dessutom b\u00f6rja bed\u00f6ma flygningar till Moskva som alltf\u00f6r riskfyllda eller op\u00e5litliga.<\/p>\r\n<p style=\"text-align: left\">Moskvas flygplatser skulle p\u00e5 s\u00e5 s\u00e4tt kunna p\u00e5verkas utan att vara direkta m\u00e5l f\u00f6r attacker. \u00c5terkommande st\u00e4ngningar och f\u00f6rseningar kan f\u00e5 internationella flygbolag att minska eller helt upph\u00f6ra med sina flygningar till den ryska huvudstaden. Det skulle i sin tur kunna \u00f6ka isoleringen av den ryska politiska och ekonomiska eliten samt skapa ytterligare ekonomiskt och politiskt tryck p\u00e5 Kreml.<\/p>\r\n<p style=\"text-align: left\">The Atlantic skrev ocks\u00e5 om m\u00f6jligheten att anv\u00e4nda upp till tusen mindre autonoma dr\u00f6nare under en enda natt. Den 2 september uppgav tidningens journalist Simon Shuster att en av de k\u00e4llor som tidigare hade ber\u00e4ttat f\u00f6r honom om M&amp;M ans\u00e5g att Zelenskyjs uttalande innebar att konceptet hade b\u00f6rjat oms\u00e4ttas i praktiken.<\/p>\r\n<p style=\"text-align: left\">Detta \u00e4r dock en uppgift fr\u00e5n en journalistk\u00e4lla och inte ett officiellt besked fr\u00e5n den ukrainska regeringen. M&amp;M b\u00f6r d\u00e4rf\u00f6r beskrivas som en plan som The Atlantic har rapporterat om, inte som en offentligt bekr\u00e4ftad ukrainsk operation. Den bakomliggande strategiska principen har d\u00e4remot formulerats offentligt av Ukrainas president. N\u00e4rvaron av ukrainska fj\u00e4rrverkande dr\u00f6nare i ryskt luftrum kan i sig tvinga Ryssland att begr\u00e4nsa den civila flygtrafiken, \u00e4ven n\u00e4r civila flygplatser inte \u00e4r m\u00e5l f\u00f6r attackerna.<\/p>\r\n\r\n<h2 style=\"color: #000000;font-size: 1.3rem;font-weight: bold;margin-top: 24px;margin-bottom: 12px;font-family: &#039;Helvetica Neue&#039;, Helvetica, Arial, &#039;Nimbus Sans L&#039;, sans-serif;text-align: left\">InformNapalm har beskrivit effekten tidigare<\/h2>\r\n<p style=\"text-align: left\">F\u00f6r InformNapalms \u00e5terkommande l\u00e4sare \u00e4r denna mekanism inte ny. InformNapalm publicerade 2025 en analys och en infografik med rubriken \u00d6ver 30 ryska flygplatser drabbades av <a href=\"https:\/\/informnapalm.org\/ua\/infohrafika-ponad-30-aeroportiv-rf\/\" target=\"_blank\" rel=\"noopener\">\u00e5terkommande luftrumsst\u00e4ngningar<\/a> sommaren 2025.<\/p>\r\n<img class=\"alignnone\" style=\"width: 642pt;height: auto;border: 1pt solid #000\" title=\"\u00c5terkommande begr\u00e4nsningar av flygtrafiken vid ryska flygplatser\" src=\"https:\/\/informnapalm.org\/ua\/wp-content\/uploads\/sites\/9\/2026\/09\/kovior.jpg\" alt=\"\u00c5terkommande begr\u00e4nsningar av flygtrafiken vid ryska flygplatser\" \/>\r\n<p style=\"text-align: left\">IATA-koden f\u00f6r Sjeremetevoflygplatsen i Moskva \u00e4r SVO. Samma bokst\u00e4ver anv\u00e4nds ocks\u00e5 som rysk f\u00f6rkortning f\u00f6r den s\u00e5 kallade s\u00e4rskilda milit\u00e4ra operationen. InformNapalm har tidigare anspelat p\u00e5 denna ordlek f\u00f6r att beskriva hur konsekvenserna av kriget i allt h\u00f6gre grad ocks\u00e5 har n\u00e5tt Moskva.<\/p>\r\n<p style=\"text-align: left\">Under 2025 framtr\u00e4dde ett tydligt m\u00f6nster. Ukrainska dr\u00f6nare beh\u00f6vde inte angripa civila flygplatser f\u00f6r att p\u00e5verka flygtrafiken. Enbart f\u00f6rekomsten av fj\u00e4rrverkande dr\u00f6nare i n\u00e4rheten av st\u00f6rre flygnav har vid upprepade tillf\u00e4llen f\u00e5tt Ryssland att begr\u00e4nsa eller stoppa flygtrafiken. Under sommaren 2025 registrerades \u00e5terkommande restriktioner vid fler \u00e4n 30 ryska flygplatser. N\u00e4stan dagligen inf\u00f6rdes flygf\u00f6rbud i olika delar av Ryssland, vilket ledde till f\u00f6rseningar, omdirigerade flygplan och omfattande st\u00f6rningar i passagerartrafiken.<\/p>\r\n<p style=\"text-align: left\">I september 2025 <a href=\"https:\/\/t.me\/informnapalm\/25786\">uppm\u00e4rksammade InformNapalm<\/a> \u00e4ven de ekonomiska konsekvenserna. D\u00e4r framh\u00f6lls att st\u00e4ngningar av luftrummet \u00f6ver ryska flygplatser orsakar ekonomiska f\u00f6rluster f\u00f6r Ryssland. Om en ukrainsk dr\u00f6nares flygv\u00e4g passerar i n\u00e4rheten av en st\u00f6rre flygplats kan de ryska myndigheterna av s\u00e4kerhetssk\u00e4l tillf\u00e4lligt stoppa den civila flygtrafiken.<\/p>\r\n<p style=\"text-align: left\">Mekanismen \u00e4r enkel. En dr\u00f6nare kan vara p\u00e5 v\u00e4g mot ett milit\u00e4rt m\u00e5l, ett olje- eller gasm\u00e5l eller n\u00e5gon annan m\u00e5ltavla. Om flygv\u00e4gen passerar i n\u00e4rheten av ett st\u00f6rre flygnav kan Ryssland av s\u00e4kerhetssk\u00e4l st\u00e4nga luftrummet. D\u00e4rmed uppst\u00e5r ytterligare ekonomiska och logistiska f\u00f6rluster \u00e4ven om den civila flygplatsen inte \u00e4r m\u00e5let f\u00f6r attacken.<\/p>\r\n\r\n<h2 style=\"color: #000000;font-size: 1.3rem;font-weight: bold;margin-top: 24px;margin-bottom: 12px;font-family: &#039;Helvetica Neue&#039;, Helvetica, Arial, &#039;Nimbus Sans L&#039;, sans-serif;text-align: left\">Fr\u00e5n bieffekt till systematiskt p\u00e5tryckningsmedel<\/h2>\r\n<p style=\"text-align: left\">Det \u00e4r inte k\u00e4nt med s\u00e4kerhet varf\u00f6r denna mekanism f\u00f6rst nu tycks utvecklas till ett systematiskt p\u00e5tryckningsmedel. Ukraina kan tidigare ha saknat tillr\u00e4ckligt m\u00e5nga fj\u00e4rrverkande system f\u00f6r att uppr\u00e4tth\u00e5lla ett kontinuerligt tryck mot stora ryska flygnav. Produktionen av billigare dr\u00f6nare och autonoma system kan ocks\u00e5 ha beh\u00f6vt skalas upp.<\/p>\r\n<p style=\"text-align: left\">Det \u00e4r dessutom m\u00f6jligt att Ukraina har tagit h\u00e4nsyn till diplomatiska konsekvenser f\u00f6r de l\u00e4nder vars flygbolag fortfarande anv\u00e4nder ryskt luftrum i stor omfattning. En annan m\u00f6jlig f\u00f6rklaring \u00e4r att strategin f\u00f6r anv\u00e4ndningen av fj\u00e4rrverkande system har f\u00f6r\u00e4ndrats. Det kan \u00e4ven finnas andra orsaker. Det g\u00e5r d\u00e4remot att konstatera att den ekonomiska effekt som InformNapalm redan 2025 beskrev som en f\u00f6ljd av Ukrainas fj\u00e4rrverkande attacker nu tycks vara p\u00e5 v\u00e4g att f\u00e5 en mer systematisk roll.<\/p>\r\n<p style=\"text-align: left\">Ukraina beh\u00f6ver inte fysiskt st\u00e4nga ryska civila flygplatser f\u00f6r att uppn\u00e5 denna effekt. Det r\u00e4cker att skapa ett s\u00e4kerhetsl\u00e4ge d\u00e4r Ryssland regelbundet tvingas begr\u00e4nsa flygtrafiken, samtidigt som internationella flygbolag och f\u00f6rs\u00e4kringsbolag g\u00f6r egna bed\u00f6mningar av riskerna med att forts\u00e4tta flyga till Ryssland.<\/p>\r\n<p style=\"text-align: left\">Rysslands krig mot Ukraina f\u00e5r d\u00e4rmed allt tydligare konsekvenser \u00e4ven f\u00f6r landets eget luftrum. Effekterna m\u00e4rks inte bara i anslutning till milit\u00e4ra och strategiska m\u00e5l, utan ocks\u00e5 inom den civila flygtrafiken.<\/p>\r\n<p style=\"text-align: left\">Artikeln har sammanst\u00e4llts av Anthony Kubint f\u00f6r InformNapalm.<\/p>\r\n\r\n\r\n<hr style=\"width: 75%;margin: 20px 0;border: 0;border-top: 1px solid #ccc;text-align: left\" \/>\r\n\r\n<div style=\"color: #333333;text-align: left;font-family: Helvetica Neue,Helvetica,Arial,Nimbus Sans L,sans-serif\">\r\n<h2 style=\"color: #000;font-size: 1.5rem;font-weight: bold;margin-top: 24px;margin-bottom: 12px\">Ytterligare artiklar av InformNapalm<\/h2>\r\n<ul style=\"text-align: left;list-style-type: disc;padding-left: 20px\">\r\n \t<li style=\"text-align: left;margin-bottom: 8px\"><a style=\"color: #333333;text-decoration: none\" href=\"https:\/\/informnapalm.org\/sv\/gru-officer-2\/\" target=\"_blank\" rel=\"noopener noreferrer\">Hackning av en GRU-officer efterlyst av FBI, ledare f\u00f6r hackergruppen APT28<\/a><\/li>\r\n \t<li style=\"text-align: left;margin-bottom: 8px\"><a style=\"color: #333333;text-decoration: none\" href=\"https:\/\/informnapalm.org\/sv\/tolv-ar-av-underrattelsearbete\/\" target=\"_blank\" rel=\"noopener noreferrer\">InformNapalm markerar tolv \u00e5r av underr\u00e4ttelsearbete mot Ryssland<\/a><\/li>\r\n \t<li style=\"text-align: left;margin-bottom: 8px\"><a style=\"color: #333333;text-decoration: none\" href=\"https:\/\/informnapalm.org\/sv\/sverige-ukraina-2026\/\" target=\"_blank\" rel=\"noopener noreferrer\">Det politiska klimatet i Sverige efter Rysslands invasion av Ukraina<\/a><\/li>\r\n<\/ul>\r\n<\/div>\r\n\r\n<hr style=\"border: none;border-top: 1px solid #cfcfcf;margin: 24px 0;width: 100%;text-align: left\" \/>\r\n\r\n<div style=\"color: #333333;text-align: left;font-family: Helvetica Neue,Helvetica,Arial,Nimbus Sans L,sans-serif\">\r\n<p style=\"text-align: left;margin-bottom: 16px\"><img class=\"alignleft\" style=\"float: left;margin-right: 15px\" title=\"InformNapalm p\u00e5 svenska\" src=\"https:\/\/informnapalm.org\/fr\/wp-content\/uploads\/sites\/2\/2015\/12\/InformNapalm_logo_05.png\" alt=\"InformNapalm p\u00e5 svenska\" width=\"120\" height=\"55\" \/><span style=\"color: #333333\">Materialet f\u00e5r fritt spridas och \u00e5terpubliceras under f\u00f6ruts\u00e4ttning att k\u00e4llan anges.<\/span> Licensiering enligt Creative Commons Erk\u00e4nnande 4.0 Internationell (CC BY 4.0). <span style=\"color: #333333\">F\u00f6lj oss p\u00e5 <\/span><a style=\"text-decoration: none;font-weight: bold\" href=\"https:\/\/www.facebook.com\/informnapalm24\/\" target=\"_blank\" rel=\"noopener noreferrer\">Facebook<\/a>, <a style=\"text-decoration: none;font-weight: bold\" href=\"https:\/\/twitter.com\/informnapalm\" target=\"_blank\" rel=\"noopener noreferrer\">X<\/a>, <a style=\"text-decoration: none;font-weight: bold\" title=\"Telegram\" href=\"https:\/\/t.me\/informnapalm\" target=\"_blank\" rel=\"noopener noreferrer\">Telegram<\/a> och <a style=\"text-decoration: none;font-weight: bold\" title=\"Slate (Sl8)\" href=\"https:\/\/sl8.online\/invite\/WrrzJQ\" target=\"_blank\" rel=\"noopener noreferrer\">Slate (Sl8)<\/a>.<\/p>\r\n<p style=\"text-align: left;margin-bottom: 16px\">InformNapalm tar inte emot ekonomiskt st\u00f6d fr\u00e5n n\u00e5gon stat eller institutionell sponsor. Verksamheten finansieras uteslutande av frivilliga insatser fr\u00e5n enskilda volont\u00e4rer och l\u00e4sare. Den som \u00f6nskar bidra kan g\u00f6ra det genom m\u00e5natliga <a style=\"text-decoration: none;font-weight: bold\" href=\"https:\/\/www.buymeacoffee.com\/informnapalm\" target=\"_blank\" rel=\"noopener noreferrer\">mindre donationer<\/a> via plattformen BuyMeACoffee.<\/p>\r\n\r\n<\/div>\r\n<\/div>\r\n<\/div>","amp_enabled":false,"_links":{"self":[{"href":"https:\/\/informnapalm.org\/sv\/wp-json\/wp\/v2\/posts\/27036","targetHints":{"allow":["GET"]}}],"collection":[{"href":"https:\/\/informnapalm.org\/sv\/wp-json\/wp\/v2\/posts"}],"about":[{"href":"https:\/\/informnapalm.org\/sv\/wp-json\/wp\/v2\/types\/post"}],"author":[{"embeddable":true,"href":"https:\/\/informnapalm.org\/sv\/wp-json\/wp\/v2\/users\/72"}],"replies":[{"embeddable":true,"href":"https:\/\/informnapalm.org\/sv\/wp-json\/wp\/v2\/comments?post=27036"}],"version-history":[{"count":11,"href":"https:\/\/informnapalm.org\/sv\/wp-json\/wp\/v2\/posts\/27036\/revisions"}],"predecessor-version":[{"id":27048,"href":"https:\/\/informnapalm.org\/sv\/wp-json\/wp\/v2\/posts\/27036\/revisions\/27048"}],"wp:featuredmedia":[{"embeddable":true,"href":"https:\/\/informnapalm.org\/sv\/wp-json\/wp\/v2\/media\/27039"}],"wp:attachment":[{"href":"https:\/\/informnapalm.org\/sv\/wp-json\/wp\/v2\/media?parent=27036"}],"wp:term":[{"taxonomy":"category","embeddable":true,"href":"https:\/\/informnapalm.org\/sv\/wp-json\/wp\/v2\/categories?post=27036"},{"taxonomy":"post_tag","embeddable":true,"href":"https:\/\/informnapalm.org\/sv\/wp-json\/wp\/v2\/tags?post=27036"}],"curies":[{"name":"wp","href":"https:\/\/api.w.org\/{rel}","templated":true}]}}