{"id":27049,"date":"2026-09-03T19:50:57","date_gmt":"2026-09-03T17:50:57","guid":{"rendered":"https:\/\/informnapalm.org\/sv\/?p=27049"},"modified":"2026-09-03T20:57:19","modified_gmt":"2026-09-03T18:57:19","slug":"mordforsok","status":"publish","type":"post","link":"https:\/\/informnapalm.org\/sv\/mordforsok\/","title":{"rendered":"Mordf\u00f6rs\u00f6k mot rysk general som misst\u00e4nks f\u00f6r attacker mot Ukraina"},"content":{"rendered":"<div lang=\"sv\" style=\"color: #000000;text-align: left\">\n<p style=\"text-align: left\"><span style=\"font-weight: bold;font-family: Helvetica Neue,Helvetica,Arial,Nimbus Sans L,sans-serif\">Generalmajor Nikolai Varpachovitj leder ett ryskt f\u00f6rband med strategiska bombflygplan. Ukrainska myndigheter misst\u00e4nker honom f\u00f6r delaktighet i flera robotattacker mot civila m\u00e5l, d\u00e4ribland attacken mot Ukrainas st\u00f6rsta specialiserade barnsjukhus i Kyiv. Den 3 september 2026 skadades han sv\u00e5rt i ett mordf\u00f6rs\u00f6k i Ryssland.<\/span><\/p>\n<div style=\"color: #333333;text-align: left\">\n<p style=\"text-align: left\">Den 3 september 2026 omkring klockan 07.00 utsattes en h\u00f6gt uppsatt rysk officer f\u00f6r ett mordf\u00f6rs\u00f6k. Angreppet skedde i samh\u00e4llet Probuzjdenije utanf\u00f6r staden Engels i Saratovregionen. Officeren tillh\u00f6rde Rysslands luft- och rymdstridskrafter. Flera k\u00e4llor anger att m\u00e5let var generalmajor Nikolai Varpachovitj. Han \u00e4r bef\u00e4lhavare f\u00f6r fj\u00e4rrflygets 22:a division f\u00f6r tungt bombflyg, milit\u00e4renhet 06987. F\u00f6rbandet \u00e4r knutet till flygbasen Engels-2.<\/p>\n<h2 style=\"color: #000000;font-size: 1.3rem;font-weight: bold;margin-top: 24px;margin-bottom: 12px;font-family: &#039;Helvetica Neue&#039;, Helvetica, Arial, &#039;Nimbus Sans L&#039;, sans-serif;text-align: left\">Rysk mordutredning och ukrainsk krigsbrottsmisstanke<\/h2>\n<p style=\"text-align: left\">Ryska myndigheter har vid publiceringstillf\u00e4llet \u00e4nnu inte officiellt namngett den skadade. Rysslands utredningskommitt\u00e9 har bekr\u00e4ftat att angreppet \u00e4gde rum och har inlett en f\u00f6runders\u00f6kning om f\u00f6rs\u00f6k till mord och olaglig hantering av vapen. Kommitt\u00e9n har \u00e4ven uppgett att kulor och tomhylsor togs i beslag p\u00e5 platsen. Efter akut v\u00e5rd transporterades den sv\u00e5rt skadade officeren med flyg till Moskva.<\/p>\n<p style=\"text-align: left\">H\u00e4ndelsen f\u00e5r ett s\u00e4rskilt sammanhang genom vad som intr\u00e4ffade tre dagar tidigare, den 31 augusti 2026. Ukrainas s\u00e4kerhetstj\u00e4nst (SBU) och riks\u00e5klagar\u00e4mbetet <a href=\"https:\/\/ssu.gov.ua\/novyny\/sbu-ta-ohp-zaochno-povidomyly-pro-pidozru-rashystam-yaki-komanduvaly-raketnymy-udaramy-po-okhmatdytu-ta-zhurnalistakh-reuters\">delgav d\u00e5 Varpachovitj misstanke<\/a> om krigsbrott i hans fr\u00e5nvaro. Misstanken g\u00e4llde attacken mot Ochmatdyt, Ukrainas st\u00f6rsta specialiserade barnsjukhus i Kyiv. Det finns ett tydligt tidsm\u00e4ssigt samband mellan h\u00e4ndelserna. Verifierade uppgifter saknas dock om ukrainsk inblandning i mordf\u00f6rs\u00f6ket eller samband med den nya misstanken.<\/p>\n<h2 style=\"color: #000000;font-size: 1.3rem;font-weight: bold;margin-top: 24px;margin-bottom: 12px;font-family: &#039;Helvetica Neue&#039;, Helvetica, Arial, &#039;Nimbus Sans L&#039;, sans-serif;text-align: left\">OSINT-identifiering av rysk flygpersonal<\/h2>\n<p style=\"text-align: left\">Efter inledningen av Rysslands flyginsats i Syrien <a href=\"https:\/\/informnapalm.org\/sv\/tu160\/\">identifierade InformNapalm<\/a> i november 2015 bes\u00e4ttningsmedlemmar p\u00e5 strategiska bombflygplan av typen Tu-160 samt personal vid 6950:e gardesflygbasen i Engels i Ryssland. F\u00f6rbandets Tu-160 och Tu-95MS anv\u00e4ndes i Syrien f\u00f6r avfyrning av kryssningsrobotarna Ch-55SM, Ch-555 och Ch-101.<\/p>\n<p style=\"text-align: left\">\u00c5r 2016 offentliggjorde InformNapalm ett omfattande material med uppgifter om <a href=\"https:\/\/informnapalm.org\/sv\/bombar\/\">116 ryska piloter och navigat\u00f6rer<\/a>. Grundtanken var att enskilda utf\u00f6rare inte skulle kunna undg\u00e5 ansvar genom att skydda sig bakom beteckningar som Rysslands luft- och rymdstridskrafter eller bakom ryska officerstitlar. Syftet var d\u00e4rf\u00f6r att identifiera enskilda personer och skapa underlag f\u00f6r individuellt ansvar.<\/p>\n<div style=\"width: 642px;max-width: 100%;margin: 24px auto;aspect-ratio: 16 \/ 9\"><iframe style=\"width: 100%;height: 100%;border: 0\" src=\"https:\/\/www.youtube.com\/embed\/V0Uzt_AmHjE?start=64\" allowfullscreen=\"allowfullscreen\"><br \/>\n<\/iframe><\/div>\n<p style=\"text-align: left\">Offentligg\u00f6randet av uppgifter om bes\u00e4ttningsmedlemmar inom Rysslands luft- och rymdstridskrafter 2016 ledde till kraftiga reaktioner i ryska medier, d\u00e4r materialet beskrevs som en l\u00e4cka av hemlig information. Det ryska utrikesministeriet f\u00f6rs\u00f6kte samtidigt genom diplomatiska kanaler ut\u00f6va p\u00e5tryckningar p\u00e5 de l\u00e4nder d\u00e4r servrar f\u00f6r spegelversioner av InformNapalm.org fanns och kr\u00e4vde att webbplatsen skulle st\u00e4ngas. F\u00f6rs\u00f6ken misslyckades dock. I originalpubliceringen ingick \u00e4ven en inb\u00e4ddad video fr\u00e5n YouTube i anslutning till redog\u00f6relsen.<\/p>\n<p style=\"text-align: left\">I mars 2021 framf\u00f6rde InformNapalm en <a href=\"https:\/\/informnapalm.org\/sv\/tu-22m3-incident\/\">direkt varning<\/a>. Officerare inom fj\u00e4rrflyget som InformNapalm hade identifierat under den ryska insatsen i Syrien skulle vid ett fullskaligt krig kunna s\u00e4ttas in i attacker mot Ukraina. Mindre \u00e4n ett \u00e5r senare blev den utveckling som InformNapalm hade varnat f\u00f6r verklighet.<\/p>\n<h2 style=\"color: #000000;font-size: 1.3rem;font-weight: bold;margin-top: 24px;margin-bottom: 12px;font-family: &#039;Helvetica Neue&#039;, Helvetica, Arial, &#039;Nimbus Sans L&#039;, sans-serif;text-align: left\">Varpachovitjs roll inom Rysslands strategiska bombflyg<\/h2>\n<p style=\"text-align: left\">Nikolai Varpachovitj, f\u00f6dd 1970, \u00e4r yrkesofficer inom det ryska fj\u00e4rrflyget. Enligt Ukrainas milit\u00e4ra underr\u00e4ttelsetj\u00e4nst (HUR) \u00e4r han utbildad p\u00e5 flygplanstyperna Tu-95MS och Tu-95MSM och har erfarenhet av dem. HUR anger \u00e4ven att han har den ryska kvalifikationsbeteckningen milit\u00e4rpilot av prickskytteklass och minst 2 500 flygtimmar.<\/p>\n<p><img loading=\"lazy\" decoding=\"async\" class=\"alignnone wp-image-33091 size-full\" style=\"max-width: 100%;height: auto;border: 1pt solid #000\" title=\"Mordf\u00f6rs\u00f6k mot den ryske generalen Nikolai Varpachovitj\" src=\"https:\/\/informnapalm.org\/ua\/wp-content\/uploads\/sites\/9\/2026\/09\/photo_2026-09-03_14-20-53.jpg\" alt=\"Mordf\u00f6rs\u00f6k mot den ryske generalen Nikolai Varpachovitj\" width=\"642\" height=\"361\" \/><\/p>\n<p style=\"text-align: left\">I december 2014 uts\u00e5gs Varpachovitj till chef f\u00f6r 43:e centret f\u00f6r stridsinsatser och omskolning av fj\u00e4rrflygets flygande personal i Djagilevo utanf\u00f6r Rjazan i Ryssland. Ukrainas milit\u00e4ra underr\u00e4ttelsetj\u00e4nst anger att han i november 2021 tilltr\u00e4dde som bef\u00e4lhavare f\u00f6r 22:a divisionen f\u00f6r tungt bombflyg. Ukrainska milit\u00e4ra underr\u00e4ttelsetj\u00e4nstens <a href=\"https:\/\/gur.gov.ua\/content\/varpakhovych-mykola-mykolaiovych.html\">fullst\u00e4ndiga tj\u00e4nsteunderlag<\/a> om Varpachovitj inneh\u00e5ller ytterligare uppgifter om hans milit\u00e4ra bakgrund.<\/p>\n<h2 style=\"color: #000000;font-size: 1.3rem;font-weight: bold;margin-top: 24px;margin-bottom: 12px;font-family: &#039;Helvetica Neue&#039;, Helvetica, Arial, &#039;Nimbus Sans L&#039;, sans-serif;text-align: left\">Dokumenterad bef\u00e4lsroll och uppgifter om sonens d\u00f6d<\/h2>\n<p style=\"text-align: left\">En granskningsgrupp inom InformNapalm, OSINT Bees, publicerade i september 2022 <a href=\"https:\/\/informnapalm.org\/osintbees\/2022\/09\/21\/poidut-ly-voevat-synovia-heneralov\/\">ytterligare uppgifter<\/a> d\u00e4r Varpachovitj anges vara bef\u00e4lhavare f\u00f6r gardesdivisionen f\u00f6r tungt bombflyg och chef f\u00f6r garnisonen i Engels. Han omn\u00e4mns \u00e4ven i en senare <a href=\"https:\/\/informnapalm.org\/osintbees\/2022\/12\/13\/komandnyi-sklad-aerodroma-dalnoi-a\/\">OSINT-publicering<\/a> med uppgifter om bef\u00e4lsstrukturen vid fj\u00e4rrflygets flygbas i Djagilevo. Hans identitet och bef\u00e4lsroll hade d\u00e4rmed varit offentligt dokumenterade i flera \u00e5r n\u00e4r mordf\u00f6rs\u00f6ket intr\u00e4ffade.<\/p>\n<p style=\"text-align: left\">I hans bakgrund finns \u00e4ven en mindre k\u00e4nd h\u00e4ndelse. OSINT Bees uppger i en publicering fr\u00e5n 2023 att generalens yngre son, Vladislav Varpachovitj, f\u00f6dd 2002, avled under sin v\u00e4rnpliktstj\u00e4nstg\u00f6ring vid milit\u00e4renhet 41521 i Rjazan. Offentliggjorda kopior av r\u00e4ttsmedicinska handlingar angav en genomg\u00e5ende skottskada i huvudet. I den psykologiska och psykiatriska bed\u00f6mning som <a href=\"https:\/\/t.me\/osintbees\/7211\">\u00e5terges av OSINT Bees<\/a> anges att han befann sig i ett allvarligt negativt psykoemotionellt tillst\u00e5nd.<\/p>\n<p style=\"text-align: left\">Milit\u00e4renhet 41521 \u00e4r samma 43:e center i Djagilevo som Varpachovitj var chef f\u00f6r under flera \u00e5r f\u00f6re f\u00f6rflyttningen till flygbasen Engels. Det \u00f6ppna k\u00e4llmaterialet \u00e4r emellertid inte tillr\u00e4ckligt f\u00f6r en s\u00e4ker bed\u00f6mning av huruvida d\u00f6dsfallet var ett sj\u00e4lvmord, ett upps\u00e5tligt mord eller n\u00e5got annat. Det saknas \u00e4ven bel\u00e4gg f\u00f6r antagandet att h\u00e4ndelsen skulle ha varit en h\u00e4mndaktion mot Varpachovitj p\u00e5 grund av faderns verksamhet. Ett s\u00e5dant antagande kan d\u00e4rf\u00f6r inte \u00e5terges som ett faktum.<\/p>\n<h2 style=\"color: #000000;font-size: 1.3rem;font-weight: bold;margin-top: 24px;margin-bottom: 12px;font-family: &#039;Helvetica Neue&#039;, Helvetica, Arial, &#039;Nimbus Sans L&#039;, sans-serif;text-align: left\">Ukrainas st\u00f6rsta barnsjukhus och uppgifterna inifr\u00e5n divisionen<\/h2>\n<p style=\"text-align: left\">Ochmatdyt \u00e4r Ukrainas nationella specialiserade barnsjukhus i Kyiv och landets st\u00f6rsta barnsjukhus. Sjukhuset tar emot barn fr\u00e5n hela Ukraina och bedriver bland annat kirurgi och intensivv\u00e5rd samt behandling av cancer och blodsjukdomar. Den 8 juli 2024 tr\u00e4ffades sjukhuset av en robot. Tv\u00e5 personer d\u00f6dades, d\u00e4ribland en l\u00e4kare, och flera byggnader skadades eller f\u00f6rst\u00f6rdes.<\/p>\n<p style=\"text-align: left\">Den 13 maj 2024 offentliggjorde HUR <a href=\"https:\/\/gur.gov.ua\/content\/identyfikatsiia-voiennykh-zlochyntsiv-rf-rozvidnyky-vyznachyly-khto-obstriliuie-ukrainu-krylatymy-raketamy-spysok.html\">resultatet av en systematisk identifiering<\/a> av bef\u00e4l och personal inom 22:a divisionen f\u00f6r tungt bombflyg, milit\u00e4renhet 06987 vid flygbasen Engels. Enligt HUR har de identifierade personerna medverkat i planeringen och genomf\u00f6randet av attacker mot civil infrastruktur i Ukraina. Varpachovitj \u00e4r en av de centrala personerna i sammanst\u00e4llningen. HUR uppger \u00e4ven att divisionens f\u00f6rband anv\u00e4nder bombflygplanen Tu-95MS, Tu-160 och Tu-22M3 med robotarna Ch-101, Ch-555, Ch-55, Ch-22 och Ch-32.<\/p>\n<p><img loading=\"lazy\" decoding=\"async\" class=\"alignnone wp-image-33090 size-full\" style=\"max-width: 100%;height: auto;border: 1pt solid #000\" title=\"Nikolai Varpachovitj, bef\u00e4lhavare f\u00f6r 22:a divisionen f\u00f6r tungt bombflyg\" src=\"https:\/\/informnapalm.org\/ua\/wp-content\/uploads\/sites\/9\/2026\/09\/866e046-screenshot-2024-07-11-164314.jpg\" alt=\"Nikolai Varpachovitj, bef\u00e4lhavare f\u00f6r 22:a divisionen f\u00f6r tungt bombflyg\" width=\"642\" height=\"325\" \/><\/p>\n<p style=\"text-align: left\">Efter attacken mot Ochmatdyt framkom ytterligare uppgifter av betydelse. I en rapport den 11 juli 2024 uppgav den ukrainska tidningen <a href=\"https:\/\/www.pravda.com.ua\/news\/2024\/07\/11\/7465204\/\">Ukrajinska Pravda<\/a>, med h\u00e4nvisning till k\u00e4llor inom HUR, att en pilot fr\u00e5n 22:a divisionen hade kontaktat den ukrainska underr\u00e4ttelsetj\u00e4nsten. Enligt tidningens k\u00e4llor hade piloten uppgett att han reagerat starkt p\u00e5 attacken mot barnsjukhuset. Han hade \u00e4ven \u00f6verl\u00e4mnat handlingar fr\u00e5n milit\u00e4renheten, material ur personalakter, privata fotografier av bef\u00e4let och s\u00e4kerhetsklassificerade handlingar fr\u00e5n divisionen.<\/p>\n<p style=\"text-align: left\">I det \u00f6verl\u00e4mnade materialet anges Nikolai Nikolaievitj Varpachovitj som person nummer 28 och som bef\u00e4lhavare f\u00f6r 22:a divisionen f\u00f6r tungt bombflyg inom fj\u00e4rrflyget och Rysslands luft- och rymdstridskrafter. HUR k\u00e4nde sedan tidigare till flertalet av de 30 officerare som f\u00f6rekommer i materialet. Den information som hade samlats in genom OSINT under flera \u00e5r kunde d\u00e4rmed kompletteras med intern dokumentation fr\u00e5n det ryska strategiska flyget.<\/p>\n<h2 style=\"color: #000000;font-size: 1.3rem;font-weight: bold;margin-top: 24px;margin-bottom: 12px;font-family: &#039;Helvetica Neue&#039;, Helvetica, Arial, &#039;Nimbus Sans L&#039;, sans-serif;text-align: left\">Flera ukrainska brottsutredningar om attacker mot civila m\u00e5l<\/h2>\n<p style=\"text-align: left\">Under de senaste \u00e5ren har uppgifter om Varpachovitj, som av ukrainska myndigheter misst\u00e4nks f\u00f6r krigsbrott, f\u00f6rekommit \u00e4ven utanf\u00f6r underr\u00e4ttelseregistren.<\/p>\n<p style=\"text-align: left\">Ukrainska utredare har redovisat f\u00f6ljande uppgifter:<\/p>\n<ol style=\"text-align: left\">\n<li style=\"text-align: left\">I \u00e4rendet om attacken mot tv-tornet i Kyiv den 1 mars 2022, d\u00e5 fem civila d\u00f6dades, <a href=\"https:\/\/armyinform.com.ua\/2026\/02\/12\/udar-po-kyyivskij-televezhi-rosijskyj-general-otrymav-pidozru\/\">misst\u00e4nks Varpachovitj<\/a> f\u00f6r att ha f\u00f6rmedlat stridsordern till det underst\u00e4llda 121:a regementet f\u00f6r tungt bombflyg.<\/li>\n<li style=\"text-align: left\">I \u00e4rendet om attacken med en Ch-101 mot bostadskomplexet Tiras i Odesa den 23 april 2022, d\u00e5 \u00e5tta m\u00e4nniskor d\u00f6dades, <a href=\"https:\/\/od.npu.gov.ua\/news\/viddavaly-nakazy-nanosyty-raketni-udary-po-zhk-tiras-odeski-slidchi-povidomyly-pro-pidozru-heneral-maioru-ta-polkovnyku-armii-rosii\">bed\u00f6mer den ukrainska polisen<\/a> att Varpachovitj \u00e4r en av organisat\u00f6rerna bakom attacken.<\/li>\n<li style=\"text-align: left\">I \u00e4rendet om attacken mot Uman den 28 april 2023, d\u00e5 24 m\u00e4nniskor, d\u00e4ribland sex barn, d\u00f6dades, har Varpachovitj ocks\u00e5 <a href=\"https:\/\/armyinform.com.ua\/2025\/10\/13\/udar-shho-zabrav-24-zhyttya-sbu-vstanovyla-polkovnykiv-rf-yaki-znyshhyly-zhytlovyj-budynok-v-umani\/\">delgetts misstanke<\/a>.<\/li>\n<li style=\"text-align: left\">I fr\u00e5ga om attacken mot Kryvyj Rih den 13 juni 2023 har <a href=\"https:\/\/dnipr.gp.gov.ua\/ua\/news.html?_m=publications&amp;_t=rec&amp;id=424054&amp;s=print\">de ukrainska utredarna kartlagt<\/a> bef\u00e4lsordningen fr\u00e5n den h\u00f6gsta ledningen f\u00f6r Rysslands luft- och rymdstridskrafter till Varpachovitj och bef\u00e4lhavaren f\u00f6r 121:a regementet. Varpachovitj misst\u00e4nks f\u00f6r att ha vidarebefordrat en stridsorder om angrepp mot civila m\u00e5l.<\/li>\n<li style=\"text-align: left\">Varpachovitj <a href=\"https:\/\/fakty.com.ua\/ua\/ukraine\/20251111-prychetni-do-udaru-kyndzhalamy-po-lvovu-sbu-ogolosyla-pidozru-pyatom-komandyram-rf\/\">f\u00f6rekommer \u00e4ven i \u00e4rendet<\/a> om robotattacken mot Lviv den 4 september 2024, d\u00e5 kryssningsroboten Ch-101 och ryska Kinzjalrobotar anv\u00e4ndes.<\/li>\n<\/ol>\n<p style=\"text-align: left\">Den 31 augusti 2026 delgav SBU honom dessutom misstanke med anledning av attacken mot Ochmatdyt. D\u00e4rmed f\u00f6rekommer Varpachovitjs namn vid publiceringstillf\u00e4llet i flera ukrainska brottsutredningar om robotattacker mot civila och civil infrastruktur.<\/p>\n<p><a href=\"https:\/\/informnapalm.org\/ua\/wp-content\/uploads\/sites\/9\/2026\/09\/EU.jpg\"><img loading=\"lazy\" decoding=\"async\" class=\"alignnone wp-image-33093 size-full\" style=\"max-width: 100%;height: auto;border: 1pt solid #000\" title=\"EU:s f\u00f6rteckning \u00f6ver personer som omfattas av sanktioner\" src=\"https:\/\/informnapalm.org\/ua\/wp-content\/uploads\/sites\/9\/2026\/09\/EU.jpg\" alt=\"EU:s f\u00f6rteckning \u00f6ver personer som omfattas av sanktioner\" width=\"642\" height=\"301\" \/><\/a><\/p>\n<p style=\"text-align: left\">Varpachovitj har sedan den 16 december 2024 funnits p\u00e5 Europeiska unionens f\u00f6rteckning \u00f6ver personer som omfattas av individuella sanktioner. I EU:s officiella motivering anges han som bef\u00e4lhavare f\u00f6r 22:a divisionen vid flygbasen Engels-2. D\u00e4r anges \u00e4ven att en Ch-101 fr\u00e5n divisionen tr\u00e4ffade barnsjukhuset Ochmatdyt i juli 2024. <a href=\"https:\/\/eur-lex.europa.eu\/eli\/dec\/2024\/3182\/oj\/eng\/pdf\">EU:s officiella beslut om Varpachovitj<\/a> inneh\u00e5ller den fullst\u00e4ndiga motiveringen.<\/p>\n<h2 style=\"color: #000000;font-size: 1.3rem;font-weight: bold;margin-top: 24px;margin-bottom: 12px;font-family: &#039;Helvetica Neue&#039;, Helvetica, Arial, &#039;Nimbus Sans L&#039;, sans-serif;text-align: left\">Individuellt ansvar byggs upp \u00f6ver tid<\/h2>\n<p style=\"text-align: left\">Mordf\u00f6rs\u00f6ket mot en h\u00f6gt uppsatt rysk milit\u00e4r som av Ukraina misst\u00e4nks f\u00f6r krigsbrott visar att identifiering kan ske l\u00e5ngt innan en dom meddelas. Uppgifter fr\u00e5n \u00f6ppna k\u00e4llor och brottsutredningar kan samlas in under flera \u00e5r och d\u00e4refter bilda underlag f\u00f6r individuellt ansvar.<\/p>\n<p style=\"text-align: left\">Varje rysk milit\u00e4r som verkst\u00e4ller en brottslig order m\u00e5ste r\u00e4kna med att stora m\u00e4ngder information p\u00e5 internet kan anv\u00e4ndas f\u00f6r identifiering. Information kan dessutom l\u00e4mnas av personens tidigare eller nuvarande kollegor.<\/p>\n<p style=\"text-align: left\">R\u00e4ttsliga f\u00f6rfaranden kan ta l\u00e5ng tid. Underlaget f\u00f6r individuellt ansvar kan samtidigt forts\u00e4tta att byggas upp under flera \u00e5r, vilket successivt minskar m\u00f6jligheterna att undg\u00e5 ansvarsutkr\u00e4vande.<\/p>\n<p style=\"text-align: left\">Artikeln har utarbetats av Ashton Berson f\u00f6r InformNapalm.<\/p>\n<hr style=\"width: 75%;margin: 20px 0;border: 0;border-top: 1px solid #ccc;text-align: left\" \/>\n<div style=\"color: #333333;text-align: left;font-family: Helvetica Neue,Helvetica,Arial,Nimbus Sans L,sans-serif\">\n<h2 style=\"color: #000;font-size: 1.5rem;font-weight: bold;margin-top: 24px;margin-bottom: 12px\">Ytterligare artiklar av InformNapalm<\/h2>\n<ul style=\"text-align: left;list-style-type: disc;padding-left: 20px\">\n<li style=\"text-align: left;margin-bottom: 8px\"><a style=\"color: #333333;text-decoration: none\" href=\"https:\/\/informnapalm.org\/sv\/gru-officer-2\/\" target=\"_blank\" rel=\"noopener noreferrer\">Hackning av en GRU-officer efterlyst av FBI, ledare f\u00f6r hackergruppen APT28<\/a><\/li>\n<li style=\"text-align: left;margin-bottom: 8px\"><a style=\"color: #333333;text-decoration: none\" href=\"https:\/\/informnapalm.org\/sv\/tolv-ar-av-underrattelsearbete\/\" target=\"_blank\" rel=\"noopener noreferrer\">InformNapalm markerar tolv \u00e5r av underr\u00e4ttelsearbete mot Ryssland<\/a><\/li>\n<li style=\"text-align: left;margin-bottom: 8px\"><a style=\"color: #333333;text-decoration: none\" href=\"https:\/\/informnapalm.org\/sv\/sverige-ukraina-2026\/\" target=\"_blank\" rel=\"noopener noreferrer\">Det politiska klimatet i Sverige efter Rysslands invasion av Ukraina<\/a><\/li>\n<\/ul>\n<\/div>\n<hr style=\"border: none;border-top: 1px solid #cfcfcf;margin: 24px 0;width: 100%;text-align: left\" \/>\n<div style=\"color: #333333;text-align: left;font-family: Helvetica Neue,Helvetica,Arial,Nimbus Sans L,sans-serif\">\n<p style=\"text-align: left;margin-bottom: 16px\"><img loading=\"lazy\" decoding=\"async\" class=\"alignleft\" style=\"float: left;margin-right: 15px\" title=\"InformNapalm p\u00e5 svenska\" src=\"https:\/\/informnapalm.org\/fr\/wp-content\/uploads\/sites\/2\/2015\/12\/InformNapalm_logo_05.png\" alt=\"InformNapalm p\u00e5 svenska\" width=\"120\" height=\"55\" \/><span style=\"color: #333333\">Materialet f\u00e5r fritt spridas och \u00e5terpubliceras under f\u00f6ruts\u00e4ttning att k\u00e4llan anges.<\/span> Licensiering enligt Creative Commons Erk\u00e4nnande 4.0 Internationell (CC BY 4.0). <span style=\"color: #333333\">F\u00f6lj oss p\u00e5 <\/span><a style=\"text-decoration: none;font-weight: bold\" href=\"https:\/\/www.facebook.com\/informnapalm24\/\" target=\"_blank\" rel=\"noopener noreferrer\">Facebook<\/a>, <a style=\"text-decoration: none;font-weight: bold\" href=\"https:\/\/twitter.com\/informnapalm\" target=\"_blank\" rel=\"noopener noreferrer\">X<\/a>, <a style=\"text-decoration: none;font-weight: bold\" title=\"Telegram\" href=\"https:\/\/t.me\/informnapalm\" target=\"_blank\" rel=\"noopener noreferrer\">Telegram<\/a> och <a style=\"text-decoration: none;font-weight: bold\" title=\"Slate (Sl8)\" href=\"https:\/\/sl8.online\/invite\/WrrzJQ\" target=\"_blank\" rel=\"noopener noreferrer\">Slate (Sl8)<\/a>.<\/p>\n<p style=\"text-align: left;margin-bottom: 16px\">InformNapalm tar inte emot ekonomiskt st\u00f6d fr\u00e5n n\u00e5gon stat eller institutionell sponsor. Verksamheten finansieras uteslutande av frivilliga insatser fr\u00e5n enskilda volont\u00e4rer och l\u00e4sare. Den som \u00f6nskar bidra kan g\u00f6ra det genom m\u00e5natliga <a style=\"text-decoration: none;font-weight: bold\" href=\"https:\/\/www.buymeacoffee.com\/informnapalm\" target=\"_blank\" rel=\"noopener noreferrer\">mindre donationer<\/a> via plattformen BuyMeACoffee.<\/p>\n<\/div>\n<\/div>\n<\/div>\n","protected":false},"excerpt":{"rendered":"<p>Generalmajor Nikolai Varpachovitj leder ett ryskt f\u00f6rband med strategiska bombflygplan. Ukrainska myndigheter misst\u00e4nker honom f\u00f6r delaktighet i&#8230;<\/p>\n","protected":false},"author":72,"featured_media":27050,"comment_status":"closed","ping_status":"closed","sticky":false,"template":"","format":"standard","meta":{"_acf_changed":false,"om_disable_all_campaigns":false,"_uf_show_specific_survey":0,"_uf_disable_surveys":false,"footnotes":""},"categories":[1771,268,801,774],"tags":[13306,13303,13305,13304,267,11045],"class_list":["post-27049","post","type-post","status-publish","format-standard","has-post-thumbnail","hentry","category-nyheter","category-osint","category-ryssland","category-ukraina","tag-barnsjukhus-i-kyiv","tag-mordforsok","tag-robotattacker","tag-rysk-general","tag-ukraina","tag-ukrainas-militara-underrattelsetjanst"],"acf":[],"yoast_head":"<!-- This site is optimized with the Yoast SEO plugin v28.2 - https:\/\/yoast.com\/product\/yoast-seo-wordpress\/ -->\n<title>Mordf\u00f6rs\u00f6k mot rysk general misst\u00e4nkt f\u00f6r attacker mot Ukraina<\/title>\n<meta name=\"description\" content=\"Generalmajor Nikolaj Varpachovitj skadades sv\u00e5rt i ett mordf\u00f6rs\u00f6k i Ryssland. Ukraina misst\u00e4nker honom f\u00f6r flera robotattacker mot civila m\u00e5l.\" \/>\n<meta name=\"robots\" content=\"index, follow, max-snippet:-1, max-image-preview:large, max-video-preview:-1\" \/>\n<link rel=\"canonical\" href=\"https:\/\/informnapalm.org\/sv\/mordforsok\/\" \/>\n<meta property=\"og:locale\" content=\"en_US\" \/>\n<meta property=\"og:type\" content=\"article\" \/>\n<meta property=\"og:title\" content=\"Mordf\u00f6rs\u00f6k mot rysk general misst\u00e4nkt f\u00f6r attacker mot Ukraina\" \/>\n<meta property=\"og:description\" content=\"Generalmajor Nikolaj Varpachovitj skadades sv\u00e5rt i ett mordf\u00f6rs\u00f6k i Ryssland. Ukraina misst\u00e4nker honom f\u00f6r flera robotattacker mot civila m\u00e5l.\" \/>\n<meta property=\"og:url\" content=\"https:\/\/informnapalm.org\/sv\/mordforsok\/\" \/>\n<meta property=\"og:site_name\" content=\"InformNapalm p\u00e5 svenska\" \/>\n<meta property=\"article:published_time\" content=\"2026-09-03T17:50:57+00:00\" \/>\n<meta property=\"article:modified_time\" content=\"2026-09-03T18:57:19+00:00\" \/>\n<meta property=\"og:image\" content=\"https:\/\/informnapalm.org\/sv\/wp-content\/uploads\/sites\/22\/2026\/09\/Mordforsok-mot-rysk-general.jpg\" \/>\n\t<meta property=\"og:image:width\" content=\"642\" \/>\n\t<meta property=\"og:image:height\" content=\"336\" \/>\n\t<meta property=\"og:image:type\" content=\"image\/jpeg\" \/>\n<meta name=\"author\" content=\"2476\" \/>\n<meta name=\"twitter:label1\" content=\"Written by\" \/>\n\t<meta name=\"twitter:data1\" content=\"2476\" \/>\n\t<meta name=\"twitter:label2\" content=\"Est. reading time\" \/>\n\t<meta name=\"twitter:data2\" content=\"8 minutes\" \/>\n<script type=\"application\/ld+json\" class=\"yoast-schema-graph\">{\"@context\":\"https:\\\/\\\/schema.org\",\"@graph\":[{\"@type\":\"Article\",\"@id\":\"https:\\\/\\\/informnapalm.org\\\/sv\\\/mordforsok\\\/#article\",\"isPartOf\":{\"@id\":\"https:\\\/\\\/informnapalm.org\\\/sv\\\/mordforsok\\\/\"},\"author\":{\"name\":\"2476\",\"@id\":\"https:\\\/\\\/informnapalm.org\\\/sv\\\/#\\\/schema\\\/person\\\/e683569ccd9c71b2afa351e58e558cb1\"},\"headline\":\"Mordf\u00f6rs\u00f6k mot rysk general som misst\u00e4nks f\u00f6r attacker mot Ukraina\",\"datePublished\":\"2026-09-03T17:50:57+00:00\",\"dateModified\":\"2026-09-03T18:57:19+00:00\",\"mainEntityOfPage\":{\"@id\":\"https:\\\/\\\/informnapalm.org\\\/sv\\\/mordforsok\\\/\"},\"wordCount\":1763,\"publisher\":{\"@id\":\"https:\\\/\\\/informnapalm.org\\\/sv\\\/#organization\"},\"image\":{\"@id\":\"https:\\\/\\\/informnapalm.org\\\/sv\\\/mordforsok\\\/#primaryimage\"},\"thumbnailUrl\":\"https:\\\/\\\/informnapalm.org\\\/sv\\\/wp-content\\\/uploads\\\/sites\\\/22\\\/2026\\\/09\\\/Mordforsok-mot-rysk-general.jpg\",\"keywords\":[\"barnsjukhus i Kyiv\",\"Mordf\u00f6rs\u00f6k\",\"robotattacker\",\"Rysk general\",\"Ukraina\",\"Ukrainas milit\u00e4ra underr\u00e4ttelsetj\u00e4nst\"],\"articleSection\":[\"Nyheter\",\"OSINT\",\"Ryssland\",\"Ukraina\"],\"inLanguage\":\"en-US\"},{\"@type\":\"WebPage\",\"@id\":\"https:\\\/\\\/informnapalm.org\\\/sv\\\/mordforsok\\\/\",\"url\":\"https:\\\/\\\/informnapalm.org\\\/sv\\\/mordforsok\\\/\",\"name\":\"Mordf\u00f6rs\u00f6k mot rysk general misst\u00e4nkt f\u00f6r attacker mot Ukraina\",\"isPartOf\":{\"@id\":\"https:\\\/\\\/informnapalm.org\\\/sv\\\/#website\"},\"primaryImageOfPage\":{\"@id\":\"https:\\\/\\\/informnapalm.org\\\/sv\\\/mordforsok\\\/#primaryimage\"},\"image\":{\"@id\":\"https:\\\/\\\/informnapalm.org\\\/sv\\\/mordforsok\\\/#primaryimage\"},\"thumbnailUrl\":\"https:\\\/\\\/informnapalm.org\\\/sv\\\/wp-content\\\/uploads\\\/sites\\\/22\\\/2026\\\/09\\\/Mordforsok-mot-rysk-general.jpg\",\"datePublished\":\"2026-09-03T17:50:57+00:00\",\"dateModified\":\"2026-09-03T18:57:19+00:00\",\"description\":\"Generalmajor Nikolaj Varpachovitj skadades sv\u00e5rt i ett mordf\u00f6rs\u00f6k i Ryssland. Ukraina misst\u00e4nker honom f\u00f6r flera robotattacker mot civila m\u00e5l.\",\"breadcrumb\":{\"@id\":\"https:\\\/\\\/informnapalm.org\\\/sv\\\/mordforsok\\\/#breadcrumb\"},\"inLanguage\":\"en-US\",\"potentialAction\":[{\"@type\":\"ReadAction\",\"target\":[\"https:\\\/\\\/informnapalm.org\\\/sv\\\/mordforsok\\\/\"]}]},{\"@type\":\"ImageObject\",\"inLanguage\":\"en-US\",\"@id\":\"https:\\\/\\\/informnapalm.org\\\/sv\\\/mordforsok\\\/#primaryimage\",\"url\":\"https:\\\/\\\/informnapalm.org\\\/sv\\\/wp-content\\\/uploads\\\/sites\\\/22\\\/2026\\\/09\\\/Mordforsok-mot-rysk-general.jpg\",\"contentUrl\":\"https:\\\/\\\/informnapalm.org\\\/sv\\\/wp-content\\\/uploads\\\/sites\\\/22\\\/2026\\\/09\\\/Mordforsok-mot-rysk-general.jpg\",\"width\":642,\"height\":336,\"caption\":\"mordf\u00f6rs\u00f6k mot rysk general\"},{\"@type\":\"BreadcrumbList\",\"@id\":\"https:\\\/\\\/informnapalm.org\\\/sv\\\/mordforsok\\\/#breadcrumb\",\"itemListElement\":[{\"@type\":\"ListItem\",\"position\":1,\"name\":\"Home\",\"item\":\"https:\\\/\\\/informnapalm.org\\\/sv\\\/\"},{\"@type\":\"ListItem\",\"position\":2,\"name\":\"Mordf\u00f6rs\u00f6k mot rysk general som misst\u00e4nks f\u00f6r attacker mot Ukraina\"}]},{\"@type\":\"WebSite\",\"@id\":\"https:\\\/\\\/informnapalm.org\\\/sv\\\/#website\",\"url\":\"https:\\\/\\\/informnapalm.org\\\/sv\\\/\",\"name\":\"InformNapalm p\u00e5 svenska\",\"description\":\"Nyheter fr\u00e5n Ukraina\",\"publisher\":{\"@id\":\"https:\\\/\\\/informnapalm.org\\\/sv\\\/#organization\"},\"potentialAction\":[{\"@type\":\"SearchAction\",\"target\":{\"@type\":\"EntryPoint\",\"urlTemplate\":\"https:\\\/\\\/informnapalm.org\\\/sv\\\/?s={search_term_string}\"},\"query-input\":{\"@type\":\"PropertyValueSpecification\",\"valueRequired\":true,\"valueName\":\"search_term_string\"}}],\"inLanguage\":\"en-US\"},{\"@type\":\"Organization\",\"@id\":\"https:\\\/\\\/informnapalm.org\\\/sv\\\/#organization\",\"name\":\"InformNapalm\",\"url\":\"https:\\\/\\\/informnapalm.org\\\/sv\\\/\",\"logo\":{\"@type\":\"ImageObject\",\"inLanguage\":\"en-US\",\"@id\":\"https:\\\/\\\/informnapalm.org\\\/sv\\\/#\\\/schema\\\/logo\\\/image\\\/\",\"url\":\"https:\\\/\\\/informnapalm.org\\\/sv\\\/wp-content\\\/uploads\\\/sites\\\/22\\\/2016\\\/03\\\/InformNapalm_logo_07.png\",\"contentUrl\":\"https:\\\/\\\/informnapalm.org\\\/sv\\\/wp-content\\\/uploads\\\/sites\\\/22\\\/2016\\\/03\\\/InformNapalm_logo_07.png\",\"width\":220,\"height\":90,\"caption\":\"InformNapalm\"},\"image\":{\"@id\":\"https:\\\/\\\/informnapalm.org\\\/sv\\\/#\\\/schema\\\/logo\\\/image\\\/\"}},{\"@type\":\"Person\",\"@id\":\"https:\\\/\\\/informnapalm.org\\\/sv\\\/#\\\/schema\\\/person\\\/e683569ccd9c71b2afa351e58e558cb1\",\"name\":\"2476\",\"image\":{\"@type\":\"ImageObject\",\"inLanguage\":\"en-US\",\"@id\":\"https:\\\/\\\/secure.gravatar.com\\\/avatar\\\/4cdfe9f344a6a3098c5b8f56d0951f5a6488eb77f72278644d45d1518136dda9?s=96&d=mm&r=g\",\"url\":\"https:\\\/\\\/secure.gravatar.com\\\/avatar\\\/4cdfe9f344a6a3098c5b8f56d0951f5a6488eb77f72278644d45d1518136dda9?s=96&d=mm&r=g\",\"contentUrl\":\"https:\\\/\\\/secure.gravatar.com\\\/avatar\\\/4cdfe9f344a6a3098c5b8f56d0951f5a6488eb77f72278644d45d1518136dda9?s=96&d=mm&r=g\",\"caption\":\"2476\"},\"url\":\"https:\\\/\\\/informnapalm.org\\\/sv\\\/author\\\/tugrul\\\/\"}]}<\/script>\n<!-- \/ Yoast SEO plugin. -->","yoast_head_json":{"title":"Mordf\u00f6rs\u00f6k mot rysk general misst\u00e4nkt f\u00f6r attacker mot Ukraina","description":"Generalmajor Nikolaj Varpachovitj skadades sv\u00e5rt i ett mordf\u00f6rs\u00f6k i Ryssland. Ukraina misst\u00e4nker honom f\u00f6r flera robotattacker mot civila m\u00e5l.","robots":{"index":"index","follow":"follow","max-snippet":"max-snippet:-1","max-image-preview":"max-image-preview:large","max-video-preview":"max-video-preview:-1"},"canonical":"https:\/\/informnapalm.org\/sv\/mordforsok\/","og_locale":"en_US","og_type":"article","og_title":"Mordf\u00f6rs\u00f6k mot rysk general misst\u00e4nkt f\u00f6r attacker mot Ukraina","og_description":"Generalmajor Nikolaj Varpachovitj skadades sv\u00e5rt i ett mordf\u00f6rs\u00f6k i Ryssland. Ukraina misst\u00e4nker honom f\u00f6r flera robotattacker mot civila m\u00e5l.","og_url":"https:\/\/informnapalm.org\/sv\/mordforsok\/","og_site_name":"InformNapalm p\u00e5 svenska","article_published_time":"2026-09-03T17:50:57+00:00","article_modified_time":"2026-09-03T18:57:19+00:00","og_image":[{"width":642,"height":336,"url":"https:\/\/informnapalm.org\/sv\/wp-content\/uploads\/sites\/22\/2026\/09\/Mordforsok-mot-rysk-general.jpg","type":"image\/jpeg"}],"author":"2476","twitter_misc":{"Written by":"2476","Est. reading time":"8 minutes"},"schema":{"@context":"https:\/\/schema.org","@graph":[{"@type":"Article","@id":"https:\/\/informnapalm.org\/sv\/mordforsok\/#article","isPartOf":{"@id":"https:\/\/informnapalm.org\/sv\/mordforsok\/"},"author":{"name":"2476","@id":"https:\/\/informnapalm.org\/sv\/#\/schema\/person\/e683569ccd9c71b2afa351e58e558cb1"},"headline":"Mordf\u00f6rs\u00f6k mot rysk general som misst\u00e4nks f\u00f6r attacker mot Ukraina","datePublished":"2026-09-03T17:50:57+00:00","dateModified":"2026-09-03T18:57:19+00:00","mainEntityOfPage":{"@id":"https:\/\/informnapalm.org\/sv\/mordforsok\/"},"wordCount":1763,"publisher":{"@id":"https:\/\/informnapalm.org\/sv\/#organization"},"image":{"@id":"https:\/\/informnapalm.org\/sv\/mordforsok\/#primaryimage"},"thumbnailUrl":"https:\/\/informnapalm.org\/sv\/wp-content\/uploads\/sites\/22\/2026\/09\/Mordforsok-mot-rysk-general.jpg","keywords":["barnsjukhus i Kyiv","Mordf\u00f6rs\u00f6k","robotattacker","Rysk general","Ukraina","Ukrainas milit\u00e4ra underr\u00e4ttelsetj\u00e4nst"],"articleSection":["Nyheter","OSINT","Ryssland","Ukraina"],"inLanguage":"en-US"},{"@type":"WebPage","@id":"https:\/\/informnapalm.org\/sv\/mordforsok\/","url":"https:\/\/informnapalm.org\/sv\/mordforsok\/","name":"Mordf\u00f6rs\u00f6k mot rysk general misst\u00e4nkt f\u00f6r attacker mot Ukraina","isPartOf":{"@id":"https:\/\/informnapalm.org\/sv\/#website"},"primaryImageOfPage":{"@id":"https:\/\/informnapalm.org\/sv\/mordforsok\/#primaryimage"},"image":{"@id":"https:\/\/informnapalm.org\/sv\/mordforsok\/#primaryimage"},"thumbnailUrl":"https:\/\/informnapalm.org\/sv\/wp-content\/uploads\/sites\/22\/2026\/09\/Mordforsok-mot-rysk-general.jpg","datePublished":"2026-09-03T17:50:57+00:00","dateModified":"2026-09-03T18:57:19+00:00","description":"Generalmajor Nikolaj Varpachovitj skadades sv\u00e5rt i ett mordf\u00f6rs\u00f6k i Ryssland. Ukraina misst\u00e4nker honom f\u00f6r flera robotattacker mot civila m\u00e5l.","breadcrumb":{"@id":"https:\/\/informnapalm.org\/sv\/mordforsok\/#breadcrumb"},"inLanguage":"en-US","potentialAction":[{"@type":"ReadAction","target":["https:\/\/informnapalm.org\/sv\/mordforsok\/"]}]},{"@type":"ImageObject","inLanguage":"en-US","@id":"https:\/\/informnapalm.org\/sv\/mordforsok\/#primaryimage","url":"https:\/\/informnapalm.org\/sv\/wp-content\/uploads\/sites\/22\/2026\/09\/Mordforsok-mot-rysk-general.jpg","contentUrl":"https:\/\/informnapalm.org\/sv\/wp-content\/uploads\/sites\/22\/2026\/09\/Mordforsok-mot-rysk-general.jpg","width":642,"height":336,"caption":"mordf\u00f6rs\u00f6k mot rysk general"},{"@type":"BreadcrumbList","@id":"https:\/\/informnapalm.org\/sv\/mordforsok\/#breadcrumb","itemListElement":[{"@type":"ListItem","position":1,"name":"Home","item":"https:\/\/informnapalm.org\/sv\/"},{"@type":"ListItem","position":2,"name":"Mordf\u00f6rs\u00f6k mot rysk general som misst\u00e4nks f\u00f6r attacker mot Ukraina"}]},{"@type":"WebSite","@id":"https:\/\/informnapalm.org\/sv\/#website","url":"https:\/\/informnapalm.org\/sv\/","name":"InformNapalm p\u00e5 svenska","description":"Nyheter fr\u00e5n Ukraina","publisher":{"@id":"https:\/\/informnapalm.org\/sv\/#organization"},"potentialAction":[{"@type":"SearchAction","target":{"@type":"EntryPoint","urlTemplate":"https:\/\/informnapalm.org\/sv\/?s={search_term_string}"},"query-input":{"@type":"PropertyValueSpecification","valueRequired":true,"valueName":"search_term_string"}}],"inLanguage":"en-US"},{"@type":"Organization","@id":"https:\/\/informnapalm.org\/sv\/#organization","name":"InformNapalm","url":"https:\/\/informnapalm.org\/sv\/","logo":{"@type":"ImageObject","inLanguage":"en-US","@id":"https:\/\/informnapalm.org\/sv\/#\/schema\/logo\/image\/","url":"https:\/\/informnapalm.org\/sv\/wp-content\/uploads\/sites\/22\/2016\/03\/InformNapalm_logo_07.png","contentUrl":"https:\/\/informnapalm.org\/sv\/wp-content\/uploads\/sites\/22\/2016\/03\/InformNapalm_logo_07.png","width":220,"height":90,"caption":"InformNapalm"},"image":{"@id":"https:\/\/informnapalm.org\/sv\/#\/schema\/logo\/image\/"}},{"@type":"Person","@id":"https:\/\/informnapalm.org\/sv\/#\/schema\/person\/e683569ccd9c71b2afa351e58e558cb1","name":"2476","image":{"@type":"ImageObject","inLanguage":"en-US","@id":"https:\/\/secure.gravatar.com\/avatar\/4cdfe9f344a6a3098c5b8f56d0951f5a6488eb77f72278644d45d1518136dda9?s=96&d=mm&r=g","url":"https:\/\/secure.gravatar.com\/avatar\/4cdfe9f344a6a3098c5b8f56d0951f5a6488eb77f72278644d45d1518136dda9?s=96&d=mm&r=g","contentUrl":"https:\/\/secure.gravatar.com\/avatar\/4cdfe9f344a6a3098c5b8f56d0951f5a6488eb77f72278644d45d1518136dda9?s=96&d=mm&r=g","caption":"2476"},"url":"https:\/\/informnapalm.org\/sv\/author\/tugrul\/"}]}},"post_src":"<div lang=\"sv\" style=\"color: #000000;text-align: left\">\r\n<p style=\"text-align: left\"><span style=\"font-weight: bold;font-family: Helvetica Neue,Helvetica,Arial,Nimbus Sans L,sans-serif\">Generalmajor Nikolai Varpachovitj leder ett ryskt f\u00f6rband med strategiska bombflygplan. Ukrainska myndigheter misst\u00e4nker honom f\u00f6r delaktighet i flera robotattacker mot civila m\u00e5l, d\u00e4ribland attacken mot Ukrainas st\u00f6rsta specialiserade barnsjukhus i Kyiv. Den 3 september 2026 skadades han sv\u00e5rt i ett mordf\u00f6rs\u00f6k i Ryssland.<\/span><\/p>\r\n\r\n<div style=\"color: #333333;text-align: left\">\r\n<p style=\"text-align: left\">Den 3 september 2026 omkring klockan 07.00 utsattes en h\u00f6gt uppsatt rysk officer f\u00f6r ett mordf\u00f6rs\u00f6k. Angreppet skedde i samh\u00e4llet Probuzjdenije utanf\u00f6r staden Engels i Saratovregionen. Officeren tillh\u00f6rde Rysslands luft- och rymdstridskrafter. Flera k\u00e4llor anger att m\u00e5let var generalmajor Nikolai Varpachovitj. Han \u00e4r bef\u00e4lhavare f\u00f6r fj\u00e4rrflygets 22:a division f\u00f6r tungt bombflyg, milit\u00e4renhet 06987. F\u00f6rbandet \u00e4r knutet till flygbasen Engels-2.<\/p>\r\n\r\n<h2 style=\"color: #000000;font-size: 1.3rem;font-weight: bold;margin-top: 24px;margin-bottom: 12px;font-family: &#039;Helvetica Neue&#039;, Helvetica, Arial, &#039;Nimbus Sans L&#039;, sans-serif;text-align: left\">Rysk mordutredning och ukrainsk krigsbrottsmisstanke<\/h2>\r\n<p style=\"text-align: left\">Ryska myndigheter har vid publiceringstillf\u00e4llet \u00e4nnu inte officiellt namngett den skadade. Rysslands utredningskommitt\u00e9 har bekr\u00e4ftat att angreppet \u00e4gde rum och har inlett en f\u00f6runders\u00f6kning om f\u00f6rs\u00f6k till mord och olaglig hantering av vapen. Kommitt\u00e9n har \u00e4ven uppgett att kulor och tomhylsor togs i beslag p\u00e5 platsen. Efter akut v\u00e5rd transporterades den sv\u00e5rt skadade officeren med flyg till Moskva.<\/p>\r\n<p style=\"text-align: left\">H\u00e4ndelsen f\u00e5r ett s\u00e4rskilt sammanhang genom vad som intr\u00e4ffade tre dagar tidigare, den 31 augusti 2026. Ukrainas s\u00e4kerhetstj\u00e4nst (SBU) och riks\u00e5klagar\u00e4mbetet <a href=\"https:\/\/ssu.gov.ua\/novyny\/sbu-ta-ohp-zaochno-povidomyly-pro-pidozru-rashystam-yaki-komanduvaly-raketnymy-udaramy-po-okhmatdytu-ta-zhurnalistakh-reuters\">delgav d\u00e5 Varpachovitj misstanke<\/a> om krigsbrott i hans fr\u00e5nvaro. Misstanken g\u00e4llde attacken mot Ochmatdyt, Ukrainas st\u00f6rsta specialiserade barnsjukhus i Kyiv. Det finns ett tydligt tidsm\u00e4ssigt samband mellan h\u00e4ndelserna. Verifierade uppgifter saknas dock om ukrainsk inblandning i mordf\u00f6rs\u00f6ket eller samband med den nya misstanken.<\/p>\r\n\r\n<h2 style=\"color: #000000;font-size: 1.3rem;font-weight: bold;margin-top: 24px;margin-bottom: 12px;font-family: &#039;Helvetica Neue&#039;, Helvetica, Arial, &#039;Nimbus Sans L&#039;, sans-serif;text-align: left\">OSINT-identifiering av rysk flygpersonal<\/h2>\r\n<p style=\"text-align: left\">Efter inledningen av Rysslands flyginsats i Syrien <a href=\"https:\/\/informnapalm.org\/sv\/tu160\/\">identifierade InformNapalm<\/a> i november 2015 bes\u00e4ttningsmedlemmar p\u00e5 strategiska bombflygplan av typen Tu-160 samt personal vid 6950:e gardesflygbasen i Engels i Ryssland. F\u00f6rbandets Tu-160 och Tu-95MS anv\u00e4ndes i Syrien f\u00f6r avfyrning av kryssningsrobotarna Ch-55SM, Ch-555 och Ch-101.<\/p>\r\n<p style=\"text-align: left\">\u00c5r 2016 offentliggjorde InformNapalm ett omfattande material med uppgifter om <a href=\"https:\/\/informnapalm.org\/sv\/bombar\/\">116 ryska piloter och navigat\u00f6rer<\/a>. Grundtanken var att enskilda utf\u00f6rare inte skulle kunna undg\u00e5 ansvar genom att skydda sig bakom beteckningar som Rysslands luft- och rymdstridskrafter eller bakom ryska officerstitlar. Syftet var d\u00e4rf\u00f6r att identifiera enskilda personer och skapa underlag f\u00f6r individuellt ansvar.<\/p>\r\n\r\n<div style=\"width: 642px;max-width: 100%;margin: 24px auto;aspect-ratio: 16 \/ 9\"><iframe style=\"width: 100%;height: 100%;border: 0\" src=\"https:\/\/www.youtube.com\/embed\/V0Uzt_AmHjE?start=64\" allowfullscreen=\"allowfullscreen\">\r\n<\/iframe><\/div>\r\n<p style=\"text-align: left\">Offentligg\u00f6randet av uppgifter om bes\u00e4ttningsmedlemmar inom Rysslands luft- och rymdstridskrafter 2016 ledde till kraftiga reaktioner i ryska medier, d\u00e4r materialet beskrevs som en l\u00e4cka av hemlig information. Det ryska utrikesministeriet f\u00f6rs\u00f6kte samtidigt genom diplomatiska kanaler ut\u00f6va p\u00e5tryckningar p\u00e5 de l\u00e4nder d\u00e4r servrar f\u00f6r spegelversioner av InformNapalm.org fanns och kr\u00e4vde att webbplatsen skulle st\u00e4ngas. F\u00f6rs\u00f6ken misslyckades dock. I originalpubliceringen ingick \u00e4ven en inb\u00e4ddad video fr\u00e5n YouTube i anslutning till redog\u00f6relsen.<\/p>\r\n<p style=\"text-align: left\">I mars 2021 framf\u00f6rde InformNapalm en <a href=\"https:\/\/informnapalm.org\/sv\/tu-22m3-incident\/\">direkt varning<\/a>. Officerare inom fj\u00e4rrflyget som InformNapalm hade identifierat under den ryska insatsen i Syrien skulle vid ett fullskaligt krig kunna s\u00e4ttas in i attacker mot Ukraina. Mindre \u00e4n ett \u00e5r senare blev den utveckling som InformNapalm hade varnat f\u00f6r verklighet.<\/p>\r\n\r\n<h2 style=\"color: #000000;font-size: 1.3rem;font-weight: bold;margin-top: 24px;margin-bottom: 12px;font-family: &#039;Helvetica Neue&#039;, Helvetica, Arial, &#039;Nimbus Sans L&#039;, sans-serif;text-align: left\">Varpachovitjs roll inom Rysslands strategiska bombflyg<\/h2>\r\n<p style=\"text-align: left\">Nikolai Varpachovitj, f\u00f6dd 1970, \u00e4r yrkesofficer inom det ryska fj\u00e4rrflyget. Enligt Ukrainas milit\u00e4ra underr\u00e4ttelsetj\u00e4nst (HUR) \u00e4r han utbildad p\u00e5 flygplanstyperna Tu-95MS och Tu-95MSM och har erfarenhet av dem. HUR anger \u00e4ven att han har den ryska kvalifikationsbeteckningen milit\u00e4rpilot av prickskytteklass och minst 2 500 flygtimmar.<\/p>\r\n<img class=\"alignnone wp-image-33091 size-full\" style=\"max-width: 100%;height: auto;border: 1pt solid #000\" title=\"Mordf\u00f6rs\u00f6k mot den ryske generalen Nikolai Varpachovitj\" src=\"https:\/\/informnapalm.org\/ua\/wp-content\/uploads\/sites\/9\/2026\/09\/photo_2026-09-03_14-20-53.jpg\" alt=\"Mordf\u00f6rs\u00f6k mot den ryske generalen Nikolai Varpachovitj\" width=\"642\" height=\"361\" \/>\r\n<p style=\"text-align: left\">I december 2014 uts\u00e5gs Varpachovitj till chef f\u00f6r 43:e centret f\u00f6r stridsinsatser och omskolning av fj\u00e4rrflygets flygande personal i Djagilevo utanf\u00f6r Rjazan i Ryssland. Ukrainas milit\u00e4ra underr\u00e4ttelsetj\u00e4nst anger att han i november 2021 tilltr\u00e4dde som bef\u00e4lhavare f\u00f6r 22:a divisionen f\u00f6r tungt bombflyg. Ukrainska milit\u00e4ra underr\u00e4ttelsetj\u00e4nstens <a href=\"https:\/\/gur.gov.ua\/content\/varpakhovych-mykola-mykolaiovych.html\">fullst\u00e4ndiga tj\u00e4nsteunderlag<\/a> om Varpachovitj inneh\u00e5ller ytterligare uppgifter om hans milit\u00e4ra bakgrund.<\/p>\r\n\r\n<h2 style=\"color: #000000;font-size: 1.3rem;font-weight: bold;margin-top: 24px;margin-bottom: 12px;font-family: &#039;Helvetica Neue&#039;, Helvetica, Arial, &#039;Nimbus Sans L&#039;, sans-serif;text-align: left\">Dokumenterad bef\u00e4lsroll och uppgifter om sonens d\u00f6d<\/h2>\r\n<p style=\"text-align: left\">En granskningsgrupp inom InformNapalm, OSINT Bees, publicerade i september 2022 <a href=\"https:\/\/informnapalm.org\/osintbees\/2022\/09\/21\/poidut-ly-voevat-synovia-heneralov\/\">ytterligare uppgifter<\/a> d\u00e4r Varpachovitj anges vara bef\u00e4lhavare f\u00f6r gardesdivisionen f\u00f6r tungt bombflyg och chef f\u00f6r garnisonen i Engels. Han omn\u00e4mns \u00e4ven i en senare <a href=\"https:\/\/informnapalm.org\/osintbees\/2022\/12\/13\/komandnyi-sklad-aerodroma-dalnoi-a\/\">OSINT-publicering<\/a> med uppgifter om bef\u00e4lsstrukturen vid fj\u00e4rrflygets flygbas i Djagilevo. Hans identitet och bef\u00e4lsroll hade d\u00e4rmed varit offentligt dokumenterade i flera \u00e5r n\u00e4r mordf\u00f6rs\u00f6ket intr\u00e4ffade.<\/p>\r\n<p style=\"text-align: left\">I hans bakgrund finns \u00e4ven en mindre k\u00e4nd h\u00e4ndelse. OSINT Bees uppger i en publicering fr\u00e5n 2023 att generalens yngre son, Vladislav Varpachovitj, f\u00f6dd 2002, avled under sin v\u00e4rnpliktstj\u00e4nstg\u00f6ring vid milit\u00e4renhet 41521 i Rjazan. Offentliggjorda kopior av r\u00e4ttsmedicinska handlingar angav en genomg\u00e5ende skottskada i huvudet. I den psykologiska och psykiatriska bed\u00f6mning som <a href=\"https:\/\/t.me\/osintbees\/7211\">\u00e5terges av OSINT Bees<\/a> anges att han befann sig i ett allvarligt negativt psykoemotionellt tillst\u00e5nd.<\/p>\r\n<p style=\"text-align: left\">Milit\u00e4renhet 41521 \u00e4r samma 43:e center i Djagilevo som Varpachovitj var chef f\u00f6r under flera \u00e5r f\u00f6re f\u00f6rflyttningen till flygbasen Engels. Det \u00f6ppna k\u00e4llmaterialet \u00e4r emellertid inte tillr\u00e4ckligt f\u00f6r en s\u00e4ker bed\u00f6mning av huruvida d\u00f6dsfallet var ett sj\u00e4lvmord, ett upps\u00e5tligt mord eller n\u00e5got annat. Det saknas \u00e4ven bel\u00e4gg f\u00f6r antagandet att h\u00e4ndelsen skulle ha varit en h\u00e4mndaktion mot Varpachovitj p\u00e5 grund av faderns verksamhet. Ett s\u00e5dant antagande kan d\u00e4rf\u00f6r inte \u00e5terges som ett faktum.<\/p>\r\n\r\n<h2 style=\"color: #000000;font-size: 1.3rem;font-weight: bold;margin-top: 24px;margin-bottom: 12px;font-family: &#039;Helvetica Neue&#039;, Helvetica, Arial, &#039;Nimbus Sans L&#039;, sans-serif;text-align: left\">Ukrainas st\u00f6rsta barnsjukhus och uppgifterna inifr\u00e5n divisionen<\/h2>\r\n<p style=\"text-align: left\">Ochmatdyt \u00e4r Ukrainas nationella specialiserade barnsjukhus i Kyiv och landets st\u00f6rsta barnsjukhus. Sjukhuset tar emot barn fr\u00e5n hela Ukraina och bedriver bland annat kirurgi och intensivv\u00e5rd samt behandling av cancer och blodsjukdomar. Den 8 juli 2024 tr\u00e4ffades sjukhuset av en robot. Tv\u00e5 personer d\u00f6dades, d\u00e4ribland en l\u00e4kare, och flera byggnader skadades eller f\u00f6rst\u00f6rdes.<\/p>\r\n<p style=\"text-align: left\">Den 13 maj 2024 offentliggjorde HUR <a href=\"https:\/\/gur.gov.ua\/content\/identyfikatsiia-voiennykh-zlochyntsiv-rf-rozvidnyky-vyznachyly-khto-obstriliuie-ukrainu-krylatymy-raketamy-spysok.html\">resultatet av en systematisk identifiering<\/a> av bef\u00e4l och personal inom 22:a divisionen f\u00f6r tungt bombflyg, milit\u00e4renhet 06987 vid flygbasen Engels. Enligt HUR har de identifierade personerna medverkat i planeringen och genomf\u00f6randet av attacker mot civil infrastruktur i Ukraina. Varpachovitj \u00e4r en av de centrala personerna i sammanst\u00e4llningen. HUR uppger \u00e4ven att divisionens f\u00f6rband anv\u00e4nder bombflygplanen Tu-95MS, Tu-160 och Tu-22M3 med robotarna Ch-101, Ch-555, Ch-55, Ch-22 och Ch-32.<\/p>\r\n<img class=\"alignnone wp-image-33090 size-full\" style=\"max-width: 100%;height: auto;border: 1pt solid #000\" title=\"Nikolai Varpachovitj, bef\u00e4lhavare f\u00f6r 22:a divisionen f\u00f6r tungt bombflyg\" src=\"https:\/\/informnapalm.org\/ua\/wp-content\/uploads\/sites\/9\/2026\/09\/866e046-screenshot-2024-07-11-164314.jpg\" alt=\"Nikolai Varpachovitj, bef\u00e4lhavare f\u00f6r 22:a divisionen f\u00f6r tungt bombflyg\" width=\"642\" height=\"325\" \/>\r\n<p style=\"text-align: left\">Efter attacken mot Ochmatdyt framkom ytterligare uppgifter av betydelse. I en rapport den 11 juli 2024 uppgav den ukrainska tidningen <a href=\"https:\/\/www.pravda.com.ua\/news\/2024\/07\/11\/7465204\/\">Ukrajinska Pravda<\/a>, med h\u00e4nvisning till k\u00e4llor inom HUR, att en pilot fr\u00e5n 22:a divisionen hade kontaktat den ukrainska underr\u00e4ttelsetj\u00e4nsten. Enligt tidningens k\u00e4llor hade piloten uppgett att han reagerat starkt p\u00e5 attacken mot barnsjukhuset. Han hade \u00e4ven \u00f6verl\u00e4mnat handlingar fr\u00e5n milit\u00e4renheten, material ur personalakter, privata fotografier av bef\u00e4let och s\u00e4kerhetsklassificerade handlingar fr\u00e5n divisionen.<\/p>\r\n<p style=\"text-align: left\">I det \u00f6verl\u00e4mnade materialet anges Nikolai Nikolaievitj Varpachovitj som person nummer 28 och som bef\u00e4lhavare f\u00f6r 22:a divisionen f\u00f6r tungt bombflyg inom fj\u00e4rrflyget och Rysslands luft- och rymdstridskrafter. HUR k\u00e4nde sedan tidigare till flertalet av de 30 officerare som f\u00f6rekommer i materialet. Den information som hade samlats in genom OSINT under flera \u00e5r kunde d\u00e4rmed kompletteras med intern dokumentation fr\u00e5n det ryska strategiska flyget.<\/p>\r\n\r\n<h2 style=\"color: #000000;font-size: 1.3rem;font-weight: bold;margin-top: 24px;margin-bottom: 12px;font-family: &#039;Helvetica Neue&#039;, Helvetica, Arial, &#039;Nimbus Sans L&#039;, sans-serif;text-align: left\">Flera ukrainska brottsutredningar om attacker mot civila m\u00e5l<\/h2>\r\n<p style=\"text-align: left\">Under de senaste \u00e5ren har uppgifter om Varpachovitj, som av ukrainska myndigheter misst\u00e4nks f\u00f6r krigsbrott, f\u00f6rekommit \u00e4ven utanf\u00f6r underr\u00e4ttelseregistren.<\/p>\r\n<p style=\"text-align: left\">Ukrainska utredare har redovisat f\u00f6ljande uppgifter:<\/p>\r\n\r\n<ol style=\"text-align: left\">\r\n \t<li style=\"text-align: left\">I \u00e4rendet om attacken mot tv-tornet i Kyiv den 1 mars 2022, d\u00e5 fem civila d\u00f6dades, <a href=\"https:\/\/armyinform.com.ua\/2026\/02\/12\/udar-po-kyyivskij-televezhi-rosijskyj-general-otrymav-pidozru\/\">misst\u00e4nks Varpachovitj<\/a> f\u00f6r att ha f\u00f6rmedlat stridsordern till det underst\u00e4llda 121:a regementet f\u00f6r tungt bombflyg.<\/li>\r\n \t<li style=\"text-align: left\">I \u00e4rendet om attacken med en Ch-101 mot bostadskomplexet Tiras i Odesa den 23 april 2022, d\u00e5 \u00e5tta m\u00e4nniskor d\u00f6dades, <a href=\"https:\/\/od.npu.gov.ua\/news\/viddavaly-nakazy-nanosyty-raketni-udary-po-zhk-tiras-odeski-slidchi-povidomyly-pro-pidozru-heneral-maioru-ta-polkovnyku-armii-rosii\">bed\u00f6mer den ukrainska polisen<\/a> att Varpachovitj \u00e4r en av organisat\u00f6rerna bakom attacken.<\/li>\r\n \t<li style=\"text-align: left\">I \u00e4rendet om attacken mot Uman den 28 april 2023, d\u00e5 24 m\u00e4nniskor, d\u00e4ribland sex barn, d\u00f6dades, har Varpachovitj ocks\u00e5 <a href=\"https:\/\/armyinform.com.ua\/2025\/10\/13\/udar-shho-zabrav-24-zhyttya-sbu-vstanovyla-polkovnykiv-rf-yaki-znyshhyly-zhytlovyj-budynok-v-umani\/\">delgetts misstanke<\/a>.<\/li>\r\n \t<li style=\"text-align: left\">I fr\u00e5ga om attacken mot Kryvyj Rih den 13 juni 2023 har <a href=\"https:\/\/dnipr.gp.gov.ua\/ua\/news.html?_m=publications&amp;_t=rec&amp;id=424054&amp;s=print\">de ukrainska utredarna kartlagt<\/a> bef\u00e4lsordningen fr\u00e5n den h\u00f6gsta ledningen f\u00f6r Rysslands luft- och rymdstridskrafter till Varpachovitj och bef\u00e4lhavaren f\u00f6r 121:a regementet. Varpachovitj misst\u00e4nks f\u00f6r att ha vidarebefordrat en stridsorder om angrepp mot civila m\u00e5l.<\/li>\r\n \t<li style=\"text-align: left\">Varpachovitj <a href=\"https:\/\/fakty.com.ua\/ua\/ukraine\/20251111-prychetni-do-udaru-kyndzhalamy-po-lvovu-sbu-ogolosyla-pidozru-pyatom-komandyram-rf\/\">f\u00f6rekommer \u00e4ven i \u00e4rendet<\/a> om robotattacken mot Lviv den 4 september 2024, d\u00e5 kryssningsroboten Ch-101 och ryska Kinzjalrobotar anv\u00e4ndes.<\/li>\r\n<\/ol>\r\n<p style=\"text-align: left\">Den 31 augusti 2026 delgav SBU honom dessutom misstanke med anledning av attacken mot Ochmatdyt. D\u00e4rmed f\u00f6rekommer Varpachovitjs namn vid publiceringstillf\u00e4llet i flera ukrainska brottsutredningar om robotattacker mot civila och civil infrastruktur.<\/p>\r\n<a href=\"https:\/\/informnapalm.org\/ua\/wp-content\/uploads\/sites\/9\/2026\/09\/EU.jpg\"><img class=\"alignnone wp-image-33093 size-full\" style=\"max-width: 100%;height: auto;border: 1pt solid #000\" title=\"EU:s f\u00f6rteckning \u00f6ver personer som omfattas av sanktioner\" src=\"https:\/\/informnapalm.org\/ua\/wp-content\/uploads\/sites\/9\/2026\/09\/EU.jpg\" alt=\"EU:s f\u00f6rteckning \u00f6ver personer som omfattas av sanktioner\" width=\"642\" height=\"301\" \/><\/a>\r\n<p style=\"text-align: left\">Varpachovitj har sedan den 16 december 2024 funnits p\u00e5 Europeiska unionens f\u00f6rteckning \u00f6ver personer som omfattas av individuella sanktioner. I EU:s officiella motivering anges han som bef\u00e4lhavare f\u00f6r 22:a divisionen vid flygbasen Engels-2. D\u00e4r anges \u00e4ven att en Ch-101 fr\u00e5n divisionen tr\u00e4ffade barnsjukhuset Ochmatdyt i juli 2024. <a href=\"https:\/\/eur-lex.europa.eu\/eli\/dec\/2024\/3182\/oj\/eng\/pdf\">EU:s officiella beslut om Varpachovitj<\/a> inneh\u00e5ller den fullst\u00e4ndiga motiveringen.<\/p>\r\n\r\n<h2 style=\"color: #000000;font-size: 1.3rem;font-weight: bold;margin-top: 24px;margin-bottom: 12px;font-family: &#039;Helvetica Neue&#039;, Helvetica, Arial, &#039;Nimbus Sans L&#039;, sans-serif;text-align: left\">Individuellt ansvar byggs upp \u00f6ver tid<\/h2>\r\n<p style=\"text-align: left\">Mordf\u00f6rs\u00f6ket mot en h\u00f6gt uppsatt rysk milit\u00e4r som av Ukraina misst\u00e4nks f\u00f6r krigsbrott visar att identifiering kan ske l\u00e5ngt innan en dom meddelas. Uppgifter fr\u00e5n \u00f6ppna k\u00e4llor och brottsutredningar kan samlas in under flera \u00e5r och d\u00e4refter bilda underlag f\u00f6r individuellt ansvar.<\/p>\r\n<p style=\"text-align: left\">Varje rysk milit\u00e4r som verkst\u00e4ller en brottslig order m\u00e5ste r\u00e4kna med att stora m\u00e4ngder information p\u00e5 internet kan anv\u00e4ndas f\u00f6r identifiering. Information kan dessutom l\u00e4mnas av personens tidigare eller nuvarande kollegor.<\/p>\r\n<p style=\"text-align: left\">R\u00e4ttsliga f\u00f6rfaranden kan ta l\u00e5ng tid. Underlaget f\u00f6r individuellt ansvar kan samtidigt forts\u00e4tta att byggas upp under flera \u00e5r, vilket successivt minskar m\u00f6jligheterna att undg\u00e5 ansvarsutkr\u00e4vande.<\/p>\r\n<p style=\"text-align: left\">Artikeln har utarbetats av Ashton Berson f\u00f6r InformNapalm.<\/p>\r\n\r\n\r\n<hr style=\"width: 75%;margin: 20px 0;border: 0;border-top: 1px solid #ccc;text-align: left\" \/>\r\n\r\n<div style=\"color: #333333;text-align: left;font-family: Helvetica Neue,Helvetica,Arial,Nimbus Sans L,sans-serif\">\r\n<h2 style=\"color: #000;font-size: 1.5rem;font-weight: bold;margin-top: 24px;margin-bottom: 12px\">Ytterligare artiklar av InformNapalm<\/h2>\r\n<ul style=\"text-align: left;list-style-type: disc;padding-left: 20px\">\r\n \t<li style=\"text-align: left;margin-bottom: 8px\"><a style=\"color: #333333;text-decoration: none\" href=\"https:\/\/informnapalm.org\/sv\/gru-officer-2\/\" target=\"_blank\" rel=\"noopener noreferrer\">Hackning av en GRU-officer efterlyst av FBI, ledare f\u00f6r hackergruppen APT28<\/a><\/li>\r\n \t<li style=\"text-align: left;margin-bottom: 8px\"><a style=\"color: #333333;text-decoration: none\" href=\"https:\/\/informnapalm.org\/sv\/tolv-ar-av-underrattelsearbete\/\" target=\"_blank\" rel=\"noopener noreferrer\">InformNapalm markerar tolv \u00e5r av underr\u00e4ttelsearbete mot Ryssland<\/a><\/li>\r\n \t<li style=\"text-align: left;margin-bottom: 8px\"><a style=\"color: #333333;text-decoration: none\" href=\"https:\/\/informnapalm.org\/sv\/sverige-ukraina-2026\/\" target=\"_blank\" rel=\"noopener noreferrer\">Det politiska klimatet i Sverige efter Rysslands invasion av Ukraina<\/a><\/li>\r\n<\/ul>\r\n<\/div>\r\n\r\n<hr style=\"border: none;border-top: 1px solid #cfcfcf;margin: 24px 0;width: 100%;text-align: left\" \/>\r\n\r\n<div style=\"color: #333333;text-align: left;font-family: Helvetica Neue,Helvetica,Arial,Nimbus Sans L,sans-serif\">\r\n<p style=\"text-align: left;margin-bottom: 16px\"><img class=\"alignleft\" style=\"float: left;margin-right: 15px\" title=\"InformNapalm p\u00e5 svenska\" src=\"https:\/\/informnapalm.org\/fr\/wp-content\/uploads\/sites\/2\/2015\/12\/InformNapalm_logo_05.png\" alt=\"InformNapalm p\u00e5 svenska\" width=\"120\" height=\"55\" \/><span style=\"color: #333333\">Materialet f\u00e5r fritt spridas och \u00e5terpubliceras under f\u00f6ruts\u00e4ttning att k\u00e4llan anges.<\/span> Licensiering enligt Creative Commons Erk\u00e4nnande 4.0 Internationell (CC BY 4.0). <span style=\"color: #333333\">F\u00f6lj oss p\u00e5 <\/span><a style=\"text-decoration: none;font-weight: bold\" href=\"https:\/\/www.facebook.com\/informnapalm24\/\" target=\"_blank\" rel=\"noopener noreferrer\">Facebook<\/a>, <a style=\"text-decoration: none;font-weight: bold\" href=\"https:\/\/twitter.com\/informnapalm\" target=\"_blank\" rel=\"noopener noreferrer\">X<\/a>, <a style=\"text-decoration: none;font-weight: bold\" title=\"Telegram\" href=\"https:\/\/t.me\/informnapalm\" target=\"_blank\" rel=\"noopener noreferrer\">Telegram<\/a> och <a style=\"text-decoration: none;font-weight: bold\" title=\"Slate (Sl8)\" href=\"https:\/\/sl8.online\/invite\/WrrzJQ\" target=\"_blank\" rel=\"noopener noreferrer\">Slate (Sl8)<\/a>.<\/p>\r\n<p style=\"text-align: left;margin-bottom: 16px\">InformNapalm tar inte emot ekonomiskt st\u00f6d fr\u00e5n n\u00e5gon stat eller institutionell sponsor. Verksamheten finansieras uteslutande av frivilliga insatser fr\u00e5n enskilda volont\u00e4rer och l\u00e4sare. Den som \u00f6nskar bidra kan g\u00f6ra det genom m\u00e5natliga <a style=\"text-decoration: none;font-weight: bold\" href=\"https:\/\/www.buymeacoffee.com\/informnapalm\" target=\"_blank\" rel=\"noopener noreferrer\">mindre donationer<\/a> via plattformen BuyMeACoffee.<\/p>\r\n\r\n<\/div>\r\n<\/div>\r\n<\/div>","amp_enabled":false,"_links":{"self":[{"href":"https:\/\/informnapalm.org\/sv\/wp-json\/wp\/v2\/posts\/27049","targetHints":{"allow":["GET"]}}],"collection":[{"href":"https:\/\/informnapalm.org\/sv\/wp-json\/wp\/v2\/posts"}],"about":[{"href":"https:\/\/informnapalm.org\/sv\/wp-json\/wp\/v2\/types\/post"}],"author":[{"embeddable":true,"href":"https:\/\/informnapalm.org\/sv\/wp-json\/wp\/v2\/users\/72"}],"replies":[{"embeddable":true,"href":"https:\/\/informnapalm.org\/sv\/wp-json\/wp\/v2\/comments?post=27049"}],"version-history":[{"count":17,"href":"https:\/\/informnapalm.org\/sv\/wp-json\/wp\/v2\/posts\/27049\/revisions"}],"predecessor-version":[{"id":27067,"href":"https:\/\/informnapalm.org\/sv\/wp-json\/wp\/v2\/posts\/27049\/revisions\/27067"}],"wp:featuredmedia":[{"embeddable":true,"href":"https:\/\/informnapalm.org\/sv\/wp-json\/wp\/v2\/media\/27050"}],"wp:attachment":[{"href":"https:\/\/informnapalm.org\/sv\/wp-json\/wp\/v2\/media?parent=27049"}],"wp:term":[{"taxonomy":"category","embeddable":true,"href":"https:\/\/informnapalm.org\/sv\/wp-json\/wp\/v2\/categories?post=27049"},{"taxonomy":"post_tag","embeddable":true,"href":"https:\/\/informnapalm.org\/sv\/wp-json\/wp\/v2\/tags?post=27049"}],"curies":[{"name":"wp","href":"https:\/\/api.w.org\/{rel}","templated":true}]}}