{"id":27068,"date":"2026-09-04T18:12:19","date_gmt":"2026-09-04T16:12:19","guid":{"rendered":"https:\/\/informnapalm.org\/sv\/?p=27068"},"modified":"2026-09-04T22:36:05","modified_gmt":"2026-09-04T20:36:05","slug":"ryska-militarer-dodsnotiser","status":"publish","type":"post","link":"https:\/\/informnapalm.org\/sv\/ryska-militarer-dodsnotiser\/","title":{"rendered":"InformNapalm kopplar ryska milit\u00e4rer fr\u00e5n Krim och Donbas till senare d\u00f6dsnotiser"},"content":{"rendered":"<div lang=\"sv\" style=\"color: #000000;text-align: left\">\n<p style=\"text-align: left;margin: 0 0 16px 0\"><span style=\"font-weight: bold;font-family: Helvetica Neue,Helvetica,Arial,Nimbus Sans L,sans-serif\">Ryska milit\u00e4rer vars deltagande i Rysslands aggression mot Ukraina dokumenterades av InformNapalm under perioden 2014\u20132021 f\u00f6rekommer p\u00e5 nytt i dokumentationen av den fullskaliga invasionen. I flera fall g\u00e5r deras fortsatta deltagande i kriget att f\u00f6lja fram till uppgifter om deras d\u00f6d i ryska k\u00e4llor.<\/span><\/p>\n<div style=\"color: #333333;text-align: left\">\n<p style=\"text-align: left\">Sambandet uppm\u00e4rksammades av OSINT-utredaren Irakli Komakhidze, medgrundare av InformNapalm, vid en genomg\u00e5ng av uppgifter om ryska milit\u00e4rer. Granskningen visar hur \u00e4ldre digital dokumentation kan f\u00e5 ny betydelse flera \u00e5r efter att en person f\u00f6rst identifierats.<\/p>\n<h2 style=\"color: #000000;font-size: 1.3rem;font-weight: bold;margin-top: 24px;margin-bottom: 12px;font-family: &#039;Helvetica Neue&#039;, Helvetica, Arial, &#039;Nimbus Sans L&#039;, sans-serif;text-align: left\">Sergej Finogin identifierad redan 2016<\/h2>\n<p style=\"text-align: left\">Ett av fallen g\u00e4ller Sergej Finogin. InformNapalm <a href=\"https:\/\/informnapalm.org\/sv\/rysk-spaningssoldat\/\">fastst\u00e4llde 2016<\/a> att han tj\u00e4nstgjorde vid den ryska 7:e milit\u00e4rbasen i den ryskockuperade georgiska regionen Abchazien och under en l\u00e4ngre period var kommenderad till Donbas i \u00f6stra Ukraina.<\/p>\n<p style=\"text-align: left\">Enligt InformNapalms dokumentation tj\u00e4nstgjorde Finogin i staden Horlivka som instrukt\u00f6r f\u00f6r den s\u00e5 kallade folkmilisen i den sj\u00e4lvutn\u00e4mnda folkrepubliken Donetsk (DNR).<\/p>\n<p style=\"text-align: left\"><img loading=\"lazy\" decoding=\"async\" class=\"alignnone\" style=\"width: 642px;max-width: 100%;height: auto;display: block;border: 2pt solid #000000\" title=\"Dokumentation om Sergej Finogin\" src=\"https:\/\/informnapalm.org\/ua\/wp-content\/uploads\/sites\/9\/2026\/09\/38.jpg\" alt=\"Dokumentation om Sergej Finogin\" width=\"642\" height=\"806\" \/><\/p>\n<p style=\"text-align: left\"><a href=\"https:\/\/informnapalm.org\/at\/russische-militaerangehoerige-todesmeldungen\/\"><img loading=\"lazy\" decoding=\"async\" class=\"alignnone\" style=\"width: 642px;max-width: 100%;height: auto;display: block;border: 2pt solid #000000\" title=\"Dokumentation om Sergej Finogin\" src=\"https:\/\/informnapalm.org\/ua\/wp-content\/uploads\/sites\/9\/2026\/09\/11-1.jpg\" alt=\"Dokumentation om Sergej Finogin\" width=\"642\" height=\"856\" \/><\/a><\/p>\n<p style=\"text-align: left\"><img loading=\"lazy\" decoding=\"async\" class=\"alignnone\" style=\"width: 642px;max-width: 100%;height: auto;display: block;border: 2pt solid #000000\" title=\"Dokumentation om Sergej Finogin\" src=\"https:\/\/informnapalm.org\/ua\/wp-content\/uploads\/sites\/9\/2026\/09\/1.jpg\" alt=\"Dokumentation om Sergej Finogin\" width=\"642\" height=\"872\" \/><\/p>\n<p style=\"text-align: left\">\u00c5r 2025 publicerades <a href=\"https:\/\/memory59.ru\/finogin-sergej-olegovich\/\">uppgifter om att Finogin hade d\u00f6dats<\/a> i kriget mot Ukraina.<\/p>\n<p style=\"text-align: left\"><img loading=\"lazy\" decoding=\"async\" class=\"alignnone\" style=\"width: 642px;max-width: 100%;height: auto;display: block;border: 2pt solid #000000\" title=\"Uppgifter om Sergej Finogins d\u00f6d\" src=\"https:\/\/informnapalm.org\/ua\/wp-content\/uploads\/sites\/9\/2026\/09\/photo_2026-09-04_14-55-25.jpg\" alt=\"Uppgifter om Sergej Finogins d\u00f6d\" width=\"642\" height=\"976\" \/><\/p>\n<h2 style=\"color: #000000;font-size: 1.3rem;font-weight: bold;margin-top: 24px;margin-bottom: 12px;font-family: &#039;Helvetica Neue&#039;, Helvetica, Arial, &#039;Nimbus Sans L&#039;, sans-serif;text-align: left\">Maksim Pasjtjenko identifierad p\u00e5 Krim och i Donbas<\/h2>\n<p style=\"text-align: left\">Ett annat fall g\u00e4ller Maksim Pasjtjenko. I mars 2019 identifierade InformNapalm honom som tidigare instrukt\u00f6r vid spaningsbataljonen vid den ryska 7:e milit\u00e4rbasen i Abchazien och som deltagare i Rysslands annektering av Krim 2014.<\/p>\n<p style=\"text-align: left\">Enligt granskningen var Pasjtjenko senare en av de ryska milit\u00e4rer som Moskva i Donbas framst\u00e4llde som lokala \u201dgruvarbetare\u201d och \u201dmilism\u00e4n\u201d.<\/p>\n<p style=\"text-align: left\"><img loading=\"lazy\" decoding=\"async\" class=\"alignnone\" style=\"width: 642px;max-width: 100%;height: auto;display: block;border: 2pt solid #000000\" title=\"Dokumentation om Maksim Pasjtjenko\" src=\"https:\/\/informnapalm.org\/ua\/wp-content\/uploads\/sites\/9\/2026\/09\/photo_2026-09-04_13-53-35.jpg\" alt=\"Dokumentation om Maksim Pasjtjenko\" width=\"642\" height=\"868\" \/><\/p>\n<p style=\"text-align: left\"><img loading=\"lazy\" decoding=\"async\" class=\"alignnone\" style=\"width: 642px;max-width: 100%;height: auto;display: block;border: 2pt solid #000000\" title=\"Dokumentation om Maksim Pasjtjenko\" src=\"https:\/\/informnapalm.org\/ua\/wp-content\/uploads\/sites\/9\/2026\/09\/image.jpg\" alt=\"Dokumentation om Maksim Pasjtjenko\" width=\"642\" height=\"532\" \/><\/p>\n<p style=\"text-align: left\"><img loading=\"lazy\" decoding=\"async\" class=\"alignnone\" style=\"width: 642px;max-width: 100%;height: auto;display: block;border: 2pt solid #000000\" title=\"Dokumentation om Maksim Pasjtjenko\" src=\"https:\/\/informnapalm.org\/ua\/wp-content\/uploads\/sites\/9\/2026\/09\/2-boevika-ianvar-2017.jpg\" alt=\"Dokumentation om ryska milit\u00e4rer i Donbas\" width=\"642\" height=\"900\" \/><\/p>\n<p style=\"text-align: left\">I oktober 2023 publicerades <a href=\"https:\/\/archive.ph\/UMK8a\">en d\u00f6dsnotis om Pasjtjenko<\/a> i ryska k\u00e4llor. D\u00e4r uppgavs att han hade d\u00f6dats den 6 april 2022 i det som Ryssland ben\u00e4mner den \u201ds\u00e4rskilda milit\u00e4ra operationen\u201d. Detta skedde kort efter inledningen av den fullskaliga invasionen av Ukraina.<\/p>\n<p style=\"text-align: left\"><img loading=\"lazy\" decoding=\"async\" class=\"alignnone\" style=\"width: 642px;max-width: 100%;height: auto;display: block;border: 2pt solid #000000\" title=\"Rysk d\u00f6dsnotis om Maksim Pasjtjenko\" src=\"https:\/\/informnapalm.org\/ua\/wp-content\/uploads\/sites\/9\/2026\/09\/photo_2026-09-04_13-53-32.jpg\" alt=\"Rysk d\u00f6dsnotis om Maksim Pasjtjenko\" width=\"642\" height=\"960\" \/><\/p>\n<p style=\"text-align: left\">InformNapalm lyfter fram fallet som ett exempel p\u00e5 hur en rysk milit\u00e4r vars n\u00e4rvaro i Ukraina tidigare f\u00f6rnekades flera \u00e5r senare \u00e5terfinns bland den ryska arm\u00e9ns dokumenterade f\u00f6rluster.<\/p>\n<h2 style=\"color: #000000;font-size: 1.3rem;font-weight: bold;margin-top: 24px;margin-bottom: 12px;font-family: &#039;Helvetica Neue&#039;, Helvetica, Arial, &#039;Nimbus Sans L&#039;, sans-serif;text-align: left\">Digitala sp\u00e5r f\u00e5r ny betydelse \u00f6ver tid<\/h2>\n<p style=\"text-align: left\">Fallen med Finogin och Pasjtjenko visar betydelsen av systematisk dokumentation under l\u00e4ngre tidsperioder. Uppgifter som under \u00e5ren 2014\u20132019 kunde framst\u00e5 som enskilda digitala sp\u00e5r kopplade till en milit\u00e4r kan senare kombineras med ny information och bli en del av ett betydligt st\u00f6rre dokumentationsunderlag.<\/p>\n<p style=\"text-align: left\">S\u00e5dana sp\u00e5r kan best\u00e5 av fotografier, geografiska positioner, uppgifter om milit\u00e4ra f\u00f6rband och kommenderingar samt profiler i sociala medier. N\u00e4r ny information tillkommer kan samband mellan tidigare och senare milit\u00e4r verksamhet klarl\u00e4ggas.<\/p>\n<p style=\"text-align: left\">Rysslands fullskaliga invasion 2022 innebar en kraftig utvidgning av den milit\u00e4ra aggression mot Ukraina som Ryssland hade bedrivit sedan 2014. InformNapalms dokumentation visar samtidigt att samma personer i vissa fall f\u00f6rekommer under b\u00e5da perioderna.<\/p>\n<p style=\"text-align: left\">\u00c4ldre material kan d\u00e4rmed bidra till att f\u00f6lja enskilda milit\u00e4rers verksamhet fr\u00e5n Krim och Donbas under krigets tidigare skede till deras deltagande efter den fullskaliga invasionen.<\/p>\n<h2 style=\"color: #000000;font-size: 1.3rem;font-weight: bold;margin-top: 24px;margin-bottom: 12px;font-family: &#039;Helvetica Neue&#039;, Helvetica, Arial, &#039;Nimbus Sans L&#039;, sans-serif;text-align: left\">\u00c4ldre granskningar f\u00e5r fortsatt betydelse<\/h2>\n<p style=\"text-align: left\">OSINT-arkiv g\u00f6r det m\u00f6jligt att f\u00f6lja enskilda personer \u00f6ver flera \u00e5r och att koppla samman uppgifter som vid den ursprungliga publiceringen kunde framst\u00e5 som isolerade. Material om ryska milit\u00e4rer p\u00e5 Krim och i Donbas kan d\u00e4rmed j\u00e4mf\u00f6ras med senare uppgifter om samma personer under den fullskaliga invasionen.<\/p>\n<p style=\"text-align: left\">InformNapalms \u00e4ldre granskningar kan d\u00e4rf\u00f6r beh\u00e5lla sin betydelse l\u00e5ngt efter den ursprungliga publiceringen. Samtidigt kan nya uppgifter bekr\u00e4fta tidigare information, klarl\u00e4gga ytterligare samband och st\u00e4rka v\u00e4rdet av den samlade dokumentationen.<\/p>\n<p style=\"text-align: left\">Digital dokumentation g\u00f6r det m\u00f6jligt att bevara och komplettera uppgifter om den ryska aggressionen \u00f6ver tid. D\u00e4rmed kan \u00e4ven information om misst\u00e4nkta krigsf\u00f6rbrytelser och enskilda personers deltagande i den ryska aggressionen mot Ukraina f\u00e5 fortsatt betydelse.<\/p>\n<p style=\"text-align: left\">Artikeln \u00e4r framtagen av Irakli Komakhidze och Andrij Lisitsyn f\u00f6r InformNapalms l\u00e4sare.<\/p>\n<hr style=\"border: none;border-top: 1px solid #cfcfcf;margin: 24px 0;width: 35%;text-align: left\" \/>\n<p style=\"text-align: left\"><span style=\"font-weight: bold\">L\u00e4s \u00e4ven:<\/span> <a href=\"https:\/\/informnapalm.org\/sv\/72a-fristaende-motorskyttebrigaden\/\">OSINT-identifiering av ryska milit\u00e4rer<\/a> ur den 72:a separata motorskyttebrigaden i riktning mot Kostjantynivka.<\/p>\n<p style=\"text-align: left\"><a href=\"https:\/\/informnapalm.org\/sv\/72a-fristaende-motorskyttebrigaden\/\"><img loading=\"lazy\" decoding=\"async\" class=\"alignnone\" style=\"width: 642px;max-width: 100%;height: auto;display: block;border: 2pt solid #000000\" title=\"OSINT-identifiering av ryska milit\u00e4rer ur den 72:a motorskyttebrigaden\" src=\"https:\/\/informnapalm.org\/ua\/wp-content\/uploads\/sites\/9\/2026\/08\/IN72.jpg\" alt=\"OSINT-identifiering av ryska milit\u00e4rer ur den 72:a motorskyttebrigaden\" width=\"642\" height=\"336\" \/><\/a><\/p>\n<hr style=\"border: none;border-top: 1px solid #cfcfcf;margin: 24px 0;width: 75%;text-align: left\" \/>\n<div style=\"color: #333333;text-align: left;font-family: Helvetica Neue,Helvetica,Arial,Nimbus Sans L,sans-serif\">\n<h2 style=\"color: #000;font-size: 1.5rem;font-weight: bold;margin-top: 24px;margin-bottom: 12px\">Ytterligare artiklar av InformNapalm<\/h2>\n<ul style=\"text-align: left;list-style-type: disc;padding-left: 20px\">\n<li style=\"text-align: left;margin-bottom: 8px\"><a style=\"color: #333333;text-decoration: none\" href=\"https:\/\/informnapalm.org\/sv\/wildberries\/\" target=\"_blank\" rel=\"noopener noreferrer\">Wildberries mellan hammaren och st\u00e4det efter dr\u00f6narangrepp och cyberoperationer<\/a><\/li>\n<li style=\"text-align: left;margin-bottom: 8px\"><a style=\"color: #333333;text-decoration: none\" href=\"https:\/\/informnapalm.org\/sv\/bastion\/\" target=\"_blank\" rel=\"noopener noreferrer\">Ukrainas flotta sl\u00e5r till mot kustrobotsystemet Bastion p\u00e5 Krim<\/a><\/li>\n<li style=\"text-align: left;margin-bottom: 8px\"><a style=\"color: #333333;text-decoration: none\" href=\"https:\/\/informnapalm.org\/sv\/ryska-operationer\/\" target=\"_blank\" rel=\"noopener noreferrer\">Verifierade ryska operationer visar ett sammanh\u00e4ngande m\u00f6nster mot Europa<\/a><\/li>\n<\/ul>\n<\/div>\n<hr style=\"border: none;border-top: 1px solid #cfcfcf;margin: 24px 0;width: 100%;text-align: left\" \/>\n<div style=\"color: #333333;text-align: left;font-family: Helvetica Neue,Helvetica,Arial,Nimbus Sans L,sans-serif\">\n<p style=\"text-align: left;margin-bottom: 16px\"><img loading=\"lazy\" decoding=\"async\" class=\"alignleft\" style=\"float: left;margin-right: 15px\" title=\"InformNapalm p\u00e5 svenska\" src=\"https:\/\/informnapalm.org\/fr\/wp-content\/uploads\/sites\/2\/2015\/12\/InformNapalm_logo_05.png\" alt=\"InformNapalm p\u00e5 svenska\" width=\"120\" height=\"55\" \/><span style=\"color: #333333\">Materialet f\u00e5r fritt spridas och \u00e5terpubliceras under f\u00f6ruts\u00e4ttning att k\u00e4llan anges.<\/span> Licensiering enligt Creative Commons Erk\u00e4nnande 4.0 Internationell (CC BY 4.0). <span style=\"color: #333333\">F\u00f6lj oss p\u00e5 <\/span><a style=\"text-decoration: none;font-weight: bold\" href=\"https:\/\/www.facebook.com\/informnapalm24\/\" target=\"_blank\" rel=\"noopener noreferrer\">Facebook<\/a>, <a style=\"text-decoration: none;font-weight: bold\" href=\"https:\/\/twitter.com\/informnapalm\" target=\"_blank\" rel=\"noopener noreferrer\">X<\/a>, <a style=\"text-decoration: none;font-weight: bold\" title=\"Telegram\" href=\"https:\/\/t.me\/informnapalm\" target=\"_blank\" rel=\"noopener noreferrer\">Telegram<\/a> och <a style=\"text-decoration: none;font-weight: bold\" title=\"Slate (Sl8)\" href=\"https:\/\/sl8.online\/invite\/WrrzJQ\" target=\"_blank\" rel=\"noopener noreferrer\">Slate (Sl8)<\/a>.<\/p>\n<p style=\"text-align: left;margin-bottom: 16px\">InformNapalm tar inte emot ekonomiskt st\u00f6d fr\u00e5n n\u00e5gon stat eller institutionell sponsor. Verksamheten finansieras uteslutande av frivilliga insatser fr\u00e5n enskilda volont\u00e4rer och l\u00e4sare. Den som \u00f6nskar bidra kan g\u00f6ra det genom m\u00e5natliga <a style=\"text-decoration: none;font-weight: bold\" href=\"https:\/\/www.buymeacoffee.com\/informnapalm\" target=\"_blank\" rel=\"noopener noreferrer\">mindre donationer<\/a> via plattformen BuyMeACoffee.<\/p>\n<\/div>\n<\/div>\n<\/div>\n","protected":false},"excerpt":{"rendered":"<p>Ryska milit\u00e4rer vars deltagande i Rysslands aggression mot Ukraina dokumenterades av InformNapalm under perioden 2014\u20132021 f\u00f6rekommer p\u00e5&#8230;<\/p>\n","protected":false},"author":72,"featured_media":27072,"comment_status":"closed","ping_status":"closed","sticky":false,"template":"","format":"standard","meta":{"_acf_changed":false,"om_disable_all_campaigns":false,"_uf_show_specific_survey":0,"_uf_disable_surveys":false,"footnotes":""},"categories":[403,1771,268,801],"tags":[220,21,205,128,13307,13277,267],"class_list":["post-27068","post","type-post","status-publish","format-standard","has-post-thumbnail","hentry","category-donbas","category-nyheter","category-osint","category-ryssland","tag-donbas","tag-informnapalm","tag-krim","tag-osint","tag-ryska-dodsnotiser","tag-ryska-militarer","tag-ukraina"],"acf":[],"yoast_head":"<!-- This site is optimized with the Yoast SEO plugin v28.2 - https:\/\/yoast.com\/product\/yoast-seo-wordpress\/ -->\n<title>InformNapalm kopplar ryska milit\u00e4rer fr\u00e5n Krim och Donbas till senare d\u00f6dsnotiser<\/title>\n<meta name=\"description\" content=\"InformNapalm sp\u00e5rar ryska milit\u00e4rer fr\u00e5n Krim och Donbas till senare d\u00f6dsnotiser och visar hur \u00e4ldre OSINT-granskningar f\u00e5r nytt bevisv\u00e4rde.\" \/>\n<meta name=\"robots\" content=\"index, follow, max-snippet:-1, max-image-preview:large, max-video-preview:-1\" \/>\n<link rel=\"canonical\" href=\"https:\/\/informnapalm.org\/sv\/ryska-militarer-dodsnotiser\/\" \/>\n<meta property=\"og:locale\" content=\"en_US\" \/>\n<meta property=\"og:type\" content=\"article\" \/>\n<meta property=\"og:title\" content=\"InformNapalm kopplar ryska milit\u00e4rer fr\u00e5n Krim och Donbas till senare d\u00f6dsnotiser\" \/>\n<meta property=\"og:description\" content=\"InformNapalm sp\u00e5rar ryska milit\u00e4rer fr\u00e5n Krim och Donbas till senare d\u00f6dsnotiser och visar hur \u00e4ldre OSINT-granskningar f\u00e5r nytt bevisv\u00e4rde.\" \/>\n<meta property=\"og:url\" content=\"https:\/\/informnapalm.org\/sv\/ryska-militarer-dodsnotiser\/\" \/>\n<meta property=\"og:site_name\" content=\"InformNapalm p\u00e5 svenska\" \/>\n<meta property=\"article:published_time\" content=\"2026-09-04T16:12:19+00:00\" \/>\n<meta property=\"article:modified_time\" content=\"2026-09-04T20:36:05+00:00\" \/>\n<meta property=\"og:image\" content=\"https:\/\/informnapalm.org\/sv\/wp-content\/uploads\/sites\/22\/2026\/09\/InformNapalm-kopplar-ryska-militarer-till-dodsnotiser.jpg\" \/>\n\t<meta property=\"og:image:width\" content=\"642\" \/>\n\t<meta property=\"og:image:height\" content=\"336\" \/>\n\t<meta property=\"og:image:type\" content=\"image\/jpeg\" \/>\n<meta name=\"author\" content=\"2476\" \/>\n<meta name=\"twitter:label1\" content=\"Written by\" \/>\n\t<meta name=\"twitter:data1\" content=\"2476\" \/>\n\t<meta name=\"twitter:label2\" content=\"Est. reading time\" \/>\n\t<meta name=\"twitter:data2\" content=\"6 minutes\" \/>\n<script type=\"application\/ld+json\" class=\"yoast-schema-graph\">{\"@context\":\"https:\\\/\\\/schema.org\",\"@graph\":[{\"@type\":\"Article\",\"@id\":\"https:\\\/\\\/informnapalm.org\\\/sv\\\/ryska-militarer-dodsnotiser\\\/#article\",\"isPartOf\":{\"@id\":\"https:\\\/\\\/informnapalm.org\\\/sv\\\/ryska-militarer-dodsnotiser\\\/\"},\"author\":{\"name\":\"2476\",\"@id\":\"https:\\\/\\\/informnapalm.org\\\/sv\\\/#\\\/schema\\\/person\\\/e683569ccd9c71b2afa351e58e558cb1\"},\"headline\":\"InformNapalm kopplar ryska milit\u00e4rer fr\u00e5n Krim och Donbas till senare d\u00f6dsnotiser\",\"datePublished\":\"2026-09-04T16:12:19+00:00\",\"dateModified\":\"2026-09-04T20:36:05+00:00\",\"mainEntityOfPage\":{\"@id\":\"https:\\\/\\\/informnapalm.org\\\/sv\\\/ryska-militarer-dodsnotiser\\\/\"},\"wordCount\":771,\"publisher\":{\"@id\":\"https:\\\/\\\/informnapalm.org\\\/sv\\\/#organization\"},\"image\":{\"@id\":\"https:\\\/\\\/informnapalm.org\\\/sv\\\/ryska-militarer-dodsnotiser\\\/#primaryimage\"},\"thumbnailUrl\":\"https:\\\/\\\/informnapalm.org\\\/sv\\\/wp-content\\\/uploads\\\/sites\\\/22\\\/2026\\\/09\\\/InformNapalm-kopplar-ryska-militarer-till-dodsnotiser.jpg\",\"keywords\":[\"Donbas\",\"InformNapalm\",\"Krim\",\"OSINT\",\"ryska d\u00f6dsnotiser\",\"ryska milit\u00e4rer\",\"Ukraina\"],\"articleSection\":[\"Donbas\",\"Nyheter\",\"OSINT\",\"Ryssland\"],\"inLanguage\":\"en-US\"},{\"@type\":\"WebPage\",\"@id\":\"https:\\\/\\\/informnapalm.org\\\/sv\\\/ryska-militarer-dodsnotiser\\\/\",\"url\":\"https:\\\/\\\/informnapalm.org\\\/sv\\\/ryska-militarer-dodsnotiser\\\/\",\"name\":\"InformNapalm kopplar ryska milit\u00e4rer fr\u00e5n Krim och Donbas till senare d\u00f6dsnotiser\",\"isPartOf\":{\"@id\":\"https:\\\/\\\/informnapalm.org\\\/sv\\\/#website\"},\"primaryImageOfPage\":{\"@id\":\"https:\\\/\\\/informnapalm.org\\\/sv\\\/ryska-militarer-dodsnotiser\\\/#primaryimage\"},\"image\":{\"@id\":\"https:\\\/\\\/informnapalm.org\\\/sv\\\/ryska-militarer-dodsnotiser\\\/#primaryimage\"},\"thumbnailUrl\":\"https:\\\/\\\/informnapalm.org\\\/sv\\\/wp-content\\\/uploads\\\/sites\\\/22\\\/2026\\\/09\\\/InformNapalm-kopplar-ryska-militarer-till-dodsnotiser.jpg\",\"datePublished\":\"2026-09-04T16:12:19+00:00\",\"dateModified\":\"2026-09-04T20:36:05+00:00\",\"description\":\"InformNapalm sp\u00e5rar ryska milit\u00e4rer fr\u00e5n Krim och Donbas till senare d\u00f6dsnotiser och visar hur \u00e4ldre OSINT-granskningar f\u00e5r nytt bevisv\u00e4rde.\",\"breadcrumb\":{\"@id\":\"https:\\\/\\\/informnapalm.org\\\/sv\\\/ryska-militarer-dodsnotiser\\\/#breadcrumb\"},\"inLanguage\":\"en-US\",\"potentialAction\":[{\"@type\":\"ReadAction\",\"target\":[\"https:\\\/\\\/informnapalm.org\\\/sv\\\/ryska-militarer-dodsnotiser\\\/\"]}]},{\"@type\":\"ImageObject\",\"inLanguage\":\"en-US\",\"@id\":\"https:\\\/\\\/informnapalm.org\\\/sv\\\/ryska-militarer-dodsnotiser\\\/#primaryimage\",\"url\":\"https:\\\/\\\/informnapalm.org\\\/sv\\\/wp-content\\\/uploads\\\/sites\\\/22\\\/2026\\\/09\\\/InformNapalm-kopplar-ryska-militarer-till-dodsnotiser.jpg\",\"contentUrl\":\"https:\\\/\\\/informnapalm.org\\\/sv\\\/wp-content\\\/uploads\\\/sites\\\/22\\\/2026\\\/09\\\/InformNapalm-kopplar-ryska-militarer-till-dodsnotiser.jpg\",\"width\":642,\"height\":336,\"caption\":\"InformNapalm kopplar ryska milit\u00e4rer till d\u00f6dsnotiser\"},{\"@type\":\"BreadcrumbList\",\"@id\":\"https:\\\/\\\/informnapalm.org\\\/sv\\\/ryska-militarer-dodsnotiser\\\/#breadcrumb\",\"itemListElement\":[{\"@type\":\"ListItem\",\"position\":1,\"name\":\"Home\",\"item\":\"https:\\\/\\\/informnapalm.org\\\/sv\\\/\"},{\"@type\":\"ListItem\",\"position\":2,\"name\":\"InformNapalm kopplar ryska milit\u00e4rer fr\u00e5n Krim och Donbas till senare d\u00f6dsnotiser\"}]},{\"@type\":\"WebSite\",\"@id\":\"https:\\\/\\\/informnapalm.org\\\/sv\\\/#website\",\"url\":\"https:\\\/\\\/informnapalm.org\\\/sv\\\/\",\"name\":\"InformNapalm p\u00e5 svenska\",\"description\":\"Nyheter fr\u00e5n Ukraina\",\"publisher\":{\"@id\":\"https:\\\/\\\/informnapalm.org\\\/sv\\\/#organization\"},\"potentialAction\":[{\"@type\":\"SearchAction\",\"target\":{\"@type\":\"EntryPoint\",\"urlTemplate\":\"https:\\\/\\\/informnapalm.org\\\/sv\\\/?s={search_term_string}\"},\"query-input\":{\"@type\":\"PropertyValueSpecification\",\"valueRequired\":true,\"valueName\":\"search_term_string\"}}],\"inLanguage\":\"en-US\"},{\"@type\":\"Organization\",\"@id\":\"https:\\\/\\\/informnapalm.org\\\/sv\\\/#organization\",\"name\":\"InformNapalm\",\"url\":\"https:\\\/\\\/informnapalm.org\\\/sv\\\/\",\"logo\":{\"@type\":\"ImageObject\",\"inLanguage\":\"en-US\",\"@id\":\"https:\\\/\\\/informnapalm.org\\\/sv\\\/#\\\/schema\\\/logo\\\/image\\\/\",\"url\":\"https:\\\/\\\/informnapalm.org\\\/sv\\\/wp-content\\\/uploads\\\/sites\\\/22\\\/2016\\\/03\\\/InformNapalm_logo_07.png\",\"contentUrl\":\"https:\\\/\\\/informnapalm.org\\\/sv\\\/wp-content\\\/uploads\\\/sites\\\/22\\\/2016\\\/03\\\/InformNapalm_logo_07.png\",\"width\":220,\"height\":90,\"caption\":\"InformNapalm\"},\"image\":{\"@id\":\"https:\\\/\\\/informnapalm.org\\\/sv\\\/#\\\/schema\\\/logo\\\/image\\\/\"}},{\"@type\":\"Person\",\"@id\":\"https:\\\/\\\/informnapalm.org\\\/sv\\\/#\\\/schema\\\/person\\\/e683569ccd9c71b2afa351e58e558cb1\",\"name\":\"2476\",\"image\":{\"@type\":\"ImageObject\",\"inLanguage\":\"en-US\",\"@id\":\"https:\\\/\\\/secure.gravatar.com\\\/avatar\\\/4cdfe9f344a6a3098c5b8f56d0951f5a6488eb77f72278644d45d1518136dda9?s=96&d=mm&r=g\",\"url\":\"https:\\\/\\\/secure.gravatar.com\\\/avatar\\\/4cdfe9f344a6a3098c5b8f56d0951f5a6488eb77f72278644d45d1518136dda9?s=96&d=mm&r=g\",\"contentUrl\":\"https:\\\/\\\/secure.gravatar.com\\\/avatar\\\/4cdfe9f344a6a3098c5b8f56d0951f5a6488eb77f72278644d45d1518136dda9?s=96&d=mm&r=g\",\"caption\":\"2476\"},\"url\":\"https:\\\/\\\/informnapalm.org\\\/sv\\\/author\\\/tugrul\\\/\"}]}<\/script>\n<!-- \/ Yoast SEO plugin. -->","yoast_head_json":{"title":"InformNapalm kopplar ryska milit\u00e4rer fr\u00e5n Krim och Donbas till senare d\u00f6dsnotiser","description":"InformNapalm sp\u00e5rar ryska milit\u00e4rer fr\u00e5n Krim och Donbas till senare d\u00f6dsnotiser och visar hur \u00e4ldre OSINT-granskningar f\u00e5r nytt bevisv\u00e4rde.","robots":{"index":"index","follow":"follow","max-snippet":"max-snippet:-1","max-image-preview":"max-image-preview:large","max-video-preview":"max-video-preview:-1"},"canonical":"https:\/\/informnapalm.org\/sv\/ryska-militarer-dodsnotiser\/","og_locale":"en_US","og_type":"article","og_title":"InformNapalm kopplar ryska milit\u00e4rer fr\u00e5n Krim och Donbas till senare d\u00f6dsnotiser","og_description":"InformNapalm sp\u00e5rar ryska milit\u00e4rer fr\u00e5n Krim och Donbas till senare d\u00f6dsnotiser och visar hur \u00e4ldre OSINT-granskningar f\u00e5r nytt bevisv\u00e4rde.","og_url":"https:\/\/informnapalm.org\/sv\/ryska-militarer-dodsnotiser\/","og_site_name":"InformNapalm p\u00e5 svenska","article_published_time":"2026-09-04T16:12:19+00:00","article_modified_time":"2026-09-04T20:36:05+00:00","og_image":[{"width":642,"height":336,"url":"https:\/\/informnapalm.org\/sv\/wp-content\/uploads\/sites\/22\/2026\/09\/InformNapalm-kopplar-ryska-militarer-till-dodsnotiser.jpg","type":"image\/jpeg"}],"author":"2476","twitter_misc":{"Written by":"2476","Est. reading time":"6 minutes"},"schema":{"@context":"https:\/\/schema.org","@graph":[{"@type":"Article","@id":"https:\/\/informnapalm.org\/sv\/ryska-militarer-dodsnotiser\/#article","isPartOf":{"@id":"https:\/\/informnapalm.org\/sv\/ryska-militarer-dodsnotiser\/"},"author":{"name":"2476","@id":"https:\/\/informnapalm.org\/sv\/#\/schema\/person\/e683569ccd9c71b2afa351e58e558cb1"},"headline":"InformNapalm kopplar ryska milit\u00e4rer fr\u00e5n Krim och Donbas till senare d\u00f6dsnotiser","datePublished":"2026-09-04T16:12:19+00:00","dateModified":"2026-09-04T20:36:05+00:00","mainEntityOfPage":{"@id":"https:\/\/informnapalm.org\/sv\/ryska-militarer-dodsnotiser\/"},"wordCount":771,"publisher":{"@id":"https:\/\/informnapalm.org\/sv\/#organization"},"image":{"@id":"https:\/\/informnapalm.org\/sv\/ryska-militarer-dodsnotiser\/#primaryimage"},"thumbnailUrl":"https:\/\/informnapalm.org\/sv\/wp-content\/uploads\/sites\/22\/2026\/09\/InformNapalm-kopplar-ryska-militarer-till-dodsnotiser.jpg","keywords":["Donbas","InformNapalm","Krim","OSINT","ryska d\u00f6dsnotiser","ryska milit\u00e4rer","Ukraina"],"articleSection":["Donbas","Nyheter","OSINT","Ryssland"],"inLanguage":"en-US"},{"@type":"WebPage","@id":"https:\/\/informnapalm.org\/sv\/ryska-militarer-dodsnotiser\/","url":"https:\/\/informnapalm.org\/sv\/ryska-militarer-dodsnotiser\/","name":"InformNapalm kopplar ryska milit\u00e4rer fr\u00e5n Krim och Donbas till senare d\u00f6dsnotiser","isPartOf":{"@id":"https:\/\/informnapalm.org\/sv\/#website"},"primaryImageOfPage":{"@id":"https:\/\/informnapalm.org\/sv\/ryska-militarer-dodsnotiser\/#primaryimage"},"image":{"@id":"https:\/\/informnapalm.org\/sv\/ryska-militarer-dodsnotiser\/#primaryimage"},"thumbnailUrl":"https:\/\/informnapalm.org\/sv\/wp-content\/uploads\/sites\/22\/2026\/09\/InformNapalm-kopplar-ryska-militarer-till-dodsnotiser.jpg","datePublished":"2026-09-04T16:12:19+00:00","dateModified":"2026-09-04T20:36:05+00:00","description":"InformNapalm sp\u00e5rar ryska milit\u00e4rer fr\u00e5n Krim och Donbas till senare d\u00f6dsnotiser och visar hur \u00e4ldre OSINT-granskningar f\u00e5r nytt bevisv\u00e4rde.","breadcrumb":{"@id":"https:\/\/informnapalm.org\/sv\/ryska-militarer-dodsnotiser\/#breadcrumb"},"inLanguage":"en-US","potentialAction":[{"@type":"ReadAction","target":["https:\/\/informnapalm.org\/sv\/ryska-militarer-dodsnotiser\/"]}]},{"@type":"ImageObject","inLanguage":"en-US","@id":"https:\/\/informnapalm.org\/sv\/ryska-militarer-dodsnotiser\/#primaryimage","url":"https:\/\/informnapalm.org\/sv\/wp-content\/uploads\/sites\/22\/2026\/09\/InformNapalm-kopplar-ryska-militarer-till-dodsnotiser.jpg","contentUrl":"https:\/\/informnapalm.org\/sv\/wp-content\/uploads\/sites\/22\/2026\/09\/InformNapalm-kopplar-ryska-militarer-till-dodsnotiser.jpg","width":642,"height":336,"caption":"InformNapalm kopplar ryska milit\u00e4rer till d\u00f6dsnotiser"},{"@type":"BreadcrumbList","@id":"https:\/\/informnapalm.org\/sv\/ryska-militarer-dodsnotiser\/#breadcrumb","itemListElement":[{"@type":"ListItem","position":1,"name":"Home","item":"https:\/\/informnapalm.org\/sv\/"},{"@type":"ListItem","position":2,"name":"InformNapalm kopplar ryska milit\u00e4rer fr\u00e5n Krim och Donbas till senare d\u00f6dsnotiser"}]},{"@type":"WebSite","@id":"https:\/\/informnapalm.org\/sv\/#website","url":"https:\/\/informnapalm.org\/sv\/","name":"InformNapalm p\u00e5 svenska","description":"Nyheter fr\u00e5n Ukraina","publisher":{"@id":"https:\/\/informnapalm.org\/sv\/#organization"},"potentialAction":[{"@type":"SearchAction","target":{"@type":"EntryPoint","urlTemplate":"https:\/\/informnapalm.org\/sv\/?s={search_term_string}"},"query-input":{"@type":"PropertyValueSpecification","valueRequired":true,"valueName":"search_term_string"}}],"inLanguage":"en-US"},{"@type":"Organization","@id":"https:\/\/informnapalm.org\/sv\/#organization","name":"InformNapalm","url":"https:\/\/informnapalm.org\/sv\/","logo":{"@type":"ImageObject","inLanguage":"en-US","@id":"https:\/\/informnapalm.org\/sv\/#\/schema\/logo\/image\/","url":"https:\/\/informnapalm.org\/sv\/wp-content\/uploads\/sites\/22\/2016\/03\/InformNapalm_logo_07.png","contentUrl":"https:\/\/informnapalm.org\/sv\/wp-content\/uploads\/sites\/22\/2016\/03\/InformNapalm_logo_07.png","width":220,"height":90,"caption":"InformNapalm"},"image":{"@id":"https:\/\/informnapalm.org\/sv\/#\/schema\/logo\/image\/"}},{"@type":"Person","@id":"https:\/\/informnapalm.org\/sv\/#\/schema\/person\/e683569ccd9c71b2afa351e58e558cb1","name":"2476","image":{"@type":"ImageObject","inLanguage":"en-US","@id":"https:\/\/secure.gravatar.com\/avatar\/4cdfe9f344a6a3098c5b8f56d0951f5a6488eb77f72278644d45d1518136dda9?s=96&d=mm&r=g","url":"https:\/\/secure.gravatar.com\/avatar\/4cdfe9f344a6a3098c5b8f56d0951f5a6488eb77f72278644d45d1518136dda9?s=96&d=mm&r=g","contentUrl":"https:\/\/secure.gravatar.com\/avatar\/4cdfe9f344a6a3098c5b8f56d0951f5a6488eb77f72278644d45d1518136dda9?s=96&d=mm&r=g","caption":"2476"},"url":"https:\/\/informnapalm.org\/sv\/author\/tugrul\/"}]}},"post_src":"<div lang=\"sv\" style=\"color: #000000;text-align: left\">\r\n<p style=\"text-align: left;margin: 0 0 16px 0\"><span style=\"font-weight: bold;font-family: Helvetica Neue,Helvetica,Arial,Nimbus Sans L,sans-serif\">Ryska milit\u00e4rer vars deltagande i Rysslands aggression mot Ukraina dokumenterades av InformNapalm under perioden 2014\u20132021 f\u00f6rekommer p\u00e5 nytt i dokumentationen av den fullskaliga invasionen. I flera fall g\u00e5r deras fortsatta deltagande i kriget att f\u00f6lja fram till uppgifter om deras d\u00f6d i ryska k\u00e4llor.<\/span><\/p>\r\n\r\n<div style=\"color: #333333;text-align: left\">\r\n<p style=\"text-align: left\">Sambandet uppm\u00e4rksammades av OSINT-utredaren Irakli Komakhidze, medgrundare av InformNapalm, vid en genomg\u00e5ng av uppgifter om ryska milit\u00e4rer. Granskningen visar hur \u00e4ldre digital dokumentation kan f\u00e5 ny betydelse flera \u00e5r efter att en person f\u00f6rst identifierats.<\/p>\r\n\r\n<h2 style=\"color: #000000;font-size: 1.3rem;font-weight: bold;margin-top: 24px;margin-bottom: 12px;font-family: &#039;Helvetica Neue&#039;, Helvetica, Arial, &#039;Nimbus Sans L&#039;, sans-serif;text-align: left\">Sergej Finogin identifierad redan 2016<\/h2>\r\n<p style=\"text-align: left\">Ett av fallen g\u00e4ller Sergej Finogin. InformNapalm <a href=\"https:\/\/informnapalm.org\/sv\/rysk-spaningssoldat\/\">fastst\u00e4llde 2016<\/a> att han tj\u00e4nstgjorde vid den ryska 7:e milit\u00e4rbasen i den ryskockuperade georgiska regionen Abchazien och under en l\u00e4ngre period var kommenderad till Donbas i \u00f6stra Ukraina.<\/p>\r\n<p style=\"text-align: left\">Enligt InformNapalms dokumentation tj\u00e4nstgjorde Finogin i staden Horlivka som instrukt\u00f6r f\u00f6r den s\u00e5 kallade folkmilisen i den sj\u00e4lvutn\u00e4mnda folkrepubliken Donetsk (DNR).<\/p>\r\n<p style=\"text-align: left\"><img class=\"alignnone\" style=\"width: 642px;max-width: 100%;height: auto;display: block;border: 2pt solid #000000\" title=\"Dokumentation om Sergej Finogin\" src=\"https:\/\/informnapalm.org\/ua\/wp-content\/uploads\/sites\/9\/2026\/09\/38.jpg\" alt=\"Dokumentation om Sergej Finogin\" width=\"642\" height=\"806\" \/><\/p>\r\n<p style=\"text-align: left\"><a href=\"https:\/\/informnapalm.org\/at\/russische-militaerangehoerige-todesmeldungen\/\"><img class=\"alignnone\" style=\"width: 642px;max-width: 100%;height: auto;display: block;border: 2pt solid #000000\" title=\"Dokumentation om Sergej Finogin\" src=\"https:\/\/informnapalm.org\/ua\/wp-content\/uploads\/sites\/9\/2026\/09\/11-1.jpg\" alt=\"Dokumentation om Sergej Finogin\" width=\"642\" height=\"856\" \/><\/a><\/p>\r\n<p style=\"text-align: left\"><img class=\"alignnone\" style=\"width: 642px;max-width: 100%;height: auto;display: block;border: 2pt solid #000000\" title=\"Dokumentation om Sergej Finogin\" src=\"https:\/\/informnapalm.org\/ua\/wp-content\/uploads\/sites\/9\/2026\/09\/1.jpg\" alt=\"Dokumentation om Sergej Finogin\" width=\"642\" height=\"872\" \/><\/p>\r\n<p style=\"text-align: left\">\u00c5r 2025 publicerades <a href=\"https:\/\/memory59.ru\/finogin-sergej-olegovich\/\">uppgifter om att Finogin hade d\u00f6dats<\/a> i kriget mot Ukraina.<\/p>\r\n<p style=\"text-align: left\"><img class=\"alignnone\" style=\"width: 642px;max-width: 100%;height: auto;display: block;border: 2pt solid #000000\" title=\"Uppgifter om Sergej Finogins d\u00f6d\" src=\"https:\/\/informnapalm.org\/ua\/wp-content\/uploads\/sites\/9\/2026\/09\/photo_2026-09-04_14-55-25.jpg\" alt=\"Uppgifter om Sergej Finogins d\u00f6d\" width=\"642\" height=\"976\" \/><\/p>\r\n\r\n<h2 style=\"color: #000000;font-size: 1.3rem;font-weight: bold;margin-top: 24px;margin-bottom: 12px;font-family: &#039;Helvetica Neue&#039;, Helvetica, Arial, &#039;Nimbus Sans L&#039;, sans-serif;text-align: left\">Maksim Pasjtjenko identifierad p\u00e5 Krim och i Donbas<\/h2>\r\n<p style=\"text-align: left\">Ett annat fall g\u00e4ller Maksim Pasjtjenko. I mars 2019 identifierade InformNapalm honom som tidigare instrukt\u00f6r vid spaningsbataljonen vid den ryska 7:e milit\u00e4rbasen i Abchazien och som deltagare i Rysslands annektering av Krim 2014.<\/p>\r\n<p style=\"text-align: left\">Enligt granskningen var Pasjtjenko senare en av de ryska milit\u00e4rer som Moskva i Donbas framst\u00e4llde som lokala \u201dgruvarbetare\u201d och \u201dmilism\u00e4n\u201d.<\/p>\r\n<p style=\"text-align: left\"><img class=\"alignnone\" style=\"width: 642px;max-width: 100%;height: auto;display: block;border: 2pt solid #000000\" title=\"Dokumentation om Maksim Pasjtjenko\" src=\"https:\/\/informnapalm.org\/ua\/wp-content\/uploads\/sites\/9\/2026\/09\/photo_2026-09-04_13-53-35.jpg\" alt=\"Dokumentation om Maksim Pasjtjenko\" width=\"642\" height=\"868\" \/><\/p>\r\n<p style=\"text-align: left\"><img class=\"alignnone\" style=\"width: 642px;max-width: 100%;height: auto;display: block;border: 2pt solid #000000\" title=\"Dokumentation om Maksim Pasjtjenko\" src=\"https:\/\/informnapalm.org\/ua\/wp-content\/uploads\/sites\/9\/2026\/09\/image.jpg\" alt=\"Dokumentation om Maksim Pasjtjenko\" width=\"642\" height=\"532\" \/><\/p>\r\n<p style=\"text-align: left\"><img class=\"alignnone\" style=\"width: 642px;max-width: 100%;height: auto;display: block;border: 2pt solid #000000\" title=\"Dokumentation om Maksim Pasjtjenko\" src=\"https:\/\/informnapalm.org\/ua\/wp-content\/uploads\/sites\/9\/2026\/09\/2-boevika-ianvar-2017.jpg\" alt=\"Dokumentation om ryska milit\u00e4rer i Donbas\" width=\"642\" height=\"900\" \/><\/p>\r\n<p style=\"text-align: left\">I oktober 2023 publicerades <a href=\"https:\/\/archive.ph\/UMK8a\">en d\u00f6dsnotis om Pasjtjenko<\/a> i ryska k\u00e4llor. D\u00e4r uppgavs att han hade d\u00f6dats den 6 april 2022 i det som Ryssland ben\u00e4mner den \u201ds\u00e4rskilda milit\u00e4ra operationen\u201d. Detta skedde kort efter inledningen av den fullskaliga invasionen av Ukraina.<\/p>\r\n<p style=\"text-align: left\"><img class=\"alignnone\" style=\"width: 642px;max-width: 100%;height: auto;display: block;border: 2pt solid #000000\" title=\"Rysk d\u00f6dsnotis om Maksim Pasjtjenko\" src=\"https:\/\/informnapalm.org\/ua\/wp-content\/uploads\/sites\/9\/2026\/09\/photo_2026-09-04_13-53-32.jpg\" alt=\"Rysk d\u00f6dsnotis om Maksim Pasjtjenko\" width=\"642\" height=\"960\" \/><\/p>\r\n<p style=\"text-align: left\">InformNapalm lyfter fram fallet som ett exempel p\u00e5 hur en rysk milit\u00e4r vars n\u00e4rvaro i Ukraina tidigare f\u00f6rnekades flera \u00e5r senare \u00e5terfinns bland den ryska arm\u00e9ns dokumenterade f\u00f6rluster.<\/p>\r\n\r\n<h2 style=\"color: #000000;font-size: 1.3rem;font-weight: bold;margin-top: 24px;margin-bottom: 12px;font-family: &#039;Helvetica Neue&#039;, Helvetica, Arial, &#039;Nimbus Sans L&#039;, sans-serif;text-align: left\">Digitala sp\u00e5r f\u00e5r ny betydelse \u00f6ver tid<\/h2>\r\n<p style=\"text-align: left\">Fallen med Finogin och Pasjtjenko visar betydelsen av systematisk dokumentation under l\u00e4ngre tidsperioder. Uppgifter som under \u00e5ren 2014\u20132019 kunde framst\u00e5 som enskilda digitala sp\u00e5r kopplade till en milit\u00e4r kan senare kombineras med ny information och bli en del av ett betydligt st\u00f6rre dokumentationsunderlag.<\/p>\r\n<p style=\"text-align: left\">S\u00e5dana sp\u00e5r kan best\u00e5 av fotografier, geografiska positioner, uppgifter om milit\u00e4ra f\u00f6rband och kommenderingar samt profiler i sociala medier. N\u00e4r ny information tillkommer kan samband mellan tidigare och senare milit\u00e4r verksamhet klarl\u00e4ggas.<\/p>\r\n<p style=\"text-align: left\">Rysslands fullskaliga invasion 2022 innebar en kraftig utvidgning av den milit\u00e4ra aggression mot Ukraina som Ryssland hade bedrivit sedan 2014. InformNapalms dokumentation visar samtidigt att samma personer i vissa fall f\u00f6rekommer under b\u00e5da perioderna.<\/p>\r\n<p style=\"text-align: left\">\u00c4ldre material kan d\u00e4rmed bidra till att f\u00f6lja enskilda milit\u00e4rers verksamhet fr\u00e5n Krim och Donbas under krigets tidigare skede till deras deltagande efter den fullskaliga invasionen.<\/p>\r\n\r\n<h2 style=\"color: #000000;font-size: 1.3rem;font-weight: bold;margin-top: 24px;margin-bottom: 12px;font-family: &#039;Helvetica Neue&#039;, Helvetica, Arial, &#039;Nimbus Sans L&#039;, sans-serif;text-align: left\">\u00c4ldre granskningar f\u00e5r fortsatt betydelse<\/h2>\r\n<p style=\"text-align: left\">OSINT-arkiv g\u00f6r det m\u00f6jligt att f\u00f6lja enskilda personer \u00f6ver flera \u00e5r och att koppla samman uppgifter som vid den ursprungliga publiceringen kunde framst\u00e5 som isolerade. Material om ryska milit\u00e4rer p\u00e5 Krim och i Donbas kan d\u00e4rmed j\u00e4mf\u00f6ras med senare uppgifter om samma personer under den fullskaliga invasionen.<\/p>\r\n<p style=\"text-align: left\">InformNapalms \u00e4ldre granskningar kan d\u00e4rf\u00f6r beh\u00e5lla sin betydelse l\u00e5ngt efter den ursprungliga publiceringen. Samtidigt kan nya uppgifter bekr\u00e4fta tidigare information, klarl\u00e4gga ytterligare samband och st\u00e4rka v\u00e4rdet av den samlade dokumentationen.<\/p>\r\n<p style=\"text-align: left\">Digital dokumentation g\u00f6r det m\u00f6jligt att bevara och komplettera uppgifter om den ryska aggressionen \u00f6ver tid. D\u00e4rmed kan \u00e4ven information om misst\u00e4nkta krigsf\u00f6rbrytelser och enskilda personers deltagande i den ryska aggressionen mot Ukraina f\u00e5 fortsatt betydelse.<\/p>\r\n<p style=\"text-align: left\">Artikeln \u00e4r framtagen av Irakli Komakhidze och Andrij Lisitsyn f\u00f6r InformNapalms l\u00e4sare.<\/p>\r\n\r\n\r\n<hr style=\"border: none;border-top: 1px solid #cfcfcf;margin: 24px 0;width: 35%;text-align: left\" \/>\r\n<p style=\"text-align: left\"><span style=\"font-weight: bold\">L\u00e4s \u00e4ven:<\/span> <a href=\"https:\/\/informnapalm.org\/sv\/72a-fristaende-motorskyttebrigaden\/\">OSINT-identifiering av ryska milit\u00e4rer<\/a> ur den 72:a separata motorskyttebrigaden i riktning mot Kostjantynivka.<\/p>\r\n<p style=\"text-align: left\"><a href=\"https:\/\/informnapalm.org\/sv\/72a-fristaende-motorskyttebrigaden\/\"><img class=\"alignnone\" style=\"width: 642px;max-width: 100%;height: auto;display: block;border: 2pt solid #000000\" title=\"OSINT-identifiering av ryska milit\u00e4rer ur den 72:a motorskyttebrigaden\" src=\"https:\/\/informnapalm.org\/ua\/wp-content\/uploads\/sites\/9\/2026\/08\/IN72.jpg\" alt=\"OSINT-identifiering av ryska milit\u00e4rer ur den 72:a motorskyttebrigaden\" width=\"642\" height=\"336\" \/><\/a><\/p>\r\n\r\n\r\n<hr style=\"border: none;border-top: 1px solid #cfcfcf;margin: 24px 0;width: 75%;text-align: left\" \/>\r\n\r\n<div style=\"color: #333333;text-align: left;font-family: Helvetica Neue,Helvetica,Arial,Nimbus Sans L,sans-serif\">\r\n<h2 style=\"color: #000;font-size: 1.5rem;font-weight: bold;margin-top: 24px;margin-bottom: 12px\">Ytterligare artiklar av InformNapalm<\/h2>\r\n<ul style=\"text-align: left;list-style-type: disc;padding-left: 20px\">\r\n \t<li style=\"text-align: left;margin-bottom: 8px\"><a style=\"color: #333333;text-decoration: none\" href=\"https:\/\/informnapalm.org\/sv\/wildberries\/\" target=\"_blank\" rel=\"noopener noreferrer\">Wildberries mellan hammaren och st\u00e4det efter dr\u00f6narangrepp och cyberoperationer<\/a><\/li>\r\n \t<li style=\"text-align: left;margin-bottom: 8px\"><a style=\"color: #333333;text-decoration: none\" href=\"https:\/\/informnapalm.org\/sv\/bastion\/\" target=\"_blank\" rel=\"noopener noreferrer\">Ukrainas flotta sl\u00e5r till mot kustrobotsystemet Bastion p\u00e5 Krim<\/a><\/li>\r\n \t<li style=\"text-align: left;margin-bottom: 8px\"><a style=\"color: #333333;text-decoration: none\" href=\"https:\/\/informnapalm.org\/sv\/ryska-operationer\/\" target=\"_blank\" rel=\"noopener noreferrer\">Verifierade ryska operationer visar ett sammanh\u00e4ngande m\u00f6nster mot Europa<\/a><\/li>\r\n<\/ul>\r\n<\/div>\r\n\r\n<hr style=\"border: none;border-top: 1px solid #cfcfcf;margin: 24px 0;width: 100%;text-align: left\" \/>\r\n\r\n<div style=\"color: #333333;text-align: left;font-family: Helvetica Neue,Helvetica,Arial,Nimbus Sans L,sans-serif\">\r\n<p style=\"text-align: left;margin-bottom: 16px\"><img class=\"alignleft\" style=\"float: left;margin-right: 15px\" title=\"InformNapalm p\u00e5 svenska\" src=\"https:\/\/informnapalm.org\/fr\/wp-content\/uploads\/sites\/2\/2015\/12\/InformNapalm_logo_05.png\" alt=\"InformNapalm p\u00e5 svenska\" width=\"120\" height=\"55\" \/><span style=\"color: #333333\">Materialet f\u00e5r fritt spridas och \u00e5terpubliceras under f\u00f6ruts\u00e4ttning att k\u00e4llan anges.<\/span> Licensiering enligt Creative Commons Erk\u00e4nnande 4.0 Internationell (CC BY 4.0). <span style=\"color: #333333\">F\u00f6lj oss p\u00e5 <\/span><a style=\"text-decoration: none;font-weight: bold\" href=\"https:\/\/www.facebook.com\/informnapalm24\/\" target=\"_blank\" rel=\"noopener noreferrer\">Facebook<\/a>, <a style=\"text-decoration: none;font-weight: bold\" href=\"https:\/\/twitter.com\/informnapalm\" target=\"_blank\" rel=\"noopener noreferrer\">X<\/a>, <a style=\"text-decoration: none;font-weight: bold\" title=\"Telegram\" href=\"https:\/\/t.me\/informnapalm\" target=\"_blank\" rel=\"noopener noreferrer\">Telegram<\/a> och <a style=\"text-decoration: none;font-weight: bold\" title=\"Slate (Sl8)\" href=\"https:\/\/sl8.online\/invite\/WrrzJQ\" target=\"_blank\" rel=\"noopener noreferrer\">Slate (Sl8)<\/a>.<\/p>\r\n<p style=\"text-align: left;margin-bottom: 16px\">InformNapalm tar inte emot ekonomiskt st\u00f6d fr\u00e5n n\u00e5gon stat eller institutionell sponsor. Verksamheten finansieras uteslutande av frivilliga insatser fr\u00e5n enskilda volont\u00e4rer och l\u00e4sare. Den som \u00f6nskar bidra kan g\u00f6ra det genom m\u00e5natliga <a style=\"text-decoration: none;font-weight: bold\" href=\"https:\/\/www.buymeacoffee.com\/informnapalm\" target=\"_blank\" rel=\"noopener noreferrer\">mindre donationer<\/a> via plattformen BuyMeACoffee.<\/p>\r\n\r\n<\/div>\r\n<\/div>\r\n<\/div>","amp_enabled":false,"_links":{"self":[{"href":"https:\/\/informnapalm.org\/sv\/wp-json\/wp\/v2\/posts\/27068","targetHints":{"allow":["GET"]}}],"collection":[{"href":"https:\/\/informnapalm.org\/sv\/wp-json\/wp\/v2\/posts"}],"about":[{"href":"https:\/\/informnapalm.org\/sv\/wp-json\/wp\/v2\/types\/post"}],"author":[{"embeddable":true,"href":"https:\/\/informnapalm.org\/sv\/wp-json\/wp\/v2\/users\/72"}],"replies":[{"embeddable":true,"href":"https:\/\/informnapalm.org\/sv\/wp-json\/wp\/v2\/comments?post=27068"}],"version-history":[{"count":15,"href":"https:\/\/informnapalm.org\/sv\/wp-json\/wp\/v2\/posts\/27068\/revisions"}],"predecessor-version":[{"id":27084,"href":"https:\/\/informnapalm.org\/sv\/wp-json\/wp\/v2\/posts\/27068\/revisions\/27084"}],"wp:featuredmedia":[{"embeddable":true,"href":"https:\/\/informnapalm.org\/sv\/wp-json\/wp\/v2\/media\/27072"}],"wp:attachment":[{"href":"https:\/\/informnapalm.org\/sv\/wp-json\/wp\/v2\/media?parent=27068"}],"wp:term":[{"taxonomy":"category","embeddable":true,"href":"https:\/\/informnapalm.org\/sv\/wp-json\/wp\/v2\/categories?post=27068"},{"taxonomy":"post_tag","embeddable":true,"href":"https:\/\/informnapalm.org\/sv\/wp-json\/wp\/v2\/tags?post=27068"}],"curies":[{"name":"wp","href":"https:\/\/api.w.org\/{rel}","templated":true}]}}