{"id":4650,"date":"2026-09-01T19:59:31","date_gmt":"2026-09-01T19:59:31","guid":{"rendered":"https:\/\/informnapalm.org\/tr\/?p=4650"},"modified":"2026-09-01T21:25:53","modified_gmt":"2026-09-01T21:25:53","slug":"rusya-iha-tehdidi-ukrayna-nato","status":"publish","type":"post","link":"https:\/\/informnapalm.org\/tr\/rusya-iha-tehdidi-ukrayna-nato\/","title":{"rendered":"Rusya\u2019n\u0131n 2026\u20132027 \u0130HA tehdidi ve Ukrayna\u2019dan NATO\u2019ya \u00e7\u0131kar\u0131lacak dersler"},"content":{"rendered":"<div style=\"color: #000000\">\n<p lang=\"tr\" style=\"text-align: left\"><span style=\"font-weight: bold;font-family: Helvetica Neue,Helvetica,Arial,Nimbus Sans L,sans-serif\">Rus sald\u0131r\u0131 \u0130HA\u2019lar\u0131 giderek daha h\u0131zl\u0131 ve daha otonom h\u00e2le gelirken, onlar\u0131 etkisiz h\u00e2le getirmek de zorla\u015f\u0131yor. Ukrayna\u2019n\u0131n sava\u015f tecr\u00fcbesi, gelece\u011fin hava savunmas\u0131n\u0131n yaln\u0131zca yakla\u015fan hedefleri vurabilmekten ibaret olamayaca\u011f\u0131n\u0131 g\u00f6steriyor. Kapsaml\u0131 bir durum resmi olu\u015fturmak, tespitten angajmana kadar ge\u00e7en s\u00fcreyi m\u00fcmk\u00fcn oldu\u011funca k\u0131saltmak ve Rus f\u00fcze ve \u0130HA\u2019lar\u0131n\u0131 kullan\u0131lmadan \u00f6nce etkisiz h\u00e2le getirebilmek giderek daha b\u00fcy\u00fck \u00f6nem ta\u015f\u0131yor. Avrupa a\u00e7\u0131s\u0131ndan bu art\u0131k somut bir savunma ve g\u00fcvenlik meselesi.<\/span><\/p>\n<div style=\"color: #333333\">\n<p style=\"text-align: left\">Ukrayna\u2019daki sava\u015f, teknolojik a\u00e7\u0131dan tekrarlanan bir \u00f6r\u00fcnt\u00fcy\u00fc a\u00e7\u0131k\u00e7a ortaya koyuyor. Ukrayna\u2019n\u0131n kulland\u0131\u011f\u0131 bir savunma y\u00f6ntemi yeterince etkili oldu\u011funda Rusya sistemlerini ve kullan\u0131m taktiklerini buna g\u00f6re de\u011fi\u015ftiriyor.<\/p>\n<h2 style=\"color: #000000;font-size: 1.3rem;font-weight: bold;margin-top: 24px;margin-bottom: 12px;font-family: &#039;Helvetica Neue&#039;, Helvetica, Arial, &#039;Nimbus Sans L&#039;, sans-serif;text-align: left\">Rus sald\u0131r\u0131 \u0130HA\u2019lar\u0131 h\u0131zla geli\u015fiyor<\/h2>\n<p style=\"text-align: left\">Ukrayna son birka\u00e7 y\u0131lda Shahed-136 ve Geran-2 tipi pervaneli sald\u0131r\u0131 \u0130HA\u2019lar\u0131na kar\u015f\u0131 kapsaml\u0131 bir savunma a\u011f\u0131 kurdu. Hava savunma f\u00fcze sistemleri, mobil hava savunma timleri, elektronik harp unsurlar\u0131, sava\u015f u\u00e7aklar\u0131 ve \u00f6nleme \u0130HA\u2019lar\u0131 bu yap\u0131n\u0131n par\u00e7alar\u0131 aras\u0131nda yer al\u0131yor. Rusya ise buna daha h\u0131zl\u0131 ve daha geli\u015fmi\u015f sald\u0131r\u0131 \u0130HA\u2019lar\u0131 geli\u015ftirerek kar\u015f\u0131l\u0131k veriyor.<\/p>\n<p style=\"text-align: left\">Ukrayna asker\u00ee istihbarat\u0131 HUR, jet motorlu Geran-4 sald\u0131r\u0131 \u0130HA\u2019s\u0131n\u0131 Ukrayna\u2019n\u0131n \u00f6nleme \u0130HA\u2019lar\u0131n\u0131n artan etkinli\u011fine do\u011frudan bir yan\u0131t olarak tan\u0131ml\u0131yor. Geran-4, eski bir tasar\u0131ma yaln\u0131zca jet motoru eklenmi\u015f bir platform de\u011fil. G\u00f6vdesi \u00e7ok daha y\u00fcksek h\u0131zlara g\u00f6re tasarland\u0131.<\/p>\n<p style=\"text-align: left\">Rusya\u2019n\u0131n Ukrayna\u2019ya kar\u015f\u0131 h\u00e2lihaz\u0131rda kulland\u0131\u011f\u0131 Geran-5 ise bu geli\u015fimin nereye do\u011fru gitti\u011fini g\u00f6steriyor. Seyir h\u0131z\u0131 saatte 450 ila 600 kilometre aras\u0131nda, harp ba\u015fl\u0131\u011f\u0131 yakla\u015f\u0131k 90 kilogram, menzili 950 kilometreye kadar ve azami u\u00e7u\u015f irtifas\u0131 alt\u0131 kilometreye kadar \u00e7\u0131k\u0131yor. Sistem, elektronik kar\u0131\u015ft\u0131rmaya kar\u015f\u0131 dayan\u0131kl\u0131 uydu seyr\u00fcseferi, telemetri aktar\u0131m\u0131 ve mesh a\u011f ileti\u015fimini destekleyen bir modemle donat\u0131lm\u0131\u015f durumda.<\/p>\n<p style=\"text-align: left\">Daha y\u00fcksek h\u0131zlar, daha b\u00fcy\u00fck harp ba\u015fl\u0131klar\u0131 ve daha dayan\u0131kl\u0131 seyr\u00fcsefer sistemleri, tek kullan\u0131ml\u0131k sald\u0131r\u0131 \u0130HA\u2019lar\u0131 ile g\u00f6rece d\u00fc\u015f\u00fck maliyetli seyir f\u00fczeleri aras\u0131ndaki ayr\u0131m\u0131 giderek belirsizle\u015ftiriyor.<\/p>\n<p><img decoding=\"async\" class=\"alignnone wp-image-26928 size-full\" style=\"display: block;max-width: 100%;height: auto;padding: 6px;margin: 18px 0;border: 1px solid #d0d0d0\" title=\"Sald\u0131r\u0131 \u0130HA\u2019lar\u0131 Geran-4 ve Geran-5\" src=\"https:\/\/informnapalm.org\/ua\/wp-content\/uploads\/sites\/9\/2026\/09\/45.jpg\" alt=\"Sald\u0131r\u0131 \u0130HA\u2019lar\u0131 Geran-4 ve Geran-5\" width=\"642\" \/><\/p>\n<p style=\"text-align: left\"><a href=\"https:\/\/war-sanctions.gur.gov.ua\/page-geran-4\" target=\"_blank\" rel=\"noopener\">Geran-4<\/a> ve <a href=\"https:\/\/war-sanctions.gur.gov.ua\/page-geran-5\" target=\"_blank\" rel=\"noopener\">Geran-5<\/a>\u2019in interaktif modelleri Ukrayna asker\u00ee istihbarat\u0131 ile War&amp;Sanctions taraf\u0131ndan yay\u0131mlanan materyallerde yer al\u0131yor.<\/p>\n<p><img loading=\"lazy\" decoding=\"async\" class=\"alignnone\" style=\"display: block;max-width: 100%;height: auto;padding: 6px;margin: 18px 0;border: 1px solid #d0d0d0\" title=\"Rus yap\u0131m\u0131 jet motorlu Geran-5 sald\u0131r\u0131 \u0130HA\u2019s\u0131\" src=\"https:\/\/informnapalm.org\/ua\/wp-content\/uploads\/sites\/9\/2026\/09\/geran-5.png\" alt=\"Rus yap\u0131m\u0131 jet motorlu Geran-5 sald\u0131r\u0131 \u0130HA\u2019s\u0131\" width=\"1536\" height=\"851\" \/><\/p>\n<p style=\"text-align: left\">9 May\u0131s 2026 tarihinde g\u00f6r\u00fcnt\u00fclenen Rus yap\u0131m\u0131 jet motorlu Geran-5 sald\u0131r\u0131 \u0130HA\u2019s\u0131. Kaynak: OTS LIVE ve Militarnyi.com.<\/p>\n<h2 style=\"color: #000000;font-size: 1.3rem;font-weight: bold;margin-top: 24px;margin-bottom: 12px;font-family: &#039;Helvetica Neue&#039;, Helvetica, Arial, &#039;Nimbus Sans L&#039;, sans-serif;text-align: left\">Avrupa yeni nesil \u0130HA tehdidine haz\u0131rlanmal\u0131<\/h2>\n<p style=\"text-align: left\">Avrupa, hava savunmas\u0131n\u0131 Ukrayna\u2019n\u0131n iki ya da \u00fc\u00e7 y\u0131l \u00f6nce kar\u015f\u0131la\u015ft\u0131\u011f\u0131 Rus taktiklerine veya bug\u00fcn kullan\u0131lan sistemlere g\u00f6re \u015fekillendirirse ciddi bir hata yapabilir. Asker\u00ee sistemlerin tedariki \u00e7o\u011fu zaman y\u0131llar s\u00fcrerken, cephede kullan\u0131lan insans\u0131z sistemler birka\u00e7 ay i\u00e7inde de\u011fi\u015ftirilebiliyor. Bug\u00fcn yava\u015f bir \u0130HA\u2019ya kar\u015f\u0131 etkili olan bir sistem, geni\u015f \u00e7apta hizmete girdi\u011finde art\u0131k eski bir tehdit profiline g\u00f6re tasarlanm\u0131\u015f olabilir.<\/p>\n<p style=\"text-align: left\">Bu nedenle 2026 ve 2027\u2019ye y\u00f6nelik planlama, Geran-4 veya Geran-5 gibi tek tek platformlardan \u00e7ok Rus sistemlerinin hangi y\u00f6nde ve ne kadar h\u0131zl\u0131 geli\u015fti\u011fine odaklanmal\u0131.<\/p>\n<p style=\"text-align: left\">Bu geli\u015fim birka\u00e7 alanda \u00f6ne \u00e7\u0131k\u0131yor:<\/p>\n<ul style=\"text-align: left\">\n<li style=\"text-align: left;margin-bottom: 8px\">Daha y\u00fcksek h\u0131zlar, daha y\u00fcksek u\u00e7u\u015f irtifalar\u0131 ve daha a\u011f\u0131r harp ba\u015fl\u0131klar\u0131<\/li>\n<li style=\"text-align: left;margin-bottom: 8px\">Daha otonom seyr\u00fcsefer ve geli\u015fmi\u015f hedef tan\u0131ma kabiliyeti<\/li>\n<li style=\"text-align: left;margin-bottom: 8px\">Elektronik harbe ve uydu sinyallerinin kayb\u0131na kar\u015f\u0131 daha y\u00fcksek dayan\u0131kl\u0131l\u0131k<\/li>\n<li style=\"text-align: left;margin-bottom: 8px\">Farkl\u0131 \u0130HA t\u00fcrlerinin, sahte hedeflerin ve f\u00fczelerin ayn\u0131 sald\u0131r\u0131 i\u00e7inde koordineli bi\u00e7imde kullan\u0131lmas\u0131<\/li>\n<li style=\"text-align: left;margin-bottom: 8px\">Her iki tarafta da hedefin tespiti ile angajman aras\u0131ndaki s\u00fcrenin k\u0131salmas\u0131<\/li>\n<\/ul>\n<p style=\"text-align: left\">Gelecekteki her sistem bu \u00f6zelliklerin tamam\u0131na ayn\u0131 anda sahip olmayacak. As\u0131l \u00f6nemli olan geli\u015fimin y\u00f6n\u00fc ve Rusya\u2019n\u0131n sistemlerini ne kadar h\u0131zl\u0131 de\u011fi\u015ftirebildi\u011fi.<\/p>\n<h2 style=\"color: #000000;font-size: 1.3rem;font-weight: bold;margin-top: 24px;margin-bottom: 12px;font-family: &#039;Helvetica Neue&#039;, Helvetica, Arial, &#039;Nimbus Sans L&#039;, sans-serif;text-align: left\">Hava savunmas\u0131nda belirleyici unsur zaman<\/h2>\n<p style=\"text-align: left\">H\u0131zl\u0131 bir hedefi vurabilmek tek ba\u015f\u0131na yeterli de\u011fil. Hedefin \u00f6nce yeterince erken tespit edilmesi gerekiyor. Bir f\u00fcze veya \u0130HA ne kadar h\u0131zl\u0131 hareket ederse, tespit ile angajman aras\u0131nda kaybedilen her saniye o kadar kritik h\u00e2le geliyor. Bu nedenle gelece\u011fin hava savunmas\u0131nda belirleyici unsur, hedefin ilk tespitinden vurulmas\u0131na kadar ge\u00e7en s\u00fcrenin ne kadar k\u0131salt\u0131labildi\u011fi olacak.<\/p>\n<p style=\"text-align: left\">Tespit ve s\u0131n\u0131fland\u0131rmadan karar alma ve hedef tahsisine, oradan da angajmana kadar b\u00fct\u00fcn s\u00fcre\u00e7 m\u00fcmk\u00fcn oldu\u011funca h\u0131zl\u0131 i\u015flemeli. Radar tek ba\u015f\u0131na yeterli de\u011fil. Radarlar\u0131n yan\u0131 s\u0131ra optik ve akustik sens\u00f6rlerden, hava platformlar\u0131ndan, uydulardan ve di\u011fer bilgi kaynaklar\u0131ndan gelen veriler ortak bir durum resminde birle\u015ftirilmeli. Ard\u0131ndan bu bilgiler, hedefi en h\u0131zl\u0131 ve en d\u00fc\u015f\u00fck maliyetle etkisiz h\u00e2le getirebilecek silah sistemine gecikmeden aktar\u0131lmal\u0131.<\/p>\n<p style=\"text-align: left\">Bilgi i\u015fleme s\u00fcre\u00e7lerinin daha b\u00fcy\u00fck bir b\u00f6l\u00fcm\u00fc otomatikle\u015ftirilmeli. \u0130nsan, karar alma s\u00fcrecindeki kritik rol\u00fcn\u00fc koruyor. Ancak teknik sistemlerin saniyenin \u00e7ok k\u00fc\u00e7\u00fck bir b\u00f6l\u00fcm\u00fcnde ger\u00e7ekle\u015ftirebildi\u011fi i\u015flemler manuel m\u00fcdahaleye ba\u011fl\u0131 olmamal\u0131. Ukrayna bu teknolojik d\u00f6n\u00fc\u015f\u00fcm\u00fcn \u015fimdiden tam ortas\u0131nda.<\/p>\n<p style=\"text-align: left\">NATO, Ukrayna\u2019ya k\u0131yasla istihbarat, g\u00f6zetleme ve ke\u015fif alan\u0131nda \u00e7ok daha geni\u015f imk\u00e2nlara sahip. Uydu ke\u015ffi, havadan ke\u015fif, sinyal istihbarat\u0131, AWACS u\u00e7aklar\u0131, modern sava\u015f u\u00e7aklar\u0131 ve kapsaml\u0131 haberle\u015fme altyap\u0131s\u0131 bunlar aras\u0131nda yer al\u0131yor. Buradaki as\u0131l mesele, elde edilen bilginin ne kadar h\u0131zl\u0131 analiz edilip karara ve asker\u00ee harek\u00e2ta d\u00f6n\u00fc\u015ft\u00fcr\u00fclebildi\u011fi.<\/p>\n<h2 style=\"color: #000000;font-size: 1.3rem;font-weight: bold;margin-top: 24px;margin-bottom: 12px;font-family: &#039;Helvetica Neue&#039;, Helvetica, Arial, &#039;Nimbus Sans L&#039;, sans-serif;text-align: left\">Rus f\u00fcze ve \u0130HA\u2019lar\u0131 kullan\u0131lmadan \u00f6nce etkisiz h\u00e2le getirilebilir<\/h2>\n<p style=\"text-align: left\">En geli\u015fmi\u015f hava savunmas\u0131 bile ancak Rusya bir f\u00fcze veya \u0130HA\u2019y\u0131 \u00fcrettikten, kullan\u0131laca\u011f\u0131 b\u00f6lgeye sevk ettikten, haz\u0131rlad\u0131ktan ve sahaya s\u00fcrd\u00fckten sonra devreye giriyor. B\u00fcy\u00fck \u00e7apl\u0131 sald\u0131r\u0131larda savunma taraf\u0131 y\u00fczlerce, hatta binlerce yakla\u015fan hedefi tespit edip vurmak zorunda kal\u0131yor. Rusya ise ayn\u0131 anda \u00fcretimini art\u0131rabilir ve hava savunmas\u0131n\u0131 doyuma ula\u015ft\u0131rman\u0131n daha ucuz yollar\u0131n\u0131 aramaya devam edebilir.<\/p>\n<p style=\"text-align: left\">Bu nedenle hava sald\u0131r\u0131lar\u0131na kar\u015f\u0131 savunma yaln\u0131zca havadaki hedefleri vurmakla s\u0131n\u0131rl\u0131 kalmamal\u0131. Hassas sald\u0131r\u0131lar, Rus asker\u00ee sisteminin bu sald\u0131r\u0131lar\u0131 m\u00fcmk\u00fcn k\u0131lan unsurlar\u0131na y\u00f6neltilebilir. F\u00fcze ve \u0130HA \u00fcretim tesisleri, depolar, kalk\u0131\u015f ve f\u0131rlatma noktalar\u0131, destek altyap\u0131s\u0131, asker\u00ee lojistik, komuta merkezleri ve sald\u0131r\u0131lar\u0131 haz\u0131rlay\u0131p ger\u00e7ekle\u015ftiren birlikler bu hedefler aras\u0131nda yer al\u0131yor.<\/p>\n<p style=\"text-align: left\">NATO bu t\u00fcr kabiliyetleri geli\u015ftirmeye \u015fimdiden ba\u015flad\u0131. \u0130ttifak d\u00fczeyinde, uzun menzilli sald\u0131r\u0131lardan kaynaklanan b\u00fcy\u00fcyen tehdidin g\u00fc\u00e7l\u00fc bir hava ve f\u00fcze savunmas\u0131n\u0131n yan\u0131 s\u0131ra uzak mesafedeki asker\u00ee hedeflere hassas vuru\u015f yapabilme kabiliyeti de gerektirdi\u011fi kabul ediliyor. M\u00fcttefikler 2026 y\u0131l\u0131nda kara konu\u015flu uzun menzilli hassas vuru\u015f sistemleri ile uzak mesafelerde kullan\u0131labilecek sald\u0131r\u0131 \u0130HA\u2019lar\u0131n\u0131n geli\u015ftirilmesine y\u00f6nelik \u00e7ok uluslu projeler ba\u015flatt\u0131.<\/p>\n<p style=\"text-align: left\">Tek bir hava savunma sistemi genellikle yaln\u0131zca s\u0131n\u0131rl\u0131 say\u0131da yakla\u015fan hedefe angaje olabilir. Buna kar\u015f\u0131l\u0131k, bir sonraki sald\u0131r\u0131 haz\u0131rlanmadan \u00f6nce kritik bir asker\u00ee merkez etkisiz h\u00e2le getirilirse \u00e7ok daha fazla f\u00fcze ve \u0130HA\u2019n\u0131n hi\u00e7 kullan\u0131lmamas\u0131 sa\u011flanabilir.<\/p>\n<p><img loading=\"lazy\" decoding=\"async\" class=\"alignnone\" style=\"display: block;max-width: 100%;height: auto;padding: 6px;margin: 18px 0;border: 1px solid #d0d0d0\" title=\"NATO uzak mesafedeki hedeflere y\u00f6nelik hassas vuru\u015f kabiliyetini geli\u015ftiriyor\" src=\"https:\/\/informnapalm.org\/ua\/wp-content\/uploads\/sites\/9\/2026\/09\/NATO.jpg\" alt=\"NATO uzak mesafedeki hedeflere y\u00f6nelik hassas vuru\u015f kabiliyetini geli\u015ftiriyor\" width=\"684\" height=\"416\" \/><\/p>\n<p style=\"text-align: left\">NATO, hava ve f\u00fcze savunmas\u0131n\u0131 tamamlamak \u00fczere uzak mesafedeki hedeflere y\u00f6nelik hassas vuru\u015f kabiliyetini geli\u015ftiriyor. Kaynak: <a href=\"https:\/\/www.nato.int\/en\/what-we-do\/deterrence-and-defence\/multinational-capability-cooperation\" target=\"_blank\" rel=\"noopener\">Nato Multinational Capability Cooperation<\/a>.<\/p>\n<h2 style=\"color: #000000;font-size: 1.3rem;font-weight: bold;margin-top: 24px;margin-bottom: 12px;font-family: &#039;Helvetica Neue&#039;, Helvetica, Arial, &#039;Nimbus Sans L&#039;, sans-serif;text-align: left\">Rusya a\u00e7\u0131k bir \u00e7at\u0131\u015fma ba\u015flamadan \u00f6nce Avrupa\u2019n\u0131n savunmas\u0131n\u0131 zay\u0131flatmaya \u00e7al\u0131\u015f\u0131yor<\/h2>\n<p style=\"text-align: left\">Rusya uzun s\u00fcredir asker\u00ee kapasiteyi kullan\u0131lmadan \u00f6nce vurma yakla\u015f\u0131m\u0131n\u0131 benimsiyor. F\u00fczeler, \u0130HA\u2019lar ve bunlar\u0131n kullan\u0131labilmesi i\u00e7in gereken altyap\u0131, fiil\u00ee sald\u0131r\u0131 ba\u015flamadan \u00f6nce hedef al\u0131nabilir. Rusya ayn\u0131 yakla\u015f\u0131m\u0131 Avrupa\u2019n\u0131n savunma kapasitesine kar\u015f\u0131 da \u00fcretim, lojistik ve altyap\u0131y\u0131 hedef alarak ya da ba\u015fka y\u00f6ntemlerle aksatarak uyguluyor.<\/p>\n<p style=\"text-align: left\">31 A\u011fustos 2026 gecesi Polonya\u2019n\u0131n \u015awi\u0119tokrzyskie b\u00f6lgesindeki Skar\u017cysko-Kamienna kentinde bulunan WB Electronics tesisinde yang\u0131n \u00e7\u0131kt\u0131. \u015eirket, Polonya\u2019n\u0131n \u00f6nde gelen savunma ve \u0130HA sistemi \u00fcreticilerinden biri ve FlyEye ile Warmate sistemleri i\u00e7in \u00e7e\u015fitli bile\u015fenler \u00fcretiyor.<\/p>\n<div style=\"padding: 10px;margin: 18px 0;border: 1px solid #d0d0d0\">\n<blockquote class=\"twitter-tweet\">\n<p dir=\"ltr\" lang=\"en\" style=\"text-align: left\"><a href=\"https:\/\/x.com\/hashtag\/Russia?src=hash&amp;ref_src=twsrc%5Etfw\">#Russia<\/a> has long been waging <a href=\"https:\/\/x.com\/hashtag\/war?src=hash&amp;ref_src=twsrc%5Etfw\">#war<\/a> against <a href=\"https:\/\/x.com\/hashtag\/Europe?src=hash&amp;ref_src=twsrc%5Etfw\">#Europe<\/a>. And it is operating according to the logic of Left of Launch \u2014 seeking to strike defense production before the weapons can even be deployed. <a href=\"https:\/\/t.co\/FhrkLh4Sy8\">https:\/\/t.co\/FhrkLh4Sy8<\/a><\/p>\n<p>\u2014 InformNapalm (@InformNapalm) <a href=\"https:\/\/x.com\/InformNapalm\/status\/2094675295559159968?ref_src=twsrc%5Etfw\">September 1, 2026<\/a><\/p><\/blockquote>\n<\/div>\n<p><script src=\"https:\/\/platform.x.com\/widgets.js\"><\/script><\/p>\n<p style=\"text-align: left\">Polonya savc\u0131l\u0131\u011f\u0131, yang\u0131n\u0131n yan\u0131c\u0131 madde i\u00e7eren bir d\u00fczenek kullan\u0131larak kas\u0131tl\u0131 bi\u00e7imde \u00e7\u0131kar\u0131ld\u0131\u011f\u0131n\u0131 belirledi. Soru\u015fturma, yabanc\u0131 bir istihbarat servisi ad\u0131na faaliyet y\u00fcr\u00fct\u00fcld\u00fc\u011f\u00fc ve ter\u00f6r ba\u011flant\u0131l\u0131 su\u00e7lar i\u015flendi\u011fi \u015f\u00fcphesiyle s\u00fcrd\u00fcr\u00fcl\u00fcyor. Yay\u0131n tarihi itibar\u0131yla Rusya\u2019n\u0131n bu somut olaya kar\u0131\u015ft\u0131\u011f\u0131 resm\u00ee olarak do\u011frulanm\u0131\u015f de\u011fildi.<\/p>\n<p style=\"text-align: left\">Di\u011fer vakalarda ise \u015f\u00fcpheli Rus sabotaj faaliyetlerine ili\u015fkin daha g\u00fc\u00e7l\u00fc bulgular bulunuyor. Eurojust mart ay\u0131nda, Litvanya ve Polonya\u2019da 22 ki\u015finin Rus asker\u00ee istihbarat\u0131 ad\u0131na \u00e7al\u0131\u015ft\u0131klar\u0131 \u015f\u00fcphesiyle soru\u015fturuldu\u011funu a\u00e7\u0131klad\u0131. Soru\u015fturma, Almanya, Polonya ve Birle\u015fik Krall\u0131k\u2019taki lojistik merkezlerinde yang\u0131nlara yol a\u00e7an, kendili\u011finden tutu\u015fan paketlerle ilgili.<\/p>\n<p style=\"text-align: left\">Rus faaliyetleri NATO \u00fclkelerinin silahl\u0131 kuvvetlerine silah ve asker\u00ee malzeme ula\u015ft\u0131r\u0131lmas\u0131n\u0131 sa\u011flayan fabrikalar\u0131, ula\u015f\u0131m hatlar\u0131n\u0131 ve di\u011fer altyap\u0131y\u0131 da hedef al\u0131yor. Bu t\u00fcr yap\u0131lara y\u00f6nelik sald\u0131r\u0131lar, Rusya ile NATO aras\u0131nda a\u00e7\u0131k bir asker\u00ee \u00e7at\u0131\u015fma ba\u015flamadan \u00e7ok \u00f6nce Avrupa\u2019n\u0131n savunma kapasitesini zay\u0131flatabilir.<\/p>\n<h2 style=\"color: #000000;font-size: 1.3rem;font-weight: bold;margin-top: 24px;margin-bottom: 12px;font-family: &#039;Helvetica Neue&#039;, Helvetica, Arial, &#039;Nimbus Sans L&#039;, sans-serif;text-align: left\">Ukrayna bug\u00fcn zaten Avrupa\u2019n\u0131n savunmas\u0131na katk\u0131 sa\u011fl\u0131yor<\/h2>\n<p style=\"text-align: left\">NATO\u2019nun Rus asker\u00ee altyap\u0131s\u0131n\u0131n \u00f6nemini de\u011ferlendirmek i\u00e7in Balt\u0131k \u00fclkelerine, Polonya\u2019ya veya ba\u015fka bir \u00fcye devlete y\u00f6nelik do\u011frudan bir Rus sald\u0131r\u0131s\u0131n\u0131 beklemesi gerekmiyor. Rus f\u00fcze ve \u0130HA\u2019lar\u0131 NATO \u00fclkelerindeki \u015fehirlere yo\u011fun bi\u00e7imde kullan\u0131lmaya ba\u015flan\u0131rsa, Avrupa h\u00fck\u00fcmetleri Rus asker\u00ee hedeflerine y\u00f6nelik sald\u0131r\u0131lar konusunda \u00e7ok farkl\u0131 siyasi ve asker\u00ee ko\u015fullar alt\u0131nda karar vermek zorunda kalacak.<\/p>\n<p style=\"text-align: left\">Bunun bir k\u0131sm\u0131 daha bug\u00fcnden yap\u0131labilir. Ukrayna\u2019n\u0131n Rusya\u2019daki asker\u00ee hedefleri uzak mesafelerden vurma kabiliyeti g\u00fc\u00e7lendirilebilir. Ukrayna bug\u00fcn, gelecekte NATO\u2019ya kar\u015f\u0131 kullan\u0131lacak f\u00fczeleri, sald\u0131r\u0131 \u0130HA\u2019lar\u0131n\u0131 ve di\u011fer silahlar\u0131 \u00fcretebilecek ayn\u0131 Rus savunma sanayisiyle sava\u015f\u0131yor. Ukrayna\u2019n\u0131n bu hedefleri hassas bi\u00e7imde vurabilme kabiliyetine verilen destek, ayn\u0131 zamanda Avrupa\u2019n\u0131n savunmas\u0131na da katk\u0131 sa\u011fl\u0131yor.<\/p>\n<p style=\"text-align: left\">Bir asker\u00ee depoda imha edilen Rus f\u00fczesi veya \u0130HA\u2019s\u0131n\u0131n daha sonra Kyiv ya da Ukrayna veya Avrupa Birli\u011fi\u2019ndeki ba\u015fka bir \u015fehir \u00fczerinde vurulmas\u0131 gerekmez. Ayn\u0131 silah gelecekteki bir sava\u015f i\u00e7in de depolanamaz. Asker\u00ee \u00fcretim kapasitesi imha edildi\u011finde Rusya, stoklar\u0131n\u0131 b\u00fcy\u00fctmek yerine zaman\u0131n\u0131 ve kaynaklar\u0131n\u0131 bu kapasiteyi yeniden kurmaya harcamak zorunda kal\u0131r.<\/p>\n<p style=\"text-align: left\">B\u00fcy\u00fck \u00e7apl\u0131 bir sald\u0131r\u0131n\u0131n haz\u0131rl\u0131klar\u0131 aksat\u0131l\u0131r veya durdurulursa onlarca, hatta y\u00fczlerce f\u00fcze ve \u0130HA hi\u00e7 kullan\u0131lamayabilir. Bu nedenle giderek daha pahal\u0131 h\u00e2le gelen hava savunmas\u0131 tek ba\u015f\u0131na Rus tehdidini kar\u015f\u0131lamaya yetmez. Rusya\u2019n\u0131n f\u00fcze ve \u0130HA \u00fcretme, depolama, kullanma ve y\u00f6nlendirme kabiliyeti de s\u0131n\u0131rland\u0131r\u0131lmal\u0131d\u0131r.<\/p>\n<p style=\"text-align: left\">Rusya bu yakla\u015f\u0131m\u0131 Avrupa\u2019n\u0131n savunma kapasitesini a\u00e7\u0131k bir \u00e7at\u0131\u015fma ba\u015flamadan \u00f6nce zay\u0131flatmak i\u00e7in \u015fimdiden kullan\u0131yor. Avrupa\u2019n\u0131n savunma planlamas\u0131nda bu nedenle kendi savunma sanayisinin ve lojistik altyap\u0131s\u0131n\u0131n korunmas\u0131, hava savunmas\u0131 ve Ukrayna\u2019ya verilen destekle birlikte ele al\u0131nmal\u0131.<\/p>\n<h2 style=\"color: #000000;font-size: 1.3rem;font-weight: bold;margin-top: 24px;margin-bottom: 12px;font-family: &#039;Helvetica Neue&#039;, Helvetica, Arial, &#039;Nimbus Sans L&#039;, sans-serif;text-align: left\">Avrupa Ukrayna\u2019n\u0131n deneyimlerinden ders \u00e7\u0131karmal\u0131<\/h2>\n<p style=\"text-align: left\">Ukrayna bu sava\u015fta edindi\u011fi deneyimler i\u00e7in a\u011f\u0131r bir bedel \u00f6d\u00fcyor ve savunmas\u0131n\u0131 yeni tehditlere s\u00fcrekli uyarl\u0131yor. NATO a\u00e7\u0131s\u0131ndan temel soru, bu deneyimlerin planlama, tedarik ve teknolojik geli\u015ftirme s\u00fcre\u00e7lerine ne kadar h\u0131zl\u0131 aktar\u0131labilece\u011fi. \u0130HA teknolojisi bir\u00e7ok geleneksel asker\u00ee tedarik s\u00fcrecinden daha h\u0131zl\u0131 geli\u015fiyor.<\/p>\n<p style=\"text-align: left\">Rusya\u2019n\u0131n Avrupa\u2019daki faaliyetleri de Ukrayna\u2019ya kar\u015f\u0131 y\u00fcr\u00fctt\u00fc\u011f\u00fc sava\u015fla birlikte de\u011ferlendirilmelidir. Silahlar sava\u015f alan\u0131na ula\u015fmadan \u00f6nce \u00fcretim, lojistik ve altyap\u0131n\u0131n hedef al\u0131nmas\u0131, f\u00fcze, \u0130HA ve di\u011fer asker\u00ee unsurlar\u0131n kullan\u0131lmadan \u00f6nce vurulmas\u0131yla ayn\u0131 asker\u00ee mant\u0131\u011fa dayan\u0131yor. Ukrayna\u2019n\u0131n Starlink\u2019i Rusya topraklar\u0131 \u00fczerindeki \u0130HA operasyonlar\u0131nda kullanabilmesi, daha uzun menzilli silahlar edinmesi ve Rus asker\u00ee altyap\u0131s\u0131na y\u00f6nelik sald\u0131r\u0131larda daha az siyasi k\u0131s\u0131tlamaya tabi olmas\u0131, Rusya\u2019daki asker\u00ee hedefleri daha uzak mesafelerden vurma imk\u00e2n\u0131n\u0131 art\u0131racakt\u0131r.<\/p>\n<p style=\"text-align: left\">F\u00fcze ve \u0130HA f\u0131rlatma sistemlerini, depolar\u0131, komuta merkezlerini ve \u00fcretim tesislerini, bunlar aras\u0131nda Rusya Federasyonu\u2019na ba\u011fl\u0131 Tataristan Cumhuriyeti\u2019ndeki Alabuga\u2019y\u0131, y\u00fczlerce veya binlerce silah kullan\u0131lmadan \u00f6nce etkisiz h\u00e2le getirmek \u00e7ok daha ucuz ve g\u00fcvenlidir. Bu t\u00fcr \u00f6nlemler, Balt\u0131k \u00fclkeleri, Polonya ve NATO\u2019nun do\u011fu kanad\u0131ndaki di\u011fer devletlerin gelecekte Ukrayna\u2019n\u0131n bug\u00fcn kar\u015f\u0131 kar\u015f\u0131ya kald\u0131\u011f\u0131 sorunlarla y\u00fczle\u015fme riskini azaltabilir.<\/p>\n<p style=\"text-align: left\">Andriy Lisitsyn, \u0130nformNapalm i\u00e7in.<\/p>\n<hr style=\"border: none;border-top: 1px solid #cfcfcf;margin: 24px 0;width: 75%;text-align: left\" \/>\n<h2 style=\"text-align: left\"><span style=\"font-weight: bold\"><span style=\"color: #000000\">Ayr\u0131ca okuyunuz<\/span><\/span><\/h2>\n<ul>\n<li style=\"text-align: left\"><a href=\"https:\/\/informnapalm.org\/tr\/gonets\/\"><span style=\"color: #333333\">Rusya\u2019n\u0131n Starlink muadili Gonets\u2019e CYBINT operasyonu<\/span><\/a><\/li>\n<li style=\"text-align: left\"><a href=\"https:\/\/informnapalm.org\/tr\/rusyanin-emperyalist-paradigmasi\/\"><span style=\"color: #333333\">Ukrayna, Rusya\u2019n\u0131n emperyalist paradigmas\u0131n\u0131 i\u00e7eriden nas\u0131l zay\u0131flatabilir<\/span><\/a><\/li>\n<li style=\"text-align: left\"><a href=\"https:\/\/informnapalm.org\/tr\/informnapalm-kremline-karsi-12-yil\/\"><span style=\"color: #333333\">\u0130nformNapalm, Rusya\u2019ya kar\u015f\u0131 y\u00fcr\u00fctt\u00fc\u011f\u00fc istihbarat faaliyetlerinde on ikinci y\u0131l\u0131n\u0131 tamaml\u0131yor<\/span><\/a><\/li>\n<\/ul>\n<hr style=\"width: 100%;margin-left: 0\" \/>\n<p style=\"text-align: left\"><span style=\"color: #000000\"><img loading=\"lazy\" decoding=\"async\" class=\"alignleft\" title=\"\u0130nformNapalm&apos;\u0131n T\u00fcrk\u00e7e versiyonu\" src=\"https:\/\/informnapalm.org\/fr\/wp-content\/uploads\/sites\/2\/2015\/12\/InformNapalm_logo_05.png\" alt=\"\u0130nformNapalm&apos;\u0131n T\u00fcrk\u00e7e versiyonu\" width=\"120\" height=\"55\" \/> <span style=\"color: #333333\">Kayna\u011fa link atarak payla\u015f\u0131rsan\u0131z seviniriz! Creative Commons \u2013 Attribution 4.0 International \u2013 CC BY 4.0.<\/span> <span style=\"font-weight: bold\"><a href=\"https:\/\/www.facebook.com\/informnapalm24\/\">Facebook<\/a><\/span>, <span style=\"font-weight: bold\"><a href=\"https:\/\/twitter.com\/InformNapalm\">Twitter<\/a><\/span> <span style=\"color: #333333\">ve<\/span> <span style=\"font-weight: bold\"><a href=\"https:\/\/t.me\/informnapalm\">Telegram&#8217;da<\/a><\/span> <span style=\"color: #333333\">\u0130nformNapalm&#8217;\u0131n sayfalar\u0131n\u0131 takip edin.<\/span><\/span><\/p>\n<p style=\"text-align: left\">\u0130nformNapalm&#8217;\u0131n herhangi bir h\u00fck\u00fcmetten veya sponsordan mali deste\u011fi yoktur. Tek sponsorumuz bireysel g\u00f6n\u00fcll\u00fcler ve okuyuculard\u0131r. Ayr\u0131ca <span style=\"color: #333333\">BuyMeACoffee<\/span> arac\u0131l\u0131\u011f\u0131yla ayl\u0131k <span style=\"font-weight: bold\"><a href=\"https:\/\/www.buymeacoffee.com\/informnapalm\" target=\"_blank\" rel=\"noopener\">mini ba\u011f\u0131\u015flar<\/a> <\/span> yaparak \u0130nformNapalm&#8217;\u0131 destekleyebilirsiniz.<\/p>\n<\/div>\n<\/div>\n","protected":false},"excerpt":{"rendered":"<p>Rus sald\u0131r\u0131 \u0130HA\u2019lar\u0131 giderek daha h\u0131zl\u0131 ve daha otonom h\u00e2le gelirken, onlar\u0131 etkisiz h\u00e2le getirmek de zorla\u015f\u0131yor&#8230;.<\/p>\n","protected":false},"author":72,"featured_media":4656,"comment_status":"closed","ping_status":"closed","sticky":false,"template":"","format":"standard","meta":{"_acf_changed":false,"om_disable_all_campaigns":false,"_uf_show_specific_survey":0,"_uf_disable_surveys":false,"footnotes":""},"categories":[109,130,129,1],"tags":[2924,2881,2922,3029,3026,3027,3025,1009,68,3030,23,2921,2709,3028,6],"class_list":["post-4650","post","type-post","status-publish","format-standard","has-post-thumbnail","hentry","category-analitik","category-misc","category-world","category-all-news","tag-askeri-teknoloji","tag-avrupa-guvenligi","tag-elektronik-harp","tag-fuze-savunmasi","tag-geran-4","tag-geran-5","tag-hava-savunmasi","tag-iha","tag-nato","tag-nato-dogu-kanadi","tag-rusya","tag-saldiri-ihalari","tag-savunma-sanayisi","tag-shahed-136","tag-ukrayna"],"acf":[],"yoast_head":"<!-- This site is optimized with the Yoast SEO plugin v28.2 - https:\/\/yoast.com\/product\/yoast-seo-wordpress\/ -->\n<title>Rusya\u2019n\u0131n 2026\u20132027 \u0130HA tehdidi ve Ukrayna\u2019dan NATO\u2019ya \u00e7\u0131kar\u0131lacak dersler<\/title>\n<meta name=\"description\" content=\"Rus sald\u0131r\u0131 \u0130HA\u2019lar\u0131 h\u0131zla geli\u015fiyor. Ukrayna\u2019n\u0131n sava\u015f tecr\u00fcbesi, NATO ve Avrupa\u2019n\u0131n hava savunmas\u0131n\u0131 nas\u0131l geli\u015ftirmesi gerekti\u011fini g\u00f6steriyor.\" \/>\n<meta name=\"robots\" content=\"index, follow, max-snippet:-1, max-image-preview:large, max-video-preview:-1\" \/>\n<link rel=\"canonical\" href=\"https:\/\/informnapalm.org\/tr\/rusya-iha-tehdidi-ukrayna-nato\/\" \/>\n<meta property=\"og:locale\" content=\"en_US\" \/>\n<meta property=\"og:type\" content=\"article\" \/>\n<meta property=\"og:title\" content=\"Rusya\u2019n\u0131n 2026\u20132027 \u0130HA tehdidi ve Ukrayna\u2019dan NATO\u2019ya \u00e7\u0131kar\u0131lacak dersler\" \/>\n<meta property=\"og:description\" content=\"Rus sald\u0131r\u0131 \u0130HA\u2019lar\u0131 h\u0131zla geli\u015fiyor. Ukrayna\u2019n\u0131n sava\u015f tecr\u00fcbesi, NATO ve Avrupa\u2019n\u0131n hava savunmas\u0131n\u0131 nas\u0131l geli\u015ftirmesi gerekti\u011fini g\u00f6steriyor.\" \/>\n<meta property=\"og:url\" content=\"https:\/\/informnapalm.org\/tr\/rusya-iha-tehdidi-ukrayna-nato\/\" \/>\n<meta property=\"og:site_name\" content=\"\u0130nformNapalm&#039;\u0131n T\u00fcrk\u00e7e versiyonu\" \/>\n<meta property=\"article:published_time\" content=\"2026-09-01T19:59:31+00:00\" \/>\n<meta property=\"article:modified_time\" content=\"2026-09-01T21:25:53+00:00\" \/>\n<meta property=\"og:image\" content=\"https:\/\/informnapalm.org\/tr\/wp-content\/uploads\/sites\/12\/2026\/09\/Rusyanin-2026\u20132027-IHA-tehdidi.jpg\" \/>\n\t<meta property=\"og:image:width\" content=\"642\" \/>\n\t<meta property=\"og:image:height\" content=\"336\" \/>\n\t<meta property=\"og:image:type\" content=\"image\/jpeg\" \/>\n<meta name=\"author\" content=\"2476\" \/>\n<meta name=\"twitter:label1\" content=\"Written by\" \/>\n\t<meta name=\"twitter:data1\" content=\"2476\" \/>\n\t<meta name=\"twitter:label2\" content=\"Est. reading time\" \/>\n\t<meta name=\"twitter:data2\" content=\"9 minutes\" \/>\n<script type=\"application\/ld+json\" class=\"yoast-schema-graph\">{\"@context\":\"https:\\\/\\\/schema.org\",\"@graph\":[{\"@type\":\"Article\",\"@id\":\"https:\\\/\\\/informnapalm.org\\\/tr\\\/rusya-iha-tehdidi-ukrayna-nato\\\/#article\",\"isPartOf\":{\"@id\":\"https:\\\/\\\/informnapalm.org\\\/tr\\\/rusya-iha-tehdidi-ukrayna-nato\\\/\"},\"author\":{\"name\":\"2476\",\"@id\":\"https:\\\/\\\/informnapalm.org\\\/tr\\\/#\\\/schema\\\/person\\\/e683569ccd9c71b2afa351e58e558cb1\"},\"headline\":\"Rusya\u2019n\u0131n 2026\u20132027 \u0130HA tehdidi ve Ukrayna\u2019dan NATO\u2019ya \u00e7\u0131kar\u0131lacak dersler\",\"datePublished\":\"2026-09-01T19:59:31+00:00\",\"dateModified\":\"2026-09-01T21:25:53+00:00\",\"mainEntityOfPage\":{\"@id\":\"https:\\\/\\\/informnapalm.org\\\/tr\\\/rusya-iha-tehdidi-ukrayna-nato\\\/\"},\"wordCount\":2376,\"image\":{\"@id\":\"https:\\\/\\\/informnapalm.org\\\/tr\\\/rusya-iha-tehdidi-ukrayna-nato\\\/#primaryimage\"},\"thumbnailUrl\":\"https:\\\/\\\/informnapalm.org\\\/tr\\\/wp-content\\\/uploads\\\/sites\\\/12\\\/2026\\\/09\\\/Rusyanin-2026\u20132027-IHA-tehdidi.jpg\",\"keywords\":[\"askeri teknoloji\",\"Avrupa g\u00fcvenli\u011fi\",\"elektronik harp\",\"f\u00fcze savunmas\u0131\",\"Geran-4\",\"Geran-5\",\"hava savunmas\u0131\",\"\u0130HA\",\"NATO\",\"NATO do\u011fu kanad\u0131\",\"Rusya\",\"sald\u0131r\u0131 \u0130HA\u2019lar\u0131\",\"Savunma sanayisi\",\"Shahed-136\",\"Ukrayna\"],\"articleSection\":[\"Analitik\",\"Di\u011fer\",\"D\u00fcnya\",\"Haberler\"],\"inLanguage\":\"en-US\"},{\"@type\":\"WebPage\",\"@id\":\"https:\\\/\\\/informnapalm.org\\\/tr\\\/rusya-iha-tehdidi-ukrayna-nato\\\/\",\"url\":\"https:\\\/\\\/informnapalm.org\\\/tr\\\/rusya-iha-tehdidi-ukrayna-nato\\\/\",\"name\":\"Rusya\u2019n\u0131n 2026\u20132027 \u0130HA tehdidi ve Ukrayna\u2019dan NATO\u2019ya \u00e7\u0131kar\u0131lacak dersler\",\"isPartOf\":{\"@id\":\"https:\\\/\\\/informnapalm.org\\\/tr\\\/#website\"},\"primaryImageOfPage\":{\"@id\":\"https:\\\/\\\/informnapalm.org\\\/tr\\\/rusya-iha-tehdidi-ukrayna-nato\\\/#primaryimage\"},\"image\":{\"@id\":\"https:\\\/\\\/informnapalm.org\\\/tr\\\/rusya-iha-tehdidi-ukrayna-nato\\\/#primaryimage\"},\"thumbnailUrl\":\"https:\\\/\\\/informnapalm.org\\\/tr\\\/wp-content\\\/uploads\\\/sites\\\/12\\\/2026\\\/09\\\/Rusyanin-2026\u20132027-IHA-tehdidi.jpg\",\"datePublished\":\"2026-09-01T19:59:31+00:00\",\"dateModified\":\"2026-09-01T21:25:53+00:00\",\"author\":{\"@id\":\"https:\\\/\\\/informnapalm.org\\\/tr\\\/#\\\/schema\\\/person\\\/e683569ccd9c71b2afa351e58e558cb1\"},\"description\":\"Rus sald\u0131r\u0131 \u0130HA\u2019lar\u0131 h\u0131zla geli\u015fiyor. Ukrayna\u2019n\u0131n sava\u015f tecr\u00fcbesi, NATO ve Avrupa\u2019n\u0131n hava savunmas\u0131n\u0131 nas\u0131l geli\u015ftirmesi gerekti\u011fini g\u00f6steriyor.\",\"breadcrumb\":{\"@id\":\"https:\\\/\\\/informnapalm.org\\\/tr\\\/rusya-iha-tehdidi-ukrayna-nato\\\/#breadcrumb\"},\"inLanguage\":\"en-US\",\"potentialAction\":[{\"@type\":\"ReadAction\",\"target\":[\"https:\\\/\\\/informnapalm.org\\\/tr\\\/rusya-iha-tehdidi-ukrayna-nato\\\/\"]}]},{\"@type\":\"ImageObject\",\"inLanguage\":\"en-US\",\"@id\":\"https:\\\/\\\/informnapalm.org\\\/tr\\\/rusya-iha-tehdidi-ukrayna-nato\\\/#primaryimage\",\"url\":\"https:\\\/\\\/informnapalm.org\\\/tr\\\/wp-content\\\/uploads\\\/sites\\\/12\\\/2026\\\/09\\\/Rusyanin-2026\u20132027-IHA-tehdidi.jpg\",\"contentUrl\":\"https:\\\/\\\/informnapalm.org\\\/tr\\\/wp-content\\\/uploads\\\/sites\\\/12\\\/2026\\\/09\\\/Rusyanin-2026\u20132027-IHA-tehdidi.jpg\",\"width\":642,\"height\":336,\"caption\":\"Rusya\u2019n\u0131n 2026\u20132027 \u0130HA tehdidi\"},{\"@type\":\"BreadcrumbList\",\"@id\":\"https:\\\/\\\/informnapalm.org\\\/tr\\\/rusya-iha-tehdidi-ukrayna-nato\\\/#breadcrumb\",\"itemListElement\":[{\"@type\":\"ListItem\",\"position\":1,\"name\":\"Home\",\"item\":\"https:\\\/\\\/informnapalm.org\\\/tr\\\/\"},{\"@type\":\"ListItem\",\"position\":2,\"name\":\"Rusya\u2019n\u0131n 2026\u20132027 \u0130HA tehdidi ve Ukrayna\u2019dan NATO\u2019ya \u00e7\u0131kar\u0131lacak dersler\"}]},{\"@type\":\"WebSite\",\"@id\":\"https:\\\/\\\/informnapalm.org\\\/tr\\\/#website\",\"url\":\"https:\\\/\\\/informnapalm.org\\\/tr\\\/\",\"name\":\"\u0130nformNapalm&#039;\u0131n T\u00fcrk\u00e7e versiyonu\",\"description\":\"Ukrayna&#039;dan son haberler\",\"potentialAction\":[{\"@type\":\"SearchAction\",\"target\":{\"@type\":\"EntryPoint\",\"urlTemplate\":\"https:\\\/\\\/informnapalm.org\\\/tr\\\/?s={search_term_string}\"},\"query-input\":{\"@type\":\"PropertyValueSpecification\",\"valueRequired\":true,\"valueName\":\"search_term_string\"}}],\"inLanguage\":\"en-US\"},{\"@type\":\"Person\",\"@id\":\"https:\\\/\\\/informnapalm.org\\\/tr\\\/#\\\/schema\\\/person\\\/e683569ccd9c71b2afa351e58e558cb1\",\"name\":\"2476\",\"image\":{\"@type\":\"ImageObject\",\"inLanguage\":\"en-US\",\"@id\":\"https:\\\/\\\/secure.gravatar.com\\\/avatar\\\/4cdfe9f344a6a3098c5b8f56d0951f5a6488eb77f72278644d45d1518136dda9?s=96&d=mm&r=g\",\"url\":\"https:\\\/\\\/secure.gravatar.com\\\/avatar\\\/4cdfe9f344a6a3098c5b8f56d0951f5a6488eb77f72278644d45d1518136dda9?s=96&d=mm&r=g\",\"contentUrl\":\"https:\\\/\\\/secure.gravatar.com\\\/avatar\\\/4cdfe9f344a6a3098c5b8f56d0951f5a6488eb77f72278644d45d1518136dda9?s=96&d=mm&r=g\",\"caption\":\"2476\"},\"url\":\"https:\\\/\\\/informnapalm.org\\\/tr\\\/author\\\/tugrul\\\/\"}]}<\/script>\n<!-- \/ Yoast SEO plugin. -->","yoast_head_json":{"title":"Rusya\u2019n\u0131n 2026\u20132027 \u0130HA tehdidi ve Ukrayna\u2019dan NATO\u2019ya \u00e7\u0131kar\u0131lacak dersler","description":"Rus sald\u0131r\u0131 \u0130HA\u2019lar\u0131 h\u0131zla geli\u015fiyor. Ukrayna\u2019n\u0131n sava\u015f tecr\u00fcbesi, NATO ve Avrupa\u2019n\u0131n hava savunmas\u0131n\u0131 nas\u0131l geli\u015ftirmesi gerekti\u011fini g\u00f6steriyor.","robots":{"index":"index","follow":"follow","max-snippet":"max-snippet:-1","max-image-preview":"max-image-preview:large","max-video-preview":"max-video-preview:-1"},"canonical":"https:\/\/informnapalm.org\/tr\/rusya-iha-tehdidi-ukrayna-nato\/","og_locale":"en_US","og_type":"article","og_title":"Rusya\u2019n\u0131n 2026\u20132027 \u0130HA tehdidi ve Ukrayna\u2019dan NATO\u2019ya \u00e7\u0131kar\u0131lacak dersler","og_description":"Rus sald\u0131r\u0131 \u0130HA\u2019lar\u0131 h\u0131zla geli\u015fiyor. Ukrayna\u2019n\u0131n sava\u015f tecr\u00fcbesi, NATO ve Avrupa\u2019n\u0131n hava savunmas\u0131n\u0131 nas\u0131l geli\u015ftirmesi gerekti\u011fini g\u00f6steriyor.","og_url":"https:\/\/informnapalm.org\/tr\/rusya-iha-tehdidi-ukrayna-nato\/","og_site_name":"\u0130nformNapalm&#039;\u0131n T\u00fcrk\u00e7e versiyonu","article_published_time":"2026-09-01T19:59:31+00:00","article_modified_time":"2026-09-01T21:25:53+00:00","og_image":[{"width":642,"height":336,"url":"https:\/\/informnapalm.org\/tr\/wp-content\/uploads\/sites\/12\/2026\/09\/Rusyanin-2026\u20132027-IHA-tehdidi.jpg","type":"image\/jpeg"}],"author":"2476","twitter_misc":{"Written by":"2476","Est. reading time":"9 minutes"},"schema":{"@context":"https:\/\/schema.org","@graph":[{"@type":"Article","@id":"https:\/\/informnapalm.org\/tr\/rusya-iha-tehdidi-ukrayna-nato\/#article","isPartOf":{"@id":"https:\/\/informnapalm.org\/tr\/rusya-iha-tehdidi-ukrayna-nato\/"},"author":{"name":"2476","@id":"https:\/\/informnapalm.org\/tr\/#\/schema\/person\/e683569ccd9c71b2afa351e58e558cb1"},"headline":"Rusya\u2019n\u0131n 2026\u20132027 \u0130HA tehdidi ve Ukrayna\u2019dan NATO\u2019ya \u00e7\u0131kar\u0131lacak dersler","datePublished":"2026-09-01T19:59:31+00:00","dateModified":"2026-09-01T21:25:53+00:00","mainEntityOfPage":{"@id":"https:\/\/informnapalm.org\/tr\/rusya-iha-tehdidi-ukrayna-nato\/"},"wordCount":2376,"image":{"@id":"https:\/\/informnapalm.org\/tr\/rusya-iha-tehdidi-ukrayna-nato\/#primaryimage"},"thumbnailUrl":"https:\/\/informnapalm.org\/tr\/wp-content\/uploads\/sites\/12\/2026\/09\/Rusyanin-2026\u20132027-IHA-tehdidi.jpg","keywords":["askeri teknoloji","Avrupa g\u00fcvenli\u011fi","elektronik harp","f\u00fcze savunmas\u0131","Geran-4","Geran-5","hava savunmas\u0131","\u0130HA","NATO","NATO do\u011fu kanad\u0131","Rusya","sald\u0131r\u0131 \u0130HA\u2019lar\u0131","Savunma sanayisi","Shahed-136","Ukrayna"],"articleSection":["Analitik","Di\u011fer","D\u00fcnya","Haberler"],"inLanguage":"en-US"},{"@type":"WebPage","@id":"https:\/\/informnapalm.org\/tr\/rusya-iha-tehdidi-ukrayna-nato\/","url":"https:\/\/informnapalm.org\/tr\/rusya-iha-tehdidi-ukrayna-nato\/","name":"Rusya\u2019n\u0131n 2026\u20132027 \u0130HA tehdidi ve Ukrayna\u2019dan NATO\u2019ya \u00e7\u0131kar\u0131lacak dersler","isPartOf":{"@id":"https:\/\/informnapalm.org\/tr\/#website"},"primaryImageOfPage":{"@id":"https:\/\/informnapalm.org\/tr\/rusya-iha-tehdidi-ukrayna-nato\/#primaryimage"},"image":{"@id":"https:\/\/informnapalm.org\/tr\/rusya-iha-tehdidi-ukrayna-nato\/#primaryimage"},"thumbnailUrl":"https:\/\/informnapalm.org\/tr\/wp-content\/uploads\/sites\/12\/2026\/09\/Rusyanin-2026\u20132027-IHA-tehdidi.jpg","datePublished":"2026-09-01T19:59:31+00:00","dateModified":"2026-09-01T21:25:53+00:00","author":{"@id":"https:\/\/informnapalm.org\/tr\/#\/schema\/person\/e683569ccd9c71b2afa351e58e558cb1"},"description":"Rus sald\u0131r\u0131 \u0130HA\u2019lar\u0131 h\u0131zla geli\u015fiyor. Ukrayna\u2019n\u0131n sava\u015f tecr\u00fcbesi, NATO ve Avrupa\u2019n\u0131n hava savunmas\u0131n\u0131 nas\u0131l geli\u015ftirmesi gerekti\u011fini g\u00f6steriyor.","breadcrumb":{"@id":"https:\/\/informnapalm.org\/tr\/rusya-iha-tehdidi-ukrayna-nato\/#breadcrumb"},"inLanguage":"en-US","potentialAction":[{"@type":"ReadAction","target":["https:\/\/informnapalm.org\/tr\/rusya-iha-tehdidi-ukrayna-nato\/"]}]},{"@type":"ImageObject","inLanguage":"en-US","@id":"https:\/\/informnapalm.org\/tr\/rusya-iha-tehdidi-ukrayna-nato\/#primaryimage","url":"https:\/\/informnapalm.org\/tr\/wp-content\/uploads\/sites\/12\/2026\/09\/Rusyanin-2026\u20132027-IHA-tehdidi.jpg","contentUrl":"https:\/\/informnapalm.org\/tr\/wp-content\/uploads\/sites\/12\/2026\/09\/Rusyanin-2026\u20132027-IHA-tehdidi.jpg","width":642,"height":336,"caption":"Rusya\u2019n\u0131n 2026\u20132027 \u0130HA tehdidi"},{"@type":"BreadcrumbList","@id":"https:\/\/informnapalm.org\/tr\/rusya-iha-tehdidi-ukrayna-nato\/#breadcrumb","itemListElement":[{"@type":"ListItem","position":1,"name":"Home","item":"https:\/\/informnapalm.org\/tr\/"},{"@type":"ListItem","position":2,"name":"Rusya\u2019n\u0131n 2026\u20132027 \u0130HA tehdidi ve Ukrayna\u2019dan NATO\u2019ya \u00e7\u0131kar\u0131lacak dersler"}]},{"@type":"WebSite","@id":"https:\/\/informnapalm.org\/tr\/#website","url":"https:\/\/informnapalm.org\/tr\/","name":"\u0130nformNapalm&#039;\u0131n T\u00fcrk\u00e7e versiyonu","description":"Ukrayna&#039;dan son haberler","potentialAction":[{"@type":"SearchAction","target":{"@type":"EntryPoint","urlTemplate":"https:\/\/informnapalm.org\/tr\/?s={search_term_string}"},"query-input":{"@type":"PropertyValueSpecification","valueRequired":true,"valueName":"search_term_string"}}],"inLanguage":"en-US"},{"@type":"Person","@id":"https:\/\/informnapalm.org\/tr\/#\/schema\/person\/e683569ccd9c71b2afa351e58e558cb1","name":"2476","image":{"@type":"ImageObject","inLanguage":"en-US","@id":"https:\/\/secure.gravatar.com\/avatar\/4cdfe9f344a6a3098c5b8f56d0951f5a6488eb77f72278644d45d1518136dda9?s=96&d=mm&r=g","url":"https:\/\/secure.gravatar.com\/avatar\/4cdfe9f344a6a3098c5b8f56d0951f5a6488eb77f72278644d45d1518136dda9?s=96&d=mm&r=g","contentUrl":"https:\/\/secure.gravatar.com\/avatar\/4cdfe9f344a6a3098c5b8f56d0951f5a6488eb77f72278644d45d1518136dda9?s=96&d=mm&r=g","caption":"2476"},"url":"https:\/\/informnapalm.org\/tr\/author\/tugrul\/"}]}},"post_src":"<div style=\"color: #000000\">\r\n<p lang=\"tr\" style=\"text-align: left\"><span style=\"font-weight: bold;font-family: Helvetica Neue,Helvetica,Arial,Nimbus Sans L,sans-serif\">Rus sald\u0131r\u0131 \u0130HA\u2019lar\u0131 giderek daha h\u0131zl\u0131 ve daha otonom h\u00e2le gelirken, onlar\u0131 etkisiz h\u00e2le getirmek de zorla\u015f\u0131yor. Ukrayna\u2019n\u0131n sava\u015f tecr\u00fcbesi, gelece\u011fin hava savunmas\u0131n\u0131n yaln\u0131zca yakla\u015fan hedefleri vurabilmekten ibaret olamayaca\u011f\u0131n\u0131 g\u00f6steriyor. Kapsaml\u0131 bir durum resmi olu\u015fturmak, tespitten angajmana kadar ge\u00e7en s\u00fcreyi m\u00fcmk\u00fcn oldu\u011funca k\u0131saltmak ve Rus f\u00fcze ve \u0130HA\u2019lar\u0131n\u0131 kullan\u0131lmadan \u00f6nce etkisiz h\u00e2le getirebilmek giderek daha b\u00fcy\u00fck \u00f6nem ta\u015f\u0131yor. Avrupa a\u00e7\u0131s\u0131ndan bu art\u0131k somut bir savunma ve g\u00fcvenlik meselesi.<\/span><\/p>\r\n\r\n<div style=\"color: #333333\">\r\n<p style=\"text-align: left\">Ukrayna\u2019daki sava\u015f, teknolojik a\u00e7\u0131dan tekrarlanan bir \u00f6r\u00fcnt\u00fcy\u00fc a\u00e7\u0131k\u00e7a ortaya koyuyor. Ukrayna\u2019n\u0131n kulland\u0131\u011f\u0131 bir savunma y\u00f6ntemi yeterince etkili oldu\u011funda Rusya sistemlerini ve kullan\u0131m taktiklerini buna g\u00f6re de\u011fi\u015ftiriyor.<\/p>\r\n\r\n<h2 style=\"color: #000000;font-size: 1.3rem;font-weight: bold;margin-top: 24px;margin-bottom: 12px;font-family: &#039;Helvetica Neue&#039;, Helvetica, Arial, &#039;Nimbus Sans L&#039;, sans-serif;text-align: left\">Rus sald\u0131r\u0131 \u0130HA\u2019lar\u0131 h\u0131zla geli\u015fiyor<\/h2>\r\n<p style=\"text-align: left\">Ukrayna son birka\u00e7 y\u0131lda Shahed-136 ve Geran-2 tipi pervaneli sald\u0131r\u0131 \u0130HA\u2019lar\u0131na kar\u015f\u0131 kapsaml\u0131 bir savunma a\u011f\u0131 kurdu. Hava savunma f\u00fcze sistemleri, mobil hava savunma timleri, elektronik harp unsurlar\u0131, sava\u015f u\u00e7aklar\u0131 ve \u00f6nleme \u0130HA\u2019lar\u0131 bu yap\u0131n\u0131n par\u00e7alar\u0131 aras\u0131nda yer al\u0131yor. Rusya ise buna daha h\u0131zl\u0131 ve daha geli\u015fmi\u015f sald\u0131r\u0131 \u0130HA\u2019lar\u0131 geli\u015ftirerek kar\u015f\u0131l\u0131k veriyor.<\/p>\r\n<p style=\"text-align: left\">Ukrayna asker\u00ee istihbarat\u0131 HUR, jet motorlu Geran-4 sald\u0131r\u0131 \u0130HA\u2019s\u0131n\u0131 Ukrayna\u2019n\u0131n \u00f6nleme \u0130HA\u2019lar\u0131n\u0131n artan etkinli\u011fine do\u011frudan bir yan\u0131t olarak tan\u0131ml\u0131yor. Geran-4, eski bir tasar\u0131ma yaln\u0131zca jet motoru eklenmi\u015f bir platform de\u011fil. G\u00f6vdesi \u00e7ok daha y\u00fcksek h\u0131zlara g\u00f6re tasarland\u0131.<\/p>\r\n<p style=\"text-align: left\">Rusya\u2019n\u0131n Ukrayna\u2019ya kar\u015f\u0131 h\u00e2lihaz\u0131rda kulland\u0131\u011f\u0131 Geran-5 ise bu geli\u015fimin nereye do\u011fru gitti\u011fini g\u00f6steriyor. Seyir h\u0131z\u0131 saatte 450 ila 600 kilometre aras\u0131nda, harp ba\u015fl\u0131\u011f\u0131 yakla\u015f\u0131k 90 kilogram, menzili 950 kilometreye kadar ve azami u\u00e7u\u015f irtifas\u0131 alt\u0131 kilometreye kadar \u00e7\u0131k\u0131yor. Sistem, elektronik kar\u0131\u015ft\u0131rmaya kar\u015f\u0131 dayan\u0131kl\u0131 uydu seyr\u00fcseferi, telemetri aktar\u0131m\u0131 ve mesh a\u011f ileti\u015fimini destekleyen bir modemle donat\u0131lm\u0131\u015f durumda.<\/p>\r\n<p style=\"text-align: left\">Daha y\u00fcksek h\u0131zlar, daha b\u00fcy\u00fck harp ba\u015fl\u0131klar\u0131 ve daha dayan\u0131kl\u0131 seyr\u00fcsefer sistemleri, tek kullan\u0131ml\u0131k sald\u0131r\u0131 \u0130HA\u2019lar\u0131 ile g\u00f6rece d\u00fc\u015f\u00fck maliyetli seyir f\u00fczeleri aras\u0131ndaki ayr\u0131m\u0131 giderek belirsizle\u015ftiriyor.<\/p>\r\n<img class=\"alignnone wp-image-26928 size-full\" style=\"display: block;max-width: 100%;height: auto;padding: 6px;margin: 18px 0;border: 1px solid #d0d0d0\" title=\"Sald\u0131r\u0131 \u0130HA\u2019lar\u0131 Geran-4 ve Geran-5\" src=\"https:\/\/informnapalm.org\/ua\/wp-content\/uploads\/sites\/9\/2026\/09\/45.jpg\" alt=\"Sald\u0131r\u0131 \u0130HA\u2019lar\u0131 Geran-4 ve Geran-5\" width=\"642\" \/>\r\n<p style=\"text-align: left\"><a href=\"https:\/\/war-sanctions.gur.gov.ua\/page-geran-4\" target=\"_blank\" rel=\"noopener\">Geran-4<\/a> ve <a href=\"https:\/\/war-sanctions.gur.gov.ua\/page-geran-5\" target=\"_blank\" rel=\"noopener\">Geran-5<\/a>\u2019in interaktif modelleri Ukrayna asker\u00ee istihbarat\u0131 ile War&amp;Sanctions taraf\u0131ndan yay\u0131mlanan materyallerde yer al\u0131yor.<\/p>\r\n<img class=\"alignnone\" style=\"display: block;max-width: 100%;height: auto;padding: 6px;margin: 18px 0;border: 1px solid #d0d0d0\" title=\"Rus yap\u0131m\u0131 jet motorlu Geran-5 sald\u0131r\u0131 \u0130HA\u2019s\u0131\" src=\"https:\/\/informnapalm.org\/ua\/wp-content\/uploads\/sites\/9\/2026\/09\/geran-5.png\" alt=\"Rus yap\u0131m\u0131 jet motorlu Geran-5 sald\u0131r\u0131 \u0130HA\u2019s\u0131\" width=\"1536\" height=\"851\" \/>\r\n<p style=\"text-align: left\">9 May\u0131s 2026 tarihinde g\u00f6r\u00fcnt\u00fclenen Rus yap\u0131m\u0131 jet motorlu Geran-5 sald\u0131r\u0131 \u0130HA\u2019s\u0131. Kaynak: OTS LIVE ve Militarnyi.com.<\/p>\r\n\r\n<h2 style=\"color: #000000;font-size: 1.3rem;font-weight: bold;margin-top: 24px;margin-bottom: 12px;font-family: &#039;Helvetica Neue&#039;, Helvetica, Arial, &#039;Nimbus Sans L&#039;, sans-serif;text-align: left\">Avrupa yeni nesil \u0130HA tehdidine haz\u0131rlanmal\u0131<\/h2>\r\n<p style=\"text-align: left\">Avrupa, hava savunmas\u0131n\u0131 Ukrayna\u2019n\u0131n iki ya da \u00fc\u00e7 y\u0131l \u00f6nce kar\u015f\u0131la\u015ft\u0131\u011f\u0131 Rus taktiklerine veya bug\u00fcn kullan\u0131lan sistemlere g\u00f6re \u015fekillendirirse ciddi bir hata yapabilir. Asker\u00ee sistemlerin tedariki \u00e7o\u011fu zaman y\u0131llar s\u00fcrerken, cephede kullan\u0131lan insans\u0131z sistemler birka\u00e7 ay i\u00e7inde de\u011fi\u015ftirilebiliyor. Bug\u00fcn yava\u015f bir \u0130HA\u2019ya kar\u015f\u0131 etkili olan bir sistem, geni\u015f \u00e7apta hizmete girdi\u011finde art\u0131k eski bir tehdit profiline g\u00f6re tasarlanm\u0131\u015f olabilir.<\/p>\r\n<p style=\"text-align: left\">Bu nedenle 2026 ve 2027\u2019ye y\u00f6nelik planlama, Geran-4 veya Geran-5 gibi tek tek platformlardan \u00e7ok Rus sistemlerinin hangi y\u00f6nde ve ne kadar h\u0131zl\u0131 geli\u015fti\u011fine odaklanmal\u0131.<\/p>\r\n<p style=\"text-align: left\">Bu geli\u015fim birka\u00e7 alanda \u00f6ne \u00e7\u0131k\u0131yor:<\/p>\r\n\r\n<ul style=\"text-align: left\">\r\n \t<li style=\"text-align: left;margin-bottom: 8px\">Daha y\u00fcksek h\u0131zlar, daha y\u00fcksek u\u00e7u\u015f irtifalar\u0131 ve daha a\u011f\u0131r harp ba\u015fl\u0131klar\u0131<\/li>\r\n \t<li style=\"text-align: left;margin-bottom: 8px\">Daha otonom seyr\u00fcsefer ve geli\u015fmi\u015f hedef tan\u0131ma kabiliyeti<\/li>\r\n \t<li style=\"text-align: left;margin-bottom: 8px\">Elektronik harbe ve uydu sinyallerinin kayb\u0131na kar\u015f\u0131 daha y\u00fcksek dayan\u0131kl\u0131l\u0131k<\/li>\r\n \t<li style=\"text-align: left;margin-bottom: 8px\">Farkl\u0131 \u0130HA t\u00fcrlerinin, sahte hedeflerin ve f\u00fczelerin ayn\u0131 sald\u0131r\u0131 i\u00e7inde koordineli bi\u00e7imde kullan\u0131lmas\u0131<\/li>\r\n \t<li style=\"text-align: left;margin-bottom: 8px\">Her iki tarafta da hedefin tespiti ile angajman aras\u0131ndaki s\u00fcrenin k\u0131salmas\u0131<\/li>\r\n<\/ul>\r\n<p style=\"text-align: left\">Gelecekteki her sistem bu \u00f6zelliklerin tamam\u0131na ayn\u0131 anda sahip olmayacak. As\u0131l \u00f6nemli olan geli\u015fimin y\u00f6n\u00fc ve Rusya\u2019n\u0131n sistemlerini ne kadar h\u0131zl\u0131 de\u011fi\u015ftirebildi\u011fi.<\/p>\r\n\r\n<h2 style=\"color: #000000;font-size: 1.3rem;font-weight: bold;margin-top: 24px;margin-bottom: 12px;font-family: &#039;Helvetica Neue&#039;, Helvetica, Arial, &#039;Nimbus Sans L&#039;, sans-serif;text-align: left\">Hava savunmas\u0131nda belirleyici unsur zaman<\/h2>\r\n<p style=\"text-align: left\">H\u0131zl\u0131 bir hedefi vurabilmek tek ba\u015f\u0131na yeterli de\u011fil. Hedefin \u00f6nce yeterince erken tespit edilmesi gerekiyor. Bir f\u00fcze veya \u0130HA ne kadar h\u0131zl\u0131 hareket ederse, tespit ile angajman aras\u0131nda kaybedilen her saniye o kadar kritik h\u00e2le geliyor. Bu nedenle gelece\u011fin hava savunmas\u0131nda belirleyici unsur, hedefin ilk tespitinden vurulmas\u0131na kadar ge\u00e7en s\u00fcrenin ne kadar k\u0131salt\u0131labildi\u011fi olacak.<\/p>\r\n<p style=\"text-align: left\">Tespit ve s\u0131n\u0131fland\u0131rmadan karar alma ve hedef tahsisine, oradan da angajmana kadar b\u00fct\u00fcn s\u00fcre\u00e7 m\u00fcmk\u00fcn oldu\u011funca h\u0131zl\u0131 i\u015flemeli. Radar tek ba\u015f\u0131na yeterli de\u011fil. Radarlar\u0131n yan\u0131 s\u0131ra optik ve akustik sens\u00f6rlerden, hava platformlar\u0131ndan, uydulardan ve di\u011fer bilgi kaynaklar\u0131ndan gelen veriler ortak bir durum resminde birle\u015ftirilmeli. Ard\u0131ndan bu bilgiler, hedefi en h\u0131zl\u0131 ve en d\u00fc\u015f\u00fck maliyetle etkisiz h\u00e2le getirebilecek silah sistemine gecikmeden aktar\u0131lmal\u0131.<\/p>\r\n<p style=\"text-align: left\">Bilgi i\u015fleme s\u00fcre\u00e7lerinin daha b\u00fcy\u00fck bir b\u00f6l\u00fcm\u00fc otomatikle\u015ftirilmeli. \u0130nsan, karar alma s\u00fcrecindeki kritik rol\u00fcn\u00fc koruyor. Ancak teknik sistemlerin saniyenin \u00e7ok k\u00fc\u00e7\u00fck bir b\u00f6l\u00fcm\u00fcnde ger\u00e7ekle\u015ftirebildi\u011fi i\u015flemler manuel m\u00fcdahaleye ba\u011fl\u0131 olmamal\u0131. Ukrayna bu teknolojik d\u00f6n\u00fc\u015f\u00fcm\u00fcn \u015fimdiden tam ortas\u0131nda.<\/p>\r\n<p style=\"text-align: left\">NATO, Ukrayna\u2019ya k\u0131yasla istihbarat, g\u00f6zetleme ve ke\u015fif alan\u0131nda \u00e7ok daha geni\u015f imk\u00e2nlara sahip. Uydu ke\u015ffi, havadan ke\u015fif, sinyal istihbarat\u0131, AWACS u\u00e7aklar\u0131, modern sava\u015f u\u00e7aklar\u0131 ve kapsaml\u0131 haberle\u015fme altyap\u0131s\u0131 bunlar aras\u0131nda yer al\u0131yor. Buradaki as\u0131l mesele, elde edilen bilginin ne kadar h\u0131zl\u0131 analiz edilip karara ve asker\u00ee harek\u00e2ta d\u00f6n\u00fc\u015ft\u00fcr\u00fclebildi\u011fi.<\/p>\r\n\r\n<h2 style=\"color: #000000;font-size: 1.3rem;font-weight: bold;margin-top: 24px;margin-bottom: 12px;font-family: &#039;Helvetica Neue&#039;, Helvetica, Arial, &#039;Nimbus Sans L&#039;, sans-serif;text-align: left\">Rus f\u00fcze ve \u0130HA\u2019lar\u0131 kullan\u0131lmadan \u00f6nce etkisiz h\u00e2le getirilebilir<\/h2>\r\n<p style=\"text-align: left\">En geli\u015fmi\u015f hava savunmas\u0131 bile ancak Rusya bir f\u00fcze veya \u0130HA\u2019y\u0131 \u00fcrettikten, kullan\u0131laca\u011f\u0131 b\u00f6lgeye sevk ettikten, haz\u0131rlad\u0131ktan ve sahaya s\u00fcrd\u00fckten sonra devreye giriyor. B\u00fcy\u00fck \u00e7apl\u0131 sald\u0131r\u0131larda savunma taraf\u0131 y\u00fczlerce, hatta binlerce yakla\u015fan hedefi tespit edip vurmak zorunda kal\u0131yor. Rusya ise ayn\u0131 anda \u00fcretimini art\u0131rabilir ve hava savunmas\u0131n\u0131 doyuma ula\u015ft\u0131rman\u0131n daha ucuz yollar\u0131n\u0131 aramaya devam edebilir.<\/p>\r\n<p style=\"text-align: left\">Bu nedenle hava sald\u0131r\u0131lar\u0131na kar\u015f\u0131 savunma yaln\u0131zca havadaki hedefleri vurmakla s\u0131n\u0131rl\u0131 kalmamal\u0131. Hassas sald\u0131r\u0131lar, Rus asker\u00ee sisteminin bu sald\u0131r\u0131lar\u0131 m\u00fcmk\u00fcn k\u0131lan unsurlar\u0131na y\u00f6neltilebilir. F\u00fcze ve \u0130HA \u00fcretim tesisleri, depolar, kalk\u0131\u015f ve f\u0131rlatma noktalar\u0131, destek altyap\u0131s\u0131, asker\u00ee lojistik, komuta merkezleri ve sald\u0131r\u0131lar\u0131 haz\u0131rlay\u0131p ger\u00e7ekle\u015ftiren birlikler bu hedefler aras\u0131nda yer al\u0131yor.<\/p>\r\n<p style=\"text-align: left\">NATO bu t\u00fcr kabiliyetleri geli\u015ftirmeye \u015fimdiden ba\u015flad\u0131. \u0130ttifak d\u00fczeyinde, uzun menzilli sald\u0131r\u0131lardan kaynaklanan b\u00fcy\u00fcyen tehdidin g\u00fc\u00e7l\u00fc bir hava ve f\u00fcze savunmas\u0131n\u0131n yan\u0131 s\u0131ra uzak mesafedeki asker\u00ee hedeflere hassas vuru\u015f yapabilme kabiliyeti de gerektirdi\u011fi kabul ediliyor. M\u00fcttefikler 2026 y\u0131l\u0131nda kara konu\u015flu uzun menzilli hassas vuru\u015f sistemleri ile uzak mesafelerde kullan\u0131labilecek sald\u0131r\u0131 \u0130HA\u2019lar\u0131n\u0131n geli\u015ftirilmesine y\u00f6nelik \u00e7ok uluslu projeler ba\u015flatt\u0131.<\/p>\r\n<p style=\"text-align: left\">Tek bir hava savunma sistemi genellikle yaln\u0131zca s\u0131n\u0131rl\u0131 say\u0131da yakla\u015fan hedefe angaje olabilir. Buna kar\u015f\u0131l\u0131k, bir sonraki sald\u0131r\u0131 haz\u0131rlanmadan \u00f6nce kritik bir asker\u00ee merkez etkisiz h\u00e2le getirilirse \u00e7ok daha fazla f\u00fcze ve \u0130HA\u2019n\u0131n hi\u00e7 kullan\u0131lmamas\u0131 sa\u011flanabilir.<\/p>\r\n<img class=\"alignnone\" style=\"display: block;max-width: 100%;height: auto;padding: 6px;margin: 18px 0;border: 1px solid #d0d0d0\" title=\"NATO uzak mesafedeki hedeflere y\u00f6nelik hassas vuru\u015f kabiliyetini geli\u015ftiriyor\" src=\"https:\/\/informnapalm.org\/ua\/wp-content\/uploads\/sites\/9\/2026\/09\/NATO.jpg\" alt=\"NATO uzak mesafedeki hedeflere y\u00f6nelik hassas vuru\u015f kabiliyetini geli\u015ftiriyor\" width=\"684\" height=\"416\" \/>\r\n<p style=\"text-align: left\">NATO, hava ve f\u00fcze savunmas\u0131n\u0131 tamamlamak \u00fczere uzak mesafedeki hedeflere y\u00f6nelik hassas vuru\u015f kabiliyetini geli\u015ftiriyor. Kaynak: <a href=\"https:\/\/www.nato.int\/en\/what-we-do\/deterrence-and-defence\/multinational-capability-cooperation\" target=\"_blank\" rel=\"noopener\">Nato Multinational Capability Cooperation<\/a>.<\/p>\r\n\r\n<h2 style=\"color: #000000;font-size: 1.3rem;font-weight: bold;margin-top: 24px;margin-bottom: 12px;font-family: &#039;Helvetica Neue&#039;, Helvetica, Arial, &#039;Nimbus Sans L&#039;, sans-serif;text-align: left\">Rusya a\u00e7\u0131k bir \u00e7at\u0131\u015fma ba\u015flamadan \u00f6nce Avrupa\u2019n\u0131n savunmas\u0131n\u0131 zay\u0131flatmaya \u00e7al\u0131\u015f\u0131yor<\/h2>\r\n<p style=\"text-align: left\">Rusya uzun s\u00fcredir asker\u00ee kapasiteyi kullan\u0131lmadan \u00f6nce vurma yakla\u015f\u0131m\u0131n\u0131 benimsiyor. F\u00fczeler, \u0130HA\u2019lar ve bunlar\u0131n kullan\u0131labilmesi i\u00e7in gereken altyap\u0131, fiil\u00ee sald\u0131r\u0131 ba\u015flamadan \u00f6nce hedef al\u0131nabilir. Rusya ayn\u0131 yakla\u015f\u0131m\u0131 Avrupa\u2019n\u0131n savunma kapasitesine kar\u015f\u0131 da \u00fcretim, lojistik ve altyap\u0131y\u0131 hedef alarak ya da ba\u015fka y\u00f6ntemlerle aksatarak uyguluyor.<\/p>\r\n<p style=\"text-align: left\">31 A\u011fustos 2026 gecesi Polonya\u2019n\u0131n \u015awi\u0119tokrzyskie b\u00f6lgesindeki Skar\u017cysko-Kamienna kentinde bulunan WB Electronics tesisinde yang\u0131n \u00e7\u0131kt\u0131. \u015eirket, Polonya\u2019n\u0131n \u00f6nde gelen savunma ve \u0130HA sistemi \u00fcreticilerinden biri ve FlyEye ile Warmate sistemleri i\u00e7in \u00e7e\u015fitli bile\u015fenler \u00fcretiyor.<\/p>\r\n\r\n<div style=\"padding: 10px;margin: 18px 0;border: 1px solid #d0d0d0\">\r\n<blockquote class=\"twitter-tweet\">\r\n<p dir=\"ltr\" lang=\"en\" style=\"text-align: left\"><a href=\"https:\/\/x.com\/hashtag\/Russia?src=hash&amp;ref_src=twsrc%5Etfw\">#Russia<\/a> has long been waging <a href=\"https:\/\/x.com\/hashtag\/war?src=hash&amp;ref_src=twsrc%5Etfw\">#war<\/a> against <a href=\"https:\/\/x.com\/hashtag\/Europe?src=hash&amp;ref_src=twsrc%5Etfw\">#Europe<\/a>. And it is operating according to the logic of Left of Launch \u2014 seeking to strike defense production before the weapons can even be deployed. <a href=\"https:\/\/t.co\/FhrkLh4Sy8\">https:\/\/t.co\/FhrkLh4Sy8<\/a><\/p>\r\n\u2014 InformNapalm (@InformNapalm) <a href=\"https:\/\/x.com\/InformNapalm\/status\/2094675295559159968?ref_src=twsrc%5Etfw\">September 1, 2026<\/a><\/blockquote>\r\n<\/div>\r\n<script src=\"https:\/\/platform.x.com\/widgets.js\"><\/script>\r\n<p style=\"text-align: left\">Polonya savc\u0131l\u0131\u011f\u0131, yang\u0131n\u0131n yan\u0131c\u0131 madde i\u00e7eren bir d\u00fczenek kullan\u0131larak kas\u0131tl\u0131 bi\u00e7imde \u00e7\u0131kar\u0131ld\u0131\u011f\u0131n\u0131 belirledi. Soru\u015fturma, yabanc\u0131 bir istihbarat servisi ad\u0131na faaliyet y\u00fcr\u00fct\u00fcld\u00fc\u011f\u00fc ve ter\u00f6r ba\u011flant\u0131l\u0131 su\u00e7lar i\u015flendi\u011fi \u015f\u00fcphesiyle s\u00fcrd\u00fcr\u00fcl\u00fcyor. Yay\u0131n tarihi itibar\u0131yla Rusya\u2019n\u0131n bu somut olaya kar\u0131\u015ft\u0131\u011f\u0131 resm\u00ee olarak do\u011frulanm\u0131\u015f de\u011fildi.<\/p>\r\n<p style=\"text-align: left\">Di\u011fer vakalarda ise \u015f\u00fcpheli Rus sabotaj faaliyetlerine ili\u015fkin daha g\u00fc\u00e7l\u00fc bulgular bulunuyor. Eurojust mart ay\u0131nda, Litvanya ve Polonya\u2019da 22 ki\u015finin Rus asker\u00ee istihbarat\u0131 ad\u0131na \u00e7al\u0131\u015ft\u0131klar\u0131 \u015f\u00fcphesiyle soru\u015fturuldu\u011funu a\u00e7\u0131klad\u0131. Soru\u015fturma, Almanya, Polonya ve Birle\u015fik Krall\u0131k\u2019taki lojistik merkezlerinde yang\u0131nlara yol a\u00e7an, kendili\u011finden tutu\u015fan paketlerle ilgili.<\/p>\r\n<p style=\"text-align: left\">Rus faaliyetleri NATO \u00fclkelerinin silahl\u0131 kuvvetlerine silah ve asker\u00ee malzeme ula\u015ft\u0131r\u0131lmas\u0131n\u0131 sa\u011flayan fabrikalar\u0131, ula\u015f\u0131m hatlar\u0131n\u0131 ve di\u011fer altyap\u0131y\u0131 da hedef al\u0131yor. Bu t\u00fcr yap\u0131lara y\u00f6nelik sald\u0131r\u0131lar, Rusya ile NATO aras\u0131nda a\u00e7\u0131k bir asker\u00ee \u00e7at\u0131\u015fma ba\u015flamadan \u00e7ok \u00f6nce Avrupa\u2019n\u0131n savunma kapasitesini zay\u0131flatabilir.<\/p>\r\n\r\n<h2 style=\"color: #000000;font-size: 1.3rem;font-weight: bold;margin-top: 24px;margin-bottom: 12px;font-family: &#039;Helvetica Neue&#039;, Helvetica, Arial, &#039;Nimbus Sans L&#039;, sans-serif;text-align: left\">Ukrayna bug\u00fcn zaten Avrupa\u2019n\u0131n savunmas\u0131na katk\u0131 sa\u011fl\u0131yor<\/h2>\r\n<p style=\"text-align: left\">NATO\u2019nun Rus asker\u00ee altyap\u0131s\u0131n\u0131n \u00f6nemini de\u011ferlendirmek i\u00e7in Balt\u0131k \u00fclkelerine, Polonya\u2019ya veya ba\u015fka bir \u00fcye devlete y\u00f6nelik do\u011frudan bir Rus sald\u0131r\u0131s\u0131n\u0131 beklemesi gerekmiyor. Rus f\u00fcze ve \u0130HA\u2019lar\u0131 NATO \u00fclkelerindeki \u015fehirlere yo\u011fun bi\u00e7imde kullan\u0131lmaya ba\u015flan\u0131rsa, Avrupa h\u00fck\u00fcmetleri Rus asker\u00ee hedeflerine y\u00f6nelik sald\u0131r\u0131lar konusunda \u00e7ok farkl\u0131 siyasi ve asker\u00ee ko\u015fullar alt\u0131nda karar vermek zorunda kalacak.<\/p>\r\n<p style=\"text-align: left\">Bunun bir k\u0131sm\u0131 daha bug\u00fcnden yap\u0131labilir. Ukrayna\u2019n\u0131n Rusya\u2019daki asker\u00ee hedefleri uzak mesafelerden vurma kabiliyeti g\u00fc\u00e7lendirilebilir. Ukrayna bug\u00fcn, gelecekte NATO\u2019ya kar\u015f\u0131 kullan\u0131lacak f\u00fczeleri, sald\u0131r\u0131 \u0130HA\u2019lar\u0131n\u0131 ve di\u011fer silahlar\u0131 \u00fcretebilecek ayn\u0131 Rus savunma sanayisiyle sava\u015f\u0131yor. Ukrayna\u2019n\u0131n bu hedefleri hassas bi\u00e7imde vurabilme kabiliyetine verilen destek, ayn\u0131 zamanda Avrupa\u2019n\u0131n savunmas\u0131na da katk\u0131 sa\u011fl\u0131yor.<\/p>\r\n<p style=\"text-align: left\">Bir asker\u00ee depoda imha edilen Rus f\u00fczesi veya \u0130HA\u2019s\u0131n\u0131n daha sonra Kyiv ya da Ukrayna veya Avrupa Birli\u011fi\u2019ndeki ba\u015fka bir \u015fehir \u00fczerinde vurulmas\u0131 gerekmez. Ayn\u0131 silah gelecekteki bir sava\u015f i\u00e7in de depolanamaz. Asker\u00ee \u00fcretim kapasitesi imha edildi\u011finde Rusya, stoklar\u0131n\u0131 b\u00fcy\u00fctmek yerine zaman\u0131n\u0131 ve kaynaklar\u0131n\u0131 bu kapasiteyi yeniden kurmaya harcamak zorunda kal\u0131r.<\/p>\r\n<p style=\"text-align: left\">B\u00fcy\u00fck \u00e7apl\u0131 bir sald\u0131r\u0131n\u0131n haz\u0131rl\u0131klar\u0131 aksat\u0131l\u0131r veya durdurulursa onlarca, hatta y\u00fczlerce f\u00fcze ve \u0130HA hi\u00e7 kullan\u0131lamayabilir. Bu nedenle giderek daha pahal\u0131 h\u00e2le gelen hava savunmas\u0131 tek ba\u015f\u0131na Rus tehdidini kar\u015f\u0131lamaya yetmez. Rusya\u2019n\u0131n f\u00fcze ve \u0130HA \u00fcretme, depolama, kullanma ve y\u00f6nlendirme kabiliyeti de s\u0131n\u0131rland\u0131r\u0131lmal\u0131d\u0131r.<\/p>\r\n<p style=\"text-align: left\">Rusya bu yakla\u015f\u0131m\u0131 Avrupa\u2019n\u0131n savunma kapasitesini a\u00e7\u0131k bir \u00e7at\u0131\u015fma ba\u015flamadan \u00f6nce zay\u0131flatmak i\u00e7in \u015fimdiden kullan\u0131yor. Avrupa\u2019n\u0131n savunma planlamas\u0131nda bu nedenle kendi savunma sanayisinin ve lojistik altyap\u0131s\u0131n\u0131n korunmas\u0131, hava savunmas\u0131 ve Ukrayna\u2019ya verilen destekle birlikte ele al\u0131nmal\u0131.<\/p>\r\n\r\n<h2 style=\"color: #000000;font-size: 1.3rem;font-weight: bold;margin-top: 24px;margin-bottom: 12px;font-family: &#039;Helvetica Neue&#039;, Helvetica, Arial, &#039;Nimbus Sans L&#039;, sans-serif;text-align: left\">Avrupa Ukrayna\u2019n\u0131n deneyimlerinden ders \u00e7\u0131karmal\u0131<\/h2>\r\n<p style=\"text-align: left\">Ukrayna bu sava\u015fta edindi\u011fi deneyimler i\u00e7in a\u011f\u0131r bir bedel \u00f6d\u00fcyor ve savunmas\u0131n\u0131 yeni tehditlere s\u00fcrekli uyarl\u0131yor. NATO a\u00e7\u0131s\u0131ndan temel soru, bu deneyimlerin planlama, tedarik ve teknolojik geli\u015ftirme s\u00fcre\u00e7lerine ne kadar h\u0131zl\u0131 aktar\u0131labilece\u011fi. \u0130HA teknolojisi bir\u00e7ok geleneksel asker\u00ee tedarik s\u00fcrecinden daha h\u0131zl\u0131 geli\u015fiyor.<\/p>\r\n<p style=\"text-align: left\">Rusya\u2019n\u0131n Avrupa\u2019daki faaliyetleri de Ukrayna\u2019ya kar\u015f\u0131 y\u00fcr\u00fctt\u00fc\u011f\u00fc sava\u015fla birlikte de\u011ferlendirilmelidir. Silahlar sava\u015f alan\u0131na ula\u015fmadan \u00f6nce \u00fcretim, lojistik ve altyap\u0131n\u0131n hedef al\u0131nmas\u0131, f\u00fcze, \u0130HA ve di\u011fer asker\u00ee unsurlar\u0131n kullan\u0131lmadan \u00f6nce vurulmas\u0131yla ayn\u0131 asker\u00ee mant\u0131\u011fa dayan\u0131yor. Ukrayna\u2019n\u0131n Starlink\u2019i Rusya topraklar\u0131 \u00fczerindeki \u0130HA operasyonlar\u0131nda kullanabilmesi, daha uzun menzilli silahlar edinmesi ve Rus asker\u00ee altyap\u0131s\u0131na y\u00f6nelik sald\u0131r\u0131larda daha az siyasi k\u0131s\u0131tlamaya tabi olmas\u0131, Rusya\u2019daki asker\u00ee hedefleri daha uzak mesafelerden vurma imk\u00e2n\u0131n\u0131 art\u0131racakt\u0131r.<\/p>\r\n<p style=\"text-align: left\">F\u00fcze ve \u0130HA f\u0131rlatma sistemlerini, depolar\u0131, komuta merkezlerini ve \u00fcretim tesislerini, bunlar aras\u0131nda Rusya Federasyonu\u2019na ba\u011fl\u0131 Tataristan Cumhuriyeti\u2019ndeki Alabuga\u2019y\u0131, y\u00fczlerce veya binlerce silah kullan\u0131lmadan \u00f6nce etkisiz h\u00e2le getirmek \u00e7ok daha ucuz ve g\u00fcvenlidir. Bu t\u00fcr \u00f6nlemler, Balt\u0131k \u00fclkeleri, Polonya ve NATO\u2019nun do\u011fu kanad\u0131ndaki di\u011fer devletlerin gelecekte Ukrayna\u2019n\u0131n bug\u00fcn kar\u015f\u0131 kar\u015f\u0131ya kald\u0131\u011f\u0131 sorunlarla y\u00fczle\u015fme riskini azaltabilir.<\/p>\r\n<p style=\"text-align: left\">Andriy Lisitsyn, \u0130nformNapalm i\u00e7in.<\/p>\r\n\r\n\r\n<hr style=\"border: none;border-top: 1px solid #cfcfcf;margin: 24px 0;width: 75%;text-align: left\" \/>\r\n\r\n<h2 style=\"text-align: left\"><span style=\"font-weight: bold\"><span style=\"color: #000000\">Ayr\u0131ca okuyunuz<\/span><\/span><\/h2>\r\n<ul>\r\n \t<li style=\"text-align: left\"><a href=\"https:\/\/informnapalm.org\/tr\/gonets\/\"><span style=\"color: #333333\">Rusya\u2019n\u0131n Starlink muadili Gonets\u2019e CYBINT operasyonu<\/span><\/a><\/li>\r\n \t<li style=\"text-align: left\"><a href=\"https:\/\/informnapalm.org\/tr\/rusyanin-emperyalist-paradigmasi\/\"><span style=\"color: #333333\">Ukrayna, Rusya\u2019n\u0131n emperyalist paradigmas\u0131n\u0131 i\u00e7eriden nas\u0131l zay\u0131flatabilir<\/span><\/a><\/li>\r\n \t<li style=\"text-align: left\"><a href=\"https:\/\/informnapalm.org\/tr\/informnapalm-kremline-karsi-12-yil\/\"><span style=\"color: #333333\">\u0130nformNapalm, Rusya\u2019ya kar\u015f\u0131 y\u00fcr\u00fctt\u00fc\u011f\u00fc istihbarat faaliyetlerinde on ikinci y\u0131l\u0131n\u0131 tamaml\u0131yor<\/span><\/a><\/li>\r\n<\/ul>\r\n\r\n<hr style=\"width: 100%;margin-left: 0\" \/>\r\n<p style=\"text-align: left\"><span style=\"color: #000000\"><img class=\"alignleft\" title=\"\u0130nformNapalm&apos;\u0131n T\u00fcrk\u00e7e versiyonu\" src=\"https:\/\/informnapalm.org\/fr\/wp-content\/uploads\/sites\/2\/2015\/12\/InformNapalm_logo_05.png\" alt=\"\u0130nformNapalm&apos;\u0131n T\u00fcrk\u00e7e versiyonu\" width=\"120\" height=\"55\" \/> <span style=\"color: #333333\">Kayna\u011fa link atarak payla\u015f\u0131rsan\u0131z seviniriz! Creative Commons \u2013 Attribution 4.0 International \u2013 CC BY 4.0.<\/span> <span style=\"font-weight: bold\"><a href=\"https:\/\/www.facebook.com\/informnapalm24\/\">Facebook<\/a><\/span>, <span style=\"font-weight: bold\"><a href=\"https:\/\/twitter.com\/InformNapalm\">Twitter<\/a><\/span> <span style=\"color: #333333\">ve<\/span> <span style=\"font-weight: bold\"><a href=\"https:\/\/t.me\/informnapalm\">Telegram'da<\/a><\/span> <span style=\"color: #333333\">\u0130nformNapalm'\u0131n sayfalar\u0131n\u0131 takip edin.<\/span><\/span><\/p>\r\n<p style=\"text-align: left\">\u0130nformNapalm'\u0131n herhangi bir h\u00fck\u00fcmetten veya sponsordan mali deste\u011fi yoktur. Tek sponsorumuz bireysel g\u00f6n\u00fcll\u00fcler ve okuyuculard\u0131r. Ayr\u0131ca <span style=\"color: #333333\">BuyMeACoffee<\/span> arac\u0131l\u0131\u011f\u0131yla ayl\u0131k <span style=\"font-weight: bold\"><a href=\"https:\/\/www.buymeacoffee.com\/informnapalm\" target=\"_blank\" rel=\"noopener\">mini ba\u011f\u0131\u015flar<\/a> <\/span> yaparak \u0130nformNapalm'\u0131 destekleyebilirsiniz.<\/p>\r\n\r\n<\/div>\r\n<\/div>","amp_enabled":false,"_links":{"self":[{"href":"https:\/\/informnapalm.org\/tr\/wp-json\/wp\/v2\/posts\/4650","targetHints":{"allow":["GET"]}}],"collection":[{"href":"https:\/\/informnapalm.org\/tr\/wp-json\/wp\/v2\/posts"}],"about":[{"href":"https:\/\/informnapalm.org\/tr\/wp-json\/wp\/v2\/types\/post"}],"author":[{"embeddable":true,"href":"https:\/\/informnapalm.org\/tr\/wp-json\/wp\/v2\/users\/72"}],"replies":[{"embeddable":true,"href":"https:\/\/informnapalm.org\/tr\/wp-json\/wp\/v2\/comments?post=4650"}],"version-history":[{"count":15,"href":"https:\/\/informnapalm.org\/tr\/wp-json\/wp\/v2\/posts\/4650\/revisions"}],"predecessor-version":[{"id":4666,"href":"https:\/\/informnapalm.org\/tr\/wp-json\/wp\/v2\/posts\/4650\/revisions\/4666"}],"wp:featuredmedia":[{"embeddable":true,"href":"https:\/\/informnapalm.org\/tr\/wp-json\/wp\/v2\/media\/4656"}],"wp:attachment":[{"href":"https:\/\/informnapalm.org\/tr\/wp-json\/wp\/v2\/media?parent=4650"}],"wp:term":[{"taxonomy":"category","embeddable":true,"href":"https:\/\/informnapalm.org\/tr\/wp-json\/wp\/v2\/categories?post=4650"},{"taxonomy":"post_tag","embeddable":true,"href":"https:\/\/informnapalm.org\/tr\/wp-json\/wp\/v2\/tags?post=4650"}],"curies":[{"name":"wp","href":"https:\/\/api.w.org\/{rel}","templated":true}]}}