{"id":4667,"date":"2026-09-02T12:00:24","date_gmt":"2026-09-02T12:00:24","guid":{"rendered":"https:\/\/informnapalm.org\/tr\/?p=4667"},"modified":"2026-09-02T13:04:44","modified_gmt":"2026-09-02T13:04:44","slug":"zarnitsa-2-0-rusyanin-putinjugendi","status":"publish","type":"post","link":"https:\/\/informnapalm.org\/tr\/zarnitsa-2-0-rusyanin-putinjugendi\/","title":{"rendered":"Zarnitsa 2.0 ve Rusya\u2019n\u0131n gelecekteki sava\u015flar i\u00e7in yeti\u015ftirdi\u011fi \u201cPutinjugend\u201d"},"content":{"rendered":"<div style=\"color: #000000;text-align: left\">\n<p lang=\"tr\" style=\"text-align: left\"><span style=\"font-weight: bold;font-family: Helvetica Neue,Helvetica,Arial,Nimbus Sans L,sans-serif\">Avrupa \u00fclkeleri gelecekteki sava\u015flara ne \u00f6l\u00e7\u00fcde haz\u0131r olduklar\u0131n\u0131 tart\u0131\u015f\u0131rken, Rusya uzun s\u00fcredir \u00e7ocuklar\u0131 ve gen\u00e7leri asker\u00eele\u015ftiriyor. Bu sistem, i\u015fgal alt\u0131ndaki b\u00f6lgelerde ya\u015fayan Ukraynal\u0131 \u00e7ocuklar\u0131 da kaps\u0131yor. \u00c7ocuklar Rusya\u2019n\u0131n asker\u00ee, e\u011fitim ve ideoloji alan\u0131ndaki yap\u0131lar\u0131na d\u00e2hil ediliyor.<br \/>\n<\/span><\/p>\n<div style=\"color: #333333;text-align: left\">\n<p style=\"text-align: left\">2019 y\u0131l\u0131nda Andriy Lu\u00e7kov ile Polonyal\u0131 ara\u015ft\u0131rmac\u0131 Andrzej Leszkiewicz, a\u00e7\u0131k kaynaklara dayanan kapsaml\u0131 bir ara\u015ft\u0131rma yay\u0131mlad\u0131. A\u00e7\u0131k kaynak ara\u015ft\u0131rmalar\u0131 konusunda uzman olan Lu\u00e7kov, ayn\u0131 zamanda \u0130nformNapalm g\u00f6n\u00fcll\u00fcs\u00fcd\u00fcr. Ara\u015ft\u0131rma, Rusya\u2019n\u0131n yan\u0131 s\u0131ra i\u015fgal alt\u0131ndaki K\u0131r\u0131m ve Donbas\u2019ta \u00e7ocuklar\u0131n asker\u00eele\u015ftirilmesini ele al\u0131yordu. \u00c7al\u0131\u015fma <a href=\"https:\/\/informnapalm.org\/en\/putinjugend-children-for-russian-war\/\" target=\"_blank\" rel=\"noopener\">Putinjugend Children for Russian War<\/a> ad\u0131yla yay\u0131mland\u0131 ve <a href=\"https:\/\/informnapalm.org\/ua\/yunarmiia-putinjugend\/\" target=\"_blank\" rel=\"noopener\">Ukraynaca bir s\u00fcr\u00fcm\u00fc<\/a> de haz\u0131rland\u0131.<\/p>\n<h2 style=\"color: #000000;font-size: 1.3rem;font-weight: bold;margin-top: 24px;margin-bottom: 12px;font-family: &#039;Helvetica Neue&#039;, Helvetica, Arial, &#039;Nimbus Sans L&#039;, sans-serif;text-align: left\">Asker\u00ee e\u011fitimden devlet eliyle \u00f6rg\u00fctlenen sava\u015f haz\u0131rl\u0131\u011f\u0131na<\/h2>\n<p style=\"text-align: left\">Ara\u015ft\u0131rma, Kremlin\u2019in devlet kurumlar\u0131, e\u011fitim sistemi ve asker\u00ee-vatansever kurulu\u015flar arac\u0131l\u0131\u011f\u0131yla \u00e7ocuklar\u0131n d\u00fcnya g\u00f6r\u00fc\u015f\u00fcn\u00fc nas\u0131l \u015fekillendirdi\u011fini ortaya koyuyordu. Yazarlar ayr\u0131ca asker\u00ee k\u00fclt\u00fcr\u00fcn nas\u0131l normalle\u015ftirildi\u011fini ve gen\u00e7lerin Rusya\u2019n\u0131n gelecekteki sava\u015flar\u0131na nas\u0131l haz\u0131rland\u0131\u011f\u0131n\u0131 inceledi. Asker\u00eele\u015ftirme, Rus devletinin gelecekteki asker\u00ee sald\u0131rganl\u0131\u011f\u0131na y\u00f6nelik politikas\u0131n\u0131n bir par\u00e7as\u0131 olarak de\u011ferlendirildi.<\/p>\n<p style=\"text-align: left\">Ara\u015ft\u0131rma hem Ukrayna\u2019da hem de uluslararas\u0131 alanda geni\u015f yank\u0131 uyand\u0131rd\u0131. Aradan yedi y\u0131ldan fazla zaman ge\u00e7mesine ra\u011fmen s\u00f6z konusu yap\u0131lar ortadan kald\u0131r\u0131lmad\u0131. Aksine geni\u015fletildi ve Ukrayna\u2019ya kar\u015f\u0131 y\u00fcr\u00fct\u00fclen geni\u015f \u00e7apl\u0131 sava\u015f\u0131n deneyimlerine g\u00f6re uyarland\u0131. \u0130nformNapalm 2019 y\u0131l\u0131nda Yunarmiya\u2019y\u0131, kadet s\u0131n\u0131flar\u0131n\u0131, asker\u00ee kamplar\u0131, at\u0131\u015f e\u011fitimini ve di\u011fer asker\u00ee e\u011fitim bi\u00e7imlerini incelemi\u015fti. 2026 y\u0131l\u0131na gelindi\u011finde sistem art\u0131k \u0130HA e\u011fitimi, may\u0131n ve istihk\u00e2m g\u00f6revleri, taarruz e\u011fitimi, muhabere ve enformasyon faaliyetlerini de kaps\u0131yor.<\/p>\n<p style=\"text-align: left\">Bunun en belirgin \u00f6rneklerinden biri, Rusya genelinde y\u00fcr\u00fct\u00fclen asker\u00ee-vatansever Zarnitsa 2.0 program\u0131d\u0131r. Program\u0131n \u00fc\u00e7\u00fcnc\u00fc sezonunun federal finali A\u011fustos ve Eyl\u00fcl 2026\u2019da Volgograd b\u00f6lgesinde ger\u00e7ekle\u015ftiriliyor. Ancak etkinli\u011fin \u201coyun\u201d olarak tan\u0131mlanmas\u0131 ger\u00e7ekte ne oldu\u011funu tam olarak yans\u0131tm\u0131yor. Program\u0131n \u00f6l\u00e7e\u011fi, \u00f6rg\u00fctlenme bi\u00e7imi ve e\u011fitmenlerin ge\u00e7mi\u015fi, s\u0131radan bir gen\u00e7lik yar\u0131\u015fmas\u0131n\u0131n \u00e7ok \u00f6tesine ge\u00e7iyor. Ayn\u0131 durum e\u011fitimin i\u00e7eri\u011fi i\u00e7in de ge\u00e7erli.<\/p>\n<p style=\"text-align: left\">Organizat\u00f6rlere g\u00f6re 2026 y\u0131l\u0131nda programa kat\u0131lmak i\u00e7in 3,2 milyondan fazla okul ve \u00fcniversite \u00f6\u011frencisi ba\u015fvurdu. Finalin ilk a\u015famas\u0131na \u00fcst ya\u015f grubundan 960 ki\u015fi kat\u0131ld\u0131. Kat\u0131l\u0131mc\u0131lar, onar ki\u015filik 96 gruba ayr\u0131ld\u0131. Organizat\u00f6rler ayr\u0131ca gen\u00e7lerden d\u00fczenli olarak \u201caskerler\u201d diye s\u00f6z ediyor.<\/p>\n<p><img loading=\"lazy\" decoding=\"async\" class=\"alignnone\" style=\"width: 642pt;height: auto;border: 2pt solid #000\" title=\"Zarnitsa 2.0\" src=\"https:\/\/informnapalm.org\/ua\/wp-content\/uploads\/sites\/9\/2026\/09\/photo_2026-08-22_13-03-07-2.jpg\" alt=\"Zarnitsa 2.0\" width=\"1280\" height=\"853\" \/><\/p>\n<p style=\"text-align: left\">Zarnitsa 2.0, Dvijeniye Perv\u0131h, Yunarmiya ve VOIN merkezi taraf\u0131ndan y\u00fcr\u00fct\u00fcl\u00fcyor. Program, Rosmolodyoj ile Rusya E\u011fitim Bakanl\u0131\u011f\u0131 ve Savunma Bakanl\u0131\u011f\u0131 taraf\u0131ndan destekleniyor. Ayn\u0131 zamanda \u201cGen\u00e7lik ve \u00c7ocuklar\u201d adl\u0131 federal ulusal projenin bir par\u00e7as\u0131. Dolay\u0131s\u0131yla bu faaliyet, devletin \u00f6rg\u00fctl\u00fc gen\u00e7lik politikas\u0131n\u0131n bir unsurudur. Yerel veya ba\u011f\u0131ms\u0131z bir giri\u015fim de\u011fildir.<\/p>\n<h2 style=\"color: #000000;font-size: 1.3rem;font-weight: bold;margin-top: 24px;margin-bottom: 12px;font-family: &#039;Helvetica Neue&#039;, Helvetica, Arial, &#039;Nimbus Sans L&#039;, sans-serif;text-align: left\">Yedi ya\u015f\u0131ndan asker\u00ee hizmete al\u0131nabilecek ya\u015fa kadar<\/h2>\n<p style=\"text-align: left\">Rusya, 2026 y\u0131l\u0131nda Zarnitsa 2.0\u2019\u0131n ya\u015f s\u0131n\u0131rlar\u0131n\u0131 geni\u015fletti. Program art\u0131k d\u00f6rt ya\u015f grubunu kaps\u0131yor. En k\u00fc\u00e7\u00fck grup 7\u201310 ya\u015f aras\u0131ndaki \u00e7ocuklardan olu\u015fuyor. Orta grup 11\u201313 ya\u015f aras\u0131ndaki \u00e7ocuklar\u0131, \u00fcst grup ise 14\u201317 ya\u015f aras\u0131ndaki gen\u00e7leri kaps\u0131yor. Ayr\u0131ca 18\u201323 ya\u015f aras\u0131ndaki ki\u015filer i\u00e7in \u00f6zel bir kategori bulunuyor.<\/p>\n<p style=\"text-align: left\">Bu \u00f6zel kategori \u00f6nemli bir de\u011fi\u015fiklik anlam\u0131na geliyor. \u00dcst ya\u015f s\u0131n\u0131r\u0131 ilk kez 23\u2019e \u00e7\u0131kar\u0131ld\u0131. Programa pedagojik y\u00fcksek\u00f6\u011fretim kurumlar\u0131nda okuyan \u00f6\u011frenciler de d\u00e2hil edilebiliyor. Bunlar\u0131n bir b\u00f6l\u00fcm\u00fcn\u00fcn daha sonra k\u00fc\u00e7\u00fck ya\u015ftaki kat\u0131l\u0131mc\u0131lara rehberlik etmesi planlan\u0131yor.<\/p>\n<p><img loading=\"lazy\" decoding=\"async\" class=\"alignnone\" style=\"width: 642pt;height: auto;border: 2pt solid #000\" title=\"Zarnitsa 2.0\" src=\"https:\/\/informnapalm.org\/ua\/wp-content\/uploads\/sites\/9\/2026\/09\/photo_2026-08-29_18-01-48.jpg\" alt=\"Zarnitsa 2.0\" width=\"1280\" height=\"853\" \/><\/p>\n<p><img loading=\"lazy\" decoding=\"async\" class=\"alignnone\" style=\"width: 642pt;height: auto;border: 2pt solid #000\" title=\"Zarnitsa 2.0\" src=\"https:\/\/informnapalm.org\/ua\/wp-content\/uploads\/sites\/9\/2026\/09\/photo_2026-08-29_18-01-49.jpg\" alt=\"Zarnitsa 2.0\" width=\"1280\" height=\"853\" \/><\/p>\n<p style=\"text-align: left\">Rusya E\u011fitim Bakanl\u0131\u011f\u0131, Zarnitsa 2.0\u2019\u0131 temel asker\u00ee e\u011fitim bilgilerinin uygulamada peki\u015ftirilmesini sa\u011flayan bir ara\u00e7 olarak tan\u0131ml\u0131yor. Program ayn\u0131 zamanda asker\u00ee okullara ve y\u00fcksek\u00f6\u011fretim kurumlar\u0131na y\u00f6nelmek isteyen gen\u00e7ler i\u00e7in mesleki y\u00f6nlendirme platformu olarak sunuluyor. Organizat\u00f6rler bu gen\u00e7leri, \u201cgeleceklerini vatana hizmete ba\u011flamaya\u201d haz\u0131r ki\u015filer olarak tan\u0131ml\u0131yor.<\/p>\n<p style=\"text-align: left\">B\u00f6ylece erken ya\u015fta asker\u00ee faaliyetlerle tan\u0131\u015fmaktan fiil\u00ee askerlik hizmetine kadar uzanabilecek kesintisiz bir yol olu\u015fturuluyor. \u0130lk temas yedi ya\u015f\u0131nda ba\u015flayabiliyor. On bir ya\u015f\u0131ndan itibaren belirli asker\u00ee g\u00f6revler ve i\u015flevler devreye giriyor. 14\u201317 ya\u015f aras\u0131nda daha karma\u015f\u0131k taktik e\u011fitimler uygulan\u0131yor. En \u00fcst ya\u015f grubu ise asker\u00ee e\u011fitim ve olas\u0131 askere al\u0131m a\u00e7\u0131s\u0131ndan uygun ya\u015ftaki ki\u015fileri kaps\u0131yor.<\/p>\n<p><img loading=\"lazy\" decoding=\"async\" class=\"alignnone\" style=\"width: 642pt;height: auto;border: 2pt solid #000\" title=\"Bili\u015fsel harp\" src=\"https:\/\/informnapalm.org\/ua\/wp-content\/uploads\/sites\/9\/2026\/09\/photo_2026-08-13_21-35-45.jpg\" alt=\"Bili\u015fsel harp\" width=\"1280\" height=\"853\" \/><\/p>\n<p><img loading=\"lazy\" decoding=\"async\" class=\"alignnone\" style=\"width: 642pt;height: auto;border: 2pt solid #000\" title=\"Bili\u015fsel harp\" src=\"https:\/\/informnapalm.org\/ua\/wp-content\/uploads\/sites\/9\/2026\/09\/photo_2026-07-06_03-00-43.jpg\" alt=\"Bili\u015fsel harp\" width=\"1280\" height=\"853\" \/><\/p>\n<p style=\"text-align: left\">Zarnitsa resm\u00ee olarak bir seferberlik rezervi haz\u0131rlama program\u0131 olarak tan\u0131mlanm\u0131yor. Ancak en \u00fcst ya\u015f kategorisindeki ki\u015filer re\u015fit ve asker\u00ee e\u011fitim kurumlar\u0131na ba\u015fvurabilecek ya\u015ftalar. Ayr\u0131ca Rusya Savunma Bakanl\u0131\u011f\u0131yla s\u00f6zle\u015fme imzalayarak askerlik hizmetine girebiliyorlar. Bu nedenle program, gen\u00e7lik faaliyetlerinden asker\u00ee hizmete uzanan bir ge\u00e7i\u015f yolu olu\u015fturabilir. Sisteme y\u0131llarca kat\u0131lan biri a\u00e7\u0131s\u0131ndan ger\u00e7ek askerlik hizmetine ge\u00e7i\u015fin psikolojik e\u015fi\u011fi de giderek d\u00fc\u015f\u00fcyor.<\/p>\n<h2 style=\"color: #000000;font-size: 1.3rem;font-weight: bold;margin-top: 24px;margin-bottom: 12px;font-family: &#039;Helvetica Neue&#039;, Helvetica, Arial, &#039;Nimbus Sans L&#039;, sans-serif;text-align: left\">On bir ya\u015f\u0131ndan itibaren asker\u00ee e\u011fitim<\/h2>\n<p style=\"text-align: left\">Zarnitsa, en k\u00fc\u00e7\u00fck ya\u015ftaki \u00e7ocuklar i\u00e7in h\u00e2l\u00e2 geleneksel asker\u00ee-sportif gen\u00e7lik faaliyetlerinin baz\u0131 unsurlar\u0131n\u0131 ta\u015f\u0131yor. Daha b\u00fcy\u00fck ya\u015f gruplar\u0131nda ise \u00f6rg\u00fctlenme bi\u00e7imi ve \u00e7al\u0131\u015fma d\u00fczeni giderek asker\u00ee birli\u011fin yap\u0131s\u0131na benziyor.<\/p>\n<p><img loading=\"lazy\" decoding=\"async\" class=\"alignnone\" style=\"width: 642pt;height: auto;border: 2pt solid #000\" title=\"Zarnitsa 2.0 - Putinjugend\" src=\"https:\/\/informnapalm.org\/ua\/wp-content\/uploads\/sites\/9\/2026\/09\/photo_2026-07-05_14-08-51.jpg\" alt=\"Zarnitsa 2.0 - Putinjugend\" width=\"1280\" height=\"853\" \/><\/p>\n<p><img loading=\"lazy\" decoding=\"async\" class=\"alignnone\" style=\"width: 642pt;height: auto;border: 2pt solid #000\" title=\"Zarnitsa 2.0 - Putinjugend\" src=\"https:\/\/informnapalm.org\/ua\/wp-content\/uploads\/sites\/9\/2026\/09\/photo_2026-08-29_18-01-51.jpg\" alt=\"Zarnitsa 2.0 - Putinjugend\" width=\"1280\" height=\"853\" \/><\/p>\n<p style=\"text-align: left\">2026 y\u0131l\u0131nda yedi farkl\u0131 s\u00f6zde asker\u00ee uzmanl\u0131k alan\u0131 bulunuyor. Bunlar komutan, taarruz askeri, may\u0131n temizleme g\u00f6revleri y\u00fcr\u00fcten istihk\u00e2m eri, sa\u011fl\u0131k g\u00f6revlisi, muhabereci, \u0130HA operat\u00f6r\u00fc ve sava\u015f muhabiridir.<\/p>\n<p style=\"text-align: left\">Kat\u0131l\u0131mc\u0131lar ayr\u0131ca at\u0131\u015f, taktik, taktik t\u0131p ve KBRN korunmas\u0131 alanlar\u0131nda e\u011fitim al\u0131yor. E\u011fitim, sahra mevzilerinin haz\u0131rlanmas\u0131n\u0131, mevzilerin kamufle edilmesini ve zorlu ko\u015fullarda hayatta kalmay\u0131 da kaps\u0131yor. Federal final, kapsaml\u0131 bir asker\u00ee-taktik tatbikatla sona eriyor. Tatbikatta \u201cgarnizon hizmeti\u201d, karma intikal, arazide hareket ve final niteli\u011findeki bir \u201c\u00e7at\u0131\u015fma\u201d da bulunuyor.<\/p>\n<p><img loading=\"lazy\" decoding=\"async\" class=\"alignnone\" style=\"width: 642pt;height: auto;border: 2pt solid #000\" title=\"Zarnitsa 2.0 - Putinjugend\" src=\"https:\/\/informnapalm.org\/ua\/wp-content\/uploads\/sites\/9\/2026\/09\/photo_2026-08-30_14-27-51-3.jpg\" alt=\"Zarnitsa 2.0 - Putinjugend\" width=\"1280\" height=\"853\" \/><\/p>\n<p><img loading=\"lazy\" decoding=\"async\" class=\"alignnone\" style=\"width: 642pt;height: auto;border: 2pt solid #000\" title=\"Zarnitsa 2.0 - Putinjugend\" src=\"https:\/\/informnapalm.org\/ua\/wp-content\/uploads\/sites\/9\/2026\/09\/photo_2026-08-27_19-49-49-3.jpg\" alt=\"Zarnitsa 2.0 - Putinjugend\" width=\"1280\" height=\"854\" \/><\/p>\n<p style=\"text-align: left\">Zarnitsa\u2019n\u0131n resm\u00ee bilgi kanal\u0131, taarruz askerlerinin e\u011fitimini de ayr\u0131nt\u0131l\u0131 bi\u00e7imde a\u00e7\u0131kl\u0131yor. E\u011fitimde \u201cd\u00fc\u015fman mevzilerinin etkisiz h\u00e2le getirilmesi\u201d, ikili ekipler h\u00e2linde hareket ve siperlerden yararlanma gibi unsurlar yer al\u0131yor. Ayr\u0131ca binalara girme ve dar alanlarda \u00e7at\u0131\u015fma e\u011fitimi veriliyor. Dolay\u0131s\u0131yla mesele yaln\u0131zca fiziksel e\u011fitim veya engel parkurlar\u0131ndan ibaret de\u011fil. Gen\u00e7ler, modern muharip birliklerde kullan\u0131lan g\u00f6rev ve y\u00f6ntemler konusunda e\u011fitiliyor.<\/p>\n<h2 style=\"color: #000000;font-size: 1.3rem;font-weight: bold;margin-top: 24px;margin-bottom: 12px;font-family: &#039;Helvetica Neue&#039;, Helvetica, Arial, &#039;Nimbus Sans L&#039;, sans-serif;text-align: left\">Gen\u00e7lik e\u011fitimine \u0130HA sava\u015f\u0131ndan aktar\u0131lan deneyimler<\/h2>\n<p style=\"text-align: left\">\u0130nsans\u0131z sistemlere y\u00f6nelik e\u011fitim, devam eden Rusya-Ukrayna sava\u015f\u0131ndan edinilen deneyimleri a\u00e7\u0131k bi\u00e7imde yans\u0131t\u0131yor. Yar\u0131\u015fmalarda operat\u00f6rlerin \u00fc\u00e7 farkl\u0131 platform kullanmas\u0131 gerekiyor. Bunlardan biri ke\u015fif, di\u011feri taarruz amac\u0131yla kullan\u0131l\u0131yor. \u00dc\u00e7\u00fcnc\u00fcs\u00fc ise insans\u0131z bir kara platformu.<\/p>\n<p style=\"text-align: left\">Resm\u00ee tatbikat senaryosu, bir r\u00f6le istasyonunun kurulmas\u0131n\u0131 ve havadan ke\u015fif yap\u0131lmas\u0131n\u0131 i\u00e7eriyor. Kat\u0131l\u0131mc\u0131lar\u0131n, sim\u00fcle edilen d\u00fc\u015fman\u0131n personelini ve ate\u015f mevzilerini tespit etmesi gerekiyor. Ayr\u0131ca \u0130HA\u2019lardan y\u00fck b\u0131rakmalar\u0131 isteniyor. Bir taarruz \u0130HA\u2019s\u0131n\u0131n ise ate\u015f mevzisini vurmak i\u00e7in kullan\u0131lmas\u0131 \u00f6ng\u00f6r\u00fcl\u00fcyor. G\u00f6rev tamamland\u0131ktan sonra kullan\u0131lan te\u00e7hizat\u0131n geri getirilmesi gerekiyor.<\/p>\n<p><img loading=\"lazy\" decoding=\"async\" class=\"alignnone\" style=\"width: 642pt;height: auto;border: 2pt solid #000\" title=\"Putinjugend\" src=\"https:\/\/informnapalm.org\/ua\/wp-content\/uploads\/sites\/9\/2026\/09\/photo_2026-07-05_14-08-49.jpg\" alt=\"Putinjugend\" width=\"1280\" height=\"853\" \/><\/p>\n<p><img loading=\"lazy\" decoding=\"async\" class=\"alignnone\" style=\"width: 642pt;height: auto;border: 2pt solid #000\" title=\"Putinjugend\" src=\"https:\/\/informnapalm.org\/ua\/wp-content\/uploads\/sites\/9\/2026\/09\/photo_2026-08-15_13-36-21.jpg\" alt=\"Putinjugend\" width=\"1170\" height=\"780\" \/><\/p>\n<p><img loading=\"lazy\" decoding=\"async\" class=\"alignnone\" style=\"width: 642pt;height: auto;border: 2pt solid #000\" title=\"Putinjugend\" src=\"https:\/\/informnapalm.org\/ua\/wp-content\/uploads\/sites\/9\/2026\/09\/photo_2026-08-30_14-27-52.jpg\" alt=\"Putinjugend\" width=\"1280\" height=\"853\" \/><\/p>\n<p><img loading=\"lazy\" decoding=\"async\" class=\"alignnone\" style=\"width: 642pt;height: auto;border: 2pt solid #000\" title=\"Putinjugend\" src=\"https:\/\/informnapalm.org\/ua\/wp-content\/uploads\/sites\/9\/2026\/09\/photo_2026-08-31_15-24-04.jpg\" alt=\"Putinjugend\" width=\"1280\" height=\"853\" \/><\/p>\n<p style=\"text-align: left\">Organizat\u00f6rler yaln\u0131zca kat\u0131l\u0131mc\u0131lar\u0131n sistemleri kullanma becerisini de\u011ferlendirmiyor. Hedef isabet oran\u0131 ve muharebe g\u00f6revinin tamamlanma s\u00fcresi de puanlamaya d\u00e2hil ediliyor. B\u00f6ylece sava\u015fta edinilen y\u00f6ntemler ve teknik deneyimler do\u011frudan gen\u00e7lik e\u011fitimine aktar\u0131l\u0131yor. \u0130HA\u2019lar yaln\u0131zca teknik beceri kazanmak i\u00e7in kullan\u0131lm\u0131yor. Senaryolar a\u00e7\u0131k\u00e7a ke\u015fif, hedef tespiti ve hedeflerin vurulmas\u0131n\u0131 i\u00e7eriyor.<\/p>\n<p style=\"text-align: left\">Bu durum, daha eski asker\u00ee-vatansever gen\u00e7lik faaliyetlerine k\u0131yasla belirgin bir de\u011fi\u015fimdir. \u00d6nceden daha \u00e7ok talim, fiziksel e\u011fitim ve silah kullan\u0131m\u0131 \u00f6ne \u00e7\u0131k\u0131yordu. Art\u0131k devam eden sava\u015fta b\u00fcy\u00fck \u00f6nem ta\u015f\u0131yan teknolojiler ve y\u00f6ntemler de e\u011fitimin par\u00e7as\u0131 h\u00e2line gelmi\u015f durumda.<\/p>\n<h2 style=\"color: #000000;font-size: 1.3rem;font-weight: bold;margin-top: 24px;margin-bottom: 12px;font-family: &#039;Helvetica Neue&#039;, Helvetica, Arial, &#039;Nimbus Sans L&#039;, sans-serif;text-align: left\">Birli\u011fin par\u00e7as\u0131 olarak sava\u015f muhabiri<\/h2>\n<p style=\"text-align: left\">Zarnitsa 2.0\u2019\u0131n bir ba\u015fka unsuru da sava\u015f muhabirli\u011fi g\u00f6revidir. Ayn\u0131 grubun i\u00e7inde taarruz askerleri, may\u0131n temizleme personeli, muhabereciler ve \u0130HA operat\u00f6rleri bulunuyor. Sava\u015f muhabirinin olaylar\u0131 belgelemek, foto\u011fraf ve video \u00e7ekmek ve r\u00f6portajlar yapmak gibi g\u00f6revleri var. Ayr\u0131ca haber malzemesi toplamas\u0131, analiz etmesi ve \u00fcretmesi gerekiyor.<\/p>\n<p style=\"text-align: left\">Kat\u0131l\u0131mc\u0131 ayn\u0131 zamanda grubun enformasyon kanallar\u0131ndan da sorumlu. G\u00f6revlerinden biri, organizat\u00f6rlerin \u201cdo\u011fru\u201d ve \u201cg\u00fcvenilmez\u201d olarak tan\u0131mlad\u0131\u011f\u0131 bilgileri birbirinden ay\u0131rmak. Enformasyon faaliyetleri ayn\u0131 zamanda yar\u0131\u015fma sonucunu da etkiliyor. Finale ili\u015fkin b\u00f6lgesel belgelerde, grubun kanal\u0131ndaki her takip\u00e7i i\u00e7in 0,1 puan ald\u0131\u011f\u0131 belirtiliyor. Final \u00e7at\u0131\u015fmas\u0131n\u0131n canl\u0131 yay\u0131n\u0131 s\u0131ras\u0131nda izleyici etkinli\u011fi de gruba avantaj sa\u011flayabiliyor.<\/p>\n<div style=\"text-align: left\">\n<blockquote class=\"twitter-tweet\" style=\"text-align: left;margin-left: 0;margin-right: auto\">\n<p dir=\"ltr\" lang=\"en\" style=\"text-align: left\">While <a href=\"https:\/\/x.com\/hashtag\/Europe?src=hash&amp;ref_src=twsrc%5Etfw\">#Europe<\/a> debates whether it is ready for a future war, <a href=\"https:\/\/x.com\/hashtag\/Russia?src=hash&amp;ref_src=twsrc%5Etfw\">#Russia<\/a> is already preparing the next generation for one.<\/p>\n<p>That preparation includes Ukrainian children from the temporarily occupied territories, whom Moscow is systematically absorbing into its military, educational\u2026 <a href=\"https:\/\/t.co\/tXLKnmJWBP\">pic.twitter.com\/tXLKnmJWBP<\/a><\/p>\n<p>\u2014 InformNapalm (@InformNapalm) <a href=\"https:\/\/x.com\/InformNapalm\/status\/2094785973812855097?ref_src=twsrc%5Etfw\">September 1, 2026<\/a><\/p><\/blockquote>\n<\/div>\n<p><script src=\"https:\/\/platform.x.com\/widgets.js\"><\/script><\/p>\n<p style=\"text-align: left\">Bu nedenle e\u011fitim yaln\u0131zca yaz\u0131 yazmak, foto\u011fraf \u00e7ekmek veya olaylar\u0131 belgelemekten ibaret de\u011fil. Kat\u0131l\u0131mc\u0131lar enformasyon kanallar\u0131 olu\u015fturmay\u0131 ve i\u00e7erik \u00fcretmeyi \u00f6\u011freniyor. Hedef kitlelerle \u00e7al\u0131\u015fma ve i\u00e7eri\u011fin eri\u015fimini art\u0131rma konusunda deneyim kazan\u0131yorlar. Ayr\u0131ca kendi gruplar\u0131n\u0131n faaliyetlerine enformasyon deste\u011fi sa\u011flamay\u0131 \u00f6\u011freniyorlar. Bu beceriler, modern enformasyon faaliyetleri ve bili\u015fsel harp a\u00e7\u0131s\u0131ndan do\u011frudan \u00f6nem ta\u015f\u0131yor.<\/p>\n<p style=\"text-align: left\">Program b\u00f6ylece modern sava\u015f\u0131n iki bile\u015fenini bir araya getiriyor. Asker\u00ee bile\u015fende komutanlar, taarruz askerleri, may\u0131n temizleme personeli, sa\u011fl\u0131k g\u00f6revlileri, muhabereciler ve \u0130HA operat\u00f6rleri bulunuyor. Di\u011fer bile\u015fen ise enformasyon \u00fcretimi, ileti\u015fim kanallar\u0131, hedef kitlelerle \u00e7al\u0131\u015fma ve olaylar\u0131n nas\u0131l alg\u0131land\u0131\u011f\u0131n\u0131 etkileme faaliyetlerinden olu\u015fuyor. Baz\u0131 kat\u0131l\u0131mc\u0131lar bir d\u00fc\u015fman\u0131 tespit etmeyi ve senaryo gere\u011fi etkisiz h\u00e2le getirmeyi \u00f6\u011freniyor. Di\u011ferleri ise olaylar\u0131 belgelemeyi, anlatmay\u0131 ve bir kitleye aktarmay\u0131 \u00f6\u011freniyor.<\/p>\n<h2 style=\"color: #000000;font-size: 1.3rem;font-weight: bold;margin-top: 24px;margin-bottom: 12px;font-family: &#039;Helvetica Neue&#039;, Helvetica, Arial, &#039;Nimbus Sans L&#039;, sans-serif;text-align: left\">Sava\u015fa kat\u0131lan askerler komutan ve rol modeli olarak<\/h2>\n<p style=\"text-align: left\">E\u011fitmenlerin se\u00e7imi, program\u0131n Rusya\u2019n\u0131n Ukrayna\u2019ya kar\u015f\u0131 y\u00fcr\u00fctt\u00fc\u011f\u00fc mevcut sava\u015fla ne kadar yak\u0131ndan ba\u011flant\u0131l\u0131 oldu\u011funu g\u00f6steriyor. Federal finalin komutan\u0131 Vladimir Mihaylovski.<\/p>\n<p><img loading=\"lazy\" decoding=\"async\" class=\"alignnone\" style=\"width: 642pt;height: auto;border: 2pt solid #000\" title=\"Vladimir Mihaylovski\" src=\"https:\/\/informnapalm.org\/ua\/wp-content\/uploads\/sites\/9\/2026\/09\/photo_2026-08-22_13-03-07.jpg\" alt=\"Vladimir Mihaylovski\" width=\"1280\" height=\"853\" \/><\/p>\n<p style=\"text-align: left\">Vladimir Mihaylovski muhaf\u0131z birliklerinde binba\u015f\u0131d\u0131r ve \u00fc\u00e7 Rus Cesaret Ni\u015fan\u0131 sahibidir. Ukrayna\u2019ya kar\u015f\u0131 y\u00fcr\u00fct\u00fclen sava\u015fa kat\u0131lm\u0131\u015ft\u0131r. Ayr\u0131ca Rusya Devlet Ba\u015fkanl\u0131\u011f\u0131n\u0131n \u201cVremya Geroyev\u201d yani \u201cKahramanlar Zaman\u0131\u201d program\u0131nda yer almaktad\u0131r.<\/p>\n<p><img loading=\"lazy\" decoding=\"async\" class=\"alignnone\" style=\"width: 642pt;height: auto;border: 2pt solid #000\" title=\"Yegor Aleksandrovi\u00e7 Zaharov\" src=\"https:\/\/informnapalm.org\/ua\/wp-content\/uploads\/sites\/9\/2026\/09\/photo_2026-08-21_13-22-09.jpg\" alt=\"Yegor Aleksandrovi\u00e7 Zaharov\" width=\"1280\" height=\"1280\" \/><\/p>\n<p style=\"text-align: left\">Finaldeki d\u00f6rt sim\u00fcle edilmi\u015f \u201cordu\u201d, ayn\u0131 programa kat\u0131lan ki\u015filer ve sava\u015fa kat\u0131l\u0131mlar\u0131 nedeniyle ni\u015fanland\u0131r\u0131lm\u0131\u015f Rus askerleri taraf\u0131ndan y\u00f6netiliyor. Amur ordusunun ba\u015f\u0131nda Yegor Aleksandrovi\u00e7 Zaharov bulunuyor. Kendisine Rusya Federasyonu Kahraman\u0131 unvan\u0131 ve Cesaret Ni\u015fan\u0131 verilmi\u015ftir. Ob ordusunu Vadim Andreyevi\u00e7 B\u0131kov y\u00f6netiyor. B\u0131kov iki Cesaret Ni\u015fan\u0131 sahibidir.<\/p>\n<p style=\"text-align: left\">Kama ordusunun ba\u015f\u0131nda Aleksey Sergeyevi\u00e7 Jbanov bulunuyor. O da iki Cesaret Ni\u015fan\u0131 sahibidir. Volga ordusunu Vladislav Andreyevi\u00e7 Frolov y\u00f6netiyor. Kendisine Cesaret Ni\u015fan\u0131 verilmi\u015ftir. \u0130simler, g\u00f6rev da\u011f\u0131l\u0131m\u0131 ve \u00f6d\u00fcller Zarnitsa\u2019n\u0131n resm\u00ee sunum materyallerinde yer al\u0131yor. Makaleye g\u00f6re bu bilgiler finalden yay\u0131mlanan a\u00e7\u0131k kaynak materyallerle de do\u011frulan\u0131yor.<\/p>\n<p><img loading=\"lazy\" decoding=\"async\" class=\"alignnone\" style=\"width: 642pt;height: auto;border: 2pt solid #000\" title=\"Nikita Aleksandrovi\u00e7 \u0130vanov\" src=\"https:\/\/informnapalm.org\/ua\/wp-content\/uploads\/sites\/9\/2026\/09\/photo_2026-08-21_20-09-00.jpg\" alt=\"Nikita Aleksandrovi\u00e7 \u0130vanov\" width=\"1280\" height=\"1280\" \/><\/p>\n<p style=\"text-align: left\">Nikita Aleksandrovi\u00e7 \u0130vanov, komutan yard\u0131mc\u0131s\u0131 olarak g\u00f6steriliyor. Kendisi Rusya\u2019n\u0131n s\u00f6zde \u201c\u00f6zel asker\u00ee operasyonuna\u201d kat\u0131lan biri olarak tan\u0131t\u0131l\u0131yor. Ayr\u0131ca Suvorov Madalyas\u0131 ile \u00f6d\u00fcllendirildi\u011fi belirtiliyor. Bunun yan\u0131 s\u0131ra Yunarmiya \u00fcyesi ve gen\u00e7lerin asker\u00ee-vatansever e\u011fitimi alan\u0131nda faaliyet g\u00f6steren bir ki\u015fi olarak sunuluyor.<\/p>\n<p style=\"text-align: left\">B\u00f6ylece \u00e7ocuklar\u0131n kar\u015f\u0131s\u0131na yaln\u0131zca tarih\u00ee veya soyut asker\u00ee fig\u00fcrler \u00e7\u0131kar\u0131lm\u0131yor. Program kapsam\u0131nda do\u011frudan Rusya\u2019n\u0131n Ukrayna\u2019ya kar\u015f\u0131 y\u00fcr\u00fctt\u00fc\u011f\u00fc mevcut sava\u015fta deneyim kazanm\u0131\u015f ki\u015filerin y\u00f6netimine veriliyorlar. Organizat\u00f6rler, e\u011fitmenlerin g\u00f6revini yaln\u0131zca pratik e\u011fitim vermekle s\u0131n\u0131rl\u0131 g\u00f6rm\u00fcyor. Bu ki\u015filerin kendi d\u00fcnya g\u00f6r\u00fc\u015flerini ve ya\u015fam deneyimlerini de gen\u00e7lere aktarmas\u0131 bekleniyor.<\/p>\n<p style=\"text-align: left\">Jbanov, g\u00f6revlerinden birini a\u00e7\u0131k\u00e7a \u201ckendi d\u00fcnya g\u00f6r\u00fc\u015f\u00fcn\u00fc payla\u015fmak\u201d \u015feklinde tan\u0131mlam\u0131\u015ft\u0131r. Ayn\u0131 zamanda kat\u0131l\u0131mc\u0131lara mentor olmas\u0131 bekleniyor. B\u00f6ylece sava\u015f deneyimi hem e\u011fitim program\u0131 hem de \u00f6rnek al\u0131nan ki\u015filer arac\u0131l\u0131\u011f\u0131yla aktar\u0131l\u0131yor. Devam eden sava\u015f, gen\u00e7lere aktar\u0131lan d\u00fcnya g\u00f6r\u00fc\u015f\u00fcn\u00fcn de bir par\u00e7as\u0131 h\u00e2line geliyor.<\/p>\n<h2 style=\"color: #000000;font-size: 1.3rem;font-weight: bold;margin-top: 24px;margin-bottom: 12px;font-family: &#039;Helvetica Neue&#039;, Helvetica, Arial, &#039;Nimbus Sans L&#039;, sans-serif;text-align: left\">\u0130\u015fgal alt\u0131ndaki Ukrayna b\u00f6lgelerinin sisteme d\u00e2hil edilmesi<\/h2>\n<p style=\"text-align: left\">Zarnitsa 2.0, i\u015fgal alt\u0131ndaki Ukrayna b\u00f6lgelerini Rusya\u2019n\u0131n idari ve ideolojik yap\u0131lar\u0131na d\u00e2hil etmek i\u00e7in de kullan\u0131l\u0131yor. Finalin resm\u00ee haritas\u0131nda i\u015fgal alt\u0131ndaki K\u0131r\u0131m, herhangi bir \u00f6zel i\u015faret veya a\u00e7\u0131klama olmaks\u0131z\u0131n g\u00f6steriliyor. K\u0131r\u0131m, Rusya\u2019n\u0131n G\u00fcney Federal B\u00f6lgesi\u2019nin bir par\u00e7as\u0131 olarak sunuluyor. B\u00f6ylece sim\u00fcle edilmi\u015f \u201cVolga\u201d ordusuna d\u00e2hil ediliyor.<\/p>\n<p><img loading=\"lazy\" decoding=\"async\" class=\"alignnone\" style=\"width: 642pt;height: auto;border: 2pt solid #000\" title=\"Zarnitsa 2.0\" src=\"https:\/\/informnapalm.org\/ua\/wp-content\/uploads\/sites\/9\/2026\/09\/photo_2026-08-21_22-49-56.jpg\" alt=\"Zarnitsa 2.0\" width=\"1280\" height=\"1280\" \/><\/p>\n<p style=\"text-align: left\">Ayn\u0131 haritada d\u00f6rt \u201c\u00f6zel birlik\u201d de \u201cVolga\u201dya ba\u011flanm\u0131\u015f durumda. Makaleye g\u00f6re harita, bu birliklerin i\u015fgal alt\u0131ndaki Ukrayna topraklar\u0131n\u0131 da kapsad\u0131\u011f\u0131n\u0131 g\u00f6steriyor. Ukraynal\u0131 \u00e7ocuklar\u0131n programa kat\u0131ld\u0131\u011f\u0131 ba\u015fka resm\u00ee Rus materyallerinden de anla\u015f\u0131l\u0131yor.<\/p>\n<p style=\"text-align: left\">Rusya 2026 y\u0131l\u0131nda K\u0131r\u0131m\u2019da Zarnitsa 2.0\u2019\u0131n kendi b\u00f6lgesel etab\u0131n\u0131 d\u00fczenledi. Rusya Acil Durumlar Bakanl\u0131\u011f\u0131na g\u00f6re yakla\u015f\u0131k 500 \u00e7ocuk kat\u0131ld\u0131. Simferopol\u2019den kazananlar, yar\u0131\u015fman\u0131n bir sonraki a\u015famas\u0131na kat\u0131lmak \u00fczere Volgograd b\u00f6lgesine g\u00f6nderildi. Burada i\u015fgal alt\u0131ndaki yar\u0131maday\u0131 temsil ettiler.<\/p>\n<p><img loading=\"lazy\" decoding=\"async\" class=\"alignnone\" style=\"width: 642pt;height: auto;border: 2pt solid #000\" title=\"K\u0131r\u0131m\u2019da Zarnitsa 2.0\" src=\"https:\/\/informnapalm.org\/ua\/wp-content\/uploads\/sites\/9\/2026\/09\/photo_2026-08-31_15-24-04-3.jpg\" alt=\"K\u0131r\u0131m\u2019da Zarnitsa 2.0\" width=\"1280\" height=\"853\" \/><\/p>\n<p><img loading=\"lazy\" decoding=\"async\" class=\"alignnone\" style=\"width: 642pt;height: auto;border: 2pt solid #000\" title=\"K\u0131r\u0131m\u2019da Zarnitsa 2.0\" src=\"https:\/\/informnapalm.org\/ua\/wp-content\/uploads\/sites\/9\/2026\/09\/photo_2026-08-31_15-24-04-6.jpg\" alt=\"K\u0131r\u0131m\u2019da Zarnitsa 2.0\" width=\"1280\" height=\"853\" \/><\/p>\n<p style=\"text-align: left\">Donetsk ve Luhansk b\u00f6lgelerinin i\u015fgal alt\u0131ndaki kesimlerinden gelen tak\u0131mlar da G\u00fcney Federal B\u00f6lgesi etab\u0131na kat\u0131ld\u0131. Rusya\u2019n\u0131n di\u011fer b\u00f6lgelerinden gelen tak\u0131mlarla ayn\u0131 ko\u015fullarda yar\u0131\u015ft\u0131lar. Bu tak\u0131mlar 18\u201323 ya\u015f kategorisinde de yer ald\u0131 ve ayn\u0131 yedi asker\u00ee uzmanl\u0131k alan\u0131nda yar\u0131\u015ft\u0131. B\u00f6ylece Zarnitsa, i\u015fgalin kat\u0131l\u0131mc\u0131lara aktar\u0131lan ger\u00e7eklik alg\u0131s\u0131n\u0131n do\u011fal bir par\u00e7as\u0131 h\u00e2line getirilmesine katk\u0131da bulunuyor.<\/p>\n<h2 style=\"color: #000000;font-size: 1.3rem;font-weight: bold;margin-top: 24px;margin-bottom: 12px;font-family: &#039;Helvetica Neue&#039;, Helvetica, Arial, &#039;Nimbus Sans L&#039;, sans-serif;text-align: left\">Hitlerjugend ile kar\u015f\u0131la\u015ft\u0131rma<\/h2>\n<p style=\"text-align: left\">Asker\u00ee-vatansever gen\u00e7lik \u00f6rg\u00fctleri, kadet programlar\u0131 ve savunma odakl\u0131 gen\u00e7lik e\u011fitimi yaln\u0131zca Rusya\u2019da bulunmuyor. \u0130lk yard\u0131m, at\u0131c\u0131l\u0131k, y\u00f6n bulma veya asker\u00ee beceriler konusunda e\u011fitim verilmesi tek ba\u015f\u0131na totaliter bir gen\u00e7lik modelinin kan\u0131t\u0131 de\u011fildir. Bu nedenle Hitlerjugend ile yap\u0131lacak bir kar\u015f\u0131la\u015ft\u0131rma yaln\u0131zca \u00fcniformal\u0131 \u00e7ocuklara veya asker\u00ee e\u011fitime dayand\u0131r\u0131lamaz.<\/p>\n<p style=\"text-align: left\">Makalede yap\u0131lan kar\u015f\u0131la\u015ft\u0131rma bunun yerine sistemin yap\u0131s\u0131 ve i\u015fleviyle ilgilidir. ABD Holokost Anma M\u00fczesi, Hitlerjugend\u2019i gen\u00e7lerin d\u00fcnya g\u00f6r\u00fc\u015f\u00fcn\u00fc \u015fekillendirmek i\u00e7in kullan\u0131lan devlet kontrol\u00fcndeki bir ara\u00e7 olarak tan\u0131ml\u0131yor. \u00d6rg\u00fct ayn\u0131 zamanda erkek \u00e7ocuklar\u0131n\u0131 gelecekteki askerlik hizmetine haz\u0131rl\u0131yordu. \u00c7ocuklar ve gen\u00e7ler asker\u00ee tatbikatlara kat\u0131l\u0131yor ve silah kullanma e\u011fitimi al\u0131yordu.<\/p>\n<p style=\"text-align: left\">Kitlesel rit\u00fceller, propaganda ve kolektif faaliyetler rejime ba\u011fl\u0131l\u0131k olu\u015fturmak amac\u0131yla kullan\u0131l\u0131yordu. 1939 y\u0131l\u0131na gelindi\u011finde Nazi gen\u00e7lik \u00f6rg\u00fctlerine kat\u0131l\u0131m zorunlu h\u00e2le gelmi\u015fti. Zarnitsa 2.0, Hitlerjugend ile \u00f6zde\u015f de\u011fildir. Rusya\u2019da kat\u0131l\u0131m\u0131 zorunlu k\u0131lan benzer bir hukuki d\u00fczenleme bulunmuyor. Tarihsel ve siyasi ko\u015fullar da farkl\u0131d\u0131r.<\/p>\n<p style=\"text-align: left\">Bununla birlikte kar\u015f\u0131la\u015ft\u0131rma baz\u0131 yap\u0131sal benzerliklere dayan\u0131yor. Sistem \u00e7ok geni\u015f \u00e7ocuk gruplar\u0131n\u0131 kaps\u0131yor ve devlet taraf\u0131ndan \u00f6rg\u00fctleniyor. Faaliyetler ilkokul \u00e7a\u011f\u0131nda ba\u015fl\u0131yor ve ideolojik e\u011fitim ile asker\u00ee e\u011fitimi bir araya getiriyor. Asker\u00ee hiyerar\u015fi ve rit\u00fcelle\u015ftirme de sistemin par\u00e7as\u0131. Devam eden sava\u015fa kat\u0131lm\u0131\u015f ki\u015filer gen\u00e7lere rol modeli olarak sunuluyor.<\/p>\n<p style=\"text-align: left\">\u00c7ocuklar ve gen\u00e7ler modern sava\u015f alanlar\u0131nda kullan\u0131lan g\u00f6revler i\u00e7in e\u011fitiliyor. Sistem ayn\u0131 zamanda askerlik hizmetine uzanabilecek bir yol olu\u015fturuyor. \u0130\u015fgal alt\u0131ndaki b\u00f6lgeler Rus devletinin par\u00e7alar\u0131ym\u0131\u015f gibi sunuluyor. Buna ek olarak hedef kitlelerle \u00e7al\u0131\u015fma ve kamuoyu alg\u0131s\u0131n\u0131 etkilemeye y\u00f6nelik \u00f6zel bir enformasyon bile\u015feni bulunuyor.<\/p>\n<p style=\"text-align: left\">\u0130nformNapalm, \u201cPutinjugend\u201d ifadesini bu anlamda kullan\u0131yor. Kavram, iki sistemin tarihsel a\u00e7\u0131dan tamamen ayn\u0131 oldu\u011fu iddias\u0131n\u0131 ta\u015f\u0131m\u0131yor. Sald\u0131r\u0131 sava\u015f\u0131 y\u00fcr\u00fcten bir devletin ayn\u0131 zamanda bir sonraki nesli \u015fekillendirdi\u011fi bir geli\u015fim y\u00f6n\u00fcn\u00fc tan\u0131ml\u0131yor. Bu s\u00fcre\u00e7 asker\u00ee e\u011fitim, ideolojik yeti\u015ftirme ve devlet eliyle \u00f6rg\u00fctlenen gen\u00e7lik faaliyetleri arac\u0131l\u0131\u011f\u0131yla y\u00fcr\u00fct\u00fcl\u00fcyor.<\/p>\n<h2 style=\"color: #000000;font-size: 1.3rem;font-weight: bold;margin-top: 24px;margin-bottom: 12px;font-family: &#039;Helvetica Neue&#039;, Helvetica, Arial, &#039;Nimbus Sans L&#039;, sans-serif;text-align: left\">Gelecekteki sava\u015flar i\u00e7in uzun vadeli bir yap\u0131<\/h2>\n<p style=\"text-align: left\">Zarnitsa 2.0\u2019a kay\u0131t yapt\u0131ran 3,2 milyon ki\u015finin tamam\u0131n\u0131n ileride asker olaca\u011f\u0131n\u0131 varsaymak i\u00e7in herhangi bir temel yoktur. B\u00f6yle bir sonu\u00e7 hatal\u0131 olur. Rusya\u2019n\u0131n stratejisini de\u011ferlendirirken bireylerin gelecekte hangi mesle\u011fi se\u00e7ece\u011finden \u00e7ok, sistemin \u00f6l\u00e7e\u011fi ve s\u00fcreklili\u011fi \u00f6nemlidir.<\/p>\n<p style=\"text-align: left\">Sistem, asker\u00ee k\u00fclt\u00fcr\u00fc daha ilkokul \u00e7a\u011f\u0131nda g\u00fcnl\u00fck hayat\u0131n normal bir par\u00e7as\u0131 h\u00e2line getiriyor. On bir ya\u015f\u0131ndan itibaren asker\u00ee g\u00f6revlerle \u00f6rt\u00fc\u015fen roller tan\u0131t\u0131l\u0131yor. Devam eden sava\u015f\u0131n deneyimleri FPV dronlar\u0131, taarruz \u0130HA\u2019lar\u0131 ve taarruz e\u011fitimi arac\u0131l\u0131\u011f\u0131yla sisteme aktar\u0131l\u0131yor. Sava\u015f deneyimine sahip ki\u015filer e\u011fitmen ve rol modeli olarak kullan\u0131l\u0131yor.<\/p>\n<p><img loading=\"lazy\" decoding=\"async\" class=\"alignnone\" style=\"width: 642pt;height: auto;border: 2pt solid #000\" title=\"Zarnitsa 2.0\" src=\"https:\/\/informnapalm.org\/ua\/wp-content\/uploads\/sites\/9\/2026\/09\/photo_2026-09-01_13-57-13-2.jpg\" alt=\"Zarnitsa 2.0\" width=\"1280\" height=\"853\" \/><\/p>\n<p><img loading=\"lazy\" decoding=\"async\" class=\"alignnone\" style=\"width: 642pt;height: auto;border: 2pt solid #000\" title=\"Zarnitsa 2.0\" src=\"https:\/\/informnapalm.org\/ua\/wp-content\/uploads\/sites\/9\/2026\/09\/photo_2026-09-01_13-57-13-3.jpg\" alt=\"Zarnitsa 2.0\" width=\"1280\" height=\"853\" \/><\/p>\n<p style=\"text-align: left\">Gen\u00e7lerin bir b\u00f6l\u00fcm\u00fc enformasyon faaliyetleri konusunda e\u011fitim al\u0131yor. Program 23 ya\u015f\u0131na kadar devam ediyor. Dolay\u0131s\u0131yla en \u00fcst ya\u015f grubu, do\u011frudan asker\u00ee hizmete al\u0131nman\u0131n m\u00fcmk\u00fcn oldu\u011fu bir ya\u015f aral\u0131\u011f\u0131nda bulunuyor.<\/p>\n<p style=\"text-align: left\">Avrupa devletleri, be\u015f veya on y\u0131l sonra hangi asker\u00ee tehditlerle kar\u015f\u0131la\u015fabileceklerini tart\u0131\u015f\u0131yor. Rusya ise o tarihte yakla\u015f\u0131k 18\u201330 ya\u015f aras\u0131nda olacak nesli \u015fimdiden \u015fekillendiriyor. E\u011fitim, \u0130HA operat\u00f6rleri, may\u0131n temizleme personeli, taarruz askerleri ve muhabereciler gibi g\u00f6revleri kaps\u0131yor. Asker\u00ee operasyonlarla ba\u011flant\u0131l\u0131 enformasyon faaliyetleri de program\u0131n bir par\u00e7as\u0131. Kat\u0131l\u0131mc\u0131lar ayr\u0131ca insanlar\u0131n bilgiyi nas\u0131l alg\u0131lad\u0131\u011f\u0131n\u0131 ve yorumlad\u0131\u011f\u0131n\u0131 etkilemeye y\u00f6nelik y\u00f6ntemler konusunda e\u011fitiliyor.<\/p>\n<h2 style=\"color: #000000;font-size: 1.3rem;font-weight: bold;margin-top: 24px;margin-bottom: 12px;font-family: &#039;Helvetica Neue&#039;, Helvetica, Arial, &#039;Nimbus Sans L&#039;, sans-serif;text-align: left\">Uyar\u0131dan devlet eliyle \u00f6rg\u00fctlenen bir sisteme<\/h2>\n<p style=\"text-align: left\">\u0130nformNapalm bu geli\u015fme i\u00e7in \u201cPutinjugend\u201d tan\u0131m\u0131n\u0131 daha 2019 y\u0131l\u0131nda kullanm\u0131\u015ft\u0131. Asker\u00eele\u015ftirme yaln\u0131zca bir propaganda faaliyeti olarak de\u011ferlendirilmemi\u015fti. Gelecekteki sava\u015flar i\u00e7in insan kayna\u011f\u0131na yap\u0131lan uzun vadeli bir yat\u0131r\u0131m olarak tan\u0131mlanm\u0131\u015ft\u0131.<\/p>\n<p style=\"text-align: left\">Yedi y\u0131l sonra sistem, makaleye g\u00f6re daha b\u00fcy\u00fck ve teknik a\u00e7\u0131dan daha geli\u015fmi\u015f h\u00e2le geldi. Ayn\u0131 zamanda modern sava\u015f alan\u0131n\u0131n ihtiya\u00e7lar\u0131na daha belirgin bi\u00e7imde uyarland\u0131. Geleneksel talim ve silah e\u011fitiminin yan\u0131na taarruz \u0130HA\u2019lar\u0131, dijital muhabere sistemleri ve taarruz e\u011fitimi eklendi. Bunlara enformasyon faaliyetleri ve bili\u015fsel harp i\u00e7in haz\u0131rl\u0131klar da d\u00e2hil edildi.<\/p>\n<p style=\"text-align: left\">Ukrayna ve Avrupa\u2019n\u0131n geri kalan\u0131 a\u00e7\u0131s\u0131ndan mesele yaln\u0131zca Rusya\u2019n\u0131n mevcut sald\u0131rganl\u0131\u011f\u0131 de\u011fildir. Uzun vadeli g\u00fcvenlik de\u011ferlendirmelerinde Rusya\u2019n\u0131n olu\u015fturdu\u011fu kaynaklar da dikkate al\u0131nmal\u0131d\u0131r. Bunlar insan g\u00fcc\u00fc, asker\u00ee kapasite ve enformasyon alan\u0131ndaki kaynaklar\u0131 kaps\u0131yor. Bu kaynaklar gelecekteki sava\u015flarda kullan\u0131labilir.<\/p>\n<p style=\"text-align: left\">Rusya\u2019da bir \u201cPutinjugend\u201d olu\u015fturuldu\u011fu y\u00f6n\u00fcndeki uyar\u0131 2019 y\u0131l\u0131nda yap\u0131lm\u0131\u015ft\u0131. 2026 y\u0131l\u0131 itibar\u0131yla art\u0131k yaln\u0131zca bir \u00f6ng\u00f6r\u00fcden s\u00f6z edilmiyor. G\u00fcn\u00fcm\u00fczde pratikte izlenebilen, geni\u015f kapsaml\u0131 ve devlet eliyle \u00f6rg\u00fctlenmi\u015f bir sistem bulunuyor.<\/p>\n<p style=\"text-align: left\">Makale Andriy L\u0131s\u0131ts\u0131n taraf\u0131ndan \u0130nformNapalm i\u00e7in haz\u0131rlanm\u0131\u015ft\u0131r.<\/p>\n<hr style=\"border: none;border-top: 1px solid #cfcfcf;margin: 24px 0;width: 75%;text-align: left\" \/>\n<h2 style=\"text-align: left\"><span style=\"font-weight: bold\"><span style=\"color: #000000\">Ayr\u0131ca okuyunuz<\/span><\/span><\/h2>\n<ul>\n<li style=\"text-align: left\"><a href=\"https:\/\/informnapalm.org\/tr\/gonets\/\"><span style=\"color: #333333\">Rusya\u2019n\u0131n Starlink muadili Gonets\u2019e CYBINT operasyonu<\/span><\/a><\/li>\n<li style=\"text-align: left\"><a href=\"https:\/\/informnapalm.org\/tr\/rusyanin-emperyalist-paradigmasi\/\"><span style=\"color: #333333\">Ukrayna, Rusya\u2019n\u0131n emperyalist paradigmas\u0131n\u0131 i\u00e7eriden nas\u0131l zay\u0131flatabilir<\/span><\/a><\/li>\n<li style=\"text-align: left\"><a href=\"https:\/\/informnapalm.org\/tr\/informnapalm-kremline-karsi-12-yil\/\"><span style=\"color: #333333\">\u0130nformNapalm, Rusya\u2019ya kar\u015f\u0131 y\u00fcr\u00fctt\u00fc\u011f\u00fc istihbarat faaliyetlerinde on ikinci y\u0131l\u0131n\u0131 tamaml\u0131yor<\/span><\/a><\/li>\n<\/ul>\n<hr style=\"width: 100%;margin-left: 0\" \/>\n<p style=\"text-align: left\"><span style=\"color: #000000\"><img loading=\"lazy\" decoding=\"async\" class=\"alignleft\" title=\"\u0130nformNapalm&apos;\u0131n T\u00fcrk\u00e7e versiyonu\" src=\"https:\/\/informnapalm.org\/fr\/wp-content\/uploads\/sites\/2\/2015\/12\/InformNapalm_logo_05.png\" alt=\"\u0130nformNapalm&apos;\u0131n T\u00fcrk\u00e7e versiyonu\" width=\"120\" height=\"55\" \/> <span style=\"color: #333333\">Kayna\u011fa link atarak payla\u015f\u0131rsan\u0131z seviniriz! Creative Commons \u2013 Attribution 4.0 International \u2013 CC BY 4.0.<\/span> <span style=\"font-weight: bold\"><a href=\"https:\/\/www.facebook.com\/informnapalm24\/\">Facebook<\/a><\/span>, <span style=\"font-weight: bold\"><a href=\"https:\/\/twitter.com\/InformNapalm\">Twitter<\/a><\/span> <span style=\"color: #333333\">ve<\/span> <span style=\"font-weight: bold\"><a href=\"https:\/\/t.me\/informnapalm\">Telegram&#8217;da<\/a><\/span> <span style=\"color: #333333\">\u0130nformNapalm&#8217;\u0131n sayfalar\u0131n\u0131 takip edin.<\/span><\/span><\/p>\n<p style=\"text-align: left\">\u0130nformNapalm&#8217;\u0131n herhangi bir h\u00fck\u00fcmetten veya sponsordan mali deste\u011fi yoktur. Tek sponsorumuz bireysel g\u00f6n\u00fcll\u00fcler ve okuyuculard\u0131r. Ayr\u0131ca <span style=\"color: #333333\">BuyMeACoffee<\/span> arac\u0131l\u0131\u011f\u0131yla ayl\u0131k <span style=\"font-weight: bold\"><a href=\"https:\/\/www.buymeacoffee.com\/informnapalm\" target=\"_blank\" rel=\"noopener\">mini ba\u011f\u0131\u015flar<\/a> <\/span> yaparak \u0130nformNapalm&#8217;\u0131 destekleyebilirsiniz.<\/p>\n<\/div>\n<\/div>\n","protected":false},"excerpt":{"rendered":"<p>Avrupa \u00fclkeleri gelecekteki sava\u015flara ne \u00f6l\u00e7\u00fcde haz\u0131r olduklar\u0131n\u0131 tart\u0131\u015f\u0131rken, Rusya uzun s\u00fcredir \u00e7ocuklar\u0131 ve gen\u00e7leri asker\u00eele\u015ftiriyor. Bu&#8230;<\/p>\n","protected":false},"author":72,"featured_media":4669,"comment_status":"closed","ping_status":"closed","sticky":false,"template":"","format":"standard","meta":{"_acf_changed":false,"om_disable_all_campaigns":false,"_uf_show_specific_survey":0,"_uf_disable_surveys":false,"footnotes":""},"categories":[109,129,107,1],"tags":[3037,113,3033,3036,1874,3035,3038,1009,10,3034,103,3032,23,6,3031],"class_list":["post-4667","post","type-post","status-publish","format-standard","has-post-thumbnail","hentry","category-analitik","category-world","category-guncel","category-all-news","tag-askere-alim","tag-askeri-egitim","tag-askerilestirme","tag-bilissel-harp","tag-enformasyon-savasi","tag-genclik","tag-genclik-politikasi","tag-iha","tag-isgal","tag-junarmiya","tag-propaganda","tag-putinjugend","tag-rusya","tag-ukrayna","tag-zarnitsa-2-0"],"acf":[],"yoast_head":"<!-- This site is optimized with the Yoast SEO plugin v28.2 - https:\/\/yoast.com\/product\/yoast-seo-wordpress\/ -->\n<title>Zarnitsa 2.0 ve Rusya\u2019n\u0131n gelecekteki sava\u015flar i\u00e7in yeti\u015ftirdi\u011fi \u201cPutinjugend\u201d<\/title>\n<meta name=\"description\" content=\"Zarnitsa 2.0, Rusya\u2019n\u0131n \u00e7ocuklar\u0131 ve gen\u00e7leri asker\u00ee e\u011fitim, \u0130HA sistemleri, ideolojik y\u00f6nlendirme ve enformasyon faaliyetleriyle gelecekteki sava\u015flara nas\u0131l haz\u0131rlad\u0131\u011f\u0131n\u0131 g\u00f6steriyor.\" \/>\n<meta name=\"robots\" content=\"index, follow, max-snippet:-1, max-image-preview:large, max-video-preview:-1\" \/>\n<link rel=\"canonical\" href=\"https:\/\/informnapalm.org\/tr\/zarnitsa-2-0-rusyanin-putinjugendi\/\" \/>\n<meta property=\"og:locale\" content=\"en_US\" \/>\n<meta property=\"og:type\" content=\"article\" \/>\n<meta property=\"og:title\" content=\"Zarnitsa 2.0 ve Rusya\u2019n\u0131n gelecekteki sava\u015flar i\u00e7in yeti\u015ftirdi\u011fi \u201cPutinjugend\u201d\" \/>\n<meta property=\"og:description\" content=\"Zarnitsa 2.0, Rusya\u2019n\u0131n \u00e7ocuklar\u0131 ve gen\u00e7leri asker\u00ee e\u011fitim, \u0130HA sistemleri, ideolojik y\u00f6nlendirme ve enformasyon faaliyetleriyle gelecekteki sava\u015flara nas\u0131l haz\u0131rlad\u0131\u011f\u0131n\u0131 g\u00f6steriyor.\" \/>\n<meta property=\"og:url\" content=\"https:\/\/informnapalm.org\/tr\/zarnitsa-2-0-rusyanin-putinjugendi\/\" \/>\n<meta property=\"og:site_name\" content=\"\u0130nformNapalm&#039;\u0131n T\u00fcrk\u00e7e versiyonu\" \/>\n<meta property=\"article:published_time\" content=\"2026-09-02T12:00:24+00:00\" \/>\n<meta property=\"article:modified_time\" content=\"2026-09-02T13:04:44+00:00\" \/>\n<meta property=\"og:image\" content=\"https:\/\/informnapalm.org\/tr\/wp-content\/uploads\/sites\/12\/2026\/09\/Zarnitsa-2.0-ve-Rusyanin-gelecekteki-savaslar-icin-yetistirdigi-Putinjugend.jpg\" \/>\n\t<meta property=\"og:image:width\" content=\"642\" \/>\n\t<meta property=\"og:image:height\" content=\"336\" \/>\n\t<meta property=\"og:image:type\" content=\"image\/jpeg\" \/>\n<meta name=\"author\" content=\"2476\" \/>\n<meta name=\"twitter:label1\" content=\"Written by\" \/>\n\t<meta name=\"twitter:data1\" content=\"2476\" \/>\n\t<meta name=\"twitter:label2\" content=\"Est. reading time\" \/>\n\t<meta name=\"twitter:data2\" content=\"15 minutes\" \/>\n<script type=\"application\/ld+json\" class=\"yoast-schema-graph\">{\"@context\":\"https:\\\/\\\/schema.org\",\"@graph\":[{\"@type\":\"Article\",\"@id\":\"https:\\\/\\\/informnapalm.org\\\/tr\\\/zarnitsa-2-0-rusyanin-putinjugendi\\\/#article\",\"isPartOf\":{\"@id\":\"https:\\\/\\\/informnapalm.org\\\/tr\\\/zarnitsa-2-0-rusyanin-putinjugendi\\\/\"},\"author\":{\"name\":\"2476\",\"@id\":\"https:\\\/\\\/informnapalm.org\\\/tr\\\/#\\\/schema\\\/person\\\/e683569ccd9c71b2afa351e58e558cb1\"},\"headline\":\"Zarnitsa 2.0 ve Rusya\u2019n\u0131n gelecekteki sava\u015flar i\u00e7in yeti\u015ftirdi\u011fi \u201cPutinjugend\u201d\",\"datePublished\":\"2026-09-02T12:00:24+00:00\",\"dateModified\":\"2026-09-02T13:04:44+00:00\",\"mainEntityOfPage\":{\"@id\":\"https:\\\/\\\/informnapalm.org\\\/tr\\\/zarnitsa-2-0-rusyanin-putinjugendi\\\/\"},\"wordCount\":3500,\"image\":{\"@id\":\"https:\\\/\\\/informnapalm.org\\\/tr\\\/zarnitsa-2-0-rusyanin-putinjugendi\\\/#primaryimage\"},\"thumbnailUrl\":\"https:\\\/\\\/informnapalm.org\\\/tr\\\/wp-content\\\/uploads\\\/sites\\\/12\\\/2026\\\/09\\\/Zarnitsa-2.0-ve-Rusyanin-gelecekteki-savaslar-icin-yetistirdigi-Putinjugend.jpg\",\"keywords\":[\"askere al\u0131m\",\"askeri e\u011fitim\",\"asker\u00eele\u015ftirme\",\"bili\u015fsel harp\",\"Enformasyon sava\u015f\u0131\",\"gen\u00e7lik\",\"gen\u00e7lik politikas\u0131\",\"\u0130HA\",\"i\u015fgal\",\"Junarmiya\",\"propaganda\",\"Putinjugend\",\"Rusya\",\"Ukrayna\",\"Zarnitsa 2.0\"],\"articleSection\":[\"Analitik\",\"D\u00fcnya\",\"G\u00fcncel\",\"Haberler\"],\"inLanguage\":\"en-US\"},{\"@type\":\"WebPage\",\"@id\":\"https:\\\/\\\/informnapalm.org\\\/tr\\\/zarnitsa-2-0-rusyanin-putinjugendi\\\/\",\"url\":\"https:\\\/\\\/informnapalm.org\\\/tr\\\/zarnitsa-2-0-rusyanin-putinjugendi\\\/\",\"name\":\"Zarnitsa 2.0 ve Rusya\u2019n\u0131n gelecekteki sava\u015flar i\u00e7in yeti\u015ftirdi\u011fi \u201cPutinjugend\u201d\",\"isPartOf\":{\"@id\":\"https:\\\/\\\/informnapalm.org\\\/tr\\\/#website\"},\"primaryImageOfPage\":{\"@id\":\"https:\\\/\\\/informnapalm.org\\\/tr\\\/zarnitsa-2-0-rusyanin-putinjugendi\\\/#primaryimage\"},\"image\":{\"@id\":\"https:\\\/\\\/informnapalm.org\\\/tr\\\/zarnitsa-2-0-rusyanin-putinjugendi\\\/#primaryimage\"},\"thumbnailUrl\":\"https:\\\/\\\/informnapalm.org\\\/tr\\\/wp-content\\\/uploads\\\/sites\\\/12\\\/2026\\\/09\\\/Zarnitsa-2.0-ve-Rusyanin-gelecekteki-savaslar-icin-yetistirdigi-Putinjugend.jpg\",\"datePublished\":\"2026-09-02T12:00:24+00:00\",\"dateModified\":\"2026-09-02T13:04:44+00:00\",\"author\":{\"@id\":\"https:\\\/\\\/informnapalm.org\\\/tr\\\/#\\\/schema\\\/person\\\/e683569ccd9c71b2afa351e58e558cb1\"},\"description\":\"Zarnitsa 2.0, Rusya\u2019n\u0131n \u00e7ocuklar\u0131 ve gen\u00e7leri asker\u00ee e\u011fitim, \u0130HA sistemleri, ideolojik y\u00f6nlendirme ve enformasyon faaliyetleriyle gelecekteki sava\u015flara nas\u0131l haz\u0131rlad\u0131\u011f\u0131n\u0131 g\u00f6steriyor.\",\"breadcrumb\":{\"@id\":\"https:\\\/\\\/informnapalm.org\\\/tr\\\/zarnitsa-2-0-rusyanin-putinjugendi\\\/#breadcrumb\"},\"inLanguage\":\"en-US\",\"potentialAction\":[{\"@type\":\"ReadAction\",\"target\":[\"https:\\\/\\\/informnapalm.org\\\/tr\\\/zarnitsa-2-0-rusyanin-putinjugendi\\\/\"]}]},{\"@type\":\"ImageObject\",\"inLanguage\":\"en-US\",\"@id\":\"https:\\\/\\\/informnapalm.org\\\/tr\\\/zarnitsa-2-0-rusyanin-putinjugendi\\\/#primaryimage\",\"url\":\"https:\\\/\\\/informnapalm.org\\\/tr\\\/wp-content\\\/uploads\\\/sites\\\/12\\\/2026\\\/09\\\/Zarnitsa-2.0-ve-Rusyanin-gelecekteki-savaslar-icin-yetistirdigi-Putinjugend.jpg\",\"contentUrl\":\"https:\\\/\\\/informnapalm.org\\\/tr\\\/wp-content\\\/uploads\\\/sites\\\/12\\\/2026\\\/09\\\/Zarnitsa-2.0-ve-Rusyanin-gelecekteki-savaslar-icin-yetistirdigi-Putinjugend.jpg\",\"width\":642,\"height\":336,\"caption\":\"Zarnitsa 2.0 ve Rusya\u2019n\u0131n gelecekteki sava\u015flar i\u00e7in yeti\u015ftirdi\u011fi Putinjugend\"},{\"@type\":\"BreadcrumbList\",\"@id\":\"https:\\\/\\\/informnapalm.org\\\/tr\\\/zarnitsa-2-0-rusyanin-putinjugendi\\\/#breadcrumb\",\"itemListElement\":[{\"@type\":\"ListItem\",\"position\":1,\"name\":\"Home\",\"item\":\"https:\\\/\\\/informnapalm.org\\\/tr\\\/\"},{\"@type\":\"ListItem\",\"position\":2,\"name\":\"Zarnitsa 2.0 ve Rusya\u2019n\u0131n gelecekteki sava\u015flar i\u00e7in yeti\u015ftirdi\u011fi \u201cPutinjugend\u201d\"}]},{\"@type\":\"WebSite\",\"@id\":\"https:\\\/\\\/informnapalm.org\\\/tr\\\/#website\",\"url\":\"https:\\\/\\\/informnapalm.org\\\/tr\\\/\",\"name\":\"\u0130nformNapalm&#039;\u0131n T\u00fcrk\u00e7e versiyonu\",\"description\":\"Ukrayna&#039;dan son haberler\",\"potentialAction\":[{\"@type\":\"SearchAction\",\"target\":{\"@type\":\"EntryPoint\",\"urlTemplate\":\"https:\\\/\\\/informnapalm.org\\\/tr\\\/?s={search_term_string}\"},\"query-input\":{\"@type\":\"PropertyValueSpecification\",\"valueRequired\":true,\"valueName\":\"search_term_string\"}}],\"inLanguage\":\"en-US\"},{\"@type\":\"Person\",\"@id\":\"https:\\\/\\\/informnapalm.org\\\/tr\\\/#\\\/schema\\\/person\\\/e683569ccd9c71b2afa351e58e558cb1\",\"name\":\"2476\",\"image\":{\"@type\":\"ImageObject\",\"inLanguage\":\"en-US\",\"@id\":\"https:\\\/\\\/secure.gravatar.com\\\/avatar\\\/4cdfe9f344a6a3098c5b8f56d0951f5a6488eb77f72278644d45d1518136dda9?s=96&d=mm&r=g\",\"url\":\"https:\\\/\\\/secure.gravatar.com\\\/avatar\\\/4cdfe9f344a6a3098c5b8f56d0951f5a6488eb77f72278644d45d1518136dda9?s=96&d=mm&r=g\",\"contentUrl\":\"https:\\\/\\\/secure.gravatar.com\\\/avatar\\\/4cdfe9f344a6a3098c5b8f56d0951f5a6488eb77f72278644d45d1518136dda9?s=96&d=mm&r=g\",\"caption\":\"2476\"},\"url\":\"https:\\\/\\\/informnapalm.org\\\/tr\\\/author\\\/tugrul\\\/\"}]}<\/script>\n<!-- \/ Yoast SEO plugin. -->","yoast_head_json":{"title":"Zarnitsa 2.0 ve Rusya\u2019n\u0131n gelecekteki sava\u015flar i\u00e7in yeti\u015ftirdi\u011fi \u201cPutinjugend\u201d","description":"Zarnitsa 2.0, Rusya\u2019n\u0131n \u00e7ocuklar\u0131 ve gen\u00e7leri asker\u00ee e\u011fitim, \u0130HA sistemleri, ideolojik y\u00f6nlendirme ve enformasyon faaliyetleriyle gelecekteki sava\u015flara nas\u0131l haz\u0131rlad\u0131\u011f\u0131n\u0131 g\u00f6steriyor.","robots":{"index":"index","follow":"follow","max-snippet":"max-snippet:-1","max-image-preview":"max-image-preview:large","max-video-preview":"max-video-preview:-1"},"canonical":"https:\/\/informnapalm.org\/tr\/zarnitsa-2-0-rusyanin-putinjugendi\/","og_locale":"en_US","og_type":"article","og_title":"Zarnitsa 2.0 ve Rusya\u2019n\u0131n gelecekteki sava\u015flar i\u00e7in yeti\u015ftirdi\u011fi \u201cPutinjugend\u201d","og_description":"Zarnitsa 2.0, Rusya\u2019n\u0131n \u00e7ocuklar\u0131 ve gen\u00e7leri asker\u00ee e\u011fitim, \u0130HA sistemleri, ideolojik y\u00f6nlendirme ve enformasyon faaliyetleriyle gelecekteki sava\u015flara nas\u0131l haz\u0131rlad\u0131\u011f\u0131n\u0131 g\u00f6steriyor.","og_url":"https:\/\/informnapalm.org\/tr\/zarnitsa-2-0-rusyanin-putinjugendi\/","og_site_name":"\u0130nformNapalm&#039;\u0131n T\u00fcrk\u00e7e versiyonu","article_published_time":"2026-09-02T12:00:24+00:00","article_modified_time":"2026-09-02T13:04:44+00:00","og_image":[{"width":642,"height":336,"url":"https:\/\/informnapalm.org\/tr\/wp-content\/uploads\/sites\/12\/2026\/09\/Zarnitsa-2.0-ve-Rusyanin-gelecekteki-savaslar-icin-yetistirdigi-Putinjugend.jpg","type":"image\/jpeg"}],"author":"2476","twitter_misc":{"Written by":"2476","Est. reading time":"15 minutes"},"schema":{"@context":"https:\/\/schema.org","@graph":[{"@type":"Article","@id":"https:\/\/informnapalm.org\/tr\/zarnitsa-2-0-rusyanin-putinjugendi\/#article","isPartOf":{"@id":"https:\/\/informnapalm.org\/tr\/zarnitsa-2-0-rusyanin-putinjugendi\/"},"author":{"name":"2476","@id":"https:\/\/informnapalm.org\/tr\/#\/schema\/person\/e683569ccd9c71b2afa351e58e558cb1"},"headline":"Zarnitsa 2.0 ve Rusya\u2019n\u0131n gelecekteki sava\u015flar i\u00e7in yeti\u015ftirdi\u011fi \u201cPutinjugend\u201d","datePublished":"2026-09-02T12:00:24+00:00","dateModified":"2026-09-02T13:04:44+00:00","mainEntityOfPage":{"@id":"https:\/\/informnapalm.org\/tr\/zarnitsa-2-0-rusyanin-putinjugendi\/"},"wordCount":3500,"image":{"@id":"https:\/\/informnapalm.org\/tr\/zarnitsa-2-0-rusyanin-putinjugendi\/#primaryimage"},"thumbnailUrl":"https:\/\/informnapalm.org\/tr\/wp-content\/uploads\/sites\/12\/2026\/09\/Zarnitsa-2.0-ve-Rusyanin-gelecekteki-savaslar-icin-yetistirdigi-Putinjugend.jpg","keywords":["askere al\u0131m","askeri e\u011fitim","asker\u00eele\u015ftirme","bili\u015fsel harp","Enformasyon sava\u015f\u0131","gen\u00e7lik","gen\u00e7lik politikas\u0131","\u0130HA","i\u015fgal","Junarmiya","propaganda","Putinjugend","Rusya","Ukrayna","Zarnitsa 2.0"],"articleSection":["Analitik","D\u00fcnya","G\u00fcncel","Haberler"],"inLanguage":"en-US"},{"@type":"WebPage","@id":"https:\/\/informnapalm.org\/tr\/zarnitsa-2-0-rusyanin-putinjugendi\/","url":"https:\/\/informnapalm.org\/tr\/zarnitsa-2-0-rusyanin-putinjugendi\/","name":"Zarnitsa 2.0 ve Rusya\u2019n\u0131n gelecekteki sava\u015flar i\u00e7in yeti\u015ftirdi\u011fi \u201cPutinjugend\u201d","isPartOf":{"@id":"https:\/\/informnapalm.org\/tr\/#website"},"primaryImageOfPage":{"@id":"https:\/\/informnapalm.org\/tr\/zarnitsa-2-0-rusyanin-putinjugendi\/#primaryimage"},"image":{"@id":"https:\/\/informnapalm.org\/tr\/zarnitsa-2-0-rusyanin-putinjugendi\/#primaryimage"},"thumbnailUrl":"https:\/\/informnapalm.org\/tr\/wp-content\/uploads\/sites\/12\/2026\/09\/Zarnitsa-2.0-ve-Rusyanin-gelecekteki-savaslar-icin-yetistirdigi-Putinjugend.jpg","datePublished":"2026-09-02T12:00:24+00:00","dateModified":"2026-09-02T13:04:44+00:00","author":{"@id":"https:\/\/informnapalm.org\/tr\/#\/schema\/person\/e683569ccd9c71b2afa351e58e558cb1"},"description":"Zarnitsa 2.0, Rusya\u2019n\u0131n \u00e7ocuklar\u0131 ve gen\u00e7leri asker\u00ee e\u011fitim, \u0130HA sistemleri, ideolojik y\u00f6nlendirme ve enformasyon faaliyetleriyle gelecekteki sava\u015flara nas\u0131l haz\u0131rlad\u0131\u011f\u0131n\u0131 g\u00f6steriyor.","breadcrumb":{"@id":"https:\/\/informnapalm.org\/tr\/zarnitsa-2-0-rusyanin-putinjugendi\/#breadcrumb"},"inLanguage":"en-US","potentialAction":[{"@type":"ReadAction","target":["https:\/\/informnapalm.org\/tr\/zarnitsa-2-0-rusyanin-putinjugendi\/"]}]},{"@type":"ImageObject","inLanguage":"en-US","@id":"https:\/\/informnapalm.org\/tr\/zarnitsa-2-0-rusyanin-putinjugendi\/#primaryimage","url":"https:\/\/informnapalm.org\/tr\/wp-content\/uploads\/sites\/12\/2026\/09\/Zarnitsa-2.0-ve-Rusyanin-gelecekteki-savaslar-icin-yetistirdigi-Putinjugend.jpg","contentUrl":"https:\/\/informnapalm.org\/tr\/wp-content\/uploads\/sites\/12\/2026\/09\/Zarnitsa-2.0-ve-Rusyanin-gelecekteki-savaslar-icin-yetistirdigi-Putinjugend.jpg","width":642,"height":336,"caption":"Zarnitsa 2.0 ve Rusya\u2019n\u0131n gelecekteki sava\u015flar i\u00e7in yeti\u015ftirdi\u011fi Putinjugend"},{"@type":"BreadcrumbList","@id":"https:\/\/informnapalm.org\/tr\/zarnitsa-2-0-rusyanin-putinjugendi\/#breadcrumb","itemListElement":[{"@type":"ListItem","position":1,"name":"Home","item":"https:\/\/informnapalm.org\/tr\/"},{"@type":"ListItem","position":2,"name":"Zarnitsa 2.0 ve Rusya\u2019n\u0131n gelecekteki sava\u015flar i\u00e7in yeti\u015ftirdi\u011fi \u201cPutinjugend\u201d"}]},{"@type":"WebSite","@id":"https:\/\/informnapalm.org\/tr\/#website","url":"https:\/\/informnapalm.org\/tr\/","name":"\u0130nformNapalm&#039;\u0131n T\u00fcrk\u00e7e versiyonu","description":"Ukrayna&#039;dan son haberler","potentialAction":[{"@type":"SearchAction","target":{"@type":"EntryPoint","urlTemplate":"https:\/\/informnapalm.org\/tr\/?s={search_term_string}"},"query-input":{"@type":"PropertyValueSpecification","valueRequired":true,"valueName":"search_term_string"}}],"inLanguage":"en-US"},{"@type":"Person","@id":"https:\/\/informnapalm.org\/tr\/#\/schema\/person\/e683569ccd9c71b2afa351e58e558cb1","name":"2476","image":{"@type":"ImageObject","inLanguage":"en-US","@id":"https:\/\/secure.gravatar.com\/avatar\/4cdfe9f344a6a3098c5b8f56d0951f5a6488eb77f72278644d45d1518136dda9?s=96&d=mm&r=g","url":"https:\/\/secure.gravatar.com\/avatar\/4cdfe9f344a6a3098c5b8f56d0951f5a6488eb77f72278644d45d1518136dda9?s=96&d=mm&r=g","contentUrl":"https:\/\/secure.gravatar.com\/avatar\/4cdfe9f344a6a3098c5b8f56d0951f5a6488eb77f72278644d45d1518136dda9?s=96&d=mm&r=g","caption":"2476"},"url":"https:\/\/informnapalm.org\/tr\/author\/tugrul\/"}]}},"post_src":"<div style=\"color: #000000;text-align: left\">\r\n<p lang=\"tr\" style=\"text-align: left\"><span style=\"font-weight: bold;font-family: Helvetica Neue,Helvetica,Arial,Nimbus Sans L,sans-serif\">Avrupa \u00fclkeleri gelecekteki sava\u015flara ne \u00f6l\u00e7\u00fcde haz\u0131r olduklar\u0131n\u0131 tart\u0131\u015f\u0131rken, Rusya uzun s\u00fcredir \u00e7ocuklar\u0131 ve gen\u00e7leri asker\u00eele\u015ftiriyor. Bu sistem, i\u015fgal alt\u0131ndaki b\u00f6lgelerde ya\u015fayan Ukraynal\u0131 \u00e7ocuklar\u0131 da kaps\u0131yor. \u00c7ocuklar Rusya\u2019n\u0131n asker\u00ee, e\u011fitim ve ideoloji alan\u0131ndaki yap\u0131lar\u0131na d\u00e2hil ediliyor.\r\n<\/span><\/p>\r\n\r\n<div style=\"color: #333333;text-align: left\">\r\n<p style=\"text-align: left\">2019 y\u0131l\u0131nda Andriy Lu\u00e7kov ile Polonyal\u0131 ara\u015ft\u0131rmac\u0131 Andrzej Leszkiewicz, a\u00e7\u0131k kaynaklara dayanan kapsaml\u0131 bir ara\u015ft\u0131rma yay\u0131mlad\u0131. A\u00e7\u0131k kaynak ara\u015ft\u0131rmalar\u0131 konusunda uzman olan Lu\u00e7kov, ayn\u0131 zamanda \u0130nformNapalm g\u00f6n\u00fcll\u00fcs\u00fcd\u00fcr. Ara\u015ft\u0131rma, Rusya\u2019n\u0131n yan\u0131 s\u0131ra i\u015fgal alt\u0131ndaki K\u0131r\u0131m ve Donbas\u2019ta \u00e7ocuklar\u0131n asker\u00eele\u015ftirilmesini ele al\u0131yordu. \u00c7al\u0131\u015fma <a href=\"https:\/\/informnapalm.org\/en\/putinjugend-children-for-russian-war\/\" target=\"_blank\" rel=\"noopener\">Putinjugend Children for Russian War<\/a> ad\u0131yla yay\u0131mland\u0131 ve <a href=\"https:\/\/informnapalm.org\/ua\/yunarmiia-putinjugend\/\" target=\"_blank\" rel=\"noopener\">Ukraynaca bir s\u00fcr\u00fcm\u00fc<\/a> de haz\u0131rland\u0131.<\/p>\r\n\r\n<h2 style=\"color: #000000;font-size: 1.3rem;font-weight: bold;margin-top: 24px;margin-bottom: 12px;font-family: &#039;Helvetica Neue&#039;, Helvetica, Arial, &#039;Nimbus Sans L&#039;, sans-serif;text-align: left\">Asker\u00ee e\u011fitimden devlet eliyle \u00f6rg\u00fctlenen sava\u015f haz\u0131rl\u0131\u011f\u0131na<\/h2>\r\n<p style=\"text-align: left\">Ara\u015ft\u0131rma, Kremlin\u2019in devlet kurumlar\u0131, e\u011fitim sistemi ve asker\u00ee-vatansever kurulu\u015flar arac\u0131l\u0131\u011f\u0131yla \u00e7ocuklar\u0131n d\u00fcnya g\u00f6r\u00fc\u015f\u00fcn\u00fc nas\u0131l \u015fekillendirdi\u011fini ortaya koyuyordu. Yazarlar ayr\u0131ca asker\u00ee k\u00fclt\u00fcr\u00fcn nas\u0131l normalle\u015ftirildi\u011fini ve gen\u00e7lerin Rusya\u2019n\u0131n gelecekteki sava\u015flar\u0131na nas\u0131l haz\u0131rland\u0131\u011f\u0131n\u0131 inceledi. Asker\u00eele\u015ftirme, Rus devletinin gelecekteki asker\u00ee sald\u0131rganl\u0131\u011f\u0131na y\u00f6nelik politikas\u0131n\u0131n bir par\u00e7as\u0131 olarak de\u011ferlendirildi.<\/p>\r\n<p style=\"text-align: left\">Ara\u015ft\u0131rma hem Ukrayna\u2019da hem de uluslararas\u0131 alanda geni\u015f yank\u0131 uyand\u0131rd\u0131. Aradan yedi y\u0131ldan fazla zaman ge\u00e7mesine ra\u011fmen s\u00f6z konusu yap\u0131lar ortadan kald\u0131r\u0131lmad\u0131. Aksine geni\u015fletildi ve Ukrayna\u2019ya kar\u015f\u0131 y\u00fcr\u00fct\u00fclen geni\u015f \u00e7apl\u0131 sava\u015f\u0131n deneyimlerine g\u00f6re uyarland\u0131. \u0130nformNapalm 2019 y\u0131l\u0131nda Yunarmiya\u2019y\u0131, kadet s\u0131n\u0131flar\u0131n\u0131, asker\u00ee kamplar\u0131, at\u0131\u015f e\u011fitimini ve di\u011fer asker\u00ee e\u011fitim bi\u00e7imlerini incelemi\u015fti. 2026 y\u0131l\u0131na gelindi\u011finde sistem art\u0131k \u0130HA e\u011fitimi, may\u0131n ve istihk\u00e2m g\u00f6revleri, taarruz e\u011fitimi, muhabere ve enformasyon faaliyetlerini de kaps\u0131yor.<\/p>\r\n<p style=\"text-align: left\">Bunun en belirgin \u00f6rneklerinden biri, Rusya genelinde y\u00fcr\u00fct\u00fclen asker\u00ee-vatansever Zarnitsa 2.0 program\u0131d\u0131r. Program\u0131n \u00fc\u00e7\u00fcnc\u00fc sezonunun federal finali A\u011fustos ve Eyl\u00fcl 2026\u2019da Volgograd b\u00f6lgesinde ger\u00e7ekle\u015ftiriliyor. Ancak etkinli\u011fin \u201coyun\u201d olarak tan\u0131mlanmas\u0131 ger\u00e7ekte ne oldu\u011funu tam olarak yans\u0131tm\u0131yor. Program\u0131n \u00f6l\u00e7e\u011fi, \u00f6rg\u00fctlenme bi\u00e7imi ve e\u011fitmenlerin ge\u00e7mi\u015fi, s\u0131radan bir gen\u00e7lik yar\u0131\u015fmas\u0131n\u0131n \u00e7ok \u00f6tesine ge\u00e7iyor. Ayn\u0131 durum e\u011fitimin i\u00e7eri\u011fi i\u00e7in de ge\u00e7erli.<\/p>\r\n<p style=\"text-align: left\">Organizat\u00f6rlere g\u00f6re 2026 y\u0131l\u0131nda programa kat\u0131lmak i\u00e7in 3,2 milyondan fazla okul ve \u00fcniversite \u00f6\u011frencisi ba\u015fvurdu. Finalin ilk a\u015famas\u0131na \u00fcst ya\u015f grubundan 960 ki\u015fi kat\u0131ld\u0131. Kat\u0131l\u0131mc\u0131lar, onar ki\u015filik 96 gruba ayr\u0131ld\u0131. Organizat\u00f6rler ayr\u0131ca gen\u00e7lerden d\u00fczenli olarak \u201caskerler\u201d diye s\u00f6z ediyor.<\/p>\r\n<img class=\"alignnone\" style=\"width: 642pt;height: auto;border: 2pt solid #000\" title=\"Zarnitsa 2.0\" src=\"https:\/\/informnapalm.org\/ua\/wp-content\/uploads\/sites\/9\/2026\/09\/photo_2026-08-22_13-03-07-2.jpg\" alt=\"Zarnitsa 2.0\" width=\"1280\" height=\"853\" \/>\r\n<p style=\"text-align: left\">Zarnitsa 2.0, Dvijeniye Perv\u0131h, Yunarmiya ve VOIN merkezi taraf\u0131ndan y\u00fcr\u00fct\u00fcl\u00fcyor. Program, Rosmolodyoj ile Rusya E\u011fitim Bakanl\u0131\u011f\u0131 ve Savunma Bakanl\u0131\u011f\u0131 taraf\u0131ndan destekleniyor. Ayn\u0131 zamanda \u201cGen\u00e7lik ve \u00c7ocuklar\u201d adl\u0131 federal ulusal projenin bir par\u00e7as\u0131. Dolay\u0131s\u0131yla bu faaliyet, devletin \u00f6rg\u00fctl\u00fc gen\u00e7lik politikas\u0131n\u0131n bir unsurudur. Yerel veya ba\u011f\u0131ms\u0131z bir giri\u015fim de\u011fildir.<\/p>\r\n\r\n<h2 style=\"color: #000000;font-size: 1.3rem;font-weight: bold;margin-top: 24px;margin-bottom: 12px;font-family: &#039;Helvetica Neue&#039;, Helvetica, Arial, &#039;Nimbus Sans L&#039;, sans-serif;text-align: left\">Yedi ya\u015f\u0131ndan asker\u00ee hizmete al\u0131nabilecek ya\u015fa kadar<\/h2>\r\n<p style=\"text-align: left\">Rusya, 2026 y\u0131l\u0131nda Zarnitsa 2.0\u2019\u0131n ya\u015f s\u0131n\u0131rlar\u0131n\u0131 geni\u015fletti. Program art\u0131k d\u00f6rt ya\u015f grubunu kaps\u0131yor. En k\u00fc\u00e7\u00fck grup 7\u201310 ya\u015f aras\u0131ndaki \u00e7ocuklardan olu\u015fuyor. Orta grup 11\u201313 ya\u015f aras\u0131ndaki \u00e7ocuklar\u0131, \u00fcst grup ise 14\u201317 ya\u015f aras\u0131ndaki gen\u00e7leri kaps\u0131yor. Ayr\u0131ca 18\u201323 ya\u015f aras\u0131ndaki ki\u015filer i\u00e7in \u00f6zel bir kategori bulunuyor.<\/p>\r\n<p style=\"text-align: left\">Bu \u00f6zel kategori \u00f6nemli bir de\u011fi\u015fiklik anlam\u0131na geliyor. \u00dcst ya\u015f s\u0131n\u0131r\u0131 ilk kez 23\u2019e \u00e7\u0131kar\u0131ld\u0131. Programa pedagojik y\u00fcksek\u00f6\u011fretim kurumlar\u0131nda okuyan \u00f6\u011frenciler de d\u00e2hil edilebiliyor. Bunlar\u0131n bir b\u00f6l\u00fcm\u00fcn\u00fcn daha sonra k\u00fc\u00e7\u00fck ya\u015ftaki kat\u0131l\u0131mc\u0131lara rehberlik etmesi planlan\u0131yor.<\/p>\r\n<img class=\"alignnone\" style=\"width: 642pt;height: auto;border: 2pt solid #000\" title=\"Zarnitsa 2.0\" src=\"https:\/\/informnapalm.org\/ua\/wp-content\/uploads\/sites\/9\/2026\/09\/photo_2026-08-29_18-01-48.jpg\" alt=\"Zarnitsa 2.0\" width=\"1280\" height=\"853\" \/>\r\n\r\n<img class=\"alignnone\" style=\"width: 642pt;height: auto;border: 2pt solid #000\" title=\"Zarnitsa 2.0\" src=\"https:\/\/informnapalm.org\/ua\/wp-content\/uploads\/sites\/9\/2026\/09\/photo_2026-08-29_18-01-49.jpg\" alt=\"Zarnitsa 2.0\" width=\"1280\" height=\"853\" \/>\r\n<p style=\"text-align: left\">Rusya E\u011fitim Bakanl\u0131\u011f\u0131, Zarnitsa 2.0\u2019\u0131 temel asker\u00ee e\u011fitim bilgilerinin uygulamada peki\u015ftirilmesini sa\u011flayan bir ara\u00e7 olarak tan\u0131ml\u0131yor. Program ayn\u0131 zamanda asker\u00ee okullara ve y\u00fcksek\u00f6\u011fretim kurumlar\u0131na y\u00f6nelmek isteyen gen\u00e7ler i\u00e7in mesleki y\u00f6nlendirme platformu olarak sunuluyor. Organizat\u00f6rler bu gen\u00e7leri, \u201cgeleceklerini vatana hizmete ba\u011flamaya\u201d haz\u0131r ki\u015filer olarak tan\u0131ml\u0131yor.<\/p>\r\n<p style=\"text-align: left\">B\u00f6ylece erken ya\u015fta asker\u00ee faaliyetlerle tan\u0131\u015fmaktan fiil\u00ee askerlik hizmetine kadar uzanabilecek kesintisiz bir yol olu\u015fturuluyor. \u0130lk temas yedi ya\u015f\u0131nda ba\u015flayabiliyor. On bir ya\u015f\u0131ndan itibaren belirli asker\u00ee g\u00f6revler ve i\u015flevler devreye giriyor. 14\u201317 ya\u015f aras\u0131nda daha karma\u015f\u0131k taktik e\u011fitimler uygulan\u0131yor. En \u00fcst ya\u015f grubu ise asker\u00ee e\u011fitim ve olas\u0131 askere al\u0131m a\u00e7\u0131s\u0131ndan uygun ya\u015ftaki ki\u015fileri kaps\u0131yor.<\/p>\r\n<img class=\"alignnone\" style=\"width: 642pt;height: auto;border: 2pt solid #000\" title=\"Bili\u015fsel harp\" src=\"https:\/\/informnapalm.org\/ua\/wp-content\/uploads\/sites\/9\/2026\/09\/photo_2026-08-13_21-35-45.jpg\" alt=\"Bili\u015fsel harp\" width=\"1280\" height=\"853\" \/>\r\n\r\n<img class=\"alignnone\" style=\"width: 642pt;height: auto;border: 2pt solid #000\" title=\"Bili\u015fsel harp\" src=\"https:\/\/informnapalm.org\/ua\/wp-content\/uploads\/sites\/9\/2026\/09\/photo_2026-07-06_03-00-43.jpg\" alt=\"Bili\u015fsel harp\" width=\"1280\" height=\"853\" \/>\r\n<p style=\"text-align: left\">Zarnitsa resm\u00ee olarak bir seferberlik rezervi haz\u0131rlama program\u0131 olarak tan\u0131mlanm\u0131yor. Ancak en \u00fcst ya\u015f kategorisindeki ki\u015filer re\u015fit ve asker\u00ee e\u011fitim kurumlar\u0131na ba\u015fvurabilecek ya\u015ftalar. Ayr\u0131ca Rusya Savunma Bakanl\u0131\u011f\u0131yla s\u00f6zle\u015fme imzalayarak askerlik hizmetine girebiliyorlar. Bu nedenle program, gen\u00e7lik faaliyetlerinden asker\u00ee hizmete uzanan bir ge\u00e7i\u015f yolu olu\u015fturabilir. Sisteme y\u0131llarca kat\u0131lan biri a\u00e7\u0131s\u0131ndan ger\u00e7ek askerlik hizmetine ge\u00e7i\u015fin psikolojik e\u015fi\u011fi de giderek d\u00fc\u015f\u00fcyor.<\/p>\r\n\r\n<h2 style=\"color: #000000;font-size: 1.3rem;font-weight: bold;margin-top: 24px;margin-bottom: 12px;font-family: &#039;Helvetica Neue&#039;, Helvetica, Arial, &#039;Nimbus Sans L&#039;, sans-serif;text-align: left\">On bir ya\u015f\u0131ndan itibaren asker\u00ee e\u011fitim<\/h2>\r\n<p style=\"text-align: left\">Zarnitsa, en k\u00fc\u00e7\u00fck ya\u015ftaki \u00e7ocuklar i\u00e7in h\u00e2l\u00e2 geleneksel asker\u00ee-sportif gen\u00e7lik faaliyetlerinin baz\u0131 unsurlar\u0131n\u0131 ta\u015f\u0131yor. Daha b\u00fcy\u00fck ya\u015f gruplar\u0131nda ise \u00f6rg\u00fctlenme bi\u00e7imi ve \u00e7al\u0131\u015fma d\u00fczeni giderek asker\u00ee birli\u011fin yap\u0131s\u0131na benziyor.<\/p>\r\n<img class=\"alignnone\" style=\"width: 642pt;height: auto;border: 2pt solid #000\" title=\"Zarnitsa 2.0 - Putinjugend\" src=\"https:\/\/informnapalm.org\/ua\/wp-content\/uploads\/sites\/9\/2026\/09\/photo_2026-07-05_14-08-51.jpg\" alt=\"Zarnitsa 2.0 - Putinjugend\" width=\"1280\" height=\"853\" \/>\r\n\r\n<img class=\"alignnone\" style=\"width: 642pt;height: auto;border: 2pt solid #000\" title=\"Zarnitsa 2.0 - Putinjugend\" src=\"https:\/\/informnapalm.org\/ua\/wp-content\/uploads\/sites\/9\/2026\/09\/photo_2026-08-29_18-01-51.jpg\" alt=\"Zarnitsa 2.0 - Putinjugend\" width=\"1280\" height=\"853\" \/>\r\n<p style=\"text-align: left\">2026 y\u0131l\u0131nda yedi farkl\u0131 s\u00f6zde asker\u00ee uzmanl\u0131k alan\u0131 bulunuyor. Bunlar komutan, taarruz askeri, may\u0131n temizleme g\u00f6revleri y\u00fcr\u00fcten istihk\u00e2m eri, sa\u011fl\u0131k g\u00f6revlisi, muhabereci, \u0130HA operat\u00f6r\u00fc ve sava\u015f muhabiridir.<\/p>\r\n<p style=\"text-align: left\">Kat\u0131l\u0131mc\u0131lar ayr\u0131ca at\u0131\u015f, taktik, taktik t\u0131p ve KBRN korunmas\u0131 alanlar\u0131nda e\u011fitim al\u0131yor. E\u011fitim, sahra mevzilerinin haz\u0131rlanmas\u0131n\u0131, mevzilerin kamufle edilmesini ve zorlu ko\u015fullarda hayatta kalmay\u0131 da kaps\u0131yor. Federal final, kapsaml\u0131 bir asker\u00ee-taktik tatbikatla sona eriyor. Tatbikatta \u201cgarnizon hizmeti\u201d, karma intikal, arazide hareket ve final niteli\u011findeki bir \u201c\u00e7at\u0131\u015fma\u201d da bulunuyor.<\/p>\r\n<img class=\"alignnone\" style=\"width: 642pt;height: auto;border: 2pt solid #000\" title=\"Zarnitsa 2.0 - Putinjugend\" src=\"https:\/\/informnapalm.org\/ua\/wp-content\/uploads\/sites\/9\/2026\/09\/photo_2026-08-30_14-27-51-3.jpg\" alt=\"Zarnitsa 2.0 - Putinjugend\" width=\"1280\" height=\"853\" \/>\r\n\r\n<img class=\"alignnone\" style=\"width: 642pt;height: auto;border: 2pt solid #000\" title=\"Zarnitsa 2.0 - Putinjugend\" src=\"https:\/\/informnapalm.org\/ua\/wp-content\/uploads\/sites\/9\/2026\/09\/photo_2026-08-27_19-49-49-3.jpg\" alt=\"Zarnitsa 2.0 - Putinjugend\" width=\"1280\" height=\"854\" \/>\r\n<p style=\"text-align: left\">Zarnitsa\u2019n\u0131n resm\u00ee bilgi kanal\u0131, taarruz askerlerinin e\u011fitimini de ayr\u0131nt\u0131l\u0131 bi\u00e7imde a\u00e7\u0131kl\u0131yor. E\u011fitimde \u201cd\u00fc\u015fman mevzilerinin etkisiz h\u00e2le getirilmesi\u201d, ikili ekipler h\u00e2linde hareket ve siperlerden yararlanma gibi unsurlar yer al\u0131yor. Ayr\u0131ca binalara girme ve dar alanlarda \u00e7at\u0131\u015fma e\u011fitimi veriliyor. Dolay\u0131s\u0131yla mesele yaln\u0131zca fiziksel e\u011fitim veya engel parkurlar\u0131ndan ibaret de\u011fil. Gen\u00e7ler, modern muharip birliklerde kullan\u0131lan g\u00f6rev ve y\u00f6ntemler konusunda e\u011fitiliyor.<\/p>\r\n\r\n<h2 style=\"color: #000000;font-size: 1.3rem;font-weight: bold;margin-top: 24px;margin-bottom: 12px;font-family: &#039;Helvetica Neue&#039;, Helvetica, Arial, &#039;Nimbus Sans L&#039;, sans-serif;text-align: left\">Gen\u00e7lik e\u011fitimine \u0130HA sava\u015f\u0131ndan aktar\u0131lan deneyimler<\/h2>\r\n<p style=\"text-align: left\">\u0130nsans\u0131z sistemlere y\u00f6nelik e\u011fitim, devam eden Rusya-Ukrayna sava\u015f\u0131ndan edinilen deneyimleri a\u00e7\u0131k bi\u00e7imde yans\u0131t\u0131yor. Yar\u0131\u015fmalarda operat\u00f6rlerin \u00fc\u00e7 farkl\u0131 platform kullanmas\u0131 gerekiyor. Bunlardan biri ke\u015fif, di\u011feri taarruz amac\u0131yla kullan\u0131l\u0131yor. \u00dc\u00e7\u00fcnc\u00fcs\u00fc ise insans\u0131z bir kara platformu.<\/p>\r\n<p style=\"text-align: left\">Resm\u00ee tatbikat senaryosu, bir r\u00f6le istasyonunun kurulmas\u0131n\u0131 ve havadan ke\u015fif yap\u0131lmas\u0131n\u0131 i\u00e7eriyor. Kat\u0131l\u0131mc\u0131lar\u0131n, sim\u00fcle edilen d\u00fc\u015fman\u0131n personelini ve ate\u015f mevzilerini tespit etmesi gerekiyor. Ayr\u0131ca \u0130HA\u2019lardan y\u00fck b\u0131rakmalar\u0131 isteniyor. Bir taarruz \u0130HA\u2019s\u0131n\u0131n ise ate\u015f mevzisini vurmak i\u00e7in kullan\u0131lmas\u0131 \u00f6ng\u00f6r\u00fcl\u00fcyor. G\u00f6rev tamamland\u0131ktan sonra kullan\u0131lan te\u00e7hizat\u0131n geri getirilmesi gerekiyor.<\/p>\r\n<img class=\"alignnone\" style=\"width: 642pt;height: auto;border: 2pt solid #000\" title=\"Putinjugend\" src=\"https:\/\/informnapalm.org\/ua\/wp-content\/uploads\/sites\/9\/2026\/09\/photo_2026-07-05_14-08-49.jpg\" alt=\"Putinjugend\" width=\"1280\" height=\"853\" \/>\r\n\r\n<img class=\"alignnone\" style=\"width: 642pt;height: auto;border: 2pt solid #000\" title=\"Putinjugend\" src=\"https:\/\/informnapalm.org\/ua\/wp-content\/uploads\/sites\/9\/2026\/09\/photo_2026-08-15_13-36-21.jpg\" alt=\"Putinjugend\" width=\"1170\" height=\"780\" \/>\r\n\r\n<img class=\"alignnone\" style=\"width: 642pt;height: auto;border: 2pt solid #000\" title=\"Putinjugend\" src=\"https:\/\/informnapalm.org\/ua\/wp-content\/uploads\/sites\/9\/2026\/09\/photo_2026-08-30_14-27-52.jpg\" alt=\"Putinjugend\" width=\"1280\" height=\"853\" \/>\r\n\r\n<img class=\"alignnone\" style=\"width: 642pt;height: auto;border: 2pt solid #000\" title=\"Putinjugend\" src=\"https:\/\/informnapalm.org\/ua\/wp-content\/uploads\/sites\/9\/2026\/09\/photo_2026-08-31_15-24-04.jpg\" alt=\"Putinjugend\" width=\"1280\" height=\"853\" \/>\r\n<p style=\"text-align: left\">Organizat\u00f6rler yaln\u0131zca kat\u0131l\u0131mc\u0131lar\u0131n sistemleri kullanma becerisini de\u011ferlendirmiyor. Hedef isabet oran\u0131 ve muharebe g\u00f6revinin tamamlanma s\u00fcresi de puanlamaya d\u00e2hil ediliyor. B\u00f6ylece sava\u015fta edinilen y\u00f6ntemler ve teknik deneyimler do\u011frudan gen\u00e7lik e\u011fitimine aktar\u0131l\u0131yor. \u0130HA\u2019lar yaln\u0131zca teknik beceri kazanmak i\u00e7in kullan\u0131lm\u0131yor. Senaryolar a\u00e7\u0131k\u00e7a ke\u015fif, hedef tespiti ve hedeflerin vurulmas\u0131n\u0131 i\u00e7eriyor.<\/p>\r\n<p style=\"text-align: left\">Bu durum, daha eski asker\u00ee-vatansever gen\u00e7lik faaliyetlerine k\u0131yasla belirgin bir de\u011fi\u015fimdir. \u00d6nceden daha \u00e7ok talim, fiziksel e\u011fitim ve silah kullan\u0131m\u0131 \u00f6ne \u00e7\u0131k\u0131yordu. Art\u0131k devam eden sava\u015fta b\u00fcy\u00fck \u00f6nem ta\u015f\u0131yan teknolojiler ve y\u00f6ntemler de e\u011fitimin par\u00e7as\u0131 h\u00e2line gelmi\u015f durumda.<\/p>\r\n\r\n<h2 style=\"color: #000000;font-size: 1.3rem;font-weight: bold;margin-top: 24px;margin-bottom: 12px;font-family: &#039;Helvetica Neue&#039;, Helvetica, Arial, &#039;Nimbus Sans L&#039;, sans-serif;text-align: left\">Birli\u011fin par\u00e7as\u0131 olarak sava\u015f muhabiri<\/h2>\r\n<p style=\"text-align: left\">Zarnitsa 2.0\u2019\u0131n bir ba\u015fka unsuru da sava\u015f muhabirli\u011fi g\u00f6revidir. Ayn\u0131 grubun i\u00e7inde taarruz askerleri, may\u0131n temizleme personeli, muhabereciler ve \u0130HA operat\u00f6rleri bulunuyor. Sava\u015f muhabirinin olaylar\u0131 belgelemek, foto\u011fraf ve video \u00e7ekmek ve r\u00f6portajlar yapmak gibi g\u00f6revleri var. Ayr\u0131ca haber malzemesi toplamas\u0131, analiz etmesi ve \u00fcretmesi gerekiyor.<\/p>\r\n<p style=\"text-align: left\">Kat\u0131l\u0131mc\u0131 ayn\u0131 zamanda grubun enformasyon kanallar\u0131ndan da sorumlu. G\u00f6revlerinden biri, organizat\u00f6rlerin \u201cdo\u011fru\u201d ve \u201cg\u00fcvenilmez\u201d olarak tan\u0131mlad\u0131\u011f\u0131 bilgileri birbirinden ay\u0131rmak. Enformasyon faaliyetleri ayn\u0131 zamanda yar\u0131\u015fma sonucunu da etkiliyor. Finale ili\u015fkin b\u00f6lgesel belgelerde, grubun kanal\u0131ndaki her takip\u00e7i i\u00e7in 0,1 puan ald\u0131\u011f\u0131 belirtiliyor. Final \u00e7at\u0131\u015fmas\u0131n\u0131n canl\u0131 yay\u0131n\u0131 s\u0131ras\u0131nda izleyici etkinli\u011fi de gruba avantaj sa\u011flayabiliyor.<\/p>\r\n\r\n<div style=\"text-align: left\">\r\n<blockquote class=\"twitter-tweet\" style=\"text-align: left;margin-left: 0;margin-right: auto\">\r\n<p dir=\"ltr\" lang=\"en\" style=\"text-align: left\">While <a href=\"https:\/\/x.com\/hashtag\/Europe?src=hash&amp;ref_src=twsrc%5Etfw\">#Europe<\/a> debates whether it is ready for a future war, <a href=\"https:\/\/x.com\/hashtag\/Russia?src=hash&amp;ref_src=twsrc%5Etfw\">#Russia<\/a> is already preparing the next generation for one.<\/p>\r\nThat preparation includes Ukrainian children from the temporarily occupied territories, whom Moscow is systematically absorbing into its military, educational\u2026 <a href=\"https:\/\/t.co\/tXLKnmJWBP\">pic.twitter.com\/tXLKnmJWBP<\/a>\r\n\r\n\u2014 InformNapalm (@InformNapalm) <a href=\"https:\/\/x.com\/InformNapalm\/status\/2094785973812855097?ref_src=twsrc%5Etfw\">September 1, 2026<\/a><\/blockquote>\r\n<\/div>\r\n<script src=\"https:\/\/platform.x.com\/widgets.js\"><\/script>\r\n<p style=\"text-align: left\">Bu nedenle e\u011fitim yaln\u0131zca yaz\u0131 yazmak, foto\u011fraf \u00e7ekmek veya olaylar\u0131 belgelemekten ibaret de\u011fil. Kat\u0131l\u0131mc\u0131lar enformasyon kanallar\u0131 olu\u015fturmay\u0131 ve i\u00e7erik \u00fcretmeyi \u00f6\u011freniyor. Hedef kitlelerle \u00e7al\u0131\u015fma ve i\u00e7eri\u011fin eri\u015fimini art\u0131rma konusunda deneyim kazan\u0131yorlar. Ayr\u0131ca kendi gruplar\u0131n\u0131n faaliyetlerine enformasyon deste\u011fi sa\u011flamay\u0131 \u00f6\u011freniyorlar. Bu beceriler, modern enformasyon faaliyetleri ve bili\u015fsel harp a\u00e7\u0131s\u0131ndan do\u011frudan \u00f6nem ta\u015f\u0131yor.<\/p>\r\n<p style=\"text-align: left\">Program b\u00f6ylece modern sava\u015f\u0131n iki bile\u015fenini bir araya getiriyor. Asker\u00ee bile\u015fende komutanlar, taarruz askerleri, may\u0131n temizleme personeli, sa\u011fl\u0131k g\u00f6revlileri, muhabereciler ve \u0130HA operat\u00f6rleri bulunuyor. Di\u011fer bile\u015fen ise enformasyon \u00fcretimi, ileti\u015fim kanallar\u0131, hedef kitlelerle \u00e7al\u0131\u015fma ve olaylar\u0131n nas\u0131l alg\u0131land\u0131\u011f\u0131n\u0131 etkileme faaliyetlerinden olu\u015fuyor. Baz\u0131 kat\u0131l\u0131mc\u0131lar bir d\u00fc\u015fman\u0131 tespit etmeyi ve senaryo gere\u011fi etkisiz h\u00e2le getirmeyi \u00f6\u011freniyor. Di\u011ferleri ise olaylar\u0131 belgelemeyi, anlatmay\u0131 ve bir kitleye aktarmay\u0131 \u00f6\u011freniyor.<\/p>\r\n\r\n<h2 style=\"color: #000000;font-size: 1.3rem;font-weight: bold;margin-top: 24px;margin-bottom: 12px;font-family: &#039;Helvetica Neue&#039;, Helvetica, Arial, &#039;Nimbus Sans L&#039;, sans-serif;text-align: left\">Sava\u015fa kat\u0131lan askerler komutan ve rol modeli olarak<\/h2>\r\n<p style=\"text-align: left\">E\u011fitmenlerin se\u00e7imi, program\u0131n Rusya\u2019n\u0131n Ukrayna\u2019ya kar\u015f\u0131 y\u00fcr\u00fctt\u00fc\u011f\u00fc mevcut sava\u015fla ne kadar yak\u0131ndan ba\u011flant\u0131l\u0131 oldu\u011funu g\u00f6steriyor. Federal finalin komutan\u0131 Vladimir Mihaylovski.<\/p>\r\n<img class=\"alignnone\" style=\"width: 642pt;height: auto;border: 2pt solid #000\" title=\"Vladimir Mihaylovski\" src=\"https:\/\/informnapalm.org\/ua\/wp-content\/uploads\/sites\/9\/2026\/09\/photo_2026-08-22_13-03-07.jpg\" alt=\"Vladimir Mihaylovski\" width=\"1280\" height=\"853\" \/>\r\n<p style=\"text-align: left\">Vladimir Mihaylovski muhaf\u0131z birliklerinde binba\u015f\u0131d\u0131r ve \u00fc\u00e7 Rus Cesaret Ni\u015fan\u0131 sahibidir. Ukrayna\u2019ya kar\u015f\u0131 y\u00fcr\u00fct\u00fclen sava\u015fa kat\u0131lm\u0131\u015ft\u0131r. Ayr\u0131ca Rusya Devlet Ba\u015fkanl\u0131\u011f\u0131n\u0131n \u201cVremya Geroyev\u201d yani \u201cKahramanlar Zaman\u0131\u201d program\u0131nda yer almaktad\u0131r.<\/p>\r\n<img class=\"alignnone\" style=\"width: 642pt;height: auto;border: 2pt solid #000\" title=\"Yegor Aleksandrovi\u00e7 Zaharov\" src=\"https:\/\/informnapalm.org\/ua\/wp-content\/uploads\/sites\/9\/2026\/09\/photo_2026-08-21_13-22-09.jpg\" alt=\"Yegor Aleksandrovi\u00e7 Zaharov\" width=\"1280\" height=\"1280\" \/>\r\n<p style=\"text-align: left\">Finaldeki d\u00f6rt sim\u00fcle edilmi\u015f \u201cordu\u201d, ayn\u0131 programa kat\u0131lan ki\u015filer ve sava\u015fa kat\u0131l\u0131mlar\u0131 nedeniyle ni\u015fanland\u0131r\u0131lm\u0131\u015f Rus askerleri taraf\u0131ndan y\u00f6netiliyor. Amur ordusunun ba\u015f\u0131nda Yegor Aleksandrovi\u00e7 Zaharov bulunuyor. Kendisine Rusya Federasyonu Kahraman\u0131 unvan\u0131 ve Cesaret Ni\u015fan\u0131 verilmi\u015ftir. Ob ordusunu Vadim Andreyevi\u00e7 B\u0131kov y\u00f6netiyor. B\u0131kov iki Cesaret Ni\u015fan\u0131 sahibidir.<\/p>\r\n<p style=\"text-align: left\">Kama ordusunun ba\u015f\u0131nda Aleksey Sergeyevi\u00e7 Jbanov bulunuyor. O da iki Cesaret Ni\u015fan\u0131 sahibidir. Volga ordusunu Vladislav Andreyevi\u00e7 Frolov y\u00f6netiyor. Kendisine Cesaret Ni\u015fan\u0131 verilmi\u015ftir. \u0130simler, g\u00f6rev da\u011f\u0131l\u0131m\u0131 ve \u00f6d\u00fcller Zarnitsa\u2019n\u0131n resm\u00ee sunum materyallerinde yer al\u0131yor. Makaleye g\u00f6re bu bilgiler finalden yay\u0131mlanan a\u00e7\u0131k kaynak materyallerle de do\u011frulan\u0131yor.<\/p>\r\n<img class=\"alignnone\" style=\"width: 642pt;height: auto;border: 2pt solid #000\" title=\"Nikita Aleksandrovi\u00e7 \u0130vanov\" src=\"https:\/\/informnapalm.org\/ua\/wp-content\/uploads\/sites\/9\/2026\/09\/photo_2026-08-21_20-09-00.jpg\" alt=\"Nikita Aleksandrovi\u00e7 \u0130vanov\" width=\"1280\" height=\"1280\" \/>\r\n<p style=\"text-align: left\">Nikita Aleksandrovi\u00e7 \u0130vanov, komutan yard\u0131mc\u0131s\u0131 olarak g\u00f6steriliyor. Kendisi Rusya\u2019n\u0131n s\u00f6zde \u201c\u00f6zel asker\u00ee operasyonuna\u201d kat\u0131lan biri olarak tan\u0131t\u0131l\u0131yor. Ayr\u0131ca Suvorov Madalyas\u0131 ile \u00f6d\u00fcllendirildi\u011fi belirtiliyor. Bunun yan\u0131 s\u0131ra Yunarmiya \u00fcyesi ve gen\u00e7lerin asker\u00ee-vatansever e\u011fitimi alan\u0131nda faaliyet g\u00f6steren bir ki\u015fi olarak sunuluyor.<\/p>\r\n<p style=\"text-align: left\">B\u00f6ylece \u00e7ocuklar\u0131n kar\u015f\u0131s\u0131na yaln\u0131zca tarih\u00ee veya soyut asker\u00ee fig\u00fcrler \u00e7\u0131kar\u0131lm\u0131yor. Program kapsam\u0131nda do\u011frudan Rusya\u2019n\u0131n Ukrayna\u2019ya kar\u015f\u0131 y\u00fcr\u00fctt\u00fc\u011f\u00fc mevcut sava\u015fta deneyim kazanm\u0131\u015f ki\u015filerin y\u00f6netimine veriliyorlar. Organizat\u00f6rler, e\u011fitmenlerin g\u00f6revini yaln\u0131zca pratik e\u011fitim vermekle s\u0131n\u0131rl\u0131 g\u00f6rm\u00fcyor. Bu ki\u015filerin kendi d\u00fcnya g\u00f6r\u00fc\u015flerini ve ya\u015fam deneyimlerini de gen\u00e7lere aktarmas\u0131 bekleniyor.<\/p>\r\n<p style=\"text-align: left\">Jbanov, g\u00f6revlerinden birini a\u00e7\u0131k\u00e7a \u201ckendi d\u00fcnya g\u00f6r\u00fc\u015f\u00fcn\u00fc payla\u015fmak\u201d \u015feklinde tan\u0131mlam\u0131\u015ft\u0131r. Ayn\u0131 zamanda kat\u0131l\u0131mc\u0131lara mentor olmas\u0131 bekleniyor. B\u00f6ylece sava\u015f deneyimi hem e\u011fitim program\u0131 hem de \u00f6rnek al\u0131nan ki\u015filer arac\u0131l\u0131\u011f\u0131yla aktar\u0131l\u0131yor. Devam eden sava\u015f, gen\u00e7lere aktar\u0131lan d\u00fcnya g\u00f6r\u00fc\u015f\u00fcn\u00fcn de bir par\u00e7as\u0131 h\u00e2line geliyor.<\/p>\r\n\r\n<h2 style=\"color: #000000;font-size: 1.3rem;font-weight: bold;margin-top: 24px;margin-bottom: 12px;font-family: &#039;Helvetica Neue&#039;, Helvetica, Arial, &#039;Nimbus Sans L&#039;, sans-serif;text-align: left\">\u0130\u015fgal alt\u0131ndaki Ukrayna b\u00f6lgelerinin sisteme d\u00e2hil edilmesi<\/h2>\r\n<p style=\"text-align: left\">Zarnitsa 2.0, i\u015fgal alt\u0131ndaki Ukrayna b\u00f6lgelerini Rusya\u2019n\u0131n idari ve ideolojik yap\u0131lar\u0131na d\u00e2hil etmek i\u00e7in de kullan\u0131l\u0131yor. Finalin resm\u00ee haritas\u0131nda i\u015fgal alt\u0131ndaki K\u0131r\u0131m, herhangi bir \u00f6zel i\u015faret veya a\u00e7\u0131klama olmaks\u0131z\u0131n g\u00f6steriliyor. K\u0131r\u0131m, Rusya\u2019n\u0131n G\u00fcney Federal B\u00f6lgesi\u2019nin bir par\u00e7as\u0131 olarak sunuluyor. B\u00f6ylece sim\u00fcle edilmi\u015f \u201cVolga\u201d ordusuna d\u00e2hil ediliyor.<\/p>\r\n<img class=\"alignnone\" style=\"width: 642pt;height: auto;border: 2pt solid #000\" title=\"Zarnitsa 2.0\" src=\"https:\/\/informnapalm.org\/ua\/wp-content\/uploads\/sites\/9\/2026\/09\/photo_2026-08-21_22-49-56.jpg\" alt=\"Zarnitsa 2.0\" width=\"1280\" height=\"1280\" \/>\r\n<p style=\"text-align: left\">Ayn\u0131 haritada d\u00f6rt \u201c\u00f6zel birlik\u201d de \u201cVolga\u201dya ba\u011flanm\u0131\u015f durumda. Makaleye g\u00f6re harita, bu birliklerin i\u015fgal alt\u0131ndaki Ukrayna topraklar\u0131n\u0131 da kapsad\u0131\u011f\u0131n\u0131 g\u00f6steriyor. Ukraynal\u0131 \u00e7ocuklar\u0131n programa kat\u0131ld\u0131\u011f\u0131 ba\u015fka resm\u00ee Rus materyallerinden de anla\u015f\u0131l\u0131yor.<\/p>\r\n<p style=\"text-align: left\">Rusya 2026 y\u0131l\u0131nda K\u0131r\u0131m\u2019da Zarnitsa 2.0\u2019\u0131n kendi b\u00f6lgesel etab\u0131n\u0131 d\u00fczenledi. Rusya Acil Durumlar Bakanl\u0131\u011f\u0131na g\u00f6re yakla\u015f\u0131k 500 \u00e7ocuk kat\u0131ld\u0131. Simferopol\u2019den kazananlar, yar\u0131\u015fman\u0131n bir sonraki a\u015famas\u0131na kat\u0131lmak \u00fczere Volgograd b\u00f6lgesine g\u00f6nderildi. Burada i\u015fgal alt\u0131ndaki yar\u0131maday\u0131 temsil ettiler.<\/p>\r\n<img class=\"alignnone\" style=\"width: 642pt;height: auto;border: 2pt solid #000\" title=\"K\u0131r\u0131m\u2019da Zarnitsa 2.0\" src=\"https:\/\/informnapalm.org\/ua\/wp-content\/uploads\/sites\/9\/2026\/09\/photo_2026-08-31_15-24-04-3.jpg\" alt=\"K\u0131r\u0131m\u2019da Zarnitsa 2.0\" width=\"1280\" height=\"853\" \/>\r\n\r\n<img class=\"alignnone\" style=\"width: 642pt;height: auto;border: 2pt solid #000\" title=\"K\u0131r\u0131m\u2019da Zarnitsa 2.0\" src=\"https:\/\/informnapalm.org\/ua\/wp-content\/uploads\/sites\/9\/2026\/09\/photo_2026-08-31_15-24-04-6.jpg\" alt=\"K\u0131r\u0131m\u2019da Zarnitsa 2.0\" width=\"1280\" height=\"853\" \/>\r\n<p style=\"text-align: left\">Donetsk ve Luhansk b\u00f6lgelerinin i\u015fgal alt\u0131ndaki kesimlerinden gelen tak\u0131mlar da G\u00fcney Federal B\u00f6lgesi etab\u0131na kat\u0131ld\u0131. Rusya\u2019n\u0131n di\u011fer b\u00f6lgelerinden gelen tak\u0131mlarla ayn\u0131 ko\u015fullarda yar\u0131\u015ft\u0131lar. Bu tak\u0131mlar 18\u201323 ya\u015f kategorisinde de yer ald\u0131 ve ayn\u0131 yedi asker\u00ee uzmanl\u0131k alan\u0131nda yar\u0131\u015ft\u0131. B\u00f6ylece Zarnitsa, i\u015fgalin kat\u0131l\u0131mc\u0131lara aktar\u0131lan ger\u00e7eklik alg\u0131s\u0131n\u0131n do\u011fal bir par\u00e7as\u0131 h\u00e2line getirilmesine katk\u0131da bulunuyor.<\/p>\r\n\r\n<h2 style=\"color: #000000;font-size: 1.3rem;font-weight: bold;margin-top: 24px;margin-bottom: 12px;font-family: &#039;Helvetica Neue&#039;, Helvetica, Arial, &#039;Nimbus Sans L&#039;, sans-serif;text-align: left\">Hitlerjugend ile kar\u015f\u0131la\u015ft\u0131rma<\/h2>\r\n<p style=\"text-align: left\">Asker\u00ee-vatansever gen\u00e7lik \u00f6rg\u00fctleri, kadet programlar\u0131 ve savunma odakl\u0131 gen\u00e7lik e\u011fitimi yaln\u0131zca Rusya\u2019da bulunmuyor. \u0130lk yard\u0131m, at\u0131c\u0131l\u0131k, y\u00f6n bulma veya asker\u00ee beceriler konusunda e\u011fitim verilmesi tek ba\u015f\u0131na totaliter bir gen\u00e7lik modelinin kan\u0131t\u0131 de\u011fildir. Bu nedenle Hitlerjugend ile yap\u0131lacak bir kar\u015f\u0131la\u015ft\u0131rma yaln\u0131zca \u00fcniformal\u0131 \u00e7ocuklara veya asker\u00ee e\u011fitime dayand\u0131r\u0131lamaz.<\/p>\r\n<p style=\"text-align: left\">Makalede yap\u0131lan kar\u015f\u0131la\u015ft\u0131rma bunun yerine sistemin yap\u0131s\u0131 ve i\u015fleviyle ilgilidir. ABD Holokost Anma M\u00fczesi, Hitlerjugend\u2019i gen\u00e7lerin d\u00fcnya g\u00f6r\u00fc\u015f\u00fcn\u00fc \u015fekillendirmek i\u00e7in kullan\u0131lan devlet kontrol\u00fcndeki bir ara\u00e7 olarak tan\u0131ml\u0131yor. \u00d6rg\u00fct ayn\u0131 zamanda erkek \u00e7ocuklar\u0131n\u0131 gelecekteki askerlik hizmetine haz\u0131rl\u0131yordu. \u00c7ocuklar ve gen\u00e7ler asker\u00ee tatbikatlara kat\u0131l\u0131yor ve silah kullanma e\u011fitimi al\u0131yordu.<\/p>\r\n<p style=\"text-align: left\">Kitlesel rit\u00fceller, propaganda ve kolektif faaliyetler rejime ba\u011fl\u0131l\u0131k olu\u015fturmak amac\u0131yla kullan\u0131l\u0131yordu. 1939 y\u0131l\u0131na gelindi\u011finde Nazi gen\u00e7lik \u00f6rg\u00fctlerine kat\u0131l\u0131m zorunlu h\u00e2le gelmi\u015fti. Zarnitsa 2.0, Hitlerjugend ile \u00f6zde\u015f de\u011fildir. Rusya\u2019da kat\u0131l\u0131m\u0131 zorunlu k\u0131lan benzer bir hukuki d\u00fczenleme bulunmuyor. Tarihsel ve siyasi ko\u015fullar da farkl\u0131d\u0131r.<\/p>\r\n<p style=\"text-align: left\">Bununla birlikte kar\u015f\u0131la\u015ft\u0131rma baz\u0131 yap\u0131sal benzerliklere dayan\u0131yor. Sistem \u00e7ok geni\u015f \u00e7ocuk gruplar\u0131n\u0131 kaps\u0131yor ve devlet taraf\u0131ndan \u00f6rg\u00fctleniyor. Faaliyetler ilkokul \u00e7a\u011f\u0131nda ba\u015fl\u0131yor ve ideolojik e\u011fitim ile asker\u00ee e\u011fitimi bir araya getiriyor. Asker\u00ee hiyerar\u015fi ve rit\u00fcelle\u015ftirme de sistemin par\u00e7as\u0131. Devam eden sava\u015fa kat\u0131lm\u0131\u015f ki\u015filer gen\u00e7lere rol modeli olarak sunuluyor.<\/p>\r\n<p style=\"text-align: left\">\u00c7ocuklar ve gen\u00e7ler modern sava\u015f alanlar\u0131nda kullan\u0131lan g\u00f6revler i\u00e7in e\u011fitiliyor. Sistem ayn\u0131 zamanda askerlik hizmetine uzanabilecek bir yol olu\u015fturuyor. \u0130\u015fgal alt\u0131ndaki b\u00f6lgeler Rus devletinin par\u00e7alar\u0131ym\u0131\u015f gibi sunuluyor. Buna ek olarak hedef kitlelerle \u00e7al\u0131\u015fma ve kamuoyu alg\u0131s\u0131n\u0131 etkilemeye y\u00f6nelik \u00f6zel bir enformasyon bile\u015feni bulunuyor.<\/p>\r\n<p style=\"text-align: left\">\u0130nformNapalm, \u201cPutinjugend\u201d ifadesini bu anlamda kullan\u0131yor. Kavram, iki sistemin tarihsel a\u00e7\u0131dan tamamen ayn\u0131 oldu\u011fu iddias\u0131n\u0131 ta\u015f\u0131m\u0131yor. Sald\u0131r\u0131 sava\u015f\u0131 y\u00fcr\u00fcten bir devletin ayn\u0131 zamanda bir sonraki nesli \u015fekillendirdi\u011fi bir geli\u015fim y\u00f6n\u00fcn\u00fc tan\u0131ml\u0131yor. Bu s\u00fcre\u00e7 asker\u00ee e\u011fitim, ideolojik yeti\u015ftirme ve devlet eliyle \u00f6rg\u00fctlenen gen\u00e7lik faaliyetleri arac\u0131l\u0131\u011f\u0131yla y\u00fcr\u00fct\u00fcl\u00fcyor.<\/p>\r\n\r\n<h2 style=\"color: #000000;font-size: 1.3rem;font-weight: bold;margin-top: 24px;margin-bottom: 12px;font-family: &#039;Helvetica Neue&#039;, Helvetica, Arial, &#039;Nimbus Sans L&#039;, sans-serif;text-align: left\">Gelecekteki sava\u015flar i\u00e7in uzun vadeli bir yap\u0131<\/h2>\r\n<p style=\"text-align: left\">Zarnitsa 2.0\u2019a kay\u0131t yapt\u0131ran 3,2 milyon ki\u015finin tamam\u0131n\u0131n ileride asker olaca\u011f\u0131n\u0131 varsaymak i\u00e7in herhangi bir temel yoktur. B\u00f6yle bir sonu\u00e7 hatal\u0131 olur. Rusya\u2019n\u0131n stratejisini de\u011ferlendirirken bireylerin gelecekte hangi mesle\u011fi se\u00e7ece\u011finden \u00e7ok, sistemin \u00f6l\u00e7e\u011fi ve s\u00fcreklili\u011fi \u00f6nemlidir.<\/p>\r\n<p style=\"text-align: left\">Sistem, asker\u00ee k\u00fclt\u00fcr\u00fc daha ilkokul \u00e7a\u011f\u0131nda g\u00fcnl\u00fck hayat\u0131n normal bir par\u00e7as\u0131 h\u00e2line getiriyor. On bir ya\u015f\u0131ndan itibaren asker\u00ee g\u00f6revlerle \u00f6rt\u00fc\u015fen roller tan\u0131t\u0131l\u0131yor. Devam eden sava\u015f\u0131n deneyimleri FPV dronlar\u0131, taarruz \u0130HA\u2019lar\u0131 ve taarruz e\u011fitimi arac\u0131l\u0131\u011f\u0131yla sisteme aktar\u0131l\u0131yor. Sava\u015f deneyimine sahip ki\u015filer e\u011fitmen ve rol modeli olarak kullan\u0131l\u0131yor.<\/p>\r\n<img class=\"alignnone\" style=\"width: 642pt;height: auto;border: 2pt solid #000\" title=\"Zarnitsa 2.0\" src=\"https:\/\/informnapalm.org\/ua\/wp-content\/uploads\/sites\/9\/2026\/09\/photo_2026-09-01_13-57-13-2.jpg\" alt=\"Zarnitsa 2.0\" width=\"1280\" height=\"853\" \/>\r\n\r\n<img class=\"alignnone\" style=\"width: 642pt;height: auto;border: 2pt solid #000\" title=\"Zarnitsa 2.0\" src=\"https:\/\/informnapalm.org\/ua\/wp-content\/uploads\/sites\/9\/2026\/09\/photo_2026-09-01_13-57-13-3.jpg\" alt=\"Zarnitsa 2.0\" width=\"1280\" height=\"853\" \/>\r\n<p style=\"text-align: left\">Gen\u00e7lerin bir b\u00f6l\u00fcm\u00fc enformasyon faaliyetleri konusunda e\u011fitim al\u0131yor. Program 23 ya\u015f\u0131na kadar devam ediyor. Dolay\u0131s\u0131yla en \u00fcst ya\u015f grubu, do\u011frudan asker\u00ee hizmete al\u0131nman\u0131n m\u00fcmk\u00fcn oldu\u011fu bir ya\u015f aral\u0131\u011f\u0131nda bulunuyor.<\/p>\r\n<p style=\"text-align: left\">Avrupa devletleri, be\u015f veya on y\u0131l sonra hangi asker\u00ee tehditlerle kar\u015f\u0131la\u015fabileceklerini tart\u0131\u015f\u0131yor. Rusya ise o tarihte yakla\u015f\u0131k 18\u201330 ya\u015f aras\u0131nda olacak nesli \u015fimdiden \u015fekillendiriyor. E\u011fitim, \u0130HA operat\u00f6rleri, may\u0131n temizleme personeli, taarruz askerleri ve muhabereciler gibi g\u00f6revleri kaps\u0131yor. Asker\u00ee operasyonlarla ba\u011flant\u0131l\u0131 enformasyon faaliyetleri de program\u0131n bir par\u00e7as\u0131. Kat\u0131l\u0131mc\u0131lar ayr\u0131ca insanlar\u0131n bilgiyi nas\u0131l alg\u0131lad\u0131\u011f\u0131n\u0131 ve yorumlad\u0131\u011f\u0131n\u0131 etkilemeye y\u00f6nelik y\u00f6ntemler konusunda e\u011fitiliyor.<\/p>\r\n\r\n<h2 style=\"color: #000000;font-size: 1.3rem;font-weight: bold;margin-top: 24px;margin-bottom: 12px;font-family: &#039;Helvetica Neue&#039;, Helvetica, Arial, &#039;Nimbus Sans L&#039;, sans-serif;text-align: left\">Uyar\u0131dan devlet eliyle \u00f6rg\u00fctlenen bir sisteme<\/h2>\r\n<p style=\"text-align: left\">\u0130nformNapalm bu geli\u015fme i\u00e7in \u201cPutinjugend\u201d tan\u0131m\u0131n\u0131 daha 2019 y\u0131l\u0131nda kullanm\u0131\u015ft\u0131. Asker\u00eele\u015ftirme yaln\u0131zca bir propaganda faaliyeti olarak de\u011ferlendirilmemi\u015fti. Gelecekteki sava\u015flar i\u00e7in insan kayna\u011f\u0131na yap\u0131lan uzun vadeli bir yat\u0131r\u0131m olarak tan\u0131mlanm\u0131\u015ft\u0131.<\/p>\r\n<p style=\"text-align: left\">Yedi y\u0131l sonra sistem, makaleye g\u00f6re daha b\u00fcy\u00fck ve teknik a\u00e7\u0131dan daha geli\u015fmi\u015f h\u00e2le geldi. Ayn\u0131 zamanda modern sava\u015f alan\u0131n\u0131n ihtiya\u00e7lar\u0131na daha belirgin bi\u00e7imde uyarland\u0131. Geleneksel talim ve silah e\u011fitiminin yan\u0131na taarruz \u0130HA\u2019lar\u0131, dijital muhabere sistemleri ve taarruz e\u011fitimi eklendi. Bunlara enformasyon faaliyetleri ve bili\u015fsel harp i\u00e7in haz\u0131rl\u0131klar da d\u00e2hil edildi.<\/p>\r\n<p style=\"text-align: left\">Ukrayna ve Avrupa\u2019n\u0131n geri kalan\u0131 a\u00e7\u0131s\u0131ndan mesele yaln\u0131zca Rusya\u2019n\u0131n mevcut sald\u0131rganl\u0131\u011f\u0131 de\u011fildir. Uzun vadeli g\u00fcvenlik de\u011ferlendirmelerinde Rusya\u2019n\u0131n olu\u015fturdu\u011fu kaynaklar da dikkate al\u0131nmal\u0131d\u0131r. Bunlar insan g\u00fcc\u00fc, asker\u00ee kapasite ve enformasyon alan\u0131ndaki kaynaklar\u0131 kaps\u0131yor. Bu kaynaklar gelecekteki sava\u015flarda kullan\u0131labilir.<\/p>\r\n<p style=\"text-align: left\">Rusya\u2019da bir \u201cPutinjugend\u201d olu\u015fturuldu\u011fu y\u00f6n\u00fcndeki uyar\u0131 2019 y\u0131l\u0131nda yap\u0131lm\u0131\u015ft\u0131. 2026 y\u0131l\u0131 itibar\u0131yla art\u0131k yaln\u0131zca bir \u00f6ng\u00f6r\u00fcden s\u00f6z edilmiyor. G\u00fcn\u00fcm\u00fczde pratikte izlenebilen, geni\u015f kapsaml\u0131 ve devlet eliyle \u00f6rg\u00fctlenmi\u015f bir sistem bulunuyor.<\/p>\r\n<p style=\"text-align: left\">Makale Andriy L\u0131s\u0131ts\u0131n taraf\u0131ndan \u0130nformNapalm i\u00e7in haz\u0131rlanm\u0131\u015ft\u0131r.<\/p>\r\n\r\n\r\n<hr style=\"border: none;border-top: 1px solid #cfcfcf;margin: 24px 0;width: 75%;text-align: left\" \/>\r\n\r\n<h2 style=\"text-align: left\"><span style=\"font-weight: bold\"><span style=\"color: #000000\">Ayr\u0131ca okuyunuz<\/span><\/span><\/h2>\r\n<ul>\r\n \t<li style=\"text-align: left\"><a href=\"https:\/\/informnapalm.org\/tr\/gonets\/\"><span style=\"color: #333333\">Rusya\u2019n\u0131n Starlink muadili Gonets\u2019e CYBINT operasyonu<\/span><\/a><\/li>\r\n \t<li style=\"text-align: left\"><a href=\"https:\/\/informnapalm.org\/tr\/rusyanin-emperyalist-paradigmasi\/\"><span style=\"color: #333333\">Ukrayna, Rusya\u2019n\u0131n emperyalist paradigmas\u0131n\u0131 i\u00e7eriden nas\u0131l zay\u0131flatabilir<\/span><\/a><\/li>\r\n \t<li style=\"text-align: left\"><a href=\"https:\/\/informnapalm.org\/tr\/informnapalm-kremline-karsi-12-yil\/\"><span style=\"color: #333333\">\u0130nformNapalm, Rusya\u2019ya kar\u015f\u0131 y\u00fcr\u00fctt\u00fc\u011f\u00fc istihbarat faaliyetlerinde on ikinci y\u0131l\u0131n\u0131 tamaml\u0131yor<\/span><\/a><\/li>\r\n<\/ul>\r\n\r\n<hr style=\"width: 100%;margin-left: 0\" \/>\r\n<p style=\"text-align: left\"><span style=\"color: #000000\"><img class=\"alignleft\" title=\"\u0130nformNapalm&apos;\u0131n T\u00fcrk\u00e7e versiyonu\" src=\"https:\/\/informnapalm.org\/fr\/wp-content\/uploads\/sites\/2\/2015\/12\/InformNapalm_logo_05.png\" alt=\"\u0130nformNapalm&apos;\u0131n T\u00fcrk\u00e7e versiyonu\" width=\"120\" height=\"55\" \/> <span style=\"color: #333333\">Kayna\u011fa link atarak payla\u015f\u0131rsan\u0131z seviniriz! Creative Commons \u2013 Attribution 4.0 International \u2013 CC BY 4.0.<\/span> <span style=\"font-weight: bold\"><a href=\"https:\/\/www.facebook.com\/informnapalm24\/\">Facebook<\/a><\/span>, <span style=\"font-weight: bold\"><a href=\"https:\/\/twitter.com\/InformNapalm\">Twitter<\/a><\/span> <span style=\"color: #333333\">ve<\/span> <span style=\"font-weight: bold\"><a href=\"https:\/\/t.me\/informnapalm\">Telegram'da<\/a><\/span> <span style=\"color: #333333\">\u0130nformNapalm'\u0131n sayfalar\u0131n\u0131 takip edin.<\/span><\/span><\/p>\r\n<p style=\"text-align: left\">\u0130nformNapalm'\u0131n herhangi bir h\u00fck\u00fcmetten veya sponsordan mali deste\u011fi yoktur. Tek sponsorumuz bireysel g\u00f6n\u00fcll\u00fcler ve okuyuculard\u0131r. Ayr\u0131ca <span style=\"color: #333333\">BuyMeACoffee<\/span> arac\u0131l\u0131\u011f\u0131yla ayl\u0131k <span style=\"font-weight: bold\"><a href=\"https:\/\/www.buymeacoffee.com\/informnapalm\" target=\"_blank\" rel=\"noopener\">mini ba\u011f\u0131\u015flar<\/a> <\/span> yaparak \u0130nformNapalm'\u0131 destekleyebilirsiniz.<\/p>\r\n\r\n<\/div>\r\n<\/div>","amp_enabled":false,"_links":{"self":[{"href":"https:\/\/informnapalm.org\/tr\/wp-json\/wp\/v2\/posts\/4667","targetHints":{"allow":["GET"]}}],"collection":[{"href":"https:\/\/informnapalm.org\/tr\/wp-json\/wp\/v2\/posts"}],"about":[{"href":"https:\/\/informnapalm.org\/tr\/wp-json\/wp\/v2\/types\/post"}],"author":[{"embeddable":true,"href":"https:\/\/informnapalm.org\/tr\/wp-json\/wp\/v2\/users\/72"}],"replies":[{"embeddable":true,"href":"https:\/\/informnapalm.org\/tr\/wp-json\/wp\/v2\/comments?post=4667"}],"version-history":[{"count":8,"href":"https:\/\/informnapalm.org\/tr\/wp-json\/wp\/v2\/posts\/4667\/revisions"}],"predecessor-version":[{"id":4676,"href":"https:\/\/informnapalm.org\/tr\/wp-json\/wp\/v2\/posts\/4667\/revisions\/4676"}],"wp:featuredmedia":[{"embeddable":true,"href":"https:\/\/informnapalm.org\/tr\/wp-json\/wp\/v2\/media\/4669"}],"wp:attachment":[{"href":"https:\/\/informnapalm.org\/tr\/wp-json\/wp\/v2\/media?parent=4667"}],"wp:term":[{"taxonomy":"category","embeddable":true,"href":"https:\/\/informnapalm.org\/tr\/wp-json\/wp\/v2\/categories?post=4667"},{"taxonomy":"post_tag","embeddable":true,"href":"https:\/\/informnapalm.org\/tr\/wp-json\/wp\/v2\/tags?post=4667"}],"curies":[{"name":"wp","href":"https:\/\/api.w.org\/{rel}","templated":true}]}}