{"id":4677,"date":"2026-09-02T20:19:00","date_gmt":"2026-09-02T20:19:00","guid":{"rendered":"https:\/\/informnapalm.org\/tr\/?p=4677"},"modified":"2026-09-02T20:26:12","modified_gmt":"2026-09-02T20:26:12","slug":"sivil-havacilik","status":"publish","type":"post","link":"https:\/\/informnapalm.org\/tr\/sivil-havacilik\/","title":{"rendered":"Rusya\u2019n\u0131n \u00f6zel asker\u00ee operasyonunun \u00fclkenin sivil havac\u0131l\u0131\u011f\u0131 \u00fczerindeki sonu\u00e7lar\u0131"},"content":{"rendered":"<div lang=\"tr\" style=\"color: #000000;text-align: left\">\n<p style=\"text-align: left\"><span style=\"font-weight: bold;font-family: Helvetica Neue,Helvetica,Arial,Nimbus Sans L,sans-serif\">Bir y\u0131l \u00f6nce \u0130nformNapalm, Ukrayna\u2019n\u0131n uzun menzilli sistemlerle d\u00fczenledi\u011fi sald\u0131r\u0131lar\u0131n Rusya\u2019y\u0131 hava sahas\u0131n\u0131n baz\u0131 b\u00f6l\u00fcmlerini kapatmaya zorlad\u0131\u011f\u0131na, bunun da \u00fclkenin sivil hava trafi\u011fini k\u0131s\u0131tlayarak ekonomik kay\u0131plara yol a\u00e7t\u0131\u011f\u0131na dikkat \u00e7ekmi\u015fti.<\/span><\/p>\n<div style=\"color: #333333;text-align: left\">\n<p style=\"text-align: left\">Cumhurba\u015fkan\u0131 Volodimir Zelenskiy\u2019nin 1 Eyl\u00fcl\u2019de yapt\u0131\u011f\u0131 a\u00e7\u0131klama ve The Atlantic\u2019in Moskova \u00e7evresindeki hava trafi\u011fini s\u00fcrekli olarak aksatmaya y\u00f6nelik bir Ukrayna plan\u0131na ili\u015fkin aktard\u0131\u011f\u0131 bilgiler, bu etkinin art\u0131k Rusya\u2019ya kar\u015f\u0131 daha sistematik bir bask\u0131 arac\u0131na d\u00f6n\u00fc\u015fmeye ba\u015flad\u0131\u011f\u0131 izlenimini do\u011furuyor.<\/p>\n<h2 style=\"color: #000000;font-size: 1.3rem;font-weight: bold;margin-top: 24px;margin-bottom: 12px;font-family: &#039;Helvetica Neue&#039;, Helvetica, Arial, &#039;Nimbus Sans L&#039;, sans-serif;text-align: left\">Zelenskiy\u2019den Rus hava sahas\u0131ndaki de\u011fi\u015fen g\u00fcvenlik ko\u015fullar\u0131na ili\u015fkin uyar\u0131<\/h2>\n<p style=\"text-align: left\">Zelenskiy\u2019nin 1 Eyl\u00fcl\u2019de yapt\u0131\u011f\u0131 a\u00e7\u0131klama, Ukrayna\u2019n\u0131n uzun menzilli sistemleri kullan\u0131m\u0131nda yeni bir a\u015famaya i\u015faret edebilir. Mesaj fiilen uluslararas\u0131 hava yolu \u015firketlerine, sigorta \u015firketlerine ve hava yolu \u015firketleri h\u00e2len Rus hava sahas\u0131n\u0131 kullanan devletlere y\u00f6nelikti.<\/p>\n<div style=\"text-align: left;margin-top: 16px;margin-bottom: 16px;padding: 0\"><iframe loading=\"lazy\" src=\"https:\/\/www.youtube.com\/embed\/3-xS7yVB7zI?si=S08Z-oqqb3ltyUNX\" width=\"642\" height=\"340\" frameborder=\"0\" allowfullscreen=\"allowfullscreen\"><\/iframe><\/div>\n<p style=\"text-align: left\">Zelenskiy\u2019ye g\u00f6re Rusya\u2019n\u0131n ba\u015flatt\u0131\u011f\u0131 sava\u015f\u0131n sonucu olarak Rus hava sahas\u0131 fiilen kapanacak. Bununla birlikte Ukrayna\u2019n\u0131n sivil u\u00e7aklar\u0131 tehdit etmedi\u011fini vurgulad\u0131. Risk, Rus hava sahas\u0131ndaki Ukrayna insans\u0131z hava ara\u00e7lar\u0131n\u0131n say\u0131s\u0131n\u0131n artmas\u0131n\u0131n beklenmesinden ve bu nedenle sivil havac\u0131l\u0131\u011f\u0131n de\u011fi\u015fen g\u00fcvenlik ko\u015fullar\u0131na uyum sa\u011flamak zorunda kalmas\u0131ndan kaynaklan\u0131yor.<\/p>\n<h2 style=\"color: #000000;font-size: 1.3rem;font-weight: bold;margin-top: 24px;margin-bottom: 12px;font-family: &#039;Helvetica Neue&#039;, Helvetica, Arial, &#039;Nimbus Sans L&#039;, sans-serif;text-align: left\">Rus havalimanlar\u0131 \u00fczerindeki hava sahas\u0131n\u0131n g\u00fcvenli\u011fi m\u00fczakere ba\u015fl\u0131\u011f\u0131 h\u00e2line geldi<\/h2>\n<p style=\"text-align: left\">Zelenskiy\u2019nin a\u00e7\u0131klamas\u0131n\u0131n \u00f6nemli bir b\u00f6l\u00fcm\u00fc diplomasiyle ilgiliydi. Zelenskiy, ABD\u2019nin talebi \u00fczerine Ukrayna\u2019n\u0131n 25\u201327 A\u011fustos tarihlerinde Moskova ve St. Petersburg\u2019a y\u00f6nelik sald\u0131r\u0131lara ara verdi\u011fini do\u011frulad\u0131. Zelenskiy\u2019ye g\u00f6re ba\u015fka bir \u00fclke de Vladivostok y\u00f6n\u00fcndeki sald\u0131r\u0131lara ge\u00e7ici olarak ara verilmesi talebiyle Ukrayna\u2019ya ba\u015fvurmu\u015ftu. Buradaki ilke, Ukrayna\u2019n\u0131n diplomatik gerek\u00e7elerle ve m\u00fczakereleri kolayla\u015ft\u0131rmak amac\u0131yla belirli d\u00f6nemlerde ve belirli y\u00f6nlerde Rus hava sahas\u0131n\u0131n baz\u0131 b\u00f6l\u00fcmlerinde insans\u0131z hava arac\u0131 kullanmaktan ka\u00e7\u0131nabilmesidir. Bununla birlikte Rusya sava\u015f\u0131 s\u00fcrd\u00fcrd\u00fc\u011f\u00fc m\u00fcddet\u00e7e Ukrayna\u2019ya ait insans\u0131z hava ara\u00e7lar\u0131n\u0131n ve di\u011fer uzun menzilli sistemlerin Rus hava sahas\u0131na ula\u015fma riski devam edecektir. Bu durum Rusya\u2019y\u0131 havalimanlar\u0131n\u0131 kapatmaya veya sivil hava trafi\u011fini k\u0131s\u0131tlamaya zorlayabilir.<\/p>\n<p style=\"text-align: left\">Dolay\u0131s\u0131yla Zelenskiy\u2019nin a\u00e7\u0131klamas\u0131, s\u00f6z konusu riskin ge\u00e7ici olarak azalt\u0131lmas\u0131n\u0131n uluslararas\u0131 mutabakatlar\u0131n bir unsuru h\u00e2line gelebilece\u011fini g\u00f6steriyor. Zelenskiy\u2019ye g\u00f6re Rus hava sahas\u0131n\u0131n yeniden b\u00fct\u00fcn\u00fcyle g\u00fcvenli h\u00e2le gelmesi, ancak sava\u015f\u0131n sona erdirilmesi y\u00f6n\u00fcnde ger\u00e7ek ilerleme sa\u011fland\u0131\u011f\u0131nda m\u00fcmk\u00fcn olabilir. Bu nedenle Rus hava sahas\u0131n\u0131n g\u00fcvenli\u011fi art\u0131k yaln\u0131zca bir u\u00e7u\u015f emniyeti meselesi de\u011fil, diplomatik m\u00fczakerelerde de \u00f6nem ta\u015f\u0131yabilecek bir konudur.<\/p>\n<h2 style=\"color: #000000;font-size: 1.3rem;font-weight: bold;margin-top: 24px;margin-bottom: 12px;font-family: &#039;Helvetica Neue&#039;, Helvetica, Arial, &#039;Nimbus Sans L&#039;, sans-serif;text-align: left\">Hava ta\u015f\u0131mac\u0131l\u0131\u011f\u0131 piyasas\u0131 \u015fimdiden tepki verdi<\/h2>\n<p style=\"text-align: left\">\u0130lk somut sonu\u00e7lar neredeyse an\u0131nda g\u00f6r\u00fcld\u00fc. Rusya\u2019n\u0131n ba\u015fkentindeki havalimanlar\u0131nda yeni k\u0131s\u0131tlamalar\u0131n devreye sokuldu\u011fu 2 Eyl\u00fcl gecesi T\u00fcrk hava yolu \u015firketleri Moskova\u2019ya ve Moskova\u2019dan yap\u0131lacak \u00e7ok say\u0131da seferi iptal etti. Pegasus Hava Yollar\u0131, Antalya ve \u0130zmir\u2019den Moskova\u2019ya gitmekte olan iki u\u00e7a\u011f\u0131n\u0131 geri \u00e7evirdi. Bu karar, Vnukovo Havaliman\u0131\u2019nda Rus makamlar\u0131n\u0131n g\u00fcvenlik tedbirini resmen devreye almas\u0131ndan \u00f6nce verildi. S\u00f6z konusu tedbir, yetkili makamlar\u0131n hava sahas\u0131n\u0131n tehdide maruz kald\u0131\u011f\u0131n\u0131 de\u011ferlendirmesi h\u00e2linde hava trafi\u011finin ge\u00e7ici olarak k\u0131s\u0131tlanmas\u0131 anlam\u0131na geliyor. Pegasus ve T\u00fcrk Hava Yollar\u0131\u2019n\u0131n Moskova\u2019ya y\u00f6nelik ba\u015fka bir\u00e7ok seferi de iptal edildi. Rusya borsas\u0131 da geli\u015fmeye tepki verdi. Zelenskiy\u2019nin a\u00e7\u0131klamas\u0131n\u0131n ard\u0131ndan Rusya\u2019n\u0131n en b\u00fcy\u00fck hava yolu \u015firketi Aeroflot\u2019un hisseleri, Moskova Borsas\u0131\u2019ndaki ak\u015fam i\u015flemlerinde y\u00fczde 5\u2019in \u00fczerinde de\u011fer kaybetti.<\/p>\n<p><img loading=\"lazy\" decoding=\"async\" class=\"alignnone\" style=\"width: 642pt;height: auto;border: 1pt solid #000\" title=\"Aeroflot ve Rusya havac\u0131l\u0131k piyasas\u0131\" src=\"https:\/\/informnapalm.org\/ua\/wp-content\/uploads\/sites\/9\/2026\/09\/aeroflot.jpg\" alt=\"Aeroflot ve Rusya havac\u0131l\u0131k piyasas\u0131\" width=\"997\" height=\"621\" \/><\/p>\n<p style=\"text-align: left\">Dolay\u0131s\u0131yla a\u00e7\u0131klama yaln\u0131zca Kremlin\u2019e ve Rus kamuoyuna de\u011fil, hava yolu ve sigorta \u015firketlerine de y\u00f6neliktir. Havac\u0131l\u0131k sekt\u00f6r\u00fc a\u00e7\u0131s\u0131ndan bu t\u00fcr riskler, geleneksel ekonomik yapt\u0131r\u0131mlardan farkl\u0131 bir i\u015fleyi\u015fe sahiptir. Bir hava yolu veya sigorta \u015firketinin bir g\u00fczerg\u00e2h\u0131 a\u015f\u0131r\u0131 riskli olarak de\u011ferlendirmesi ya da g\u00fczerg\u00e2h\u0131n s\u00fcrekli kesintilere u\u011framas\u0131 durumunda yeni bir siyasi karara veya resm\u00ee yasa\u011fa gerek kalmaz.<\/p>\n<p style=\"text-align: left\">Seferler yaln\u0131zca operasyonel risk de\u011ferlendirmelerine dayan\u0131larak iptal edilebilir, ertelenebilir veya ba\u015fka g\u00fczerg\u00e2hlara y\u00f6nlendirilebilir. Bu nedenle hava sahas\u0131ndaki aksamalar, yeni resm\u00ee yapt\u0131r\u0131mlar veya uluslararas\u0131 k\u0131s\u0131tlamalar y\u00fcr\u00fcrl\u00fc\u011fe girmeden \u00e7ok \u00f6nce ekonomik sonu\u00e7lar do\u011furabilir. Bu durum, sivil havac\u0131l\u0131\u011f\u0131 Rusya a\u00e7\u0131s\u0131ndan \u00f6zellikle hassas bir sekt\u00f6r h\u00e2line getiriyor.<\/p>\n<h2 style=\"color: #000000;font-size: 1.3rem;font-weight: bold;margin-top: 24px;margin-bottom: 12px;font-family: &#039;Helvetica Neue&#039;, Helvetica, Arial, &#039;Nimbus Sans L&#039;, sans-serif;text-align: left\">Moskova\u2019daki ge\u00e7it t\u00f6reninden hava trafi\u011fine y\u00f6nelik uyar\u0131lara<\/h2>\n<p style=\"text-align: left\">Ukrayna daha \u00f6nce de benzer bir siyasi mesaj verme y\u00f6ntemine ba\u015fvurmu\u015ftu. Zelenskiy, 8 May\u0131s 2026 tarihinde \u00e7\u0131kard\u0131\u011f\u0131 374\/2026 say\u0131l\u0131 kararnameyle 9 May\u0131s\u2019taki ge\u00e7it t\u00f6reninin Moskova\u2019da d\u00fczenlenmesine resmen onay verdi. Etkinlik s\u00fcresince K\u0131z\u0131l Meydan\u2019da koordinatlar\u0131 belirlenmi\u015f bir alan, Ukrayna\u2019n\u0131n silah kullan\u0131m\u0131na ili\u015fkin planlamas\u0131n\u0131n d\u0131\u015f\u0131nda b\u0131rak\u0131ld\u0131. A\u00e7\u0131klama bi\u00e7imsel olarak siyasi bir provokasyon \u015feklinde alg\u0131lanabilse de ayn\u0131 zamanda belirlenmi\u015f koordinatlar\u0131 ve zaman aral\u0131\u011f\u0131 bulunan somut bir asker\u00ee mesajd\u0131. Bu nedenle hem Rusya\u2019da hem de \u00fclke d\u0131\u015f\u0131nda ciddiye al\u0131nd\u0131.<\/p>\n<p style=\"text-align: left\">\u015eimdi kapsam daha geni\u015f. Zelenskiy\u2019nin mesaj\u0131 art\u0131k K\u0131z\u0131l Meydan\u2019daki tek bir etkinli\u011fin kat\u0131l\u0131mc\u0131lar\u0131na de\u011fil, uluslararas\u0131 havac\u0131l\u0131k piyasas\u0131na y\u00f6neliktir. Mesaja g\u00f6re Rus hava sahas\u0131n\u0131 kullanman\u0131n ta\u015f\u0131d\u0131\u011f\u0131 riskler, hava yolu ve sigorta \u015firketlerinin hesaba katmas\u0131 gereken somut bir operasyonel etken olarak de\u011ferlendirilmelidir.<\/p>\n<h2 style=\"color: #000000;font-size: 1.3rem;font-weight: bold;margin-top: 24px;margin-bottom: 12px;font-family: &#039;Helvetica Neue&#039;, Helvetica, Arial, &#039;Nimbus Sans L&#039;, sans-serif;text-align: left\">Sivil hava trafi\u011fini aksatmay\u0131 ama\u00e7layan bir Ukrayna plan\u0131<\/h2>\n<p style=\"text-align: left\">A\u011fustos ay\u0131nda <a href=\"https:\/\/www.theatlantic.com\/national-security\/2026\/08\/ukraine-moscow-airports-ai-drones\/688337\/\">The Atlantic<\/a> gazetesi, kaynaklar\u0131na dayand\u0131rd\u0131\u011f\u0131 haberinde, kod ad\u0131n\u0131n M&amp;M oldu\u011fu belirtilen bir Ukrayna plan\u0131ndan s\u00f6z etti. Plan\u0131n, Moskova \u00e7evresindeki hava trafi\u011fini s\u00fcrekli bi\u00e7imde aksatmak amac\u0131yla \u00e7ok say\u0131da d\u00fc\u015f\u00fck maliyetli otonom insans\u0131z hava arac\u0131n\u0131n kullan\u0131m\u0131na dayand\u0131\u011f\u0131 bildiriliyor. Ancak Ukrayna makamlar\u0131, M&amp;M\u2019in resm\u00ee bir operasyon ad\u0131 oldu\u011funu veya plan\u0131n The Atlantic\u2019in anlatt\u0131\u011f\u0131 bi\u00e7imde uyguland\u0131\u011f\u0131n\u0131 kamuoyu \u00f6n\u00fcnde do\u011frulam\u0131\u015f de\u011fil.<\/p>\n<p style=\"text-align: left\">Gazeteye g\u00f6re \u00f6ncelikli ama\u00e7 sivil havalimanlar\u0131na sald\u0131rmak de\u011fil. Bunun yerine \u00e7ok say\u0131da insans\u0131z hava arac\u0131n\u0131n hava sahas\u0131nda s\u00fcrekli bir risk olu\u015fturmas\u0131 ve Rusya\u2019y\u0131 hava trafi\u011fini bizzat k\u0131s\u0131tlamak zorunda b\u0131rakmas\u0131 \u00f6ng\u00f6r\u00fcl\u00fcyor. Aksamalar\u0131n yeterli \u00f6l\u00e7\u00fcde yayg\u0131nla\u015fmas\u0131 h\u00e2linde uluslararas\u0131 hava yolu ve sigorta \u015firketleri de Moskova seferlerini a\u015f\u0131r\u0131 riskli veya g\u00fcvenilmez olarak de\u011ferlendirmeye ba\u015flayabilir.<\/p>\n<p style=\"text-align: left\">Bu y\u00f6ntemle Moskova\u2019daki havalimanlar\u0131 do\u011frudan sald\u0131r\u0131 hedefi h\u00e2line gelmeden etkilenebilir. Tekrarlanan kapanmalar ve gecikmeler, uluslararas\u0131 hava yolu \u015firketlerini Rusya\u2019n\u0131n ba\u015fkentine yapt\u0131klar\u0131 seferleri azaltmaya veya tamamen durdurmaya y\u00f6neltebilir. Bu da Rus siyasi ve ekonomik elitinin tecritini art\u0131rarak Kremlin \u00fczerinde ek ekonomik ve siyasi bask\u0131 olu\u015fturabilir.<\/p>\n<p style=\"text-align: left\">The Atlantic ayr\u0131ca tek bir gecede bine kadar k\u00fc\u00e7\u00fck otonom insans\u0131z hava arac\u0131n\u0131n kullan\u0131labilece\u011fini yazd\u0131. Gazetenin muhabiri Simon Shuster, 2 Eyl\u00fcl\u2019de, kendisine daha \u00f6nce M&amp;M hakk\u0131nda bilgi veren kaynaklardan birinin Zelenskiy\u2019nin a\u00e7\u0131klamas\u0131n\u0131n bu yakla\u015f\u0131m\u0131n uygulamaya ge\u00e7irilmeye ba\u015fland\u0131\u011f\u0131 anlam\u0131na geldi\u011fini d\u00fc\u015f\u00fcnd\u00fc\u011f\u00fcn\u00fc belirtti.<\/p>\n<p style=\"text-align: left\">Bununla birlikte bu, Ukrayna h\u00fck\u00fcmetinin resm\u00ee a\u00e7\u0131klamas\u0131 de\u011fil, bir gazetecilik kayna\u011f\u0131n\u0131n aktard\u0131\u011f\u0131 bilgidir. Bu nedenle M&amp;M, kamuoyu \u00f6n\u00fcnde do\u011frulanm\u0131\u015f bir Ukrayna operasyonu olarak de\u011fil, The Atlantic\u2019in haberle\u015ftirdi\u011fi bir plan olarak tan\u0131mlanmal\u0131d\u0131r. Buna kar\u015f\u0131l\u0131k plan\u0131n temelindeki stratejik ilke Ukrayna Cumhurba\u015fkan\u0131 taraf\u0131ndan kamuoyu \u00f6n\u00fcnde dile getirilmi\u015ftir. Ukrayna\u2019ya ait uzun menzilli insans\u0131z hava ara\u00e7lar\u0131n\u0131n Rus hava sahas\u0131ndaki varl\u0131\u011f\u0131, sivil havalimanlar\u0131 sald\u0131r\u0131lar\u0131n hedefi olmasa bile, tek ba\u015f\u0131na Rusya\u2019y\u0131 sivil hava trafi\u011fini k\u0131s\u0131tlamaya zorlayabilir.<\/p>\n<h2 style=\"color: #000000;font-size: 1.3rem;font-weight: bold;margin-top: 24px;margin-bottom: 12px;font-family: &#039;Helvetica Neue&#039;, Helvetica, Arial, &#039;Nimbus Sans L&#039;, sans-serif;text-align: left\">\u0130nformNapalm bu etkiyi daha \u00f6nce ele alm\u0131\u015ft\u0131<\/h2>\n<p style=\"text-align: left\">\u0130nformNapalm\u2019\u0131n d\u00fczenli okurlar\u0131 a\u00e7\u0131s\u0131ndan bu mekanizma yeni de\u011fil. \u0130nformNapalm, 2025 y\u0131l\u0131nda \u201c2025 yaz\u0131nda 30\u2019dan fazla Rus havaliman\u0131 <a href=\"https:\/\/informnapalm.org\/ua\/infohrafika-ponad-30-aeroportiv-rf\/\" target=\"_blank\" rel=\"noopener\">tekrarlanan hava sahas\u0131 kapatmalar\u0131ndan<\/a> etkilendi\u201d ba\u015fl\u0131kl\u0131 bir analiz ve infografik yay\u0131mlad\u0131.<\/p>\n<p><img decoding=\"async\" class=\"alignnone\" style=\"width: 642pt;height: auto;border: 1pt solid #000\" title=\"Rus havalimanlar\u0131ndaki tekrarlanan hava trafi\u011fi k\u0131s\u0131tlamalar\u0131\" src=\"https:\/\/informnapalm.org\/ua\/wp-content\/uploads\/sites\/9\/2026\/09\/kovior.jpg\" alt=\"Rus havalimanlar\u0131ndaki tekrarlanan hava trafi\u011fi k\u0131s\u0131tlamalar\u0131\" \/><\/p>\n<p style=\"text-align: left\">Moskova\u2019daki \u015eeremetyevo Havaliman\u0131\u2019n\u0131n IATA kodu SVO\u2019dur. Ayn\u0131 harfler, Rus\u00e7ada s\u00f6zde \u201c\u00f6zel asker\u00ee operasyon\u201d ifadesinin k\u0131saltmas\u0131 olarak da kullan\u0131lmaktad\u0131r. \u0130nformNapalm, sava\u015f\u0131n sonu\u00e7lar\u0131n\u0131n giderek Moskova\u2019ya da ula\u015ft\u0131\u011f\u0131n\u0131 anlatmak amac\u0131yla daha \u00f6nce bu s\u00f6zc\u00fck oyununa g\u00f6ndermede bulunmu\u015ftu.<\/p>\n<p style=\"text-align: left\">2025 y\u0131l\u0131 boyunca belirgin bir \u00f6r\u00fcnt\u00fc ortaya \u00e7\u0131kt\u0131. Ukrayna\u2019ya ait insans\u0131z hava ara\u00e7lar\u0131n\u0131n hava trafi\u011fini etkilemek i\u00e7in sivil havalimanlar\u0131na sald\u0131rmas\u0131 gerekmiyordu. Uzun menzilli insans\u0131z hava ara\u00e7lar\u0131n\u0131n b\u00fcy\u00fck hava ula\u015f\u0131m merkezlerinin yak\u0131n\u0131nda bulunmas\u0131 bile Rusya\u2019n\u0131n hava trafi\u011fini defalarca k\u0131s\u0131tlamas\u0131na veya durdurmas\u0131na yol a\u00e7t\u0131. 2025 yaz\u0131nda 30\u2019dan fazla Rus havaliman\u0131nda tekrarlanan k\u0131s\u0131tlamalar kaydedildi. Rusya\u2019n\u0131n farkl\u0131 b\u00f6lgelerinde neredeyse her g\u00fcn u\u00e7u\u015f yasaklar\u0131 uygulanmas\u0131; gecikmelere, u\u00e7aklar\u0131n farkl\u0131 rotalara y\u00f6nlendirilmesine ve yolcu trafi\u011finde geni\u015f \u00e7apl\u0131 aksamalara yol a\u00e7t\u0131.<\/p>\n<p style=\"text-align: left\">Eyl\u00fcl 2025\u2019te <a href=\"https:\/\/t.me\/informnapalm\/25786\">\u0130nformNapalm<\/a> ekonomik sonu\u00e7lara da dikkat \u00e7ekti. S\u00f6z konusu de\u011ferlendirmede, Rus havalimanlar\u0131 \u00fczerindeki hava sahas\u0131n\u0131n kapat\u0131lmas\u0131n\u0131n Rusya a\u00e7\u0131s\u0131ndan ekonomik kay\u0131plara yol a\u00e7t\u0131\u011f\u0131 vurguland\u0131. Ukrayna\u2019ya ait bir insans\u0131z hava arac\u0131n\u0131n u\u00e7u\u015f rotas\u0131n\u0131n b\u00fcy\u00fck bir havaliman\u0131n\u0131n yak\u0131n\u0131ndan ge\u00e7mesi h\u00e2linde Rus makamlar\u0131 g\u00fcvenlik gerek\u00e7esiyle sivil hava trafi\u011fini ge\u00e7ici olarak durdurabilir.<\/p>\n<p style=\"text-align: left\">Mekanizma basittir. Bir insans\u0131z hava arac\u0131 asker\u00ee bir hedefe, bir petrol ya da gaz hedefine veya ba\u015fka bir hedefe do\u011fru ilerliyor olabilir. U\u00e7u\u015f rotas\u0131 b\u00fcy\u00fck bir hava ula\u015f\u0131m merkezinin yak\u0131n\u0131ndan ge\u00e7erse Rusya g\u00fcvenlik gerek\u00e7esiyle hava sahas\u0131n\u0131 kapatabilir. B\u00f6ylece sivil havaliman\u0131 sald\u0131r\u0131n\u0131n hedefi olmasa dahi ek ekonomik ve lojistik kay\u0131plar ortaya \u00e7\u0131kar.<\/p>\n<h2 style=\"color: #000000;font-size: 1.3rem;font-weight: bold;margin-top: 24px;margin-bottom: 12px;font-family: &#039;Helvetica Neue&#039;, Helvetica, Arial, &#039;Nimbus Sans L&#039;, sans-serif;text-align: left\">Yan etkiden sistematik bask\u0131 arac\u0131na<\/h2>\n<p style=\"text-align: left\">Bu mekanizman\u0131n neden ancak \u015fimdi sistematik bir bask\u0131 arac\u0131na d\u00f6n\u00fc\u015f\u00fcyor gibi g\u00f6r\u00fcnd\u00fc\u011f\u00fc kesin olarak bilinmiyor. Ukrayna, ge\u00e7mi\u015fte b\u00fcy\u00fck Rus hava ula\u015f\u0131m merkezleri \u00fczerinde s\u00fcrekli bask\u0131 kurmaya yetecek say\u0131da uzun menzilli sisteme sahip olmayabilir. Daha d\u00fc\u015f\u00fck maliyetli insans\u0131z hava ara\u00e7lar\u0131n\u0131n ve otonom sistemlerin \u00fcretiminin de \u00f6l\u00e7eklendirilmesi gerekmi\u015f olabilir.<\/p>\n<p style=\"text-align: left\">Ukrayna\u2019n\u0131n, hava yolu \u015firketlerinin Rus hava sahas\u0131n\u0131 h\u00e2len yo\u011fun bi\u00e7imde kulland\u0131\u011f\u0131 \u00fclkeler a\u00e7\u0131s\u0131ndan do\u011fabilecek diplomatik sonu\u00e7lar\u0131 hesaba katm\u0131\u015f olmas\u0131 da m\u00fcmk\u00fcnd\u00fcr. Bir di\u011fer olas\u0131 a\u00e7\u0131klama, uzun menzilli sistemlerin kullan\u0131m stratejisinin de\u011fi\u015fmi\u015f olmas\u0131d\u0131r. Ba\u015fka nedenler de bulunabilir. Bununla birlikte \u0130nformNapalm\u2019\u0131n daha 2025\u2019te Ukrayna\u2019n\u0131n uzun menzilli sald\u0131r\u0131lar\u0131n\u0131n bir sonucu olarak tan\u0131mlad\u0131\u011f\u0131 ekonomik etkinin art\u0131k daha sistematik bir rol \u00fcstlenmeye ba\u015flad\u0131\u011f\u0131 s\u00f6ylenebilir.<\/p>\n<p style=\"text-align: left\">Ukrayna\u2019n\u0131n bu etkiyi yaratmak i\u00e7in Rus sivil havalimanlar\u0131n\u0131 fiilen kapatmas\u0131 gerekmiyor. Rusya\u2019n\u0131n hava trafi\u011fini d\u00fczenli olarak k\u0131s\u0131tlamak zorunda kald\u0131\u011f\u0131 bir g\u00fcvenlik ortam\u0131n\u0131n olu\u015fturulmas\u0131 ve ayn\u0131 zamanda uluslararas\u0131 hava yolu ve sigorta \u015firketlerinin Rusya\u2019ya u\u00e7u\u015flar\u0131 s\u00fcrd\u00fcrmenin risklerine ili\u015fkin kendi de\u011ferlendirmelerini yapmas\u0131 yeterlidir.<\/p>\n<p style=\"text-align: left\">B\u00f6ylece Rusya\u2019n\u0131n Ukrayna\u2019ya kar\u015f\u0131 y\u00fcr\u00fctt\u00fc\u011f\u00fc sava\u015f, kendi hava sahas\u0131nda da giderek daha belirgin sonu\u00e7lar do\u011furmaktad\u0131r. Bu sonu\u00e7lar yaln\u0131zca asker\u00ee ve stratejik hedeflerin yak\u0131n\u0131nda de\u011fil, sivil hava trafi\u011finde de hissedilmektedir.<\/p>\n<p style=\"text-align: left\">Bu makale, \u0130nformNapalm i\u00e7in Anthony Kubint taraf\u0131ndan haz\u0131rlanm\u0131\u015ft\u0131r.<\/p>\n<hr style=\"border: none;border-top: 1px solid #cfcfcf;margin: 24px 0;width: 75%;text-align: left\" \/>\n<h2 style=\"text-align: left\"><span style=\"font-weight: bold\"><span style=\"color: #000000\">Ayr\u0131ca okuyunuz<\/span><\/span><\/h2>\n<ul>\n<li style=\"text-align: left\"><a href=\"https:\/\/informnapalm.org\/tr\/gonets\/\"><span style=\"color: #333333\">Rusya\u2019n\u0131n Starlink muadili Gonets\u2019e CYBINT operasyonu<\/span><\/a><\/li>\n<li style=\"text-align: left\"><a href=\"https:\/\/informnapalm.org\/tr\/rusyanin-emperyalist-paradigmasi\/\"><span style=\"color: #333333\">Ukrayna, Rusya\u2019n\u0131n emperyalist paradigmas\u0131n\u0131 i\u00e7eriden nas\u0131l zay\u0131flatabilir<\/span><\/a><\/li>\n<li style=\"text-align: left\"><a href=\"https:\/\/informnapalm.org\/tr\/informnapalm-kremline-karsi-12-yil\/\"><span style=\"color: #333333\">\u0130nformNapalm, Rusya\u2019ya kar\u015f\u0131 y\u00fcr\u00fctt\u00fc\u011f\u00fc istihbarat faaliyetlerinde on ikinci y\u0131l\u0131n\u0131 tamaml\u0131yor<\/span><\/a><\/li>\n<\/ul>\n<hr style=\"width: 100%;margin-left: 0\" \/>\n<p style=\"text-align: left\"><span style=\"color: #000000\"><img loading=\"lazy\" decoding=\"async\" class=\"alignleft\" title=\"\u0130nformNapalm&apos;\u0131n T\u00fcrk\u00e7e versiyonu\" src=\"https:\/\/informnapalm.org\/fr\/wp-content\/uploads\/sites\/2\/2015\/12\/InformNapalm_logo_05.png\" alt=\"\u0130nformNapalm&apos;\u0131n T\u00fcrk\u00e7e versiyonu\" width=\"120\" height=\"55\" \/> <span style=\"color: #333333\">Kayna\u011fa link atarak payla\u015f\u0131rsan\u0131z seviniriz! Creative Commons \u2013 Attribution 4.0 International \u2013 CC BY 4.0.<\/span> <span style=\"font-weight: bold\"><a href=\"https:\/\/www.facebook.com\/informnapalm24\/\">Facebook<\/a><\/span>, <span style=\"font-weight: bold\"><a href=\"https:\/\/twitter.com\/InformNapalm\">X<\/a><\/span> <span style=\"color: #333333\">ve<\/span> <span style=\"font-weight: bold\"><a href=\"https:\/\/t.me\/informnapalm\">Telegram&#8217;da<\/a><\/span> <span style=\"color: #333333\">\u0130nformNapalm&#8217;\u0131n sayfalar\u0131n\u0131 takip edin.<\/span><\/span><\/p>\n<p style=\"text-align: left\">\u0130nformNapalm&#8217;\u0131n herhangi bir h\u00fck\u00fcmetten veya sponsordan mali deste\u011fi yoktur. Tek sponsorumuz bireysel g\u00f6n\u00fcll\u00fcler ve okuyuculard\u0131r. Ayr\u0131ca <span style=\"color: #333333\">BuyMeACoffee<\/span> arac\u0131l\u0131\u011f\u0131yla ayl\u0131k <span style=\"font-weight: bold\"><a href=\"https:\/\/www.buymeacoffee.com\/informnapalm\" target=\"_blank\" rel=\"noopener\">mini ba\u011f\u0131\u015flar<\/a> <\/span> yaparak \u0130nformNapalm&#8217;\u0131 destekleyebilirsiniz.<\/p>\n<\/div>\n<\/div>\n","protected":false},"excerpt":{"rendered":"<p>Bir y\u0131l \u00f6nce \u0130nformNapalm, Ukrayna\u2019n\u0131n uzun menzilli sistemlerle d\u00fczenledi\u011fi sald\u0131r\u0131lar\u0131n Rusya\u2019y\u0131 hava sahas\u0131n\u0131n baz\u0131 b\u00f6l\u00fcmlerini kapatmaya zorlad\u0131\u011f\u0131na,&#8230;<\/p>\n","protected":false},"author":72,"featured_media":4678,"comment_status":"closed","ping_status":"closed","sticky":false,"template":"","format":"standard","meta":{"_acf_changed":false,"om_disable_all_campaigns":false,"_uf_show_specific_survey":0,"_uf_disable_surveys":false,"footnotes":""},"categories":[109,130,129,1],"tags":[3043,3045,339,3042,3040,3039,3044,3041],"class_list":["post-4677","post","type-post","status-publish","format-standard","has-post-thumbnail","hentry","category-analitik","category-misc","category-world","category-all-news","tag-aeroflot","tag-hava-sahasi-kisitlamalari","tag-informnapalm","tag-moskova-havalimanlari","tag-rus-hava-sahasi","tag-rusya-sivil-havacilik","tag-ucus-iptalleri","tag-ukrayna-iha-operasyonlari"],"acf":[],"yoast_head":"<!-- This site is optimized with the Yoast SEO plugin v28.2 - https:\/\/yoast.com\/product\/yoast-seo-wordpress\/ -->\n<title>Rusya\u2019n\u0131n \u00f6zel asker\u00ee operasyonunun \u00fclkenin sivil havac\u0131l\u0131\u011f\u0131 \u00fczerindeki sonu\u00e7lar\u0131<\/title>\n<meta name=\"description\" content=\"Ukrayna\u2019n\u0131n uzun menzilli \u0130HA operasyonlar\u0131n\u0131n Rus hava sahas\u0131, Moskova u\u00e7u\u015flar\u0131, Aeroflot och Rusya\u2019n\u0131n sivil havac\u0131l\u0131\u011f\u0131 \u00fczerindeki etkileri.\" \/>\n<meta name=\"robots\" content=\"index, follow, max-snippet:-1, max-image-preview:large, max-video-preview:-1\" \/>\n<link rel=\"canonical\" href=\"https:\/\/informnapalm.org\/tr\/sivil-havacilik\/\" \/>\n<meta property=\"og:locale\" content=\"en_US\" \/>\n<meta property=\"og:type\" content=\"article\" \/>\n<meta property=\"og:title\" content=\"Rusya\u2019n\u0131n \u00f6zel asker\u00ee operasyonunun \u00fclkenin sivil havac\u0131l\u0131\u011f\u0131 \u00fczerindeki sonu\u00e7lar\u0131\" \/>\n<meta property=\"og:description\" content=\"Ukrayna\u2019n\u0131n uzun menzilli \u0130HA operasyonlar\u0131n\u0131n Rus hava sahas\u0131, Moskova u\u00e7u\u015flar\u0131, Aeroflot och Rusya\u2019n\u0131n sivil havac\u0131l\u0131\u011f\u0131 \u00fczerindeki etkileri.\" \/>\n<meta property=\"og:url\" content=\"https:\/\/informnapalm.org\/tr\/sivil-havacilik\/\" \/>\n<meta property=\"og:site_name\" content=\"\u0130nformNapalm&#039;\u0131n T\u00fcrk\u00e7e versiyonu\" \/>\n<meta property=\"article:published_time\" content=\"2026-09-02T20:19:00+00:00\" \/>\n<meta property=\"article:modified_time\" content=\"2026-09-02T20:26:12+00:00\" \/>\n<meta property=\"og:image\" content=\"https:\/\/informnapalm.org\/tr\/wp-content\/uploads\/sites\/12\/2026\/09\/Rusyanin-ozel-askeri-operasyonunun-ulkenin-sivil-havaciligi-uzerindeki-sonuclari.jpg\" \/>\n\t<meta property=\"og:image:width\" content=\"642\" \/>\n\t<meta property=\"og:image:height\" content=\"336\" \/>\n\t<meta property=\"og:image:type\" content=\"image\/jpeg\" \/>\n<meta name=\"author\" content=\"2476\" \/>\n<meta name=\"twitter:label1\" content=\"Written by\" \/>\n\t<meta name=\"twitter:data1\" content=\"2476\" \/>\n\t<meta name=\"twitter:label2\" content=\"Est. reading time\" \/>\n\t<meta name=\"twitter:data2\" content=\"8 minutes\" \/>\n<script type=\"application\/ld+json\" class=\"yoast-schema-graph\">{\"@context\":\"https:\\\/\\\/schema.org\",\"@graph\":[{\"@type\":\"Article\",\"@id\":\"https:\\\/\\\/informnapalm.org\\\/tr\\\/sivil-havacilik\\\/#article\",\"isPartOf\":{\"@id\":\"https:\\\/\\\/informnapalm.org\\\/tr\\\/sivil-havacilik\\\/\"},\"author\":{\"name\":\"2476\",\"@id\":\"https:\\\/\\\/informnapalm.org\\\/tr\\\/#\\\/schema\\\/person\\\/e683569ccd9c71b2afa351e58e558cb1\"},\"headline\":\"Rusya\u2019n\u0131n \u00f6zel asker\u00ee operasyonunun \u00fclkenin sivil havac\u0131l\u0131\u011f\u0131 \u00fczerindeki sonu\u00e7lar\u0131\",\"datePublished\":\"2026-09-02T20:19:00+00:00\",\"dateModified\":\"2026-09-02T20:26:12+00:00\",\"mainEntityOfPage\":{\"@id\":\"https:\\\/\\\/informnapalm.org\\\/tr\\\/sivil-havacilik\\\/\"},\"wordCount\":2187,\"image\":{\"@id\":\"https:\\\/\\\/informnapalm.org\\\/tr\\\/sivil-havacilik\\\/#primaryimage\"},\"thumbnailUrl\":\"https:\\\/\\\/informnapalm.org\\\/tr\\\/wp-content\\\/uploads\\\/sites\\\/12\\\/2026\\\/09\\\/Rusyanin-ozel-askeri-operasyonunun-ulkenin-sivil-havaciligi-uzerindeki-sonuclari.jpg\",\"keywords\":[\"Aeroflot\",\"hava sahas\u0131 k\u0131s\u0131tlamalar\u0131\",\"InformNapalm\",\"Moskova havalimanlar\u0131\",\"Rus hava sahas\u0131\",\"Rusya sivil havac\u0131l\u0131k\",\"u\u00e7u\u015f iptalleri\",\"Ukrayna \u0130HA operasyonlar\u0131\"],\"articleSection\":[\"Analitik\",\"Di\u011fer\",\"D\u00fcnya\",\"Haberler\"],\"inLanguage\":\"en-US\"},{\"@type\":\"WebPage\",\"@id\":\"https:\\\/\\\/informnapalm.org\\\/tr\\\/sivil-havacilik\\\/\",\"url\":\"https:\\\/\\\/informnapalm.org\\\/tr\\\/sivil-havacilik\\\/\",\"name\":\"Rusya\u2019n\u0131n \u00f6zel asker\u00ee operasyonunun \u00fclkenin sivil havac\u0131l\u0131\u011f\u0131 \u00fczerindeki sonu\u00e7lar\u0131\",\"isPartOf\":{\"@id\":\"https:\\\/\\\/informnapalm.org\\\/tr\\\/#website\"},\"primaryImageOfPage\":{\"@id\":\"https:\\\/\\\/informnapalm.org\\\/tr\\\/sivil-havacilik\\\/#primaryimage\"},\"image\":{\"@id\":\"https:\\\/\\\/informnapalm.org\\\/tr\\\/sivil-havacilik\\\/#primaryimage\"},\"thumbnailUrl\":\"https:\\\/\\\/informnapalm.org\\\/tr\\\/wp-content\\\/uploads\\\/sites\\\/12\\\/2026\\\/09\\\/Rusyanin-ozel-askeri-operasyonunun-ulkenin-sivil-havaciligi-uzerindeki-sonuclari.jpg\",\"datePublished\":\"2026-09-02T20:19:00+00:00\",\"dateModified\":\"2026-09-02T20:26:12+00:00\",\"author\":{\"@id\":\"https:\\\/\\\/informnapalm.org\\\/tr\\\/#\\\/schema\\\/person\\\/e683569ccd9c71b2afa351e58e558cb1\"},\"description\":\"Ukrayna\u2019n\u0131n uzun menzilli \u0130HA operasyonlar\u0131n\u0131n Rus hava sahas\u0131, Moskova u\u00e7u\u015flar\u0131, Aeroflot och Rusya\u2019n\u0131n sivil havac\u0131l\u0131\u011f\u0131 \u00fczerindeki etkileri.\",\"breadcrumb\":{\"@id\":\"https:\\\/\\\/informnapalm.org\\\/tr\\\/sivil-havacilik\\\/#breadcrumb\"},\"inLanguage\":\"en-US\",\"potentialAction\":[{\"@type\":\"ReadAction\",\"target\":[\"https:\\\/\\\/informnapalm.org\\\/tr\\\/sivil-havacilik\\\/\"]}]},{\"@type\":\"ImageObject\",\"inLanguage\":\"en-US\",\"@id\":\"https:\\\/\\\/informnapalm.org\\\/tr\\\/sivil-havacilik\\\/#primaryimage\",\"url\":\"https:\\\/\\\/informnapalm.org\\\/tr\\\/wp-content\\\/uploads\\\/sites\\\/12\\\/2026\\\/09\\\/Rusyanin-ozel-askeri-operasyonunun-ulkenin-sivil-havaciligi-uzerindeki-sonuclari.jpg\",\"contentUrl\":\"https:\\\/\\\/informnapalm.org\\\/tr\\\/wp-content\\\/uploads\\\/sites\\\/12\\\/2026\\\/09\\\/Rusyanin-ozel-askeri-operasyonunun-ulkenin-sivil-havaciligi-uzerindeki-sonuclari.jpg\",\"width\":642,\"height\":336,\"caption\":\"Rusya\u2019n\u0131n \u00f6zel asker\u00ee operasyonunun \u00fclkenin sivil havac\u0131l\u0131\u011f\u0131 \u00fczerindeki sonu\u00e7lar\u0131\"},{\"@type\":\"BreadcrumbList\",\"@id\":\"https:\\\/\\\/informnapalm.org\\\/tr\\\/sivil-havacilik\\\/#breadcrumb\",\"itemListElement\":[{\"@type\":\"ListItem\",\"position\":1,\"name\":\"Home\",\"item\":\"https:\\\/\\\/informnapalm.org\\\/tr\\\/\"},{\"@type\":\"ListItem\",\"position\":2,\"name\":\"Rusya\u2019n\u0131n \u00f6zel asker\u00ee operasyonunun \u00fclkenin sivil havac\u0131l\u0131\u011f\u0131 \u00fczerindeki sonu\u00e7lar\u0131\"}]},{\"@type\":\"WebSite\",\"@id\":\"https:\\\/\\\/informnapalm.org\\\/tr\\\/#website\",\"url\":\"https:\\\/\\\/informnapalm.org\\\/tr\\\/\",\"name\":\"\u0130nformNapalm&#039;\u0131n T\u00fcrk\u00e7e versiyonu\",\"description\":\"Ukrayna&#039;dan son haberler\",\"potentialAction\":[{\"@type\":\"SearchAction\",\"target\":{\"@type\":\"EntryPoint\",\"urlTemplate\":\"https:\\\/\\\/informnapalm.org\\\/tr\\\/?s={search_term_string}\"},\"query-input\":{\"@type\":\"PropertyValueSpecification\",\"valueRequired\":true,\"valueName\":\"search_term_string\"}}],\"inLanguage\":\"en-US\"},{\"@type\":\"Person\",\"@id\":\"https:\\\/\\\/informnapalm.org\\\/tr\\\/#\\\/schema\\\/person\\\/e683569ccd9c71b2afa351e58e558cb1\",\"name\":\"2476\",\"image\":{\"@type\":\"ImageObject\",\"inLanguage\":\"en-US\",\"@id\":\"https:\\\/\\\/secure.gravatar.com\\\/avatar\\\/4cdfe9f344a6a3098c5b8f56d0951f5a6488eb77f72278644d45d1518136dda9?s=96&d=mm&r=g\",\"url\":\"https:\\\/\\\/secure.gravatar.com\\\/avatar\\\/4cdfe9f344a6a3098c5b8f56d0951f5a6488eb77f72278644d45d1518136dda9?s=96&d=mm&r=g\",\"contentUrl\":\"https:\\\/\\\/secure.gravatar.com\\\/avatar\\\/4cdfe9f344a6a3098c5b8f56d0951f5a6488eb77f72278644d45d1518136dda9?s=96&d=mm&r=g\",\"caption\":\"2476\"},\"url\":\"https:\\\/\\\/informnapalm.org\\\/tr\\\/author\\\/tugrul\\\/\"}]}<\/script>\n<!-- \/ Yoast SEO plugin. -->","yoast_head_json":{"title":"Rusya\u2019n\u0131n \u00f6zel asker\u00ee operasyonunun \u00fclkenin sivil havac\u0131l\u0131\u011f\u0131 \u00fczerindeki sonu\u00e7lar\u0131","description":"Ukrayna\u2019n\u0131n uzun menzilli \u0130HA operasyonlar\u0131n\u0131n Rus hava sahas\u0131, Moskova u\u00e7u\u015flar\u0131, Aeroflot och Rusya\u2019n\u0131n sivil havac\u0131l\u0131\u011f\u0131 \u00fczerindeki etkileri.","robots":{"index":"index","follow":"follow","max-snippet":"max-snippet:-1","max-image-preview":"max-image-preview:large","max-video-preview":"max-video-preview:-1"},"canonical":"https:\/\/informnapalm.org\/tr\/sivil-havacilik\/","og_locale":"en_US","og_type":"article","og_title":"Rusya\u2019n\u0131n \u00f6zel asker\u00ee operasyonunun \u00fclkenin sivil havac\u0131l\u0131\u011f\u0131 \u00fczerindeki sonu\u00e7lar\u0131","og_description":"Ukrayna\u2019n\u0131n uzun menzilli \u0130HA operasyonlar\u0131n\u0131n Rus hava sahas\u0131, Moskova u\u00e7u\u015flar\u0131, Aeroflot och Rusya\u2019n\u0131n sivil havac\u0131l\u0131\u011f\u0131 \u00fczerindeki etkileri.","og_url":"https:\/\/informnapalm.org\/tr\/sivil-havacilik\/","og_site_name":"\u0130nformNapalm&#039;\u0131n T\u00fcrk\u00e7e versiyonu","article_published_time":"2026-09-02T20:19:00+00:00","article_modified_time":"2026-09-02T20:26:12+00:00","og_image":[{"width":642,"height":336,"url":"https:\/\/informnapalm.org\/tr\/wp-content\/uploads\/sites\/12\/2026\/09\/Rusyanin-ozel-askeri-operasyonunun-ulkenin-sivil-havaciligi-uzerindeki-sonuclari.jpg","type":"image\/jpeg"}],"author":"2476","twitter_misc":{"Written by":"2476","Est. reading time":"8 minutes"},"schema":{"@context":"https:\/\/schema.org","@graph":[{"@type":"Article","@id":"https:\/\/informnapalm.org\/tr\/sivil-havacilik\/#article","isPartOf":{"@id":"https:\/\/informnapalm.org\/tr\/sivil-havacilik\/"},"author":{"name":"2476","@id":"https:\/\/informnapalm.org\/tr\/#\/schema\/person\/e683569ccd9c71b2afa351e58e558cb1"},"headline":"Rusya\u2019n\u0131n \u00f6zel asker\u00ee operasyonunun \u00fclkenin sivil havac\u0131l\u0131\u011f\u0131 \u00fczerindeki sonu\u00e7lar\u0131","datePublished":"2026-09-02T20:19:00+00:00","dateModified":"2026-09-02T20:26:12+00:00","mainEntityOfPage":{"@id":"https:\/\/informnapalm.org\/tr\/sivil-havacilik\/"},"wordCount":2187,"image":{"@id":"https:\/\/informnapalm.org\/tr\/sivil-havacilik\/#primaryimage"},"thumbnailUrl":"https:\/\/informnapalm.org\/tr\/wp-content\/uploads\/sites\/12\/2026\/09\/Rusyanin-ozel-askeri-operasyonunun-ulkenin-sivil-havaciligi-uzerindeki-sonuclari.jpg","keywords":["Aeroflot","hava sahas\u0131 k\u0131s\u0131tlamalar\u0131","InformNapalm","Moskova havalimanlar\u0131","Rus hava sahas\u0131","Rusya sivil havac\u0131l\u0131k","u\u00e7u\u015f iptalleri","Ukrayna \u0130HA operasyonlar\u0131"],"articleSection":["Analitik","Di\u011fer","D\u00fcnya","Haberler"],"inLanguage":"en-US"},{"@type":"WebPage","@id":"https:\/\/informnapalm.org\/tr\/sivil-havacilik\/","url":"https:\/\/informnapalm.org\/tr\/sivil-havacilik\/","name":"Rusya\u2019n\u0131n \u00f6zel asker\u00ee operasyonunun \u00fclkenin sivil havac\u0131l\u0131\u011f\u0131 \u00fczerindeki sonu\u00e7lar\u0131","isPartOf":{"@id":"https:\/\/informnapalm.org\/tr\/#website"},"primaryImageOfPage":{"@id":"https:\/\/informnapalm.org\/tr\/sivil-havacilik\/#primaryimage"},"image":{"@id":"https:\/\/informnapalm.org\/tr\/sivil-havacilik\/#primaryimage"},"thumbnailUrl":"https:\/\/informnapalm.org\/tr\/wp-content\/uploads\/sites\/12\/2026\/09\/Rusyanin-ozel-askeri-operasyonunun-ulkenin-sivil-havaciligi-uzerindeki-sonuclari.jpg","datePublished":"2026-09-02T20:19:00+00:00","dateModified":"2026-09-02T20:26:12+00:00","author":{"@id":"https:\/\/informnapalm.org\/tr\/#\/schema\/person\/e683569ccd9c71b2afa351e58e558cb1"},"description":"Ukrayna\u2019n\u0131n uzun menzilli \u0130HA operasyonlar\u0131n\u0131n Rus hava sahas\u0131, Moskova u\u00e7u\u015flar\u0131, Aeroflot och Rusya\u2019n\u0131n sivil havac\u0131l\u0131\u011f\u0131 \u00fczerindeki etkileri.","breadcrumb":{"@id":"https:\/\/informnapalm.org\/tr\/sivil-havacilik\/#breadcrumb"},"inLanguage":"en-US","potentialAction":[{"@type":"ReadAction","target":["https:\/\/informnapalm.org\/tr\/sivil-havacilik\/"]}]},{"@type":"ImageObject","inLanguage":"en-US","@id":"https:\/\/informnapalm.org\/tr\/sivil-havacilik\/#primaryimage","url":"https:\/\/informnapalm.org\/tr\/wp-content\/uploads\/sites\/12\/2026\/09\/Rusyanin-ozel-askeri-operasyonunun-ulkenin-sivil-havaciligi-uzerindeki-sonuclari.jpg","contentUrl":"https:\/\/informnapalm.org\/tr\/wp-content\/uploads\/sites\/12\/2026\/09\/Rusyanin-ozel-askeri-operasyonunun-ulkenin-sivil-havaciligi-uzerindeki-sonuclari.jpg","width":642,"height":336,"caption":"Rusya\u2019n\u0131n \u00f6zel asker\u00ee operasyonunun \u00fclkenin sivil havac\u0131l\u0131\u011f\u0131 \u00fczerindeki sonu\u00e7lar\u0131"},{"@type":"BreadcrumbList","@id":"https:\/\/informnapalm.org\/tr\/sivil-havacilik\/#breadcrumb","itemListElement":[{"@type":"ListItem","position":1,"name":"Home","item":"https:\/\/informnapalm.org\/tr\/"},{"@type":"ListItem","position":2,"name":"Rusya\u2019n\u0131n \u00f6zel asker\u00ee operasyonunun \u00fclkenin sivil havac\u0131l\u0131\u011f\u0131 \u00fczerindeki sonu\u00e7lar\u0131"}]},{"@type":"WebSite","@id":"https:\/\/informnapalm.org\/tr\/#website","url":"https:\/\/informnapalm.org\/tr\/","name":"\u0130nformNapalm&#039;\u0131n T\u00fcrk\u00e7e versiyonu","description":"Ukrayna&#039;dan son haberler","potentialAction":[{"@type":"SearchAction","target":{"@type":"EntryPoint","urlTemplate":"https:\/\/informnapalm.org\/tr\/?s={search_term_string}"},"query-input":{"@type":"PropertyValueSpecification","valueRequired":true,"valueName":"search_term_string"}}],"inLanguage":"en-US"},{"@type":"Person","@id":"https:\/\/informnapalm.org\/tr\/#\/schema\/person\/e683569ccd9c71b2afa351e58e558cb1","name":"2476","image":{"@type":"ImageObject","inLanguage":"en-US","@id":"https:\/\/secure.gravatar.com\/avatar\/4cdfe9f344a6a3098c5b8f56d0951f5a6488eb77f72278644d45d1518136dda9?s=96&d=mm&r=g","url":"https:\/\/secure.gravatar.com\/avatar\/4cdfe9f344a6a3098c5b8f56d0951f5a6488eb77f72278644d45d1518136dda9?s=96&d=mm&r=g","contentUrl":"https:\/\/secure.gravatar.com\/avatar\/4cdfe9f344a6a3098c5b8f56d0951f5a6488eb77f72278644d45d1518136dda9?s=96&d=mm&r=g","caption":"2476"},"url":"https:\/\/informnapalm.org\/tr\/author\/tugrul\/"}]}},"post_src":"<div lang=\"tr\" style=\"color: #000000;text-align: left\">\r\n<p style=\"text-align: left\"><span style=\"font-weight: bold;font-family: Helvetica Neue,Helvetica,Arial,Nimbus Sans L,sans-serif\">Bir y\u0131l \u00f6nce \u0130nformNapalm, Ukrayna\u2019n\u0131n uzun menzilli sistemlerle d\u00fczenledi\u011fi sald\u0131r\u0131lar\u0131n Rusya\u2019y\u0131 hava sahas\u0131n\u0131n baz\u0131 b\u00f6l\u00fcmlerini kapatmaya zorlad\u0131\u011f\u0131na, bunun da \u00fclkenin sivil hava trafi\u011fini k\u0131s\u0131tlayarak ekonomik kay\u0131plara yol a\u00e7t\u0131\u011f\u0131na dikkat \u00e7ekmi\u015fti.<\/span><\/p>\r\n\r\n<div style=\"color: #333333;text-align: left\">\r\n<p style=\"text-align: left\">Cumhurba\u015fkan\u0131 Volodimir Zelenskiy\u2019nin 1 Eyl\u00fcl\u2019de yapt\u0131\u011f\u0131 a\u00e7\u0131klama ve The Atlantic\u2019in Moskova \u00e7evresindeki hava trafi\u011fini s\u00fcrekli olarak aksatmaya y\u00f6nelik bir Ukrayna plan\u0131na ili\u015fkin aktard\u0131\u011f\u0131 bilgiler, bu etkinin art\u0131k Rusya\u2019ya kar\u015f\u0131 daha sistematik bir bask\u0131 arac\u0131na d\u00f6n\u00fc\u015fmeye ba\u015flad\u0131\u011f\u0131 izlenimini do\u011furuyor.<\/p>\r\n\r\n<h2 style=\"color: #000000;font-size: 1.3rem;font-weight: bold;margin-top: 24px;margin-bottom: 12px;font-family: &#039;Helvetica Neue&#039;, Helvetica, Arial, &#039;Nimbus Sans L&#039;, sans-serif;text-align: left\">Zelenskiy\u2019den Rus hava sahas\u0131ndaki de\u011fi\u015fen g\u00fcvenlik ko\u015fullar\u0131na ili\u015fkin uyar\u0131<\/h2>\r\n<p style=\"text-align: left\">Zelenskiy\u2019nin 1 Eyl\u00fcl\u2019de yapt\u0131\u011f\u0131 a\u00e7\u0131klama, Ukrayna\u2019n\u0131n uzun menzilli sistemleri kullan\u0131m\u0131nda yeni bir a\u015famaya i\u015faret edebilir. Mesaj fiilen uluslararas\u0131 hava yolu \u015firketlerine, sigorta \u015firketlerine ve hava yolu \u015firketleri h\u00e2len Rus hava sahas\u0131n\u0131 kullanan devletlere y\u00f6nelikti.<\/p>\r\n\r\n<div style=\"text-align: left;margin-top: 16px;margin-bottom: 16px;padding: 0\"><iframe src=\"https:\/\/www.youtube.com\/embed\/3-xS7yVB7zI?si=S08Z-oqqb3ltyUNX\" width=\"642\" height=\"340\" frameborder=\"0\" allowfullscreen=\"allowfullscreen\"><\/iframe><\/div>\r\n<p style=\"text-align: left\">Zelenskiy\u2019ye g\u00f6re Rusya\u2019n\u0131n ba\u015flatt\u0131\u011f\u0131 sava\u015f\u0131n sonucu olarak Rus hava sahas\u0131 fiilen kapanacak. Bununla birlikte Ukrayna\u2019n\u0131n sivil u\u00e7aklar\u0131 tehdit etmedi\u011fini vurgulad\u0131. Risk, Rus hava sahas\u0131ndaki Ukrayna insans\u0131z hava ara\u00e7lar\u0131n\u0131n say\u0131s\u0131n\u0131n artmas\u0131n\u0131n beklenmesinden ve bu nedenle sivil havac\u0131l\u0131\u011f\u0131n de\u011fi\u015fen g\u00fcvenlik ko\u015fullar\u0131na uyum sa\u011flamak zorunda kalmas\u0131ndan kaynaklan\u0131yor.<\/p>\r\n\r\n<h2 style=\"color: #000000;font-size: 1.3rem;font-weight: bold;margin-top: 24px;margin-bottom: 12px;font-family: &#039;Helvetica Neue&#039;, Helvetica, Arial, &#039;Nimbus Sans L&#039;, sans-serif;text-align: left\">Rus havalimanlar\u0131 \u00fczerindeki hava sahas\u0131n\u0131n g\u00fcvenli\u011fi m\u00fczakere ba\u015fl\u0131\u011f\u0131 h\u00e2line geldi<\/h2>\r\n<p style=\"text-align: left\">Zelenskiy\u2019nin a\u00e7\u0131klamas\u0131n\u0131n \u00f6nemli bir b\u00f6l\u00fcm\u00fc diplomasiyle ilgiliydi. Zelenskiy, ABD\u2019nin talebi \u00fczerine Ukrayna\u2019n\u0131n 25\u201327 A\u011fustos tarihlerinde Moskova ve St. Petersburg\u2019a y\u00f6nelik sald\u0131r\u0131lara ara verdi\u011fini do\u011frulad\u0131. Zelenskiy\u2019ye g\u00f6re ba\u015fka bir \u00fclke de Vladivostok y\u00f6n\u00fcndeki sald\u0131r\u0131lara ge\u00e7ici olarak ara verilmesi talebiyle Ukrayna\u2019ya ba\u015fvurmu\u015ftu. Buradaki ilke, Ukrayna\u2019n\u0131n diplomatik gerek\u00e7elerle ve m\u00fczakereleri kolayla\u015ft\u0131rmak amac\u0131yla belirli d\u00f6nemlerde ve belirli y\u00f6nlerde Rus hava sahas\u0131n\u0131n baz\u0131 b\u00f6l\u00fcmlerinde insans\u0131z hava arac\u0131 kullanmaktan ka\u00e7\u0131nabilmesidir. Bununla birlikte Rusya sava\u015f\u0131 s\u00fcrd\u00fcrd\u00fc\u011f\u00fc m\u00fcddet\u00e7e Ukrayna\u2019ya ait insans\u0131z hava ara\u00e7lar\u0131n\u0131n ve di\u011fer uzun menzilli sistemlerin Rus hava sahas\u0131na ula\u015fma riski devam edecektir. Bu durum Rusya\u2019y\u0131 havalimanlar\u0131n\u0131 kapatmaya veya sivil hava trafi\u011fini k\u0131s\u0131tlamaya zorlayabilir.<\/p>\r\n<p style=\"text-align: left\">Dolay\u0131s\u0131yla Zelenskiy\u2019nin a\u00e7\u0131klamas\u0131, s\u00f6z konusu riskin ge\u00e7ici olarak azalt\u0131lmas\u0131n\u0131n uluslararas\u0131 mutabakatlar\u0131n bir unsuru h\u00e2line gelebilece\u011fini g\u00f6steriyor. Zelenskiy\u2019ye g\u00f6re Rus hava sahas\u0131n\u0131n yeniden b\u00fct\u00fcn\u00fcyle g\u00fcvenli h\u00e2le gelmesi, ancak sava\u015f\u0131n sona erdirilmesi y\u00f6n\u00fcnde ger\u00e7ek ilerleme sa\u011fland\u0131\u011f\u0131nda m\u00fcmk\u00fcn olabilir. Bu nedenle Rus hava sahas\u0131n\u0131n g\u00fcvenli\u011fi art\u0131k yaln\u0131zca bir u\u00e7u\u015f emniyeti meselesi de\u011fil, diplomatik m\u00fczakerelerde de \u00f6nem ta\u015f\u0131yabilecek bir konudur.<\/p>\r\n\r\n<h2 style=\"color: #000000;font-size: 1.3rem;font-weight: bold;margin-top: 24px;margin-bottom: 12px;font-family: &#039;Helvetica Neue&#039;, Helvetica, Arial, &#039;Nimbus Sans L&#039;, sans-serif;text-align: left\">Hava ta\u015f\u0131mac\u0131l\u0131\u011f\u0131 piyasas\u0131 \u015fimdiden tepki verdi<\/h2>\r\n<p style=\"text-align: left\">\u0130lk somut sonu\u00e7lar neredeyse an\u0131nda g\u00f6r\u00fcld\u00fc. Rusya\u2019n\u0131n ba\u015fkentindeki havalimanlar\u0131nda yeni k\u0131s\u0131tlamalar\u0131n devreye sokuldu\u011fu 2 Eyl\u00fcl gecesi T\u00fcrk hava yolu \u015firketleri Moskova\u2019ya ve Moskova\u2019dan yap\u0131lacak \u00e7ok say\u0131da seferi iptal etti. Pegasus Hava Yollar\u0131, Antalya ve \u0130zmir\u2019den Moskova\u2019ya gitmekte olan iki u\u00e7a\u011f\u0131n\u0131 geri \u00e7evirdi. Bu karar, Vnukovo Havaliman\u0131\u2019nda Rus makamlar\u0131n\u0131n g\u00fcvenlik tedbirini resmen devreye almas\u0131ndan \u00f6nce verildi. S\u00f6z konusu tedbir, yetkili makamlar\u0131n hava sahas\u0131n\u0131n tehdide maruz kald\u0131\u011f\u0131n\u0131 de\u011ferlendirmesi h\u00e2linde hava trafi\u011finin ge\u00e7ici olarak k\u0131s\u0131tlanmas\u0131 anlam\u0131na geliyor. Pegasus ve T\u00fcrk Hava Yollar\u0131\u2019n\u0131n Moskova\u2019ya y\u00f6nelik ba\u015fka bir\u00e7ok seferi de iptal edildi. Rusya borsas\u0131 da geli\u015fmeye tepki verdi. Zelenskiy\u2019nin a\u00e7\u0131klamas\u0131n\u0131n ard\u0131ndan Rusya\u2019n\u0131n en b\u00fcy\u00fck hava yolu \u015firketi Aeroflot\u2019un hisseleri, Moskova Borsas\u0131\u2019ndaki ak\u015fam i\u015flemlerinde y\u00fczde 5\u2019in \u00fczerinde de\u011fer kaybetti.<\/p>\r\n<img class=\"alignnone\" style=\"width: 642pt;height: auto;border: 1pt solid #000\" title=\"Aeroflot ve Rusya havac\u0131l\u0131k piyasas\u0131\" src=\"https:\/\/informnapalm.org\/ua\/wp-content\/uploads\/sites\/9\/2026\/09\/aeroflot.jpg\" alt=\"Aeroflot ve Rusya havac\u0131l\u0131k piyasas\u0131\" width=\"997\" height=\"621\" \/>\r\n<p style=\"text-align: left\">Dolay\u0131s\u0131yla a\u00e7\u0131klama yaln\u0131zca Kremlin\u2019e ve Rus kamuoyuna de\u011fil, hava yolu ve sigorta \u015firketlerine de y\u00f6neliktir. Havac\u0131l\u0131k sekt\u00f6r\u00fc a\u00e7\u0131s\u0131ndan bu t\u00fcr riskler, geleneksel ekonomik yapt\u0131r\u0131mlardan farkl\u0131 bir i\u015fleyi\u015fe sahiptir. Bir hava yolu veya sigorta \u015firketinin bir g\u00fczerg\u00e2h\u0131 a\u015f\u0131r\u0131 riskli olarak de\u011ferlendirmesi ya da g\u00fczerg\u00e2h\u0131n s\u00fcrekli kesintilere u\u011framas\u0131 durumunda yeni bir siyasi karara veya resm\u00ee yasa\u011fa gerek kalmaz.<\/p>\r\n<p style=\"text-align: left\">Seferler yaln\u0131zca operasyonel risk de\u011ferlendirmelerine dayan\u0131larak iptal edilebilir, ertelenebilir veya ba\u015fka g\u00fczerg\u00e2hlara y\u00f6nlendirilebilir. Bu nedenle hava sahas\u0131ndaki aksamalar, yeni resm\u00ee yapt\u0131r\u0131mlar veya uluslararas\u0131 k\u0131s\u0131tlamalar y\u00fcr\u00fcrl\u00fc\u011fe girmeden \u00e7ok \u00f6nce ekonomik sonu\u00e7lar do\u011furabilir. Bu durum, sivil havac\u0131l\u0131\u011f\u0131 Rusya a\u00e7\u0131s\u0131ndan \u00f6zellikle hassas bir sekt\u00f6r h\u00e2line getiriyor.<\/p>\r\n\r\n<h2 style=\"color: #000000;font-size: 1.3rem;font-weight: bold;margin-top: 24px;margin-bottom: 12px;font-family: &#039;Helvetica Neue&#039;, Helvetica, Arial, &#039;Nimbus Sans L&#039;, sans-serif;text-align: left\">Moskova\u2019daki ge\u00e7it t\u00f6reninden hava trafi\u011fine y\u00f6nelik uyar\u0131lara<\/h2>\r\n<p style=\"text-align: left\">Ukrayna daha \u00f6nce de benzer bir siyasi mesaj verme y\u00f6ntemine ba\u015fvurmu\u015ftu. Zelenskiy, 8 May\u0131s 2026 tarihinde \u00e7\u0131kard\u0131\u011f\u0131 374\/2026 say\u0131l\u0131 kararnameyle 9 May\u0131s\u2019taki ge\u00e7it t\u00f6reninin Moskova\u2019da d\u00fczenlenmesine resmen onay verdi. Etkinlik s\u00fcresince K\u0131z\u0131l Meydan\u2019da koordinatlar\u0131 belirlenmi\u015f bir alan, Ukrayna\u2019n\u0131n silah kullan\u0131m\u0131na ili\u015fkin planlamas\u0131n\u0131n d\u0131\u015f\u0131nda b\u0131rak\u0131ld\u0131. A\u00e7\u0131klama bi\u00e7imsel olarak siyasi bir provokasyon \u015feklinde alg\u0131lanabilse de ayn\u0131 zamanda belirlenmi\u015f koordinatlar\u0131 ve zaman aral\u0131\u011f\u0131 bulunan somut bir asker\u00ee mesajd\u0131. Bu nedenle hem Rusya\u2019da hem de \u00fclke d\u0131\u015f\u0131nda ciddiye al\u0131nd\u0131.<\/p>\r\n<p style=\"text-align: left\">\u015eimdi kapsam daha geni\u015f. Zelenskiy\u2019nin mesaj\u0131 art\u0131k K\u0131z\u0131l Meydan\u2019daki tek bir etkinli\u011fin kat\u0131l\u0131mc\u0131lar\u0131na de\u011fil, uluslararas\u0131 havac\u0131l\u0131k piyasas\u0131na y\u00f6neliktir. Mesaja g\u00f6re Rus hava sahas\u0131n\u0131 kullanman\u0131n ta\u015f\u0131d\u0131\u011f\u0131 riskler, hava yolu ve sigorta \u015firketlerinin hesaba katmas\u0131 gereken somut bir operasyonel etken olarak de\u011ferlendirilmelidir.<\/p>\r\n\r\n<h2 style=\"color: #000000;font-size: 1.3rem;font-weight: bold;margin-top: 24px;margin-bottom: 12px;font-family: &#039;Helvetica Neue&#039;, Helvetica, Arial, &#039;Nimbus Sans L&#039;, sans-serif;text-align: left\">Sivil hava trafi\u011fini aksatmay\u0131 ama\u00e7layan bir Ukrayna plan\u0131<\/h2>\r\n<p style=\"text-align: left\">A\u011fustos ay\u0131nda <a href=\"https:\/\/www.theatlantic.com\/national-security\/2026\/08\/ukraine-moscow-airports-ai-drones\/688337\/\">The Atlantic<\/a> gazetesi, kaynaklar\u0131na dayand\u0131rd\u0131\u011f\u0131 haberinde, kod ad\u0131n\u0131n M&amp;M oldu\u011fu belirtilen bir Ukrayna plan\u0131ndan s\u00f6z etti. Plan\u0131n, Moskova \u00e7evresindeki hava trafi\u011fini s\u00fcrekli bi\u00e7imde aksatmak amac\u0131yla \u00e7ok say\u0131da d\u00fc\u015f\u00fck maliyetli otonom insans\u0131z hava arac\u0131n\u0131n kullan\u0131m\u0131na dayand\u0131\u011f\u0131 bildiriliyor. Ancak Ukrayna makamlar\u0131, M&amp;M\u2019in resm\u00ee bir operasyon ad\u0131 oldu\u011funu veya plan\u0131n The Atlantic\u2019in anlatt\u0131\u011f\u0131 bi\u00e7imde uyguland\u0131\u011f\u0131n\u0131 kamuoyu \u00f6n\u00fcnde do\u011frulam\u0131\u015f de\u011fil.<\/p>\r\n<p style=\"text-align: left\">Gazeteye g\u00f6re \u00f6ncelikli ama\u00e7 sivil havalimanlar\u0131na sald\u0131rmak de\u011fil. Bunun yerine \u00e7ok say\u0131da insans\u0131z hava arac\u0131n\u0131n hava sahas\u0131nda s\u00fcrekli bir risk olu\u015fturmas\u0131 ve Rusya\u2019y\u0131 hava trafi\u011fini bizzat k\u0131s\u0131tlamak zorunda b\u0131rakmas\u0131 \u00f6ng\u00f6r\u00fcl\u00fcyor. Aksamalar\u0131n yeterli \u00f6l\u00e7\u00fcde yayg\u0131nla\u015fmas\u0131 h\u00e2linde uluslararas\u0131 hava yolu ve sigorta \u015firketleri de Moskova seferlerini a\u015f\u0131r\u0131 riskli veya g\u00fcvenilmez olarak de\u011ferlendirmeye ba\u015flayabilir.<\/p>\r\n<p style=\"text-align: left\">Bu y\u00f6ntemle Moskova\u2019daki havalimanlar\u0131 do\u011frudan sald\u0131r\u0131 hedefi h\u00e2line gelmeden etkilenebilir. Tekrarlanan kapanmalar ve gecikmeler, uluslararas\u0131 hava yolu \u015firketlerini Rusya\u2019n\u0131n ba\u015fkentine yapt\u0131klar\u0131 seferleri azaltmaya veya tamamen durdurmaya y\u00f6neltebilir. Bu da Rus siyasi ve ekonomik elitinin tecritini art\u0131rarak Kremlin \u00fczerinde ek ekonomik ve siyasi bask\u0131 olu\u015fturabilir.<\/p>\r\n<p style=\"text-align: left\">The Atlantic ayr\u0131ca tek bir gecede bine kadar k\u00fc\u00e7\u00fck otonom insans\u0131z hava arac\u0131n\u0131n kullan\u0131labilece\u011fini yazd\u0131. Gazetenin muhabiri Simon Shuster, 2 Eyl\u00fcl\u2019de, kendisine daha \u00f6nce M&amp;M hakk\u0131nda bilgi veren kaynaklardan birinin Zelenskiy\u2019nin a\u00e7\u0131klamas\u0131n\u0131n bu yakla\u015f\u0131m\u0131n uygulamaya ge\u00e7irilmeye ba\u015fland\u0131\u011f\u0131 anlam\u0131na geldi\u011fini d\u00fc\u015f\u00fcnd\u00fc\u011f\u00fcn\u00fc belirtti.<\/p>\r\n<p style=\"text-align: left\">Bununla birlikte bu, Ukrayna h\u00fck\u00fcmetinin resm\u00ee a\u00e7\u0131klamas\u0131 de\u011fil, bir gazetecilik kayna\u011f\u0131n\u0131n aktard\u0131\u011f\u0131 bilgidir. Bu nedenle M&amp;M, kamuoyu \u00f6n\u00fcnde do\u011frulanm\u0131\u015f bir Ukrayna operasyonu olarak de\u011fil, The Atlantic\u2019in haberle\u015ftirdi\u011fi bir plan olarak tan\u0131mlanmal\u0131d\u0131r. Buna kar\u015f\u0131l\u0131k plan\u0131n temelindeki stratejik ilke Ukrayna Cumhurba\u015fkan\u0131 taraf\u0131ndan kamuoyu \u00f6n\u00fcnde dile getirilmi\u015ftir. Ukrayna\u2019ya ait uzun menzilli insans\u0131z hava ara\u00e7lar\u0131n\u0131n Rus hava sahas\u0131ndaki varl\u0131\u011f\u0131, sivil havalimanlar\u0131 sald\u0131r\u0131lar\u0131n hedefi olmasa bile, tek ba\u015f\u0131na Rusya\u2019y\u0131 sivil hava trafi\u011fini k\u0131s\u0131tlamaya zorlayabilir.<\/p>\r\n\r\n<h2 style=\"color: #000000;font-size: 1.3rem;font-weight: bold;margin-top: 24px;margin-bottom: 12px;font-family: &#039;Helvetica Neue&#039;, Helvetica, Arial, &#039;Nimbus Sans L&#039;, sans-serif;text-align: left\">\u0130nformNapalm bu etkiyi daha \u00f6nce ele alm\u0131\u015ft\u0131<\/h2>\r\n<p style=\"text-align: left\">\u0130nformNapalm\u2019\u0131n d\u00fczenli okurlar\u0131 a\u00e7\u0131s\u0131ndan bu mekanizma yeni de\u011fil. \u0130nformNapalm, 2025 y\u0131l\u0131nda \u201c2025 yaz\u0131nda 30\u2019dan fazla Rus havaliman\u0131 <a href=\"https:\/\/informnapalm.org\/ua\/infohrafika-ponad-30-aeroportiv-rf\/\" target=\"_blank\" rel=\"noopener\">tekrarlanan hava sahas\u0131 kapatmalar\u0131ndan<\/a> etkilendi\u201d ba\u015fl\u0131kl\u0131 bir analiz ve infografik yay\u0131mlad\u0131.<\/p>\r\n<img class=\"alignnone\" style=\"width: 642pt;height: auto;border: 1pt solid #000\" title=\"Rus havalimanlar\u0131ndaki tekrarlanan hava trafi\u011fi k\u0131s\u0131tlamalar\u0131\" src=\"https:\/\/informnapalm.org\/ua\/wp-content\/uploads\/sites\/9\/2026\/09\/kovior.jpg\" alt=\"Rus havalimanlar\u0131ndaki tekrarlanan hava trafi\u011fi k\u0131s\u0131tlamalar\u0131\" \/>\r\n<p style=\"text-align: left\">Moskova\u2019daki \u015eeremetyevo Havaliman\u0131\u2019n\u0131n IATA kodu SVO\u2019dur. Ayn\u0131 harfler, Rus\u00e7ada s\u00f6zde \u201c\u00f6zel asker\u00ee operasyon\u201d ifadesinin k\u0131saltmas\u0131 olarak da kullan\u0131lmaktad\u0131r. \u0130nformNapalm, sava\u015f\u0131n sonu\u00e7lar\u0131n\u0131n giderek Moskova\u2019ya da ula\u015ft\u0131\u011f\u0131n\u0131 anlatmak amac\u0131yla daha \u00f6nce bu s\u00f6zc\u00fck oyununa g\u00f6ndermede bulunmu\u015ftu.<\/p>\r\n<p style=\"text-align: left\">2025 y\u0131l\u0131 boyunca belirgin bir \u00f6r\u00fcnt\u00fc ortaya \u00e7\u0131kt\u0131. Ukrayna\u2019ya ait insans\u0131z hava ara\u00e7lar\u0131n\u0131n hava trafi\u011fini etkilemek i\u00e7in sivil havalimanlar\u0131na sald\u0131rmas\u0131 gerekmiyordu. Uzun menzilli insans\u0131z hava ara\u00e7lar\u0131n\u0131n b\u00fcy\u00fck hava ula\u015f\u0131m merkezlerinin yak\u0131n\u0131nda bulunmas\u0131 bile Rusya\u2019n\u0131n hava trafi\u011fini defalarca k\u0131s\u0131tlamas\u0131na veya durdurmas\u0131na yol a\u00e7t\u0131. 2025 yaz\u0131nda 30\u2019dan fazla Rus havaliman\u0131nda tekrarlanan k\u0131s\u0131tlamalar kaydedildi. Rusya\u2019n\u0131n farkl\u0131 b\u00f6lgelerinde neredeyse her g\u00fcn u\u00e7u\u015f yasaklar\u0131 uygulanmas\u0131; gecikmelere, u\u00e7aklar\u0131n farkl\u0131 rotalara y\u00f6nlendirilmesine ve yolcu trafi\u011finde geni\u015f \u00e7apl\u0131 aksamalara yol a\u00e7t\u0131.<\/p>\r\n<p style=\"text-align: left\">Eyl\u00fcl 2025\u2019te <a href=\"https:\/\/t.me\/informnapalm\/25786\">\u0130nformNapalm<\/a> ekonomik sonu\u00e7lara da dikkat \u00e7ekti. S\u00f6z konusu de\u011ferlendirmede, Rus havalimanlar\u0131 \u00fczerindeki hava sahas\u0131n\u0131n kapat\u0131lmas\u0131n\u0131n Rusya a\u00e7\u0131s\u0131ndan ekonomik kay\u0131plara yol a\u00e7t\u0131\u011f\u0131 vurguland\u0131. Ukrayna\u2019ya ait bir insans\u0131z hava arac\u0131n\u0131n u\u00e7u\u015f rotas\u0131n\u0131n b\u00fcy\u00fck bir havaliman\u0131n\u0131n yak\u0131n\u0131ndan ge\u00e7mesi h\u00e2linde Rus makamlar\u0131 g\u00fcvenlik gerek\u00e7esiyle sivil hava trafi\u011fini ge\u00e7ici olarak durdurabilir.<\/p>\r\n<p style=\"text-align: left\">Mekanizma basittir. Bir insans\u0131z hava arac\u0131 asker\u00ee bir hedefe, bir petrol ya da gaz hedefine veya ba\u015fka bir hedefe do\u011fru ilerliyor olabilir. U\u00e7u\u015f rotas\u0131 b\u00fcy\u00fck bir hava ula\u015f\u0131m merkezinin yak\u0131n\u0131ndan ge\u00e7erse Rusya g\u00fcvenlik gerek\u00e7esiyle hava sahas\u0131n\u0131 kapatabilir. B\u00f6ylece sivil havaliman\u0131 sald\u0131r\u0131n\u0131n hedefi olmasa dahi ek ekonomik ve lojistik kay\u0131plar ortaya \u00e7\u0131kar.<\/p>\r\n\r\n<h2 style=\"color: #000000;font-size: 1.3rem;font-weight: bold;margin-top: 24px;margin-bottom: 12px;font-family: &#039;Helvetica Neue&#039;, Helvetica, Arial, &#039;Nimbus Sans L&#039;, sans-serif;text-align: left\">Yan etkiden sistematik bask\u0131 arac\u0131na<\/h2>\r\n<p style=\"text-align: left\">Bu mekanizman\u0131n neden ancak \u015fimdi sistematik bir bask\u0131 arac\u0131na d\u00f6n\u00fc\u015f\u00fcyor gibi g\u00f6r\u00fcnd\u00fc\u011f\u00fc kesin olarak bilinmiyor. Ukrayna, ge\u00e7mi\u015fte b\u00fcy\u00fck Rus hava ula\u015f\u0131m merkezleri \u00fczerinde s\u00fcrekli bask\u0131 kurmaya yetecek say\u0131da uzun menzilli sisteme sahip olmayabilir. Daha d\u00fc\u015f\u00fck maliyetli insans\u0131z hava ara\u00e7lar\u0131n\u0131n ve otonom sistemlerin \u00fcretiminin de \u00f6l\u00e7eklendirilmesi gerekmi\u015f olabilir.<\/p>\r\n<p style=\"text-align: left\">Ukrayna\u2019n\u0131n, hava yolu \u015firketlerinin Rus hava sahas\u0131n\u0131 h\u00e2len yo\u011fun bi\u00e7imde kulland\u0131\u011f\u0131 \u00fclkeler a\u00e7\u0131s\u0131ndan do\u011fabilecek diplomatik sonu\u00e7lar\u0131 hesaba katm\u0131\u015f olmas\u0131 da m\u00fcmk\u00fcnd\u00fcr. Bir di\u011fer olas\u0131 a\u00e7\u0131klama, uzun menzilli sistemlerin kullan\u0131m stratejisinin de\u011fi\u015fmi\u015f olmas\u0131d\u0131r. Ba\u015fka nedenler de bulunabilir. Bununla birlikte \u0130nformNapalm\u2019\u0131n daha 2025\u2019te Ukrayna\u2019n\u0131n uzun menzilli sald\u0131r\u0131lar\u0131n\u0131n bir sonucu olarak tan\u0131mlad\u0131\u011f\u0131 ekonomik etkinin art\u0131k daha sistematik bir rol \u00fcstlenmeye ba\u015flad\u0131\u011f\u0131 s\u00f6ylenebilir.<\/p>\r\n<p style=\"text-align: left\">Ukrayna\u2019n\u0131n bu etkiyi yaratmak i\u00e7in Rus sivil havalimanlar\u0131n\u0131 fiilen kapatmas\u0131 gerekmiyor. Rusya\u2019n\u0131n hava trafi\u011fini d\u00fczenli olarak k\u0131s\u0131tlamak zorunda kald\u0131\u011f\u0131 bir g\u00fcvenlik ortam\u0131n\u0131n olu\u015fturulmas\u0131 ve ayn\u0131 zamanda uluslararas\u0131 hava yolu ve sigorta \u015firketlerinin Rusya\u2019ya u\u00e7u\u015flar\u0131 s\u00fcrd\u00fcrmenin risklerine ili\u015fkin kendi de\u011ferlendirmelerini yapmas\u0131 yeterlidir.<\/p>\r\n<p style=\"text-align: left\">B\u00f6ylece Rusya\u2019n\u0131n Ukrayna\u2019ya kar\u015f\u0131 y\u00fcr\u00fctt\u00fc\u011f\u00fc sava\u015f, kendi hava sahas\u0131nda da giderek daha belirgin sonu\u00e7lar do\u011furmaktad\u0131r. Bu sonu\u00e7lar yaln\u0131zca asker\u00ee ve stratejik hedeflerin yak\u0131n\u0131nda de\u011fil, sivil hava trafi\u011finde de hissedilmektedir.<\/p>\r\n<p style=\"text-align: left\">Bu makale, \u0130nformNapalm i\u00e7in Anthony Kubint taraf\u0131ndan haz\u0131rlanm\u0131\u015ft\u0131r.<\/p>\r\n\r\n\r\n<hr style=\"border: none;border-top: 1px solid #cfcfcf;margin: 24px 0;width: 75%;text-align: left\" \/>\r\n\r\n<h2 style=\"text-align: left\"><span style=\"font-weight: bold\"><span style=\"color: #000000\">Ayr\u0131ca okuyunuz<\/span><\/span><\/h2>\r\n<ul>\r\n \t<li style=\"text-align: left\"><a href=\"https:\/\/informnapalm.org\/tr\/gonets\/\"><span style=\"color: #333333\">Rusya\u2019n\u0131n Starlink muadili Gonets\u2019e CYBINT operasyonu<\/span><\/a><\/li>\r\n \t<li style=\"text-align: left\"><a href=\"https:\/\/informnapalm.org\/tr\/rusyanin-emperyalist-paradigmasi\/\"><span style=\"color: #333333\">Ukrayna, Rusya\u2019n\u0131n emperyalist paradigmas\u0131n\u0131 i\u00e7eriden nas\u0131l zay\u0131flatabilir<\/span><\/a><\/li>\r\n \t<li style=\"text-align: left\"><a href=\"https:\/\/informnapalm.org\/tr\/informnapalm-kremline-karsi-12-yil\/\"><span style=\"color: #333333\">\u0130nformNapalm, Rusya\u2019ya kar\u015f\u0131 y\u00fcr\u00fctt\u00fc\u011f\u00fc istihbarat faaliyetlerinde on ikinci y\u0131l\u0131n\u0131 tamaml\u0131yor<\/span><\/a><\/li>\r\n<\/ul>\r\n\r\n<hr style=\"width: 100%;margin-left: 0\" \/>\r\n<p style=\"text-align: left\"><span style=\"color: #000000\"><img class=\"alignleft\" title=\"\u0130nformNapalm&apos;\u0131n T\u00fcrk\u00e7e versiyonu\" src=\"https:\/\/informnapalm.org\/fr\/wp-content\/uploads\/sites\/2\/2015\/12\/InformNapalm_logo_05.png\" alt=\"\u0130nformNapalm&apos;\u0131n T\u00fcrk\u00e7e versiyonu\" width=\"120\" height=\"55\" \/> <span style=\"color: #333333\">Kayna\u011fa link atarak payla\u015f\u0131rsan\u0131z seviniriz! Creative Commons \u2013 Attribution 4.0 International \u2013 CC BY 4.0.<\/span> <span style=\"font-weight: bold\"><a href=\"https:\/\/www.facebook.com\/informnapalm24\/\">Facebook<\/a><\/span>, <span style=\"font-weight: bold\"><a href=\"https:\/\/twitter.com\/InformNapalm\">X<\/a><\/span> <span style=\"color: #333333\">ve<\/span> <span style=\"font-weight: bold\"><a href=\"https:\/\/t.me\/informnapalm\">Telegram'da<\/a><\/span> <span style=\"color: #333333\">\u0130nformNapalm'\u0131n sayfalar\u0131n\u0131 takip edin.<\/span><\/span><\/p>\r\n<p style=\"text-align: left\">\u0130nformNapalm'\u0131n herhangi bir h\u00fck\u00fcmetten veya sponsordan mali deste\u011fi yoktur. Tek sponsorumuz bireysel g\u00f6n\u00fcll\u00fcler ve okuyuculard\u0131r. Ayr\u0131ca <span style=\"color: #333333\">BuyMeACoffee<\/span> arac\u0131l\u0131\u011f\u0131yla ayl\u0131k <span style=\"font-weight: bold\"><a href=\"https:\/\/www.buymeacoffee.com\/informnapalm\" target=\"_blank\" rel=\"noopener\">mini ba\u011f\u0131\u015flar<\/a> <\/span> yaparak \u0130nformNapalm'\u0131 destekleyebilirsiniz.<\/p>\r\n\r\n<\/div>\r\n<\/div>","amp_enabled":false,"_links":{"self":[{"href":"https:\/\/informnapalm.org\/tr\/wp-json\/wp\/v2\/posts\/4677","targetHints":{"allow":["GET"]}}],"collection":[{"href":"https:\/\/informnapalm.org\/tr\/wp-json\/wp\/v2\/posts"}],"about":[{"href":"https:\/\/informnapalm.org\/tr\/wp-json\/wp\/v2\/types\/post"}],"author":[{"embeddable":true,"href":"https:\/\/informnapalm.org\/tr\/wp-json\/wp\/v2\/users\/72"}],"replies":[{"embeddable":true,"href":"https:\/\/informnapalm.org\/tr\/wp-json\/wp\/v2\/comments?post=4677"}],"version-history":[{"count":5,"href":"https:\/\/informnapalm.org\/tr\/wp-json\/wp\/v2\/posts\/4677\/revisions"}],"predecessor-version":[{"id":4683,"href":"https:\/\/informnapalm.org\/tr\/wp-json\/wp\/v2\/posts\/4677\/revisions\/4683"}],"wp:featuredmedia":[{"embeddable":true,"href":"https:\/\/informnapalm.org\/tr\/wp-json\/wp\/v2\/media\/4678"}],"wp:attachment":[{"href":"https:\/\/informnapalm.org\/tr\/wp-json\/wp\/v2\/media?parent=4677"}],"wp:term":[{"taxonomy":"category","embeddable":true,"href":"https:\/\/informnapalm.org\/tr\/wp-json\/wp\/v2\/categories?post=4677"},{"taxonomy":"post_tag","embeddable":true,"href":"https:\/\/informnapalm.org\/tr\/wp-json\/wp\/v2\/tags?post=4677"}],"curies":[{"name":"wp","href":"https:\/\/api.w.org\/{rel}","templated":true}]}}