{"id":4684,"date":"2026-09-04T18:30:31","date_gmt":"2026-09-04T18:30:31","guid":{"rendered":"https:\/\/informnapalm.org\/tr\/?p=4684"},"modified":"2026-09-04T18:47:06","modified_gmt":"2026-09-04T18:47:06","slug":"rus-askerleri-olum-duyurulari","status":"publish","type":"post","link":"https:\/\/informnapalm.org\/tr\/rus-askerleri-olum-duyurulari\/","title":{"rendered":"\u0130nformNapalm\u2019\u0131n tespit etti\u011fi Rus askerleri y\u0131llar sonra \u00f6l\u00fcm duyurular\u0131nda yeniden ortaya \u00e7\u0131k\u0131yor"},"content":{"rendered":"<div lang=\"tr\" style=\"color: #000000;text-align: left\">\n<p style=\"text-align: left;margin: 0 0 16px 0\"><span style=\"font-weight: bold;font-family: Helvetica Neue,Helvetica,Arial,Nimbus Sans L,sans-serif\">\u0130nformNapalm\u2019\u0131n 2014\u20132021 d\u00f6neminde Rusya\u2019n\u0131n Ukrayna\u2019ya y\u00f6nelik sald\u0131rganl\u0131\u011f\u0131na kat\u0131l\u0131mlar\u0131n\u0131 belgeledi\u011fi Rus askerleri, geni\u015f \u00e7apl\u0131 i\u015fgale ili\u015fkin belgelerde yeniden ortaya \u00e7\u0131k\u0131yor. Baz\u0131 vakalarda bu ki\u015filerin sava\u015fa kat\u0131l\u0131m\u0131, Rus kaynaklar\u0131nda \u00f6l\u00fcmlerine ili\u015fkin yay\u0131mlanan bilgilere kadar izlenebiliyor.<\/span><\/p>\n<div style=\"color: #333333;text-align: left\">\n<p style=\"text-align: left\">Bu ba\u011flant\u0131, \u0130nformNapalm\u2019\u0131n kurucu ortaklar\u0131ndan OSINT ara\u015ft\u0131rmac\u0131s\u0131 Irakli Komakhidze taraf\u0131ndan Rus askerlerine ili\u015fkin bilgilerin incelenmesi s\u0131ras\u0131nda tespit edildi. \u0130nceleme, eski dijital belgelerin bir ki\u015finin ilk kez tespit edilmesinden y\u0131llar sonra nas\u0131l yeniden \u00f6nem kazanabildi\u011fini g\u00f6steriyor.<\/p>\n<h2 style=\"color: #000000;font-size: 1.3rem;font-weight: bold;margin-top: 24px;margin-bottom: 12px;font-family: &#039;Helvetica Neue&#039;, Helvetica, Arial, &#039;Nimbus Sans L&#039;, sans-serif;text-align: left\">Sergey Finogin 2016 y\u0131l\u0131nda tespit edildi<\/h2>\n<p style=\"text-align: left\">Bu vakalardan biri Sergey Finogin ile ilgili. \u0130nformNapalm, Finogin\u2019in Rusya\u2019n\u0131n i\u015fgali alt\u0131ndaki G\u00fcrcistan\u2019a ba\u011fl\u0131 Abhazya b\u00f6lgesinde bulunan 7. Rus askeri \u00fcss\u00fcnde g\u00f6rev yapt\u0131\u011f\u0131n\u0131 ve uzun s\u00fcre Donbas\u2019a, Ukrayna\u2019n\u0131n do\u011fusuna g\u00f6revlendirildi\u011fini <a href=\"https:\/\/informnapalm.org\/sv\/rysk-spaningssoldat\/\">2016 y\u0131l\u0131nda tespit etti<\/a>.<\/p>\n<p style=\"text-align: left\">\u0130nformNapalm\u2019\u0131n belgelerine g\u00f6re Finogin, Horlivka kentinde s\u00f6zde Donetsk Halk Cumhuriyeti\u2019nin (DNR) halk milisinde e\u011fitmen olarak g\u00f6rev yapt\u0131.<\/p>\n<p style=\"text-align: left\"><img loading=\"lazy\" decoding=\"async\" class=\"alignnone\" style=\"width: 642px;max-width: 100%;height: auto;display: block;border: 2pt solid #000000\" title=\"Sergey Finogin hakk\u0131nda belgeler\" src=\"https:\/\/informnapalm.org\/ua\/wp-content\/uploads\/sites\/9\/2026\/09\/38.jpg\" alt=\"Sergey Finogin hakk\u0131nda belgeler\" width=\"642\" height=\"806\" \/><\/p>\n<p style=\"text-align: left\"><img loading=\"lazy\" decoding=\"async\" class=\"alignnone\" style=\"width: 642px;max-width: 100%;height: auto;display: block;border: 2pt solid #000000\" title=\"Sergey Finogin hakk\u0131nda belgeler\" src=\"https:\/\/informnapalm.org\/ua\/wp-content\/uploads\/sites\/9\/2026\/09\/11-1.jpg\" alt=\"Sergey Finogin hakk\u0131nda belgeler\" width=\"642\" height=\"856\" \/><\/p>\n<p style=\"text-align: left\"><img loading=\"lazy\" decoding=\"async\" class=\"alignnone\" style=\"width: 642px;max-width: 100%;height: auto;display: block;border: 2pt solid #000000\" title=\"Sergey Finogin hakk\u0131nda belgeler\" src=\"https:\/\/informnapalm.org\/ua\/wp-content\/uploads\/sites\/9\/2026\/09\/1.jpg\" alt=\"Sergey Finogin hakk\u0131nda belgeler\" width=\"642\" height=\"872\" \/><\/p>\n<p style=\"text-align: left\">2025 y\u0131l\u0131nda Finogin\u2019in Ukrayna\u2019ya kar\u015f\u0131 y\u00fcr\u00fct\u00fclen sava\u015fta \u00f6ld\u00fcr\u00fcld\u00fc\u011f\u00fcne ili\u015fkin <a href=\"https:\/\/memory59.ru\/finogin-sergej-olegovich\/\">bilgiler yay\u0131mland\u0131<\/a>.<\/p>\n<p style=\"text-align: left\"><a href=\"https:\/\/informnapalm.org\/at\/russische-militaerangehoerige-todesmeldungen\/\"><img loading=\"lazy\" decoding=\"async\" class=\"alignnone\" style=\"width: 642px;max-width: 100%;height: auto;display: block;border: 2pt solid #000000\" title=\"Sergey Finogin\u2019in \u00f6l\u00fcm\u00fcne ili\u015fkin bilgiler\" src=\"https:\/\/informnapalm.org\/ua\/wp-content\/uploads\/sites\/9\/2026\/09\/photo_2026-09-04_14-55-25.jpg\" alt=\"Sergey Finogin\u2019in \u00f6l\u00fcm\u00fcne ili\u015fkin bilgiler\" width=\"642\" height=\"976\" \/><\/a><\/p>\n<h2 style=\"color: #000000;font-size: 1.3rem;font-weight: bold;margin-top: 24px;margin-bottom: 12px;font-family: &#039;Helvetica Neue&#039;, Helvetica, Arial, &#039;Nimbus Sans L&#039;, sans-serif;text-align: left\">Maksim Pa\u015f\u00e7enko K\u0131r\u0131m ve Donbas\u2019taki faaliyetleriyle tespit edildi<\/h2>\n<p style=\"text-align: left\">Bir di\u011fer vaka Maksim Pa\u015f\u00e7enko ile ilgili. \u0130nformNapalm, Mart 2019\u2019da Pa\u015f\u00e7enko\u2019yu Abhazya\u2019daki 7. Rus askeri \u00fcss\u00fcn\u00fcn ke\u015fif taburunda daha \u00f6nce e\u011fitmen olarak g\u00f6rev yapm\u0131\u015f bir asker ve Rusya\u2019n\u0131n 2014 y\u0131l\u0131nda K\u0131r\u0131m\u2019\u0131 ilhak\u0131na kat\u0131lan ki\u015filerden biri olarak tespit etti.<\/p>\n<p style=\"text-align: left\">\u0130ncelemeye g\u00f6re Pa\u015f\u00e7enko daha sonra Moskova\u2019n\u0131n Donbas\u2019ta yerel \u201cmadenciler\u201d ve \u201cmilisler\u201d olarak g\u00f6sterdi\u011fi Rus askerlerinden biri oldu.<\/p>\n<p style=\"text-align: left\"><a href=\"https:\/\/informnapalm.org\/sv\/ryska-militarer-dodsnotiser\/\"><img loading=\"lazy\" decoding=\"async\" class=\"alignnone\" style=\"width: 642px;max-width: 100%;height: auto;display: block;border: 2pt solid #000000\" title=\"Maksim Pa\u015f\u00e7enko hakk\u0131nda belgeler\" src=\"https:\/\/informnapalm.org\/ua\/wp-content\/uploads\/sites\/9\/2026\/09\/photo_2026-09-04_13-53-35.jpg\" alt=\"Maksim Pa\u015f\u00e7enko hakk\u0131nda belgeler\" width=\"642\" height=\"868\" \/><\/a><\/p>\n<p style=\"text-align: left\"><a href=\"https:\/\/informnapalm.org\/ua\/osint-maie-dovhu-pamiat\/\"><img loading=\"lazy\" decoding=\"async\" class=\"alignnone\" style=\"width: 642px;max-width: 100%;height: auto;display: block;border: 2pt solid #000000\" title=\"Maksim Pa\u015f\u00e7enko hakk\u0131nda belgeler\" src=\"https:\/\/informnapalm.org\/ua\/wp-content\/uploads\/sites\/9\/2026\/09\/image.jpg\" alt=\"Maksim Pa\u015f\u00e7enko hakk\u0131nda belgeler\" width=\"642\" height=\"532\" \/><\/a><\/p>\n<p style=\"text-align: left\"><img loading=\"lazy\" decoding=\"async\" class=\"alignnone\" style=\"width: 642px;max-width: 100%;height: auto;display: block;border: 2pt solid #000000\" title=\"Maksim Pa\u015f\u00e7enko hakk\u0131nda belgeler\" src=\"https:\/\/informnapalm.org\/ua\/wp-content\/uploads\/sites\/9\/2026\/09\/2-boevika-ianvar-2017.jpg\" alt=\"Donbas\u2019taki Rus askerlerine ili\u015fkin belgeler\" width=\"642\" height=\"900\" \/><\/p>\n<p style=\"text-align: left\">Ekim 2023\u2019te Rus kaynaklar\u0131nda Pa\u015f\u00e7enko hakk\u0131nda <a href=\"https:\/\/archive.ph\/UMK8a\">bir \u00f6l\u00fcm duyurusu yay\u0131mland\u0131<\/a>. Duyuruda, Rusya\u2019n\u0131n \u201c\u00f6zel askeri operasyon\u201d olarak adland\u0131rd\u0131\u011f\u0131 sava\u015f kapsam\u0131nda 6 Nisan 2022\u2019de, Ukrayna\u2019ya y\u00f6nelik geni\u015f \u00e7apl\u0131 i\u015fgalin ba\u015flamas\u0131ndan k\u0131sa s\u00fcre sonra \u00f6ld\u00fcr\u00fcld\u00fc\u011f\u00fc belirtildi.<\/p>\n<p style=\"text-align: left\"><img loading=\"lazy\" decoding=\"async\" class=\"alignnone\" style=\"width: 642px;max-width: 100%;height: auto;display: block;border: 2pt solid #000000\" title=\"Maksim Pa\u015f\u00e7enko hakk\u0131nda Rus \u00f6l\u00fcm duyurusu\" src=\"https:\/\/informnapalm.org\/ua\/wp-content\/uploads\/sites\/9\/2026\/09\/photo_2026-09-04_13-53-32.jpg\" alt=\"Maksim Pa\u015f\u00e7enko hakk\u0131nda Rus \u00f6l\u00fcm duyurusu\" width=\"642\" height=\"960\" \/><\/p>\n<p style=\"text-align: left\">\u0130nformNapalm, bu vakay\u0131, Ukrayna\u2019daki varl\u0131\u011f\u0131 daha \u00f6nce ink\u00e2r edilen bir Rus askerinin y\u0131llar sonra Rus ordusunun belgelenmi\u015f kay\u0131plar\u0131 aras\u0131nda yer almas\u0131na \u00f6rnek olarak g\u00f6steriyor.<\/p>\n<h2 style=\"color: #000000;font-size: 1.3rem;font-weight: bold;margin-top: 24px;margin-bottom: 12px;font-family: &#039;Helvetica Neue&#039;, Helvetica, Arial, &#039;Nimbus Sans L&#039;, sans-serif;text-align: left\">Dijital izler zamanla yeni bir \u00f6nem kazan\u0131yor<\/h2>\n<p style=\"text-align: left\">Finogin ve Pa\u015f\u00e7enko vakalar\u0131, uzun vadeli ve sistematik belgelemenin \u00f6nemini ortaya koyuyor. 2014\u20132019 y\u0131llar\u0131nda bir askere ili\u015fkin tekil dijital izler gibi g\u00f6r\u00fcnen bilgiler, daha sonra yeni verilerle birle\u015ftirilerek \u00e7ok daha kapsaml\u0131 bir belgelemenin par\u00e7as\u0131 h\u00e2line gelebiliyor.<\/p>\n<p style=\"text-align: left\">Bu izler; foto\u011fraflar, co\u011frafi konum bilgileri, askeri birliklere ve g\u00f6revlendirmelere ili\u015fkin veriler ile sosyal medya profillerinden olu\u015fabiliyor. Yeni bilgiler ortaya \u00e7\u0131kt\u0131k\u00e7a \u00f6nceki ve sonraki askeri faaliyetler aras\u0131ndaki ba\u011flant\u0131lar da netle\u015ftirilebiliyor.<\/p>\n<p style=\"text-align: left\">Rusya\u2019n\u0131n 2022 y\u0131l\u0131nda ba\u015flatt\u0131\u011f\u0131 geni\u015f \u00e7apl\u0131 i\u015fgal, 2014\u2019ten bu yana Ukrayna\u2019ya kar\u015f\u0131 s\u00fcrd\u00fcrd\u00fc\u011f\u00fc askeri sald\u0131rganl\u0131\u011f\u0131n \u00f6nemli \u00f6l\u00e7\u00fcde geni\u015flemesi anlam\u0131na geldi. \u0130nformNapalm\u2019\u0131n belgeleri, ayn\u0131 ki\u015filerin baz\u0131 durumlarda her iki d\u00f6nemde de yer ald\u0131\u011f\u0131n\u0131 g\u00f6steriyor.<\/p>\n<p style=\"text-align: left\">Bu nedenle eski belgeler, tek tek Rus askerlerinin K\u0131r\u0131m ve Donbas\u2019taki sava\u015f\u0131n ilk d\u00f6nemlerindeki faaliyetlerinden geni\u015f \u00e7apl\u0131 i\u015fgal sonras\u0131ndaki kat\u0131l\u0131mlar\u0131na kadar izlenmesine katk\u0131 sa\u011flayabiliyor.<\/p>\n<h2 style=\"color: #000000;font-size: 1.3rem;font-weight: bold;margin-top: 24px;margin-bottom: 12px;font-family: &#039;Helvetica Neue&#039;, Helvetica, Arial, &#039;Nimbus Sans L&#039;, sans-serif;text-align: left\">Eski ara\u015ft\u0131rmalar \u00f6nemini koruyor<\/h2>\n<p style=\"text-align: left\">OSINT ar\u015fivleri, ki\u015filerin y\u0131llar boyunca izlenmesini ve ilk yay\u0131mland\u0131klar\u0131 d\u00f6nemde birbirinden ba\u011f\u0131ms\u0131z g\u00f6r\u00fcnen bilgilerin daha sonra birbiriyle ili\u015fkilendirilmesini m\u00fcmk\u00fcn k\u0131l\u0131yor. K\u0131r\u0131m ve Donbas\u2019taki Rus askerlerine ili\u015fkin materyaller b\u00f6ylece ayn\u0131 ki\u015filer hakk\u0131nda geni\u015f \u00e7apl\u0131 i\u015fgal d\u00f6neminde ortaya \u00e7\u0131kan daha sonraki bilgilerle kar\u015f\u0131la\u015ft\u0131r\u0131labiliyor.<\/p>\n<p style=\"text-align: left\">\u0130nformNapalm\u2019\u0131n eski ara\u015ft\u0131rmalar\u0131 bu nedenle ilk yay\u0131mland\u0131klar\u0131 tarihten uzun s\u00fcre sonra da \u00f6nemini koruyabiliyor. Yeni bilgiler \u00f6nceki verileri do\u011frulayabiliyor, yeni ba\u011flant\u0131lar\u0131 ortaya \u00e7\u0131karabiliyor ve mevcut belgelemenin kan\u0131t de\u011ferini g\u00fc\u00e7lendirebiliyor.<\/p>\n<p style=\"text-align: left\">Dijital belgeleme, Rusya\u2019n\u0131n sald\u0131rganl\u0131\u011f\u0131na ili\u015fkin bilgilerin zaman i\u00e7inde korunmas\u0131n\u0131 ve tamamlanmas\u0131n\u0131 m\u00fcmk\u00fcn k\u0131l\u0131yor. Bu durum, olas\u0131 sava\u015f su\u00e7lar\u0131na ve ki\u015filerin Rusya\u2019n\u0131n Ukrayna\u2019ya y\u00f6nelik sald\u0131rganl\u0131\u011f\u0131na kat\u0131l\u0131m\u0131na ili\u015fkin bilgiler i\u00e7in de ge\u00e7erli.<\/p>\n<p style=\"text-align: left\">Makale, Irakli Komakhidze ve Andriy Lisitsyn taraf\u0131ndan \u0130nformNapalm okuyucular\u0131 i\u00e7in haz\u0131rlanm\u0131\u015ft\u0131r.<\/p>\n<hr style=\"border: none;border-top: 1px solid #cfcfcf;margin: 24px 0;width: 35%;text-align: left\" \/>\n<p style=\"text-align: left\"><span style=\"font-weight: bold\">Ayr\u0131ca okuyun:<\/span> <a href=\"https:\/\/informnapalm.org\/tr\/72-mustakil-motorize-piyade-tugayi\/\">Rus askerlerinin OSINT ile tespiti<\/a> Kostjantynivka y\u00f6n\u00fcndeki 72. Ba\u011f\u0131ms\u0131z Motorize T\u00fcfek Tugay\u0131.<\/p>\n<p style=\"text-align: left\"><a href=\"https:\/\/informnapalm.org\/tr\/72-mustakil-motorize-piyade-tugayi\/\"><img loading=\"lazy\" decoding=\"async\" class=\"alignnone\" style=\"width: 642px;max-width: 100%;height: auto;display: block;border: 2pt solid #000000\" title=\"72. Motorize T\u00fcfek Tugay\u0131\u2019ndaki Rus askerlerinin OSINT ile tespiti\" src=\"https:\/\/informnapalm.org\/ua\/wp-content\/uploads\/sites\/9\/2026\/08\/IN72.jpg\" alt=\"72. Motorize T\u00fcfek Tugay\u0131\u2019ndaki Rus askerlerinin OSINT ile tespiti\" width=\"642\" height=\"336\" \/><\/a><\/p>\n<hr style=\"border: none;border-top: 1px solid #cfcfcf;margin: 24px 0;width: 75%;text-align: left\" \/>\n<h2 style=\"color: #000000;font-size: 1.5rem;font-weight: bold;margin-top: 24px;margin-bottom: 12px;font-family: &#039;Helvetica Neue&#039;, Helvetica, Arial, &#039;Nimbus Sans L&#039;, sans-serif;text-align: left\">\u0130nformNapalm\u2019dan di\u011fer makaleleri okuyun<\/h2>\n<ul>\n<li style=\"text-align: left\"><a href=\"https:\/\/informnapalm.org\/tr\/wildberries\/\"><span style=\"color: #333333\">Wildberries, \u0130HA sald\u0131r\u0131lar\u0131 ve siber operasyonlar\u0131n \u00e7apraz ate\u015finde<\/span><\/a><\/li>\n<li style=\"text-align: left\"><a href=\"https:\/\/informnapalm.org\/tr\/bastion\/\"><span style=\"color: #333333\">Ukrayna Donanmas\u0131\u2019ndan K\u0131r\u0131m\u2019daki Bastion k\u0131y\u0131 f\u00fcze sistemine sald\u0131r\u0131<\/span><\/a><\/li>\n<li style=\"text-align: left\"><a href=\"https:\/\/informnapalm.org\/tr\/rusya-iha-tehdidi-ukrayna-nato\/\"><span style=\"color: #333333\">Rusya\u2019n\u0131n 2026\u20132027 \u0130HA tehdidi ve Ukrayna\u2019dan NATO\u2019ya \u00e7\u0131kar\u0131lacak dersler<\/span><\/a><\/li>\n<\/ul>\n<hr style=\"border: none;border-top: 1px solid #cfcfcf;margin: 24px 0;width: 100%;text-align: left\" \/>\n<p style=\"text-align: left\"><span style=\"color: #000000\"><img loading=\"lazy\" decoding=\"async\" class=\"alignleft\" title=\"\u0130nformNapalm&apos;\u0131n T\u00fcrk\u00e7e versiyonu\" src=\"https:\/\/informnapalm.org\/fr\/wp-content\/uploads\/sites\/2\/2015\/12\/InformNapalm_logo_05.png\" alt=\"\u0130nformNapalm&apos;\u0131n T\u00fcrk\u00e7e versiyonu\" width=\"120\" height=\"55\" \/> <span style=\"color: #333333\">Kayna\u011fa link atarak payla\u015f\u0131rsan\u0131z seviniriz! Creative Commons \u2013 Attribution 4.0 International \u2013 CC BY 4.0.<\/span> <span style=\"font-weight: bold\"><a href=\"https:\/\/www.facebook.com\/informnapalm24\/\">Facebook<\/a><\/span>, <span style=\"font-weight: bold\"><a href=\"https:\/\/twitter.com\/InformNapalm\">X<\/a><\/span> <span style=\"color: #333333\">ve<\/span> <span style=\"font-weight: bold\"><a href=\"https:\/\/t.me\/informnapalm\">Telegram&#8217;da<\/a><\/span> <span style=\"color: #333333\">\u0130nformNapalm&#8217;\u0131n sayfalar\u0131n\u0131 takip edin.<\/span><\/span><\/p>\n<p style=\"text-align: left\">\u0130nformNapalm&#8217;\u0131n herhangi bir h\u00fck\u00fcmetten veya sponsordan mali deste\u011fi yoktur. Tek sponsorumuz bireysel g\u00f6n\u00fcll\u00fcler ve okuyuculard\u0131r. Ayr\u0131ca <span style=\"color: #333333\">BuyMeACoffee<\/span> arac\u0131l\u0131\u011f\u0131yla ayl\u0131k <span style=\"font-weight: bold\"><a href=\"https:\/\/www.buymeacoffee.com\/informnapalm\" target=\"_blank\" rel=\"noopener\">mini ba\u011f\u0131\u015flar<\/a> <\/span> yaparak \u0130nformNapalm&#8217;\u0131 destekleyebilirsiniz.<\/p>\n<\/div>\n<\/div>\n","protected":false},"excerpt":{"rendered":"<p>\u0130nformNapalm\u2019\u0131n 2014\u20132021 d\u00f6neminde Rusya\u2019n\u0131n Ukrayna\u2019ya y\u00f6nelik sald\u0131rganl\u0131\u011f\u0131na kat\u0131l\u0131mlar\u0131n\u0131 belgeledi\u011fi Rus askerleri, geni\u015f \u00e7apl\u0131 i\u015fgale ili\u015fkin belgelerde yeniden&#8230;<\/p>\n","protected":false},"author":72,"featured_media":4685,"comment_status":"closed","ping_status":"closed","sticky":false,"template":"","format":"standard","meta":{"_acf_changed":false,"om_disable_all_campaigns":false,"_uf_show_specific_survey":0,"_uf_disable_surveys":false,"footnotes":""},"categories":[130,104,1],"tags":[143,339,5,3046,117,3023,23,6],"class_list":["post-4684","post","type-post","status-publish","format-standard","has-post-thumbnail","hentry","category-misc","category-donbas","category-all-news","tag-donbas","tag-informnapalm","tag-kirim","tag-olum-duyurulari","tag-osint","tag-rus-askerleri","tag-rusya","tag-ukrayna"],"acf":[],"yoast_head":"<!-- This site is optimized with the Yoast SEO plugin v28.2 - https:\/\/yoast.com\/product\/yoast-seo-wordpress\/ -->\n<title>\u0130nformNapalm\u2019\u0131n tespit etti\u011fi Rus askerleri y\u0131llar sonra \u00f6l\u00fcm duyurular\u0131nda yeniden ortaya \u00e7\u0131k\u0131yor<\/title>\n<meta name=\"description\" content=\"\u0130nformNapalm, K\u0131r\u0131m ve Donbas\u2019ta tespit edilen Rus askerlerini y\u0131llar sonra Rus kaynaklar\u0131nda yay\u0131mlanan \u00f6l\u00fcm duyurular\u0131yla ili\u015fkilendiriyor.\" \/>\n<meta name=\"robots\" content=\"index, follow, max-snippet:-1, max-image-preview:large, max-video-preview:-1\" \/>\n<link rel=\"canonical\" href=\"https:\/\/informnapalm.org\/tr\/rus-askerleri-olum-duyurulari\/\" \/>\n<meta property=\"og:locale\" content=\"en_US\" \/>\n<meta property=\"og:type\" content=\"article\" \/>\n<meta property=\"og:title\" content=\"\u0130nformNapalm\u2019\u0131n tespit etti\u011fi Rus askerleri y\u0131llar sonra \u00f6l\u00fcm duyurular\u0131nda yeniden ortaya \u00e7\u0131k\u0131yor\" \/>\n<meta property=\"og:description\" content=\"\u0130nformNapalm, K\u0131r\u0131m ve Donbas\u2019ta tespit edilen Rus askerlerini y\u0131llar sonra Rus kaynaklar\u0131nda yay\u0131mlanan \u00f6l\u00fcm duyurular\u0131yla ili\u015fkilendiriyor.\" \/>\n<meta property=\"og:url\" content=\"https:\/\/informnapalm.org\/tr\/rus-askerleri-olum-duyurulari\/\" \/>\n<meta property=\"og:site_name\" content=\"\u0130nformNapalm&#039;\u0131n T\u00fcrk\u00e7e versiyonu\" \/>\n<meta property=\"article:published_time\" content=\"2026-09-04T18:30:31+00:00\" \/>\n<meta property=\"article:modified_time\" content=\"2026-09-04T18:47:06+00:00\" \/>\n<meta property=\"og:image\" content=\"https:\/\/informnapalm.org\/tr\/wp-content\/uploads\/sites\/12\/2026\/09\/Rus-askerleri-olum-duyurulari.jpg\" \/>\n\t<meta property=\"og:image:width\" content=\"642\" \/>\n\t<meta property=\"og:image:height\" content=\"336\" \/>\n\t<meta property=\"og:image:type\" content=\"image\/jpeg\" \/>\n<meta name=\"author\" content=\"2476\" \/>\n<meta name=\"twitter:label1\" content=\"Written by\" \/>\n\t<meta name=\"twitter:data1\" content=\"2476\" \/>\n\t<meta name=\"twitter:label2\" content=\"Est. reading time\" \/>\n\t<meta name=\"twitter:data2\" content=\"5 minutes\" \/>\n<script type=\"application\/ld+json\" class=\"yoast-schema-graph\">{\"@context\":\"https:\\\/\\\/schema.org\",\"@graph\":[{\"@type\":\"Article\",\"@id\":\"https:\\\/\\\/informnapalm.org\\\/tr\\\/rus-askerleri-olum-duyurulari\\\/#article\",\"isPartOf\":{\"@id\":\"https:\\\/\\\/informnapalm.org\\\/tr\\\/rus-askerleri-olum-duyurulari\\\/\"},\"author\":{\"name\":\"2476\",\"@id\":\"https:\\\/\\\/informnapalm.org\\\/tr\\\/#\\\/schema\\\/person\\\/e683569ccd9c71b2afa351e58e558cb1\"},\"headline\":\"\u0130nformNapalm\u2019\u0131n tespit etti\u011fi Rus askerleri y\u0131llar sonra \u00f6l\u00fcm duyurular\u0131nda yeniden ortaya \u00e7\u0131k\u0131yor\",\"datePublished\":\"2026-09-04T18:30:31+00:00\",\"dateModified\":\"2026-09-04T18:47:06+00:00\",\"mainEntityOfPage\":{\"@id\":\"https:\\\/\\\/informnapalm.org\\\/tr\\\/rus-askerleri-olum-duyurulari\\\/\"},\"wordCount\":896,\"image\":{\"@id\":\"https:\\\/\\\/informnapalm.org\\\/tr\\\/rus-askerleri-olum-duyurulari\\\/#primaryimage\"},\"thumbnailUrl\":\"https:\\\/\\\/informnapalm.org\\\/tr\\\/wp-content\\\/uploads\\\/sites\\\/12\\\/2026\\\/09\\\/Rus-askerleri-olum-duyurulari.jpg\",\"keywords\":[\"Donbas\",\"InformNapalm\",\"KIRIM\",\"\u00f6l\u00fcm duyurular\u0131\",\"OSINT\",\"Rus askerleri\",\"Rusya\",\"Ukrayna\"],\"articleSection\":[\"Di\u011fer\",\"Donbas\",\"Haberler\"],\"inLanguage\":\"en-US\"},{\"@type\":\"WebPage\",\"@id\":\"https:\\\/\\\/informnapalm.org\\\/tr\\\/rus-askerleri-olum-duyurulari\\\/\",\"url\":\"https:\\\/\\\/informnapalm.org\\\/tr\\\/rus-askerleri-olum-duyurulari\\\/\",\"name\":\"\u0130nformNapalm\u2019\u0131n tespit etti\u011fi Rus askerleri y\u0131llar sonra \u00f6l\u00fcm duyurular\u0131nda yeniden ortaya \u00e7\u0131k\u0131yor\",\"isPartOf\":{\"@id\":\"https:\\\/\\\/informnapalm.org\\\/tr\\\/#website\"},\"primaryImageOfPage\":{\"@id\":\"https:\\\/\\\/informnapalm.org\\\/tr\\\/rus-askerleri-olum-duyurulari\\\/#primaryimage\"},\"image\":{\"@id\":\"https:\\\/\\\/informnapalm.org\\\/tr\\\/rus-askerleri-olum-duyurulari\\\/#primaryimage\"},\"thumbnailUrl\":\"https:\\\/\\\/informnapalm.org\\\/tr\\\/wp-content\\\/uploads\\\/sites\\\/12\\\/2026\\\/09\\\/Rus-askerleri-olum-duyurulari.jpg\",\"datePublished\":\"2026-09-04T18:30:31+00:00\",\"dateModified\":\"2026-09-04T18:47:06+00:00\",\"author\":{\"@id\":\"https:\\\/\\\/informnapalm.org\\\/tr\\\/#\\\/schema\\\/person\\\/e683569ccd9c71b2afa351e58e558cb1\"},\"description\":\"\u0130nformNapalm, K\u0131r\u0131m ve Donbas\u2019ta tespit edilen Rus askerlerini y\u0131llar sonra Rus kaynaklar\u0131nda yay\u0131mlanan \u00f6l\u00fcm duyurular\u0131yla ili\u015fkilendiriyor.\",\"breadcrumb\":{\"@id\":\"https:\\\/\\\/informnapalm.org\\\/tr\\\/rus-askerleri-olum-duyurulari\\\/#breadcrumb\"},\"inLanguage\":\"en-US\",\"potentialAction\":[{\"@type\":\"ReadAction\",\"target\":[\"https:\\\/\\\/informnapalm.org\\\/tr\\\/rus-askerleri-olum-duyurulari\\\/\"]}]},{\"@type\":\"ImageObject\",\"inLanguage\":\"en-US\",\"@id\":\"https:\\\/\\\/informnapalm.org\\\/tr\\\/rus-askerleri-olum-duyurulari\\\/#primaryimage\",\"url\":\"https:\\\/\\\/informnapalm.org\\\/tr\\\/wp-content\\\/uploads\\\/sites\\\/12\\\/2026\\\/09\\\/Rus-askerleri-olum-duyurulari.jpg\",\"contentUrl\":\"https:\\\/\\\/informnapalm.org\\\/tr\\\/wp-content\\\/uploads\\\/sites\\\/12\\\/2026\\\/09\\\/Rus-askerleri-olum-duyurulari.jpg\",\"width\":642,\"height\":336,\"caption\":\"Rus askerleri ve \u00f6l\u00fcm duyurular\u0131\"},{\"@type\":\"BreadcrumbList\",\"@id\":\"https:\\\/\\\/informnapalm.org\\\/tr\\\/rus-askerleri-olum-duyurulari\\\/#breadcrumb\",\"itemListElement\":[{\"@type\":\"ListItem\",\"position\":1,\"name\":\"Home\",\"item\":\"https:\\\/\\\/informnapalm.org\\\/tr\\\/\"},{\"@type\":\"ListItem\",\"position\":2,\"name\":\"\u0130nformNapalm\u2019\u0131n tespit etti\u011fi Rus askerleri y\u0131llar sonra \u00f6l\u00fcm duyurular\u0131nda yeniden ortaya \u00e7\u0131k\u0131yor\"}]},{\"@type\":\"WebSite\",\"@id\":\"https:\\\/\\\/informnapalm.org\\\/tr\\\/#website\",\"url\":\"https:\\\/\\\/informnapalm.org\\\/tr\\\/\",\"name\":\"\u0130nformNapalm&#039;\u0131n T\u00fcrk\u00e7e versiyonu\",\"description\":\"Ukrayna&#039;dan son haberler\",\"potentialAction\":[{\"@type\":\"SearchAction\",\"target\":{\"@type\":\"EntryPoint\",\"urlTemplate\":\"https:\\\/\\\/informnapalm.org\\\/tr\\\/?s={search_term_string}\"},\"query-input\":{\"@type\":\"PropertyValueSpecification\",\"valueRequired\":true,\"valueName\":\"search_term_string\"}}],\"inLanguage\":\"en-US\"},{\"@type\":\"Person\",\"@id\":\"https:\\\/\\\/informnapalm.org\\\/tr\\\/#\\\/schema\\\/person\\\/e683569ccd9c71b2afa351e58e558cb1\",\"name\":\"2476\",\"image\":{\"@type\":\"ImageObject\",\"inLanguage\":\"en-US\",\"@id\":\"https:\\\/\\\/secure.gravatar.com\\\/avatar\\\/4cdfe9f344a6a3098c5b8f56d0951f5a6488eb77f72278644d45d1518136dda9?s=96&d=mm&r=g\",\"url\":\"https:\\\/\\\/secure.gravatar.com\\\/avatar\\\/4cdfe9f344a6a3098c5b8f56d0951f5a6488eb77f72278644d45d1518136dda9?s=96&d=mm&r=g\",\"contentUrl\":\"https:\\\/\\\/secure.gravatar.com\\\/avatar\\\/4cdfe9f344a6a3098c5b8f56d0951f5a6488eb77f72278644d45d1518136dda9?s=96&d=mm&r=g\",\"caption\":\"2476\"},\"url\":\"https:\\\/\\\/informnapalm.org\\\/tr\\\/author\\\/tugrul\\\/\"}]}<\/script>\n<!-- \/ Yoast SEO plugin. -->","yoast_head_json":{"title":"\u0130nformNapalm\u2019\u0131n tespit etti\u011fi Rus askerleri y\u0131llar sonra \u00f6l\u00fcm duyurular\u0131nda yeniden ortaya \u00e7\u0131k\u0131yor","description":"\u0130nformNapalm, K\u0131r\u0131m ve Donbas\u2019ta tespit edilen Rus askerlerini y\u0131llar sonra Rus kaynaklar\u0131nda yay\u0131mlanan \u00f6l\u00fcm duyurular\u0131yla ili\u015fkilendiriyor.","robots":{"index":"index","follow":"follow","max-snippet":"max-snippet:-1","max-image-preview":"max-image-preview:large","max-video-preview":"max-video-preview:-1"},"canonical":"https:\/\/informnapalm.org\/tr\/rus-askerleri-olum-duyurulari\/","og_locale":"en_US","og_type":"article","og_title":"\u0130nformNapalm\u2019\u0131n tespit etti\u011fi Rus askerleri y\u0131llar sonra \u00f6l\u00fcm duyurular\u0131nda yeniden ortaya \u00e7\u0131k\u0131yor","og_description":"\u0130nformNapalm, K\u0131r\u0131m ve Donbas\u2019ta tespit edilen Rus askerlerini y\u0131llar sonra Rus kaynaklar\u0131nda yay\u0131mlanan \u00f6l\u00fcm duyurular\u0131yla ili\u015fkilendiriyor.","og_url":"https:\/\/informnapalm.org\/tr\/rus-askerleri-olum-duyurulari\/","og_site_name":"\u0130nformNapalm&#039;\u0131n T\u00fcrk\u00e7e versiyonu","article_published_time":"2026-09-04T18:30:31+00:00","article_modified_time":"2026-09-04T18:47:06+00:00","og_image":[{"width":642,"height":336,"url":"https:\/\/informnapalm.org\/tr\/wp-content\/uploads\/sites\/12\/2026\/09\/Rus-askerleri-olum-duyurulari.jpg","type":"image\/jpeg"}],"author":"2476","twitter_misc":{"Written by":"2476","Est. reading time":"5 minutes"},"schema":{"@context":"https:\/\/schema.org","@graph":[{"@type":"Article","@id":"https:\/\/informnapalm.org\/tr\/rus-askerleri-olum-duyurulari\/#article","isPartOf":{"@id":"https:\/\/informnapalm.org\/tr\/rus-askerleri-olum-duyurulari\/"},"author":{"name":"2476","@id":"https:\/\/informnapalm.org\/tr\/#\/schema\/person\/e683569ccd9c71b2afa351e58e558cb1"},"headline":"\u0130nformNapalm\u2019\u0131n tespit etti\u011fi Rus askerleri y\u0131llar sonra \u00f6l\u00fcm duyurular\u0131nda yeniden ortaya \u00e7\u0131k\u0131yor","datePublished":"2026-09-04T18:30:31+00:00","dateModified":"2026-09-04T18:47:06+00:00","mainEntityOfPage":{"@id":"https:\/\/informnapalm.org\/tr\/rus-askerleri-olum-duyurulari\/"},"wordCount":896,"image":{"@id":"https:\/\/informnapalm.org\/tr\/rus-askerleri-olum-duyurulari\/#primaryimage"},"thumbnailUrl":"https:\/\/informnapalm.org\/tr\/wp-content\/uploads\/sites\/12\/2026\/09\/Rus-askerleri-olum-duyurulari.jpg","keywords":["Donbas","InformNapalm","KIRIM","\u00f6l\u00fcm duyurular\u0131","OSINT","Rus askerleri","Rusya","Ukrayna"],"articleSection":["Di\u011fer","Donbas","Haberler"],"inLanguage":"en-US"},{"@type":"WebPage","@id":"https:\/\/informnapalm.org\/tr\/rus-askerleri-olum-duyurulari\/","url":"https:\/\/informnapalm.org\/tr\/rus-askerleri-olum-duyurulari\/","name":"\u0130nformNapalm\u2019\u0131n tespit etti\u011fi Rus askerleri y\u0131llar sonra \u00f6l\u00fcm duyurular\u0131nda yeniden ortaya \u00e7\u0131k\u0131yor","isPartOf":{"@id":"https:\/\/informnapalm.org\/tr\/#website"},"primaryImageOfPage":{"@id":"https:\/\/informnapalm.org\/tr\/rus-askerleri-olum-duyurulari\/#primaryimage"},"image":{"@id":"https:\/\/informnapalm.org\/tr\/rus-askerleri-olum-duyurulari\/#primaryimage"},"thumbnailUrl":"https:\/\/informnapalm.org\/tr\/wp-content\/uploads\/sites\/12\/2026\/09\/Rus-askerleri-olum-duyurulari.jpg","datePublished":"2026-09-04T18:30:31+00:00","dateModified":"2026-09-04T18:47:06+00:00","author":{"@id":"https:\/\/informnapalm.org\/tr\/#\/schema\/person\/e683569ccd9c71b2afa351e58e558cb1"},"description":"\u0130nformNapalm, K\u0131r\u0131m ve Donbas\u2019ta tespit edilen Rus askerlerini y\u0131llar sonra Rus kaynaklar\u0131nda yay\u0131mlanan \u00f6l\u00fcm duyurular\u0131yla ili\u015fkilendiriyor.","breadcrumb":{"@id":"https:\/\/informnapalm.org\/tr\/rus-askerleri-olum-duyurulari\/#breadcrumb"},"inLanguage":"en-US","potentialAction":[{"@type":"ReadAction","target":["https:\/\/informnapalm.org\/tr\/rus-askerleri-olum-duyurulari\/"]}]},{"@type":"ImageObject","inLanguage":"en-US","@id":"https:\/\/informnapalm.org\/tr\/rus-askerleri-olum-duyurulari\/#primaryimage","url":"https:\/\/informnapalm.org\/tr\/wp-content\/uploads\/sites\/12\/2026\/09\/Rus-askerleri-olum-duyurulari.jpg","contentUrl":"https:\/\/informnapalm.org\/tr\/wp-content\/uploads\/sites\/12\/2026\/09\/Rus-askerleri-olum-duyurulari.jpg","width":642,"height":336,"caption":"Rus askerleri ve \u00f6l\u00fcm duyurular\u0131"},{"@type":"BreadcrumbList","@id":"https:\/\/informnapalm.org\/tr\/rus-askerleri-olum-duyurulari\/#breadcrumb","itemListElement":[{"@type":"ListItem","position":1,"name":"Home","item":"https:\/\/informnapalm.org\/tr\/"},{"@type":"ListItem","position":2,"name":"\u0130nformNapalm\u2019\u0131n tespit etti\u011fi Rus askerleri y\u0131llar sonra \u00f6l\u00fcm duyurular\u0131nda yeniden ortaya \u00e7\u0131k\u0131yor"}]},{"@type":"WebSite","@id":"https:\/\/informnapalm.org\/tr\/#website","url":"https:\/\/informnapalm.org\/tr\/","name":"\u0130nformNapalm&#039;\u0131n T\u00fcrk\u00e7e versiyonu","description":"Ukrayna&#039;dan son haberler","potentialAction":[{"@type":"SearchAction","target":{"@type":"EntryPoint","urlTemplate":"https:\/\/informnapalm.org\/tr\/?s={search_term_string}"},"query-input":{"@type":"PropertyValueSpecification","valueRequired":true,"valueName":"search_term_string"}}],"inLanguage":"en-US"},{"@type":"Person","@id":"https:\/\/informnapalm.org\/tr\/#\/schema\/person\/e683569ccd9c71b2afa351e58e558cb1","name":"2476","image":{"@type":"ImageObject","inLanguage":"en-US","@id":"https:\/\/secure.gravatar.com\/avatar\/4cdfe9f344a6a3098c5b8f56d0951f5a6488eb77f72278644d45d1518136dda9?s=96&d=mm&r=g","url":"https:\/\/secure.gravatar.com\/avatar\/4cdfe9f344a6a3098c5b8f56d0951f5a6488eb77f72278644d45d1518136dda9?s=96&d=mm&r=g","contentUrl":"https:\/\/secure.gravatar.com\/avatar\/4cdfe9f344a6a3098c5b8f56d0951f5a6488eb77f72278644d45d1518136dda9?s=96&d=mm&r=g","caption":"2476"},"url":"https:\/\/informnapalm.org\/tr\/author\/tugrul\/"}]}},"post_src":"<div lang=\"tr\" style=\"color: #000000;text-align: left\">\r\n<p style=\"text-align: left;margin: 0 0 16px 0\"><span style=\"font-weight: bold;font-family: Helvetica Neue,Helvetica,Arial,Nimbus Sans L,sans-serif\">\u0130nformNapalm\u2019\u0131n 2014\u20132021 d\u00f6neminde Rusya\u2019n\u0131n Ukrayna\u2019ya y\u00f6nelik sald\u0131rganl\u0131\u011f\u0131na kat\u0131l\u0131mlar\u0131n\u0131 belgeledi\u011fi Rus askerleri, geni\u015f \u00e7apl\u0131 i\u015fgale ili\u015fkin belgelerde yeniden ortaya \u00e7\u0131k\u0131yor. Baz\u0131 vakalarda bu ki\u015filerin sava\u015fa kat\u0131l\u0131m\u0131, Rus kaynaklar\u0131nda \u00f6l\u00fcmlerine ili\u015fkin yay\u0131mlanan bilgilere kadar izlenebiliyor.<\/span><\/p>\r\n\r\n<div style=\"color: #333333;text-align: left\">\r\n<p style=\"text-align: left\">Bu ba\u011flant\u0131, \u0130nformNapalm\u2019\u0131n kurucu ortaklar\u0131ndan OSINT ara\u015ft\u0131rmac\u0131s\u0131 Irakli Komakhidze taraf\u0131ndan Rus askerlerine ili\u015fkin bilgilerin incelenmesi s\u0131ras\u0131nda tespit edildi. \u0130nceleme, eski dijital belgelerin bir ki\u015finin ilk kez tespit edilmesinden y\u0131llar sonra nas\u0131l yeniden \u00f6nem kazanabildi\u011fini g\u00f6steriyor.<\/p>\r\n\r\n<h2 style=\"color: #000000;font-size: 1.3rem;font-weight: bold;margin-top: 24px;margin-bottom: 12px;font-family: &#039;Helvetica Neue&#039;, Helvetica, Arial, &#039;Nimbus Sans L&#039;, sans-serif;text-align: left\">Sergey Finogin 2016 y\u0131l\u0131nda tespit edildi<\/h2>\r\n<p style=\"text-align: left\">Bu vakalardan biri Sergey Finogin ile ilgili. \u0130nformNapalm, Finogin\u2019in Rusya\u2019n\u0131n i\u015fgali alt\u0131ndaki G\u00fcrcistan\u2019a ba\u011fl\u0131 Abhazya b\u00f6lgesinde bulunan 7. Rus askeri \u00fcss\u00fcnde g\u00f6rev yapt\u0131\u011f\u0131n\u0131 ve uzun s\u00fcre Donbas\u2019a, Ukrayna\u2019n\u0131n do\u011fusuna g\u00f6revlendirildi\u011fini <a href=\"https:\/\/informnapalm.org\/sv\/rysk-spaningssoldat\/\">2016 y\u0131l\u0131nda tespit etti<\/a>.<\/p>\r\n<p style=\"text-align: left\">\u0130nformNapalm\u2019\u0131n belgelerine g\u00f6re Finogin, Horlivka kentinde s\u00f6zde Donetsk Halk Cumhuriyeti\u2019nin (DNR) halk milisinde e\u011fitmen olarak g\u00f6rev yapt\u0131.<\/p>\r\n<p style=\"text-align: left\"><img class=\"alignnone\" style=\"width: 642px;max-width: 100%;height: auto;display: block;border: 2pt solid #000000\" title=\"Sergey Finogin hakk\u0131nda belgeler\" src=\"https:\/\/informnapalm.org\/ua\/wp-content\/uploads\/sites\/9\/2026\/09\/38.jpg\" alt=\"Sergey Finogin hakk\u0131nda belgeler\" width=\"642\" height=\"806\" \/><\/p>\r\n<p style=\"text-align: left\"><img class=\"alignnone\" style=\"width: 642px;max-width: 100%;height: auto;display: block;border: 2pt solid #000000\" title=\"Sergey Finogin hakk\u0131nda belgeler\" src=\"https:\/\/informnapalm.org\/ua\/wp-content\/uploads\/sites\/9\/2026\/09\/11-1.jpg\" alt=\"Sergey Finogin hakk\u0131nda belgeler\" width=\"642\" height=\"856\" \/><\/p>\r\n<p style=\"text-align: left\"><img class=\"alignnone\" style=\"width: 642px;max-width: 100%;height: auto;display: block;border: 2pt solid #000000\" title=\"Sergey Finogin hakk\u0131nda belgeler\" src=\"https:\/\/informnapalm.org\/ua\/wp-content\/uploads\/sites\/9\/2026\/09\/1.jpg\" alt=\"Sergey Finogin hakk\u0131nda belgeler\" width=\"642\" height=\"872\" \/><\/p>\r\n<p style=\"text-align: left\">2025 y\u0131l\u0131nda Finogin\u2019in Ukrayna\u2019ya kar\u015f\u0131 y\u00fcr\u00fct\u00fclen sava\u015fta \u00f6ld\u00fcr\u00fcld\u00fc\u011f\u00fcne ili\u015fkin <a href=\"https:\/\/memory59.ru\/finogin-sergej-olegovich\/\">bilgiler yay\u0131mland\u0131<\/a>.<\/p>\r\n<p style=\"text-align: left\"><a href=\"https:\/\/informnapalm.org\/at\/russische-militaerangehoerige-todesmeldungen\/\"><img class=\"alignnone\" style=\"width: 642px;max-width: 100%;height: auto;display: block;border: 2pt solid #000000\" title=\"Sergey Finogin\u2019in \u00f6l\u00fcm\u00fcne ili\u015fkin bilgiler\" src=\"https:\/\/informnapalm.org\/ua\/wp-content\/uploads\/sites\/9\/2026\/09\/photo_2026-09-04_14-55-25.jpg\" alt=\"Sergey Finogin\u2019in \u00f6l\u00fcm\u00fcne ili\u015fkin bilgiler\" width=\"642\" height=\"976\" \/><\/a><\/p>\r\n\r\n<h2 style=\"color: #000000;font-size: 1.3rem;font-weight: bold;margin-top: 24px;margin-bottom: 12px;font-family: &#039;Helvetica Neue&#039;, Helvetica, Arial, &#039;Nimbus Sans L&#039;, sans-serif;text-align: left\">Maksim Pa\u015f\u00e7enko K\u0131r\u0131m ve Donbas\u2019taki faaliyetleriyle tespit edildi<\/h2>\r\n<p style=\"text-align: left\">Bir di\u011fer vaka Maksim Pa\u015f\u00e7enko ile ilgili. \u0130nformNapalm, Mart 2019\u2019da Pa\u015f\u00e7enko\u2019yu Abhazya\u2019daki 7. Rus askeri \u00fcss\u00fcn\u00fcn ke\u015fif taburunda daha \u00f6nce e\u011fitmen olarak g\u00f6rev yapm\u0131\u015f bir asker ve Rusya\u2019n\u0131n 2014 y\u0131l\u0131nda K\u0131r\u0131m\u2019\u0131 ilhak\u0131na kat\u0131lan ki\u015filerden biri olarak tespit etti.<\/p>\r\n<p style=\"text-align: left\">\u0130ncelemeye g\u00f6re Pa\u015f\u00e7enko daha sonra Moskova\u2019n\u0131n Donbas\u2019ta yerel \u201cmadenciler\u201d ve \u201cmilisler\u201d olarak g\u00f6sterdi\u011fi Rus askerlerinden biri oldu.<\/p>\r\n<p style=\"text-align: left\"><a href=\"https:\/\/informnapalm.org\/sv\/ryska-militarer-dodsnotiser\/\"><img class=\"alignnone\" style=\"width: 642px;max-width: 100%;height: auto;display: block;border: 2pt solid #000000\" title=\"Maksim Pa\u015f\u00e7enko hakk\u0131nda belgeler\" src=\"https:\/\/informnapalm.org\/ua\/wp-content\/uploads\/sites\/9\/2026\/09\/photo_2026-09-04_13-53-35.jpg\" alt=\"Maksim Pa\u015f\u00e7enko hakk\u0131nda belgeler\" width=\"642\" height=\"868\" \/><\/a><\/p>\r\n<p style=\"text-align: left\"><a href=\"https:\/\/informnapalm.org\/ua\/osint-maie-dovhu-pamiat\/\"><img class=\"alignnone\" style=\"width: 642px;max-width: 100%;height: auto;display: block;border: 2pt solid #000000\" title=\"Maksim Pa\u015f\u00e7enko hakk\u0131nda belgeler\" src=\"https:\/\/informnapalm.org\/ua\/wp-content\/uploads\/sites\/9\/2026\/09\/image.jpg\" alt=\"Maksim Pa\u015f\u00e7enko hakk\u0131nda belgeler\" width=\"642\" height=\"532\" \/><\/a><\/p>\r\n<p style=\"text-align: left\"><img class=\"alignnone\" style=\"width: 642px;max-width: 100%;height: auto;display: block;border: 2pt solid #000000\" title=\"Maksim Pa\u015f\u00e7enko hakk\u0131nda belgeler\" src=\"https:\/\/informnapalm.org\/ua\/wp-content\/uploads\/sites\/9\/2026\/09\/2-boevika-ianvar-2017.jpg\" alt=\"Donbas\u2019taki Rus askerlerine ili\u015fkin belgeler\" width=\"642\" height=\"900\" \/><\/p>\r\n<p style=\"text-align: left\">Ekim 2023\u2019te Rus kaynaklar\u0131nda Pa\u015f\u00e7enko hakk\u0131nda <a href=\"https:\/\/archive.ph\/UMK8a\">bir \u00f6l\u00fcm duyurusu yay\u0131mland\u0131<\/a>. Duyuruda, Rusya\u2019n\u0131n \u201c\u00f6zel askeri operasyon\u201d olarak adland\u0131rd\u0131\u011f\u0131 sava\u015f kapsam\u0131nda 6 Nisan 2022\u2019de, Ukrayna\u2019ya y\u00f6nelik geni\u015f \u00e7apl\u0131 i\u015fgalin ba\u015flamas\u0131ndan k\u0131sa s\u00fcre sonra \u00f6ld\u00fcr\u00fcld\u00fc\u011f\u00fc belirtildi.<\/p>\r\n<p style=\"text-align: left\"><img class=\"alignnone\" style=\"width: 642px;max-width: 100%;height: auto;display: block;border: 2pt solid #000000\" title=\"Maksim Pa\u015f\u00e7enko hakk\u0131nda Rus \u00f6l\u00fcm duyurusu\" src=\"https:\/\/informnapalm.org\/ua\/wp-content\/uploads\/sites\/9\/2026\/09\/photo_2026-09-04_13-53-32.jpg\" alt=\"Maksim Pa\u015f\u00e7enko hakk\u0131nda Rus \u00f6l\u00fcm duyurusu\" width=\"642\" height=\"960\" \/><\/p>\r\n<p style=\"text-align: left\">\u0130nformNapalm, bu vakay\u0131, Ukrayna\u2019daki varl\u0131\u011f\u0131 daha \u00f6nce ink\u00e2r edilen bir Rus askerinin y\u0131llar sonra Rus ordusunun belgelenmi\u015f kay\u0131plar\u0131 aras\u0131nda yer almas\u0131na \u00f6rnek olarak g\u00f6steriyor.<\/p>\r\n\r\n<h2 style=\"color: #000000;font-size: 1.3rem;font-weight: bold;margin-top: 24px;margin-bottom: 12px;font-family: &#039;Helvetica Neue&#039;, Helvetica, Arial, &#039;Nimbus Sans L&#039;, sans-serif;text-align: left\">Dijital izler zamanla yeni bir \u00f6nem kazan\u0131yor<\/h2>\r\n<p style=\"text-align: left\">Finogin ve Pa\u015f\u00e7enko vakalar\u0131, uzun vadeli ve sistematik belgelemenin \u00f6nemini ortaya koyuyor. 2014\u20132019 y\u0131llar\u0131nda bir askere ili\u015fkin tekil dijital izler gibi g\u00f6r\u00fcnen bilgiler, daha sonra yeni verilerle birle\u015ftirilerek \u00e7ok daha kapsaml\u0131 bir belgelemenin par\u00e7as\u0131 h\u00e2line gelebiliyor.<\/p>\r\n<p style=\"text-align: left\">Bu izler; foto\u011fraflar, co\u011frafi konum bilgileri, askeri birliklere ve g\u00f6revlendirmelere ili\u015fkin veriler ile sosyal medya profillerinden olu\u015fabiliyor. Yeni bilgiler ortaya \u00e7\u0131kt\u0131k\u00e7a \u00f6nceki ve sonraki askeri faaliyetler aras\u0131ndaki ba\u011flant\u0131lar da netle\u015ftirilebiliyor.<\/p>\r\n<p style=\"text-align: left\">Rusya\u2019n\u0131n 2022 y\u0131l\u0131nda ba\u015flatt\u0131\u011f\u0131 geni\u015f \u00e7apl\u0131 i\u015fgal, 2014\u2019ten bu yana Ukrayna\u2019ya kar\u015f\u0131 s\u00fcrd\u00fcrd\u00fc\u011f\u00fc askeri sald\u0131rganl\u0131\u011f\u0131n \u00f6nemli \u00f6l\u00e7\u00fcde geni\u015flemesi anlam\u0131na geldi. \u0130nformNapalm\u2019\u0131n belgeleri, ayn\u0131 ki\u015filerin baz\u0131 durumlarda her iki d\u00f6nemde de yer ald\u0131\u011f\u0131n\u0131 g\u00f6steriyor.<\/p>\r\n<p style=\"text-align: left\">Bu nedenle eski belgeler, tek tek Rus askerlerinin K\u0131r\u0131m ve Donbas\u2019taki sava\u015f\u0131n ilk d\u00f6nemlerindeki faaliyetlerinden geni\u015f \u00e7apl\u0131 i\u015fgal sonras\u0131ndaki kat\u0131l\u0131mlar\u0131na kadar izlenmesine katk\u0131 sa\u011flayabiliyor.<\/p>\r\n\r\n<h2 style=\"color: #000000;font-size: 1.3rem;font-weight: bold;margin-top: 24px;margin-bottom: 12px;font-family: &#039;Helvetica Neue&#039;, Helvetica, Arial, &#039;Nimbus Sans L&#039;, sans-serif;text-align: left\">Eski ara\u015ft\u0131rmalar \u00f6nemini koruyor<\/h2>\r\n<p style=\"text-align: left\">OSINT ar\u015fivleri, ki\u015filerin y\u0131llar boyunca izlenmesini ve ilk yay\u0131mland\u0131klar\u0131 d\u00f6nemde birbirinden ba\u011f\u0131ms\u0131z g\u00f6r\u00fcnen bilgilerin daha sonra birbiriyle ili\u015fkilendirilmesini m\u00fcmk\u00fcn k\u0131l\u0131yor. K\u0131r\u0131m ve Donbas\u2019taki Rus askerlerine ili\u015fkin materyaller b\u00f6ylece ayn\u0131 ki\u015filer hakk\u0131nda geni\u015f \u00e7apl\u0131 i\u015fgal d\u00f6neminde ortaya \u00e7\u0131kan daha sonraki bilgilerle kar\u015f\u0131la\u015ft\u0131r\u0131labiliyor.<\/p>\r\n<p style=\"text-align: left\">\u0130nformNapalm\u2019\u0131n eski ara\u015ft\u0131rmalar\u0131 bu nedenle ilk yay\u0131mland\u0131klar\u0131 tarihten uzun s\u00fcre sonra da \u00f6nemini koruyabiliyor. Yeni bilgiler \u00f6nceki verileri do\u011frulayabiliyor, yeni ba\u011flant\u0131lar\u0131 ortaya \u00e7\u0131karabiliyor ve mevcut belgelemenin kan\u0131t de\u011ferini g\u00fc\u00e7lendirebiliyor.<\/p>\r\n<p style=\"text-align: left\">Dijital belgeleme, Rusya\u2019n\u0131n sald\u0131rganl\u0131\u011f\u0131na ili\u015fkin bilgilerin zaman i\u00e7inde korunmas\u0131n\u0131 ve tamamlanmas\u0131n\u0131 m\u00fcmk\u00fcn k\u0131l\u0131yor. Bu durum, olas\u0131 sava\u015f su\u00e7lar\u0131na ve ki\u015filerin Rusya\u2019n\u0131n Ukrayna\u2019ya y\u00f6nelik sald\u0131rganl\u0131\u011f\u0131na kat\u0131l\u0131m\u0131na ili\u015fkin bilgiler i\u00e7in de ge\u00e7erli.<\/p>\r\n<p style=\"text-align: left\">Makale, Irakli Komakhidze ve Andriy Lisitsyn taraf\u0131ndan \u0130nformNapalm okuyucular\u0131 i\u00e7in haz\u0131rlanm\u0131\u015ft\u0131r.<\/p>\r\n\r\n\r\n<hr style=\"border: none;border-top: 1px solid #cfcfcf;margin: 24px 0;width: 35%;text-align: left\" \/>\r\n<p style=\"text-align: left\"><span style=\"font-weight: bold\">Ayr\u0131ca okuyun:<\/span> <a href=\"https:\/\/informnapalm.org\/tr\/72-mustakil-motorize-piyade-tugayi\/\">Rus askerlerinin OSINT ile tespiti<\/a> Kostjantynivka y\u00f6n\u00fcndeki 72. Ba\u011f\u0131ms\u0131z Motorize T\u00fcfek Tugay\u0131.<\/p>\r\n<p style=\"text-align: left\"><a href=\"https:\/\/informnapalm.org\/tr\/72-mustakil-motorize-piyade-tugayi\/\"><img class=\"alignnone\" style=\"width: 642px;max-width: 100%;height: auto;display: block;border: 2pt solid #000000\" title=\"72. Motorize T\u00fcfek Tugay\u0131\u2019ndaki Rus askerlerinin OSINT ile tespiti\" src=\"https:\/\/informnapalm.org\/ua\/wp-content\/uploads\/sites\/9\/2026\/08\/IN72.jpg\" alt=\"72. Motorize T\u00fcfek Tugay\u0131\u2019ndaki Rus askerlerinin OSINT ile tespiti\" width=\"642\" height=\"336\" \/><\/a><\/p>\r\n\r\n\r\n<hr style=\"border: none;border-top: 1px solid #cfcfcf;margin: 24px 0;width: 75%;text-align: left\" \/>\r\n\r\n<h2 style=\"color: #000000;font-size: 1.5rem;font-weight: bold;margin-top: 24px;margin-bottom: 12px;font-family: &#039;Helvetica Neue&#039;, Helvetica, Arial, &#039;Nimbus Sans L&#039;, sans-serif;text-align: left\">\u0130nformNapalm\u2019dan di\u011fer makaleleri okuyun<\/h2>\r\n<ul>\r\n \t<li style=\"text-align: left\"><a href=\"https:\/\/informnapalm.org\/tr\/wildberries\/\"><span style=\"color: #333333\">Wildberries, \u0130HA sald\u0131r\u0131lar\u0131 ve siber operasyonlar\u0131n \u00e7apraz ate\u015finde<\/span><\/a><\/li>\r\n \t<li style=\"text-align: left\"><a href=\"https:\/\/informnapalm.org\/tr\/bastion\/\"><span style=\"color: #333333\">Ukrayna Donanmas\u0131\u2019ndan K\u0131r\u0131m\u2019daki Bastion k\u0131y\u0131 f\u00fcze sistemine sald\u0131r\u0131<\/span><\/a><\/li>\r\n \t<li style=\"text-align: left\"><a href=\"https:\/\/informnapalm.org\/tr\/rusya-iha-tehdidi-ukrayna-nato\/\"><span style=\"color: #333333\">Rusya\u2019n\u0131n 2026\u20132027 \u0130HA tehdidi ve Ukrayna\u2019dan NATO\u2019ya \u00e7\u0131kar\u0131lacak dersler<\/span><\/a><\/li>\r\n<\/ul>\r\n\r\n<hr style=\"border: none;border-top: 1px solid #cfcfcf;margin: 24px 0;width: 100%;text-align: left\" \/>\r\n<p style=\"text-align: left\"><span style=\"color: #000000\"><img class=\"alignleft\" title=\"\u0130nformNapalm&apos;\u0131n T\u00fcrk\u00e7e versiyonu\" src=\"https:\/\/informnapalm.org\/fr\/wp-content\/uploads\/sites\/2\/2015\/12\/InformNapalm_logo_05.png\" alt=\"\u0130nformNapalm&apos;\u0131n T\u00fcrk\u00e7e versiyonu\" width=\"120\" height=\"55\" \/> <span style=\"color: #333333\">Kayna\u011fa link atarak payla\u015f\u0131rsan\u0131z seviniriz! Creative Commons \u2013 Attribution 4.0 International \u2013 CC BY 4.0.<\/span> <span style=\"font-weight: bold\"><a href=\"https:\/\/www.facebook.com\/informnapalm24\/\">Facebook<\/a><\/span>, <span style=\"font-weight: bold\"><a href=\"https:\/\/twitter.com\/InformNapalm\">X<\/a><\/span> <span style=\"color: #333333\">ve<\/span> <span style=\"font-weight: bold\"><a href=\"https:\/\/t.me\/informnapalm\">Telegram'da<\/a><\/span> <span style=\"color: #333333\">\u0130nformNapalm'\u0131n sayfalar\u0131n\u0131 takip edin.<\/span><\/span><\/p>\r\n<p style=\"text-align: left\">\u0130nformNapalm'\u0131n herhangi bir h\u00fck\u00fcmetten veya sponsordan mali deste\u011fi yoktur. Tek sponsorumuz bireysel g\u00f6n\u00fcll\u00fcler ve okuyuculard\u0131r. Ayr\u0131ca <span style=\"color: #333333\">BuyMeACoffee<\/span> arac\u0131l\u0131\u011f\u0131yla ayl\u0131k <span style=\"font-weight: bold\"><a href=\"https:\/\/www.buymeacoffee.com\/informnapalm\" target=\"_blank\" rel=\"noopener\">mini ba\u011f\u0131\u015flar<\/a> <\/span> yaparak \u0130nformNapalm'\u0131 destekleyebilirsiniz.<\/p>\r\n\r\n<\/div>\r\n<\/div>","amp_enabled":false,"_links":{"self":[{"href":"https:\/\/informnapalm.org\/tr\/wp-json\/wp\/v2\/posts\/4684","targetHints":{"allow":["GET"]}}],"collection":[{"href":"https:\/\/informnapalm.org\/tr\/wp-json\/wp\/v2\/posts"}],"about":[{"href":"https:\/\/informnapalm.org\/tr\/wp-json\/wp\/v2\/types\/post"}],"author":[{"embeddable":true,"href":"https:\/\/informnapalm.org\/tr\/wp-json\/wp\/v2\/users\/72"}],"replies":[{"embeddable":true,"href":"https:\/\/informnapalm.org\/tr\/wp-json\/wp\/v2\/comments?post=4684"}],"version-history":[{"count":6,"href":"https:\/\/informnapalm.org\/tr\/wp-json\/wp\/v2\/posts\/4684\/revisions"}],"predecessor-version":[{"id":4691,"href":"https:\/\/informnapalm.org\/tr\/wp-json\/wp\/v2\/posts\/4684\/revisions\/4691"}],"wp:featuredmedia":[{"embeddable":true,"href":"https:\/\/informnapalm.org\/tr\/wp-json\/wp\/v2\/media\/4685"}],"wp:attachment":[{"href":"https:\/\/informnapalm.org\/tr\/wp-json\/wp\/v2\/media?parent=4684"}],"wp:term":[{"taxonomy":"category","embeddable":true,"href":"https:\/\/informnapalm.org\/tr\/wp-json\/wp\/v2\/categories?post=4684"},{"taxonomy":"post_tag","embeddable":true,"href":"https:\/\/informnapalm.org\/tr\/wp-json\/wp\/v2\/tags?post=4684"}],"curies":[{"name":"wp","href":"https:\/\/api.w.org\/{rel}","templated":true}]}}