{"id":4692,"date":"2026-09-03T20:57:36","date_gmt":"2026-09-03T20:57:36","guid":{"rendered":"https:\/\/informnapalm.org\/tr\/?p=4692"},"modified":"2026-09-04T21:12:16","modified_gmt":"2026-09-04T21:12:16","slug":"suikast-girisimi","status":"publish","type":"post","link":"https:\/\/informnapalm.org\/tr\/suikast-girisimi\/","title":{"rendered":"Ukrayna\u2019ya y\u00f6nelik sald\u0131r\u0131larla ili\u015fkilendirilen Rus generaline suikast giri\u015fimi"},"content":{"rendered":"<div lang=\"tr\" style=\"color: #000000;text-align: left\">\n<p style=\"text-align: left\"><span style=\"font-weight: bold;font-family: Helvetica Neue,Helvetica,Arial,Nimbus Sans L,sans-serif\">T\u00fcmgeneral Nikolay Varpa\u015fovi\u00e7, stratejik bombard\u0131man u\u00e7aklar\u0131yla donat\u0131lm\u0131\u015f bir Rus birli\u011fine komuta etmektedir. Ukrayna makamlar\u0131, Varpa\u015fovi\u00e7\u2019in Kyiv\u2019deki Ukrayna\u2019n\u0131n en b\u00fcy\u00fck ihtisas \u00e7ocuk hastanesine y\u00f6nelik sald\u0131r\u0131 da d\u00e2hil olmak \u00fczere, sivillere y\u00f6nelik \u00e7e\u015fitli f\u00fcze sald\u0131r\u0131lar\u0131na kar\u0131\u015ft\u0131\u011f\u0131ndan \u015f\u00fcphelenmektedir. Varpa\u015fovi\u00e7, 3 Eyl\u00fcl 2026 tarihinde Rusya\u2019da ger\u00e7ekle\u015ftirilen bir suikast giri\u015fiminde a\u011f\u0131r yaraland\u0131.<\/span><\/p>\n<div style=\"color: #333333;text-align: left\">\n<p style=\"text-align: left\">3 Eyl\u00fcl 2026 g\u00fcn\u00fc saat 07.00 s\u0131ralar\u0131nda \u00fcst d\u00fczey bir Rus subaya suikast giri\u015fiminde bulunuldu. Sald\u0131r\u0131, Saratov b\u00f6lgesindeki Engels kenti yak\u0131nlar\u0131nda bulunan Probuzjdenije yerle\u015fiminde ger\u00e7ekle\u015fti. Subay, Rusya Hava-Uzay Kuvvetleri b\u00fcnyesinde g\u00f6rev yap\u0131yordu. Birden fazla kaynak, hedefin T\u00fcmgeneral Nikolay Varpa\u015fovi\u00e7 oldu\u011funu belirtmektedir. Varpa\u015fovi\u00e7, 06987 numaral\u0131 asker\u00ee birlik olan Uzun Menzilli Havac\u0131l\u0131\u011fa ba\u011fl\u0131 22. A\u011f\u0131r Bombard\u0131man Havac\u0131l\u0131k T\u00fcmeninin komutan\u0131d\u0131r. Birlik, Engels-2 Hava \u00dcss\u00fc ile ba\u011flant\u0131l\u0131d\u0131r.<\/p>\n<h2 style=\"color: #000000;font-size: 1.3rem;font-weight: bold;margin-top: 24px;margin-bottom: 12px;font-family: &#039;Helvetica Neue&#039;, Helvetica, Arial, &#039;Nimbus Sans L&#039;, sans-serif;text-align: left\">Rusya\u2019daki \u00f6ld\u00fcrmeye te\u015febb\u00fcs soru\u015fturmas\u0131 ve Ukrayna\u2019daki sava\u015f su\u00e7u \u015f\u00fcphesi<\/h2>\n<p style=\"text-align: left\">Rus makamlar\u0131, yay\u0131m tarihi itibar\u0131yla yaralanan subay\u0131n kimli\u011fini hen\u00fcz resmen a\u00e7\u0131klamam\u0131\u015ft\u0131r. Rusya Soru\u015fturma Komitesi sald\u0131r\u0131n\u0131n ger\u00e7ekle\u015fti\u011fini do\u011frulam\u0131\u015f ve \u00f6ld\u00fcrmeye te\u015febb\u00fcs ile silahlar\u0131n yasa d\u0131\u015f\u0131 kullan\u0131m\u0131 hakk\u0131nda ceza soru\u015fturmas\u0131 ba\u015flatm\u0131\u015ft\u0131r. Komite ayr\u0131ca olay yerinde kur\u015funlar ve bo\u015f kovanlar\u0131n ele ge\u00e7irildi\u011fini bildirmi\u015ftir. A\u011f\u0131r yaralanan subay, acil tedavinin ard\u0131ndan u\u00e7akla Moskova\u2019ya nakledilmi\u015ftir.<\/p>\n<p style=\"text-align: left\">Olay, \u00fc\u00e7 g\u00fcn \u00f6nce, 31 A\u011fustos 2026 tarihinde ya\u015fanan geli\u015fme nedeniyle ayr\u0131ca \u00f6nem ta\u015f\u0131maktad\u0131r. Ukrayna G\u00fcvenlik Servisi (SBU) ile Ba\u015fsavc\u0131l\u0131k, Varpa\u015fovi\u00e7 hakk\u0131nda g\u0131yab\u0131nda sava\u015f su\u00e7u \u015f\u00fcphesiyle <a href=\"https:\/\/ssu.gov.ua\/novyny\/sbu-ta-ohp-zaochno-povidomyly-pro-pidozru-rashystam-yaki-komanduvaly-raketnymy-udaramy-po-okhmatdytu-ta-zhurnalistakh-reuters\">\u015f\u00fcphe bildiriminde bulundu<\/a>. \u015e\u00fcphe, Kyiv\u2019deki Ukrayna\u2019n\u0131n en b\u00fcy\u00fck ihtisas \u00e7ocuk hastanesi Ochmatdyt\u2019e y\u00f6nelik sald\u0131r\u0131yla ilgiliydi. \u0130ki geli\u015fme aras\u0131nda a\u00e7\u0131k bir zamansal yak\u0131nl\u0131k bulunmaktad\u0131r. Bununla birlikte, suikast giri\u015fiminde Ukrayna\u2019n\u0131n rol\u00fc bulundu\u011funa veya sald\u0131r\u0131 ile yeni su\u00e7 \u015f\u00fcphesi aras\u0131nda herhangi bir ba\u011flant\u0131 oldu\u011funa ili\u015fkin do\u011frulanm\u0131\u015f bilgi mevcut de\u011fildir.<\/p>\n<h2 style=\"color: #000000;font-size: 1.3rem;font-weight: bold;margin-top: 24px;margin-bottom: 12px;font-family: &#039;Helvetica Neue&#039;, Helvetica, Arial, &#039;Nimbus Sans L&#039;, sans-serif;text-align: left\">Rus havac\u0131l\u0131k personelinin OSINT yoluyla tespiti<\/h2>\n<p style=\"text-align: left\">Rusya\u2019n\u0131n Suriye\u2019deki hava harek\u00e2t\u0131n\u0131n ba\u015flamas\u0131n\u0131n ard\u0131ndan <a href=\"https:\/\/informnapalm.org\/en\/war-in-syria-russian-long-range-bomber-aviation-and-the-stray-missiles\/\">\u0130nformNapalm, Kas\u0131m 2015\u2019te tespit etti\u011fi<\/a> ki\u015filer aras\u0131nda Tu-160 tipi stratejik bombard\u0131man u\u00e7aklar\u0131n\u0131n m\u00fcrettebat\u0131na ve Rusya\u2019n\u0131n Engels kentindeki 6950. Muhaf\u0131z Hava \u00dcss\u00fc personeline yer verdi. Birli\u011fe ait Tu-160 ve Tu-95MS u\u00e7aklar\u0131, Suriye\u2019de Ch-55SM, Ch-555 ve Ch-101 seyir f\u00fczelerinin f\u0131rlat\u0131lmas\u0131nda kullan\u0131ld\u0131.<\/p>\n<p style=\"text-align: left\">\u0130nformNapalm, 2016 y\u0131l\u0131nda <a href=\"https:\/\/informnapalm.org\/en\/russian-bombs-civilians\/\">116 Rus pilot ve seyr\u00fcsefer subay\u0131na<\/a> ili\u015fkin bilgiler i\u00e7eren kapsaml\u0131 bir \u00e7al\u0131\u015fma yay\u0131mlad\u0131. \u00c7al\u0131\u015fman\u0131n temel d\u00fc\u015f\u00fcncesi, emirleri fiilen uygulayan ki\u015filerin Rusya Hava-Uzay Kuvvetleri gibi kurumsal yap\u0131lar\u0131n adlar\u0131n\u0131n veya Rus subay r\u00fctbelerinin arkas\u0131na s\u0131\u011f\u0131narak bireysel sorumluluktan ka\u00e7amamas\u0131n\u0131 sa\u011flamakt\u0131. Bu nedenle ama\u00e7, ki\u015filerin ayr\u0131 ayr\u0131 tespit edilmesi ve bireysel sorumlulu\u011fun belirlenmesine dayanak olu\u015fturacak bilgilerin derlenmesiydi.<\/p>\n<div style=\"width: 642px;max-width: 100%;margin: 24px auto;aspect-ratio: 16 \/ 9\"><iframe style=\"width: 100%;height: 100%;border: 0\" src=\"https:\/\/www.youtube.com\/embed\/V0Uzt_AmHjE?start=64\" allowfullscreen=\"allowfullscreen\"><br \/>\n<\/iframe><\/div>\n<p style=\"text-align: left\">Rusya Hava-Uzay Kuvvetleri m\u00fcrettebat\u0131na ili\u015fkin bilgilerin 2016 y\u0131l\u0131nda yay\u0131mlanmas\u0131, Rus medyas\u0131nda g\u00fc\u00e7l\u00fc tepkilere yol a\u00e7t\u0131 ve \u00e7al\u0131\u015fma gizli bilgilerin s\u0131zd\u0131r\u0131lmas\u0131 olarak nitelendirildi. Rusya D\u0131\u015fi\u015fleri Bakanl\u0131\u011f\u0131 ayn\u0131 d\u00f6nemde diplomatik kanallar arac\u0131l\u0131\u011f\u0131yla InformNapalm.org sitesinin ayna s\u00fcr\u00fcmlerini bar\u0131nd\u0131ran sunucular\u0131n bulundu\u011fu \u00fclkelere bask\u0131 uygulamaya ve internet sitesinin kapat\u0131lmas\u0131n\u0131 talep etmeye \u00e7al\u0131\u015ft\u0131. Ancak bu giri\u015fimler ba\u015far\u0131s\u0131z oldu. \u00d6zg\u00fcn yay\u0131nda, a\u00e7\u0131klamayla ba\u011flant\u0131l\u0131 olarak g\u00f6m\u00fcl\u00fc bir YouTube videosu da yer ald\u0131.<\/p>\n<p style=\"text-align: left\">\u0130nformNapalm, Mart 2021\u2019de <a href=\"https:\/\/informnapalm.org\/tr\/tu-22m3\/\">a\u00e7\u0131k bir uyar\u0131da<\/a> bulundu. \u0130nformNapalm taraf\u0131ndan Rusya\u2019n\u0131n Suriye\u2019deki harek\u00e2t\u0131 s\u0131ras\u0131nda tespit edilen uzun menzilli havac\u0131l\u0131k subaylar\u0131n\u0131n, tam \u00f6l\u00e7ekli bir sava\u015f durumunda Ukrayna\u2019ya y\u00f6nelik sald\u0131r\u0131larda g\u00f6revlendirilebilece\u011fi belirtildi. \u0130nformNapalm\u2019\u0131n uyar\u0131da bulundu\u011fu geli\u015fme bir y\u0131ldan k\u0131sa s\u00fcre sonra ger\u00e7ekle\u015fti.<\/p>\n<h2 style=\"color: #000000;font-size: 1.3rem;font-weight: bold;margin-top: 24px;margin-bottom: 12px;font-family: &#039;Helvetica Neue&#039;, Helvetica, Arial, &#039;Nimbus Sans L&#039;, sans-serif;text-align: left\">Varpa\u015fovi\u00e7\u2019in Rusya\u2019n\u0131n stratejik bombard\u0131man havac\u0131l\u0131\u011f\u0131ndaki g\u00f6revi<\/h2>\n<p style=\"text-align: left\">1970 do\u011fumlu Nikolay Varpa\u015fovi\u00e7, Rus uzun menzilli havac\u0131l\u0131\u011f\u0131nda g\u00f6rev yapan meslek subay\u0131d\u0131r. Ukrayna asker\u00ee istihbarat\u0131 HUR\u2019a g\u00f6re, Tu-95MS ve Tu-95MSM tipi u\u00e7aklarda e\u011fitim alm\u0131\u015f ve bu u\u00e7aklarda g\u00f6rev tecr\u00fcbesi edinmi\u015ftir. HUR ayr\u0131ca Varpa\u015fovi\u00e7\u2019in Rusya\u2019da kullan\u0131lan \u201ckeskin ni\u015fanc\u0131 s\u0131n\u0131f\u0131 asker\u00ee pilot\u201d yeterlilik derecesine ve en az 2.500 saatlik u\u00e7u\u015f tecr\u00fcbesine sahip oldu\u011funu belirtmektedir.<\/p>\n<p><img loading=\"lazy\" decoding=\"async\" class=\"alignnone wp-image-33091 size-full\" style=\"max-width: 100%;height: auto;border: 1pt solid #000\" title=\"Rus General Nikolay Varpa\u015fovi\u00e7\u2019e y\u00f6nelik suikast giri\u015fimi\" src=\"https:\/\/informnapalm.org\/ua\/wp-content\/uploads\/sites\/9\/2026\/09\/photo_2026-09-03_14-20-53.jpg\" alt=\"Rus General Nikolay Varpa\u015fovi\u00e7\u2019e y\u00f6nelik suikast giri\u015fimi\" width=\"642\" height=\"361\" \/><\/p>\n<p style=\"text-align: left\">Varpa\u015fovi\u00e7, Aral\u0131k 2014\u2019te Rusya\u2019n\u0131n Rjazan kenti yak\u0131nlar\u0131ndaki Djagilevo\u2019da bulunan Uzun Menzilli Havac\u0131l\u0131k U\u00e7u\u015f Personelinin Muharebe Kullan\u0131m\u0131 ve Yeniden E\u011fitimi 43. Merkezinin ba\u015f\u0131na getirildi. Ukrayna asker\u00ee istihbarat\u0131, Kas\u0131m 2021\u2019de 22. A\u011f\u0131r Bombard\u0131man Havac\u0131l\u0131k T\u00fcmeni Komutanl\u0131\u011f\u0131 g\u00f6revine ba\u015flad\u0131\u011f\u0131n\u0131 belirtmektedir. Ukrayna asker\u00ee istihbarat\u0131n\u0131n Varpa\u015fovi\u00e7 hakk\u0131ndaki <a href=\"https:\/\/gur.gov.ua\/content\/varpakhovych-mykola-mykolaiovych.html\">ayr\u0131nt\u0131l\u0131 hizmet kayd\u0131<\/a>, asker\u00ee ge\u00e7mi\u015fine ili\u015fkin ilave bilgiler i\u00e7ermektedir.<\/p>\n<h2 style=\"color: #000000;font-size: 1.3rem;font-weight: bold;margin-top: 24px;margin-bottom: 12px;font-family: &#039;Helvetica Neue&#039;, Helvetica, Arial, &#039;Nimbus Sans L&#039;, sans-serif;text-align: left\">Belgelenmi\u015f komuta g\u00f6revi ve o\u011flunun \u00f6l\u00fcm\u00fcne ili\u015fkin bilgiler<\/h2>\n<p style=\"text-align: left\">\u0130nformNapalm b\u00fcnyesinde faaliyet g\u00f6steren OSINT Bees inceleme grubu, Eyl\u00fcl 2022\u2019de <a href=\"https:\/\/informnapalm.org\/osintbees\/2022\/09\/21\/poidut-ly-voevat-synovia-heneralov\/\">ilave bilgiler<\/a> yay\u0131mlad\u0131. Bu bilgilere g\u00f6re Varpa\u015fovi\u00e7, Muhaf\u0131z A\u011f\u0131r Bombard\u0131man Havac\u0131l\u0131k T\u00fcmeni Komutan\u0131 ve Engels garnizonunun komutan\u0131yd\u0131. Varpa\u015fovi\u00e7 ayr\u0131ca Djagilevo\u2019daki Uzun Menzilli Havac\u0131l\u0131k Hava \u00dcss\u00fcn\u00fcn komuta yap\u0131s\u0131na ili\u015fkin daha sonraki bir <a href=\"https:\/\/informnapalm.org\/osintbees\/2022\/12\/13\/komandnyi-sklad-aerodroma-dalnoi-a\/\">OSINT yay\u0131n\u0131nda<\/a> da yer ald\u0131. B\u00f6ylece kimli\u011fi ve komuta g\u00f6revi, suikast giri\u015fiminin ger\u00e7ekle\u015fmesinden y\u0131llar \u00f6nce kamuya a\u00e7\u0131k kaynaklarda belgelenmi\u015f durumdayd\u0131.<\/p>\n<p style=\"text-align: left\">Ge\u00e7mi\u015finde daha az bilinen bir olay da bulunmaktad\u0131r. OSINT Bees, 2023 tarihli bir yay\u0131nda generalin 2002 do\u011fumlu k\u00fc\u00e7\u00fck o\u011flu Vladislav Varpa\u015fovi\u00e7\u2019in, Rjazan\u2019daki 41521 numaral\u0131 asker\u00ee birlikte zorunlu askerlik hizmetini yapt\u0131\u011f\u0131 s\u0131rada hayat\u0131n\u0131 kaybetti\u011fini bildirmektedir. Kamuya a\u00e7\u0131klanan adli t\u0131p belgelerinin kopyalar\u0131nda, ba\u015f b\u00f6lgesinde giri\u015f ve \u00e7\u0131k\u0131\u015f deli\u011fi bulunan bir ate\u015fli silah yaras\u0131 bulundu\u011fu belirtilmi\u015ftir. <a href=\"https:\/\/t.me\/osintbees\/7211\">OSINT Bees taraf\u0131ndan aktar\u0131lan<\/a> psikolojik ve psikiyatrik de\u011ferlendirmede, a\u011f\u0131r derecede olumsuz bir psiko-duygusal durumda bulundu\u011fu ifade edilmektedir.<\/p>\n<p style=\"text-align: left\">41521 numaral\u0131 asker\u00ee birlik, Varpa\u015fovi\u00e7\u2019in Engels Hava \u00dcss\u00fcne nakledilmesinden \u00f6nce birka\u00e7 y\u0131l boyunca y\u00f6netti\u011fi Djagilevo\u2019daki ayn\u0131 43. Merkezdir. Bununla birlikte, a\u00e7\u0131k kaynaklardaki materyal, \u00f6l\u00fcm\u00fcn intihar, kasten \u00f6ld\u00fcrme veya ba\u015fka bir olay sonucunda ger\u00e7ekle\u015fip ger\u00e7ekle\u015fmedi\u011fi konusunda kesin bir de\u011ferlendirme yap\u0131lmas\u0131 i\u00e7in yeterli de\u011fildir. Olay\u0131n, babas\u0131n\u0131n faaliyetleri nedeniyle Varpa\u015fovi\u00e7\u2019e y\u00f6nelik bir intikam eylemi oldu\u011fu varsay\u0131m\u0131n\u0131 destekleyen herhangi bir kan\u0131t da bulunmamaktad\u0131r. Bu nedenle b\u00f6yle bir varsay\u0131m olgu olarak sunulamaz.<\/p>\n<h2 style=\"color: #000000;font-size: 1.3rem;font-weight: bold;margin-top: 24px;margin-bottom: 12px;font-family: &#039;Helvetica Neue&#039;, Helvetica, Arial, &#039;Nimbus Sans L&#039;, sans-serif;text-align: left\">Ukrayna\u2019n\u0131n en b\u00fcy\u00fck \u00e7ocuk hastanesi ve t\u00fcmen i\u00e7inden gelen bilgiler<\/h2>\n<p style=\"text-align: left\">Ochmatdyt, Kyiv\u2019de bulunan Ukrayna Ulusal \u0130htisas \u00c7ocuk Hastanesidir ve \u00fclkenin en b\u00fcy\u00fck \u00e7ocuk hastanesidir. Hastane, Ukrayna\u2019n\u0131n d\u00f6rt bir yan\u0131ndan \u00e7ocuklar\u0131 kabul etmekte ve cerrahi ile yo\u011fun bak\u0131m hizmetlerinin yan\u0131 s\u0131ra kanser ve kan hastal\u0131klar\u0131n\u0131n tedavisini de y\u00fcr\u00fctmektedir. Hastaneye 8 Temmuz 2024 tarihinde bir f\u00fcze isabet etti. Aralar\u0131nda bir doktorun da bulundu\u011fu iki ki\u015fi hayat\u0131n\u0131 kaybetti ve birden fazla bina hasar g\u00f6rd\u00fc veya y\u0131k\u0131ld\u0131.<\/p>\n<p style=\"text-align: left\">HUR, 13 May\u0131s 2024 tarihinde Engels Hava \u00dcss\u00fcndeki 06987 numaral\u0131 asker\u00ee birlik olan 22. A\u011f\u0131r Bombard\u0131man Havac\u0131l\u0131k T\u00fcmeninin komuta kademesi ile personelinin <a href=\"https:\/\/gur.gov.ua\/content\/identyfikatsiia-voiennykh-zlochyntsiv-rf-rozvidnyky-vyznachyly-khto-obstriliuie-ukrainu-krylatymy-raketamy-spysok.html\">sistematik olarak tespit edilmesine ili\u015fkin \u00e7al\u0131\u015fman\u0131n sonu\u00e7lar\u0131n\u0131<\/a> a\u00e7\u0131klad\u0131. HUR\u2019a g\u00f6re tespit edilen ki\u015filer, Ukrayna\u2019daki sivil altyap\u0131ya y\u00f6nelik sald\u0131r\u0131lar\u0131n planlanmas\u0131na ve ger\u00e7ekle\u015ftirilmesine kat\u0131ld\u0131. Varpa\u015fovi\u00e7, derlemede yer alan ba\u015fl\u0131ca ki\u015filerden biridir. HUR ayr\u0131ca t\u00fcmenin birliklerinde Tu-95MS, Tu-160 ve Tu-22M3 bombard\u0131man u\u00e7aklar\u0131 ile Ch-101, Ch-555, Ch-55, Ch-22 ve Ch-32 f\u00fczelerinin kullan\u0131ld\u0131\u011f\u0131n\u0131 belirtmektedir.<\/p>\n<p><img loading=\"lazy\" decoding=\"async\" class=\"alignnone wp-image-33090 size-full\" style=\"max-width: 100%;height: auto;border: 1pt solid #000\" title=\"Nikolay Varpa\u015fovi\u00e7, 22. A\u011f\u0131r Bombard\u0131man Havac\u0131l\u0131k T\u00fcmeni Komutan\u0131\" src=\"https:\/\/informnapalm.org\/ua\/wp-content\/uploads\/sites\/9\/2026\/09\/866e046-screenshot-2024-07-11-164314.jpg\" alt=\"Nikolay Varpa\u015fovi\u00e7, 22. A\u011f\u0131r Bombard\u0131man Havac\u0131l\u0131k T\u00fcmeni Komutan\u0131\" width=\"642\" height=\"325\" \/><\/p>\n<p style=\"text-align: left\">Ochmatdyt sald\u0131r\u0131s\u0131n\u0131n ard\u0131ndan \u00f6nem ta\u015f\u0131yan ilave bilgiler ortaya \u00e7\u0131kt\u0131. Ukrayna gazetesi <a href=\"https:\/\/www.pravda.com.ua\/news\/2024\/07\/11\/7465204\/\">Ukraynska Pravda<\/a>, HUR i\u00e7indeki kaynaklara dayanarak 11 Temmuz 2024 tarihli bir haberde, 22. T\u00fcmende g\u00f6rev yapan bir pilotun Ukrayna istihbarat servisiyle ileti\u015fime ge\u00e7ti\u011fini bildirdi. Gazetenin kaynaklar\u0131na g\u00f6re pilot, \u00e7ocuk hastanesine y\u00f6nelik sald\u0131r\u0131ya sert tepki g\u00f6sterdi\u011fini belirtmi\u015fti. Pilot ayr\u0131ca asker\u00ee birli\u011fe ait belgeleri, personel dosyalar\u0131ndan materyalleri, komuta kademesinin \u00f6zel foto\u011fraflar\u0131n\u0131 ve t\u00fcmene ait gizlilik dereceli belgeleri teslim etmi\u015fti.<\/p>\n<p style=\"text-align: left\">Teslim edilen materyalde Nikolay Nikolayevi\u00e7 Varpa\u015fovi\u00e7, 28. s\u0131rada yer almakta ve Uzun Menzilli Havac\u0131l\u0131k ile Rusya Hava-Uzay Kuvvetleri b\u00fcnyesindeki 22. A\u011f\u0131r Bombard\u0131man Havac\u0131l\u0131k T\u00fcmeninin komutan\u0131 olarak belirtilmektedir. HUR, materyalde yer alan 30 subay\u0131n \u00e7o\u011funun kimli\u011fini daha \u00f6nceden biliyordu. B\u00f6ylece birka\u00e7 y\u0131l boyunca OSINT yoluyla toplanan bilgiler, Rus stratejik havac\u0131l\u0131\u011f\u0131ndan elde edilen kurum i\u00e7i belgelerle tamamlanabildi.<\/p>\n<h2 style=\"color: #000000;font-size: 1.3rem;font-weight: bold;margin-top: 24px;margin-bottom: 12px;font-family: &#039;Helvetica Neue&#039;, Helvetica, Arial, &#039;Nimbus Sans L&#039;, sans-serif;text-align: left\">Sivil hedeflere y\u00f6nelik sald\u0131r\u0131lar hakk\u0131nda birden fazla Ukrayna ceza soru\u015fturmas\u0131<\/h2>\n<p style=\"text-align: left\">Ukrayna makamlar\u0131nca sava\u015f su\u00e7lar\u0131ndan \u015f\u00fcphelenilen Varpa\u015fovi\u00e7 hakk\u0131ndaki bilgiler, son y\u0131llarda istihbarat kay\u0131tlar\u0131n\u0131n d\u0131\u015f\u0131nda da yer alm\u0131\u015ft\u0131r.<\/p>\n<p style=\"text-align: left\">Ukraynal\u0131 soru\u015fturmac\u0131lar a\u015fa\u011f\u0131daki bilgileri a\u00e7\u0131klam\u0131\u015ft\u0131r:<\/p>\n<ol style=\"text-align: left\">\n<li style=\"text-align: left\">Kyiv televizyon kulesine 1 Mart 2022 tarihinde ger\u00e7ekle\u015ftirilen ve be\u015f sivilin hayat\u0131n\u0131 kaybetti\u011fi sald\u0131r\u0131ya ili\u015fkin dosyada <a href=\"https:\/\/armyinform.com.ua\/2026\/02\/12\/udar-po-kyyivskij-televezhi-rosijskyj-general-otrymav-pidozru\/\">Varpa\u015fovi\u00e7\u2019in<\/a>, muharebe emrini kendisine ba\u011fl\u0131 121. A\u011f\u0131r Bombard\u0131man Havac\u0131l\u0131k Alay\u0131na iletti\u011finden \u015f\u00fcphelenilmektedir.<\/li>\n<li style=\"text-align: left\">Odesa\u2019daki Tiras konut kompleksine 23 Nisan 2022 tarihinde Ch-101 f\u00fczesiyle ger\u00e7ekle\u015ftirilen ve sekiz ki\u015finin hayat\u0131n\u0131 kaybetti\u011fi sald\u0131r\u0131ya ili\u015fkin dosyada <a href=\"https:\/\/od.npu.gov.ua\/news\/viddavaly-nakazy-nanosyty-raketni-udary-po-zhk-tiras-odeski-slidchi-povidomyly-pro-pidozru-heneral-maioru-ta-polkovnyku-armii-rosii\">Ukrayna polisi<\/a>, Varpa\u015fovi\u00e7\u2019in sald\u0131r\u0131n\u0131n organizat\u00f6rlerinden biri oldu\u011funu de\u011ferlendirmektedir.<\/li>\n<li style=\"text-align: left\">Uman\u2019a 28 Nisan 2023 tarihinde ger\u00e7ekle\u015ftirilen ve alt\u0131s\u0131 \u00e7ocuk olmak \u00fczere 24 ki\u015finin hayat\u0131n\u0131 kaybetti\u011fi sald\u0131r\u0131ya ili\u015fkin dosyada Varpa\u015fovi\u00e7 hakk\u0131nda da <a href=\"https:\/\/armyinform.com.ua\/2025\/10\/13\/udar-shho-zabrav-24-zhyttya-sbu-vstanovyla-polkovnykiv-rf-yaki-znyshhyly-zhytlovyj-budynok-v-umani\/\">resm\u00ee \u015f\u00fcphe bildirimi<\/a> yap\u0131lm\u0131\u015ft\u0131r.<\/li>\n<li style=\"text-align: left\">Kryvyj Rih\u2019e 13 Haziran 2023 tarihinde ger\u00e7ekle\u015ftirilen sald\u0131r\u0131ya ili\u015fkin olarak <a href=\"https:\/\/dnipr.gp.gov.ua\/ua\/news.html?_m=publications&amp;_t=rec&amp;id=424054&amp;s=print\">Ukraynal\u0131 soru\u015fturmac\u0131lar<\/a>, Rusya Hava-Uzay Kuvvetlerinin en \u00fcst d\u00fczey y\u00f6netiminden Varpa\u015fovi\u00e7\u2019e ve 121. Alay Komutan\u0131na kadar uzanan komuta zincirini belirlemi\u015ftir. Varpa\u015fovi\u00e7\u2019in, sivil hedeflere y\u00f6nelik sald\u0131r\u0131 emrini iletti\u011finden \u015f\u00fcphelenilmektedir.<\/li>\n<li style=\"text-align: left\">Varpa\u015fovi\u00e7 ayr\u0131ca 4 Eyl\u00fcl 2024 tarihinde Lviv\u2019e y\u00f6nelik, Ch-101 seyir f\u00fczesi ile Rus Kinjal f\u00fczelerinin kullan\u0131ld\u0131\u011f\u0131 sald\u0131r\u0131ya ili\u015fkin <a href=\"https:\/\/fakty.com.ua\/ua\/ukraine\/20251111-prychetni-do-udaru-kyndzhalamy-po-lvovu-sbu-ogolosyla-pidozru-pyatom-komandyram-rf\/\">dosyada da yer almaktad\u0131r<\/a>.<\/li>\n<\/ol>\n<p style=\"text-align: left\">SBU, 31 A\u011fustos 2026 tarihinde Ochmatdyt\u2019e y\u00f6nelik sald\u0131r\u0131 nedeniyle Varpa\u015fovi\u00e7 hakk\u0131nda ayr\u0131ca resm\u00ee \u015f\u00fcphe bildiriminde bulundu. B\u00f6ylece Varpa\u015fovi\u00e7\u2019in ad\u0131, yay\u0131m tarihi itibar\u0131yla sivillere ve sivil altyap\u0131ya y\u00f6nelik f\u00fcze sald\u0131r\u0131lar\u0131yla ilgili birden fazla Ukrayna ceza soru\u015fturmas\u0131nda yer almaktad\u0131r.<\/p>\n<p><a href=\"https:\/\/informnapalm.org\/ua\/wp-content\/uploads\/sites\/9\/2026\/09\/EU.jpg\"><img loading=\"lazy\" decoding=\"async\" class=\"alignnone wp-image-33093 size-full\" style=\"max-width: 100%;height: auto;border: 1pt solid #000\" title=\"AB\u2019nin yapt\u0131r\u0131m uygulanan ki\u015filer listesi\" src=\"https:\/\/informnapalm.org\/ua\/wp-content\/uploads\/sites\/9\/2026\/09\/EU.jpg\" alt=\"AB\u2019nin yapt\u0131r\u0131m uygulanan ki\u015filer listesi\" width=\"642\" height=\"301\" \/><\/a><\/p>\n<p style=\"text-align: left\">Varpa\u015fovi\u00e7, 16 Aral\u0131k 2024 tarihinden bu yana Avrupa Birli\u011finin bireysel yapt\u0131r\u0131mlar kapsam\u0131ndaki ki\u015filer listesinde yer almaktad\u0131r. AB\u2019nin resm\u00ee gerek\u00e7esinde, Engels-2 Hava \u00dcss\u00fcndeki 22. T\u00fcmenin komutan\u0131 olarak g\u00f6sterilmektedir. Gerek\u00e7ede ayr\u0131ca t\u00fcmene ait bir Ch-101 f\u00fczesinin Temmuz 2024\u2019te Ochmatdyt \u00c7ocuk Hastanesini vurdu\u011fu belirtilmektedir. <a href=\"https:\/\/eur-lex.europa.eu\/eli\/dec\/2024\/3182\/oj\/eng\/pdf\">AB\u2019nin Varpa\u015fovi\u00e7\u2019e ili\u015fkin resm\u00ee karar\u0131<\/a>, gerek\u00e7enin tamam\u0131n\u0131 i\u00e7ermektedir.<\/p>\n<h2 style=\"color: #000000;font-size: 1.3rem;font-weight: bold;margin-top: 24px;margin-bottom: 12px;font-family: &#039;Helvetica Neue&#039;, Helvetica, Arial, &#039;Nimbus Sans L&#039;, sans-serif;text-align: left\">Bireysel sorumlulu\u011fun dayana\u011f\u0131 zaman i\u00e7inde olu\u015fur<\/h2>\n<p style=\"text-align: left\">Ukrayna taraf\u0131ndan sava\u015f su\u00e7lar\u0131ndan \u015f\u00fcphelenilen \u00fcst d\u00fczey bir Rus askerine y\u00f6nelik suikast giri\u015fimi, kimlik tespitinin bir mahkeme karar\u0131 verilmesinden \u00e7ok \u00f6nce ger\u00e7ekle\u015ftirilebilece\u011fini g\u00f6stermektedir. A\u00e7\u0131k kaynaklardan ve ceza soru\u015fturmalar\u0131ndan elde edilen bilgiler y\u0131llar boyunca toplanabilir ve daha sonra bireysel sorumlulu\u011fun belirlenmesine dayanak olu\u015fturabilir.<\/p>\n<p style=\"text-align: left\">Hukuka ayk\u0131r\u0131 bir emri yerine getiren her Rus askeri, internette bulunan b\u00fcy\u00fck miktardaki bilginin kimli\u011finin tespitinde kullan\u0131labilece\u011fini hesaba katmak zorundad\u0131r. Bilgiler ayr\u0131ca ki\u015finin eski veya mevcut meslekta\u015flar\u0131 taraf\u0131ndan da sa\u011flanabilir.<\/p>\n<p style=\"text-align: left\">Yarg\u0131 s\u00fcre\u00e7leri uzun zaman alabilir. Bireysel sorumlulu\u011fun belirlenmesine temel olu\u015fturan bilgi ve belgeler ise y\u0131llar boyunca birikmeye devam edebilir. Bu durum, sorumluluktan ka\u00e7ma olanaklar\u0131n\u0131 giderek azalt\u0131r.<\/p>\n<p style=\"text-align: left\">Makale, \u0130nformNapalm i\u00e7in A\u015fton Berson taraf\u0131ndan haz\u0131rlanm\u0131\u015ft\u0131r.<\/p>\n<hr style=\"border: none;border-top: 1px solid #cfcfcf;margin: 24px 0;width: 75%;text-align: left\" \/>\n<h2 style=\"color: #000000;font-size: 1.5rem;font-weight: bold;margin-top: 24px;margin-bottom: 12px;font-family: &#039;Helvetica Neue&#039;, Helvetica, Arial, &#039;Nimbus Sans L&#039;, sans-serif;text-align: left\">\u0130nformNapalm\u2019dan di\u011fer makaleleri okuyun<\/h2>\n<ul>\n<li style=\"text-align: left\"><a href=\"https:\/\/informnapalm.org\/tr\/wildberries\/\"><span style=\"color: #333333\">Wildberries, \u0130HA sald\u0131r\u0131lar\u0131 ve siber operasyonlar\u0131n \u00e7apraz ate\u015finde<\/span><\/a><\/li>\n<li style=\"text-align: left\"><a href=\"https:\/\/informnapalm.org\/tr\/bastion\/\"><span style=\"color: #333333\">Ukrayna Donanmas\u0131\u2019ndan K\u0131r\u0131m\u2019daki Bastion k\u0131y\u0131 f\u00fcze sistemine sald\u0131r\u0131<\/span><\/a><\/li>\n<li style=\"text-align: left\"><a href=\"https:\/\/informnapalm.org\/tr\/rusya-iha-tehdidi-ukrayna-nato\/\"><span style=\"color: #333333\">Rusya\u2019n\u0131n 2026\u20132027 \u0130HA tehdidi ve Ukrayna\u2019dan NATO\u2019ya \u00e7\u0131kar\u0131lacak dersler<\/span><\/a><\/li>\n<\/ul>\n<hr style=\"border: none;border-top: 1px solid #cfcfcf;margin: 24px 0;width: 100%;text-align: left\" \/>\n<p style=\"text-align: left\"><span style=\"color: #000000\"><img loading=\"lazy\" decoding=\"async\" class=\"alignleft\" title=\"\u0130nformNapalm&apos;\u0131n T\u00fcrk\u00e7e versiyonu\" src=\"https:\/\/informnapalm.org\/fr\/wp-content\/uploads\/sites\/2\/2015\/12\/InformNapalm_logo_05.png\" alt=\"\u0130nformNapalm&apos;\u0131n T\u00fcrk\u00e7e versiyonu\" width=\"120\" height=\"55\" \/> <span style=\"color: #333333\">Kayna\u011fa link atarak payla\u015f\u0131rsan\u0131z seviniriz! Creative Commons \u2013 Attribution 4.0 International \u2013 CC BY 4.0.<\/span> <span style=\"font-weight: bold\"><a href=\"https:\/\/www.facebook.com\/informnapalm24\/\">Facebook<\/a><\/span>, <span style=\"font-weight: bold\"><a href=\"https:\/\/twitter.com\/InformNapalm\">X<\/a><\/span> <span style=\"color: #333333\">ve<\/span> <span style=\"font-weight: bold\"><a href=\"https:\/\/t.me\/informnapalm\">Telegram&#8217;da<\/a><\/span> <span style=\"color: #333333\">\u0130nformNapalm&#8217;\u0131n sayfalar\u0131n\u0131 takip edin.<\/span><\/span><\/p>\n<p style=\"text-align: left\">\u0130nformNapalm&#8217;\u0131n herhangi bir h\u00fck\u00fcmetten veya sponsordan mali deste\u011fi yoktur. Tek sponsorumuz bireysel g\u00f6n\u00fcll\u00fcler ve okuyuculard\u0131r. Ayr\u0131ca <span style=\"color: #333333\">BuyMeACoffee<\/span> arac\u0131l\u0131\u011f\u0131yla ayl\u0131k <span style=\"font-weight: bold\"><a href=\"https:\/\/www.buymeacoffee.com\/informnapalm\" target=\"_blank\" rel=\"noopener\">mini ba\u011f\u0131\u015flar<\/a> <\/span> yaparak \u0130nformNapalm&#8217;\u0131 destekleyebilirsiniz.<\/p>\n<\/div>\n<\/div>\n","protected":false},"excerpt":{"rendered":"<p>T\u00fcmgeneral Nikolay Varpa\u015fovi\u00e7, stratejik bombard\u0131man u\u00e7aklar\u0131yla donat\u0131lm\u0131\u015f bir Rus birli\u011fine komuta etmektedir. Ukrayna makamlar\u0131, Varpa\u015fovi\u00e7\u2019in Kyiv\u2019deki Ukrayna\u2019n\u0131n&#8230;<\/p>\n","protected":false},"author":72,"featured_media":4695,"comment_status":"closed","ping_status":"closed","sticky":false,"template":"","format":"standard","meta":{"_acf_changed":false,"om_disable_all_campaigns":false,"_uf_show_specific_survey":0,"_uf_disable_surveys":false,"footnotes":""},"categories":[129,1,3],"tags":[3047,339,3051,117,23,2198,3048,3050,3049,6],"class_list":["post-4692","post","type-post","status-publish","format-standard","has-post-thumbnail","hentry","category-world","category-all-news","category-hot-news","tag-engels-2","tag-informnapalm","tag-ochmatdyt","tag-osint","tag-rusya","tag-savas-suclari","tag-stratejik-bombardiman","tag-tu-160","tag-tu-95ms","tag-ukrayna"],"acf":[],"yoast_head":"<!-- This site is optimized with the Yoast SEO plugin v28.2 - https:\/\/yoast.com\/product\/yoast-seo-wordpress\/ -->\n<title>Ukrayna\u2019ya y\u00f6nelik sald\u0131r\u0131larla ili\u015fkilendirilen Rus generaline suikast giri\u015fimi<\/title>\n<meta name=\"description\" content=\"Rus T\u00fcmgeneral Nikolay Varpa\u015fovi\u00e7, 3 Eyl\u00fcl 2026\u2019da Saratov b\u00f6lgesinde d\u00fczenlenen suikast giri\u015fiminde a\u011f\u0131r yaraland\u0131.\" \/>\n<meta name=\"robots\" content=\"index, follow, max-snippet:-1, max-image-preview:large, max-video-preview:-1\" \/>\n<link rel=\"canonical\" href=\"https:\/\/informnapalm.org\/tr\/suikast-girisimi\/\" \/>\n<meta property=\"og:locale\" content=\"en_US\" \/>\n<meta property=\"og:type\" content=\"article\" \/>\n<meta property=\"og:title\" content=\"Ukrayna\u2019ya y\u00f6nelik sald\u0131r\u0131larla ili\u015fkilendirilen Rus generaline suikast giri\u015fimi\" \/>\n<meta property=\"og:description\" content=\"Rus T\u00fcmgeneral Nikolay Varpa\u015fovi\u00e7, 3 Eyl\u00fcl 2026\u2019da Saratov b\u00f6lgesinde d\u00fczenlenen suikast giri\u015fiminde a\u011f\u0131r yaraland\u0131.\" \/>\n<meta property=\"og:url\" content=\"https:\/\/informnapalm.org\/tr\/suikast-girisimi\/\" \/>\n<meta property=\"og:site_name\" content=\"\u0130nformNapalm&#039;\u0131n T\u00fcrk\u00e7e versiyonu\" \/>\n<meta property=\"article:published_time\" content=\"2026-09-03T20:57:36+00:00\" \/>\n<meta property=\"article:modified_time\" content=\"2026-09-04T21:12:16+00:00\" \/>\n<meta property=\"og:image\" content=\"https:\/\/informnapalm.org\/tr\/wp-content\/uploads\/sites\/12\/2026\/09\/Rus-General-Nikolay-Varpasovice-yonelik-suikast-girisimi.jpg\" \/>\n\t<meta property=\"og:image:width\" content=\"642\" \/>\n\t<meta property=\"og:image:height\" content=\"336\" \/>\n\t<meta property=\"og:image:type\" content=\"image\/jpeg\" \/>\n<meta name=\"author\" content=\"2476\" \/>\n<meta name=\"twitter:label1\" content=\"Written by\" \/>\n\t<meta name=\"twitter:data1\" content=\"2476\" \/>\n\t<meta name=\"twitter:label2\" content=\"Est. reading time\" \/>\n\t<meta name=\"twitter:data2\" content=\"8 minutes\" \/>\n<script type=\"application\/ld+json\" class=\"yoast-schema-graph\">{\"@context\":\"https:\\\/\\\/schema.org\",\"@graph\":[{\"@type\":\"Article\",\"@id\":\"https:\\\/\\\/informnapalm.org\\\/tr\\\/suikast-girisimi\\\/#article\",\"isPartOf\":{\"@id\":\"https:\\\/\\\/informnapalm.org\\\/tr\\\/suikast-girisimi\\\/\"},\"author\":{\"name\":\"2476\",\"@id\":\"https:\\\/\\\/informnapalm.org\\\/tr\\\/#\\\/schema\\\/person\\\/e683569ccd9c71b2afa351e58e558cb1\"},\"headline\":\"Ukrayna\u2019ya y\u00f6nelik sald\u0131r\u0131larla ili\u015fkilendirilen Rus generaline suikast giri\u015fimi\",\"datePublished\":\"2026-09-03T20:57:36+00:00\",\"dateModified\":\"2026-09-04T21:12:16+00:00\",\"mainEntityOfPage\":{\"@id\":\"https:\\\/\\\/informnapalm.org\\\/tr\\\/suikast-girisimi\\\/\"},\"wordCount\":2222,\"image\":{\"@id\":\"https:\\\/\\\/informnapalm.org\\\/tr\\\/suikast-girisimi\\\/#primaryimage\"},\"thumbnailUrl\":\"https:\\\/\\\/informnapalm.org\\\/tr\\\/wp-content\\\/uploads\\\/sites\\\/12\\\/2026\\\/09\\\/Rus-General-Nikolay-Varpasovice-yonelik-suikast-girisimi.jpg\",\"keywords\":[\"Engels-2\",\"InformNapalm\",\"Ochmatdyt\",\"OSINT\",\"Rusya\",\"Sava\u015f su\u00e7lar\u0131\",\"stratejik bombard\u0131man\",\"Tu-160\",\"Tu-95MS\",\"Ukrayna\"],\"articleSection\":[\"D\u00fcnya\",\"Haberler\",\"S\u0131cak Haberler\"],\"inLanguage\":\"en-US\"},{\"@type\":\"WebPage\",\"@id\":\"https:\\\/\\\/informnapalm.org\\\/tr\\\/suikast-girisimi\\\/\",\"url\":\"https:\\\/\\\/informnapalm.org\\\/tr\\\/suikast-girisimi\\\/\",\"name\":\"Ukrayna\u2019ya y\u00f6nelik sald\u0131r\u0131larla ili\u015fkilendirilen Rus generaline suikast giri\u015fimi\",\"isPartOf\":{\"@id\":\"https:\\\/\\\/informnapalm.org\\\/tr\\\/#website\"},\"primaryImageOfPage\":{\"@id\":\"https:\\\/\\\/informnapalm.org\\\/tr\\\/suikast-girisimi\\\/#primaryimage\"},\"image\":{\"@id\":\"https:\\\/\\\/informnapalm.org\\\/tr\\\/suikast-girisimi\\\/#primaryimage\"},\"thumbnailUrl\":\"https:\\\/\\\/informnapalm.org\\\/tr\\\/wp-content\\\/uploads\\\/sites\\\/12\\\/2026\\\/09\\\/Rus-General-Nikolay-Varpasovice-yonelik-suikast-girisimi.jpg\",\"datePublished\":\"2026-09-03T20:57:36+00:00\",\"dateModified\":\"2026-09-04T21:12:16+00:00\",\"author\":{\"@id\":\"https:\\\/\\\/informnapalm.org\\\/tr\\\/#\\\/schema\\\/person\\\/e683569ccd9c71b2afa351e58e558cb1\"},\"description\":\"Rus T\u00fcmgeneral Nikolay Varpa\u015fovi\u00e7, 3 Eyl\u00fcl 2026\u2019da Saratov b\u00f6lgesinde d\u00fczenlenen suikast giri\u015fiminde a\u011f\u0131r yaraland\u0131.\",\"breadcrumb\":{\"@id\":\"https:\\\/\\\/informnapalm.org\\\/tr\\\/suikast-girisimi\\\/#breadcrumb\"},\"inLanguage\":\"en-US\",\"potentialAction\":[{\"@type\":\"ReadAction\",\"target\":[\"https:\\\/\\\/informnapalm.org\\\/tr\\\/suikast-girisimi\\\/\"]}]},{\"@type\":\"ImageObject\",\"inLanguage\":\"en-US\",\"@id\":\"https:\\\/\\\/informnapalm.org\\\/tr\\\/suikast-girisimi\\\/#primaryimage\",\"url\":\"https:\\\/\\\/informnapalm.org\\\/tr\\\/wp-content\\\/uploads\\\/sites\\\/12\\\/2026\\\/09\\\/Rus-General-Nikolay-Varpasovice-yonelik-suikast-girisimi.jpg\",\"contentUrl\":\"https:\\\/\\\/informnapalm.org\\\/tr\\\/wp-content\\\/uploads\\\/sites\\\/12\\\/2026\\\/09\\\/Rus-General-Nikolay-Varpasovice-yonelik-suikast-girisimi.jpg\",\"width\":642,\"height\":336,\"caption\":\"Rus General Nikolay Varpa\u015fovi\u00e7\u2019e y\u00f6nelik suikast giri\u015fimi\"},{\"@type\":\"BreadcrumbList\",\"@id\":\"https:\\\/\\\/informnapalm.org\\\/tr\\\/suikast-girisimi\\\/#breadcrumb\",\"itemListElement\":[{\"@type\":\"ListItem\",\"position\":1,\"name\":\"Home\",\"item\":\"https:\\\/\\\/informnapalm.org\\\/tr\\\/\"},{\"@type\":\"ListItem\",\"position\":2,\"name\":\"Ukrayna\u2019ya y\u00f6nelik sald\u0131r\u0131larla ili\u015fkilendirilen Rus generaline suikast giri\u015fimi\"}]},{\"@type\":\"WebSite\",\"@id\":\"https:\\\/\\\/informnapalm.org\\\/tr\\\/#website\",\"url\":\"https:\\\/\\\/informnapalm.org\\\/tr\\\/\",\"name\":\"\u0130nformNapalm&#039;\u0131n T\u00fcrk\u00e7e versiyonu\",\"description\":\"Ukrayna&#039;dan son haberler\",\"potentialAction\":[{\"@type\":\"SearchAction\",\"target\":{\"@type\":\"EntryPoint\",\"urlTemplate\":\"https:\\\/\\\/informnapalm.org\\\/tr\\\/?s={search_term_string}\"},\"query-input\":{\"@type\":\"PropertyValueSpecification\",\"valueRequired\":true,\"valueName\":\"search_term_string\"}}],\"inLanguage\":\"en-US\"},{\"@type\":\"Person\",\"@id\":\"https:\\\/\\\/informnapalm.org\\\/tr\\\/#\\\/schema\\\/person\\\/e683569ccd9c71b2afa351e58e558cb1\",\"name\":\"2476\",\"image\":{\"@type\":\"ImageObject\",\"inLanguage\":\"en-US\",\"@id\":\"https:\\\/\\\/secure.gravatar.com\\\/avatar\\\/4cdfe9f344a6a3098c5b8f56d0951f5a6488eb77f72278644d45d1518136dda9?s=96&d=mm&r=g\",\"url\":\"https:\\\/\\\/secure.gravatar.com\\\/avatar\\\/4cdfe9f344a6a3098c5b8f56d0951f5a6488eb77f72278644d45d1518136dda9?s=96&d=mm&r=g\",\"contentUrl\":\"https:\\\/\\\/secure.gravatar.com\\\/avatar\\\/4cdfe9f344a6a3098c5b8f56d0951f5a6488eb77f72278644d45d1518136dda9?s=96&d=mm&r=g\",\"caption\":\"2476\"},\"url\":\"https:\\\/\\\/informnapalm.org\\\/tr\\\/author\\\/tugrul\\\/\"}]}<\/script>\n<!-- \/ Yoast SEO plugin. -->","yoast_head_json":{"title":"Ukrayna\u2019ya y\u00f6nelik sald\u0131r\u0131larla ili\u015fkilendirilen Rus generaline suikast giri\u015fimi","description":"Rus T\u00fcmgeneral Nikolay Varpa\u015fovi\u00e7, 3 Eyl\u00fcl 2026\u2019da Saratov b\u00f6lgesinde d\u00fczenlenen suikast giri\u015fiminde a\u011f\u0131r yaraland\u0131.","robots":{"index":"index","follow":"follow","max-snippet":"max-snippet:-1","max-image-preview":"max-image-preview:large","max-video-preview":"max-video-preview:-1"},"canonical":"https:\/\/informnapalm.org\/tr\/suikast-girisimi\/","og_locale":"en_US","og_type":"article","og_title":"Ukrayna\u2019ya y\u00f6nelik sald\u0131r\u0131larla ili\u015fkilendirilen Rus generaline suikast giri\u015fimi","og_description":"Rus T\u00fcmgeneral Nikolay Varpa\u015fovi\u00e7, 3 Eyl\u00fcl 2026\u2019da Saratov b\u00f6lgesinde d\u00fczenlenen suikast giri\u015fiminde a\u011f\u0131r yaraland\u0131.","og_url":"https:\/\/informnapalm.org\/tr\/suikast-girisimi\/","og_site_name":"\u0130nformNapalm&#039;\u0131n T\u00fcrk\u00e7e versiyonu","article_published_time":"2026-09-03T20:57:36+00:00","article_modified_time":"2026-09-04T21:12:16+00:00","og_image":[{"width":642,"height":336,"url":"https:\/\/informnapalm.org\/tr\/wp-content\/uploads\/sites\/12\/2026\/09\/Rus-General-Nikolay-Varpasovice-yonelik-suikast-girisimi.jpg","type":"image\/jpeg"}],"author":"2476","twitter_misc":{"Written by":"2476","Est. reading time":"8 minutes"},"schema":{"@context":"https:\/\/schema.org","@graph":[{"@type":"Article","@id":"https:\/\/informnapalm.org\/tr\/suikast-girisimi\/#article","isPartOf":{"@id":"https:\/\/informnapalm.org\/tr\/suikast-girisimi\/"},"author":{"name":"2476","@id":"https:\/\/informnapalm.org\/tr\/#\/schema\/person\/e683569ccd9c71b2afa351e58e558cb1"},"headline":"Ukrayna\u2019ya y\u00f6nelik sald\u0131r\u0131larla ili\u015fkilendirilen Rus generaline suikast giri\u015fimi","datePublished":"2026-09-03T20:57:36+00:00","dateModified":"2026-09-04T21:12:16+00:00","mainEntityOfPage":{"@id":"https:\/\/informnapalm.org\/tr\/suikast-girisimi\/"},"wordCount":2222,"image":{"@id":"https:\/\/informnapalm.org\/tr\/suikast-girisimi\/#primaryimage"},"thumbnailUrl":"https:\/\/informnapalm.org\/tr\/wp-content\/uploads\/sites\/12\/2026\/09\/Rus-General-Nikolay-Varpasovice-yonelik-suikast-girisimi.jpg","keywords":["Engels-2","InformNapalm","Ochmatdyt","OSINT","Rusya","Sava\u015f su\u00e7lar\u0131","stratejik bombard\u0131man","Tu-160","Tu-95MS","Ukrayna"],"articleSection":["D\u00fcnya","Haberler","S\u0131cak Haberler"],"inLanguage":"en-US"},{"@type":"WebPage","@id":"https:\/\/informnapalm.org\/tr\/suikast-girisimi\/","url":"https:\/\/informnapalm.org\/tr\/suikast-girisimi\/","name":"Ukrayna\u2019ya y\u00f6nelik sald\u0131r\u0131larla ili\u015fkilendirilen Rus generaline suikast giri\u015fimi","isPartOf":{"@id":"https:\/\/informnapalm.org\/tr\/#website"},"primaryImageOfPage":{"@id":"https:\/\/informnapalm.org\/tr\/suikast-girisimi\/#primaryimage"},"image":{"@id":"https:\/\/informnapalm.org\/tr\/suikast-girisimi\/#primaryimage"},"thumbnailUrl":"https:\/\/informnapalm.org\/tr\/wp-content\/uploads\/sites\/12\/2026\/09\/Rus-General-Nikolay-Varpasovice-yonelik-suikast-girisimi.jpg","datePublished":"2026-09-03T20:57:36+00:00","dateModified":"2026-09-04T21:12:16+00:00","author":{"@id":"https:\/\/informnapalm.org\/tr\/#\/schema\/person\/e683569ccd9c71b2afa351e58e558cb1"},"description":"Rus T\u00fcmgeneral Nikolay Varpa\u015fovi\u00e7, 3 Eyl\u00fcl 2026\u2019da Saratov b\u00f6lgesinde d\u00fczenlenen suikast giri\u015fiminde a\u011f\u0131r yaraland\u0131.","breadcrumb":{"@id":"https:\/\/informnapalm.org\/tr\/suikast-girisimi\/#breadcrumb"},"inLanguage":"en-US","potentialAction":[{"@type":"ReadAction","target":["https:\/\/informnapalm.org\/tr\/suikast-girisimi\/"]}]},{"@type":"ImageObject","inLanguage":"en-US","@id":"https:\/\/informnapalm.org\/tr\/suikast-girisimi\/#primaryimage","url":"https:\/\/informnapalm.org\/tr\/wp-content\/uploads\/sites\/12\/2026\/09\/Rus-General-Nikolay-Varpasovice-yonelik-suikast-girisimi.jpg","contentUrl":"https:\/\/informnapalm.org\/tr\/wp-content\/uploads\/sites\/12\/2026\/09\/Rus-General-Nikolay-Varpasovice-yonelik-suikast-girisimi.jpg","width":642,"height":336,"caption":"Rus General Nikolay Varpa\u015fovi\u00e7\u2019e y\u00f6nelik suikast giri\u015fimi"},{"@type":"BreadcrumbList","@id":"https:\/\/informnapalm.org\/tr\/suikast-girisimi\/#breadcrumb","itemListElement":[{"@type":"ListItem","position":1,"name":"Home","item":"https:\/\/informnapalm.org\/tr\/"},{"@type":"ListItem","position":2,"name":"Ukrayna\u2019ya y\u00f6nelik sald\u0131r\u0131larla ili\u015fkilendirilen Rus generaline suikast giri\u015fimi"}]},{"@type":"WebSite","@id":"https:\/\/informnapalm.org\/tr\/#website","url":"https:\/\/informnapalm.org\/tr\/","name":"\u0130nformNapalm&#039;\u0131n T\u00fcrk\u00e7e versiyonu","description":"Ukrayna&#039;dan son haberler","potentialAction":[{"@type":"SearchAction","target":{"@type":"EntryPoint","urlTemplate":"https:\/\/informnapalm.org\/tr\/?s={search_term_string}"},"query-input":{"@type":"PropertyValueSpecification","valueRequired":true,"valueName":"search_term_string"}}],"inLanguage":"en-US"},{"@type":"Person","@id":"https:\/\/informnapalm.org\/tr\/#\/schema\/person\/e683569ccd9c71b2afa351e58e558cb1","name":"2476","image":{"@type":"ImageObject","inLanguage":"en-US","@id":"https:\/\/secure.gravatar.com\/avatar\/4cdfe9f344a6a3098c5b8f56d0951f5a6488eb77f72278644d45d1518136dda9?s=96&d=mm&r=g","url":"https:\/\/secure.gravatar.com\/avatar\/4cdfe9f344a6a3098c5b8f56d0951f5a6488eb77f72278644d45d1518136dda9?s=96&d=mm&r=g","contentUrl":"https:\/\/secure.gravatar.com\/avatar\/4cdfe9f344a6a3098c5b8f56d0951f5a6488eb77f72278644d45d1518136dda9?s=96&d=mm&r=g","caption":"2476"},"url":"https:\/\/informnapalm.org\/tr\/author\/tugrul\/"}]}},"post_src":"<div lang=\"tr\" style=\"color: #000000;text-align: left\">\r\n<p style=\"text-align: left\"><span style=\"font-weight: bold;font-family: Helvetica Neue,Helvetica,Arial,Nimbus Sans L,sans-serif\">T\u00fcmgeneral Nikolay Varpa\u015fovi\u00e7, stratejik bombard\u0131man u\u00e7aklar\u0131yla donat\u0131lm\u0131\u015f bir Rus birli\u011fine komuta etmektedir. Ukrayna makamlar\u0131, Varpa\u015fovi\u00e7\u2019in Kyiv\u2019deki Ukrayna\u2019n\u0131n en b\u00fcy\u00fck ihtisas \u00e7ocuk hastanesine y\u00f6nelik sald\u0131r\u0131 da d\u00e2hil olmak \u00fczere, sivillere y\u00f6nelik \u00e7e\u015fitli f\u00fcze sald\u0131r\u0131lar\u0131na kar\u0131\u015ft\u0131\u011f\u0131ndan \u015f\u00fcphelenmektedir. Varpa\u015fovi\u00e7, 3 Eyl\u00fcl 2026 tarihinde Rusya\u2019da ger\u00e7ekle\u015ftirilen bir suikast giri\u015fiminde a\u011f\u0131r yaraland\u0131.<\/span><\/p>\r\n\r\n<div style=\"color: #333333;text-align: left\">\r\n<p style=\"text-align: left\">3 Eyl\u00fcl 2026 g\u00fcn\u00fc saat 07.00 s\u0131ralar\u0131nda \u00fcst d\u00fczey bir Rus subaya suikast giri\u015fiminde bulunuldu. Sald\u0131r\u0131, Saratov b\u00f6lgesindeki Engels kenti yak\u0131nlar\u0131nda bulunan Probuzjdenije yerle\u015fiminde ger\u00e7ekle\u015fti. Subay, Rusya Hava-Uzay Kuvvetleri b\u00fcnyesinde g\u00f6rev yap\u0131yordu. Birden fazla kaynak, hedefin T\u00fcmgeneral Nikolay Varpa\u015fovi\u00e7 oldu\u011funu belirtmektedir. Varpa\u015fovi\u00e7, 06987 numaral\u0131 asker\u00ee birlik olan Uzun Menzilli Havac\u0131l\u0131\u011fa ba\u011fl\u0131 22. A\u011f\u0131r Bombard\u0131man Havac\u0131l\u0131k T\u00fcmeninin komutan\u0131d\u0131r. Birlik, Engels-2 Hava \u00dcss\u00fc ile ba\u011flant\u0131l\u0131d\u0131r.<\/p>\r\n\r\n<h2 style=\"color: #000000;font-size: 1.3rem;font-weight: bold;margin-top: 24px;margin-bottom: 12px;font-family: &#039;Helvetica Neue&#039;, Helvetica, Arial, &#039;Nimbus Sans L&#039;, sans-serif;text-align: left\">Rusya\u2019daki \u00f6ld\u00fcrmeye te\u015febb\u00fcs soru\u015fturmas\u0131 ve Ukrayna\u2019daki sava\u015f su\u00e7u \u015f\u00fcphesi<\/h2>\r\n<p style=\"text-align: left\">Rus makamlar\u0131, yay\u0131m tarihi itibar\u0131yla yaralanan subay\u0131n kimli\u011fini hen\u00fcz resmen a\u00e7\u0131klamam\u0131\u015ft\u0131r. Rusya Soru\u015fturma Komitesi sald\u0131r\u0131n\u0131n ger\u00e7ekle\u015fti\u011fini do\u011frulam\u0131\u015f ve \u00f6ld\u00fcrmeye te\u015febb\u00fcs ile silahlar\u0131n yasa d\u0131\u015f\u0131 kullan\u0131m\u0131 hakk\u0131nda ceza soru\u015fturmas\u0131 ba\u015flatm\u0131\u015ft\u0131r. Komite ayr\u0131ca olay yerinde kur\u015funlar ve bo\u015f kovanlar\u0131n ele ge\u00e7irildi\u011fini bildirmi\u015ftir. A\u011f\u0131r yaralanan subay, acil tedavinin ard\u0131ndan u\u00e7akla Moskova\u2019ya nakledilmi\u015ftir.<\/p>\r\n<p style=\"text-align: left\">Olay, \u00fc\u00e7 g\u00fcn \u00f6nce, 31 A\u011fustos 2026 tarihinde ya\u015fanan geli\u015fme nedeniyle ayr\u0131ca \u00f6nem ta\u015f\u0131maktad\u0131r. Ukrayna G\u00fcvenlik Servisi (SBU) ile Ba\u015fsavc\u0131l\u0131k, Varpa\u015fovi\u00e7 hakk\u0131nda g\u0131yab\u0131nda sava\u015f su\u00e7u \u015f\u00fcphesiyle <a href=\"https:\/\/ssu.gov.ua\/novyny\/sbu-ta-ohp-zaochno-povidomyly-pro-pidozru-rashystam-yaki-komanduvaly-raketnymy-udaramy-po-okhmatdytu-ta-zhurnalistakh-reuters\">\u015f\u00fcphe bildiriminde bulundu<\/a>. \u015e\u00fcphe, Kyiv\u2019deki Ukrayna\u2019n\u0131n en b\u00fcy\u00fck ihtisas \u00e7ocuk hastanesi Ochmatdyt\u2019e y\u00f6nelik sald\u0131r\u0131yla ilgiliydi. \u0130ki geli\u015fme aras\u0131nda a\u00e7\u0131k bir zamansal yak\u0131nl\u0131k bulunmaktad\u0131r. Bununla birlikte, suikast giri\u015fiminde Ukrayna\u2019n\u0131n rol\u00fc bulundu\u011funa veya sald\u0131r\u0131 ile yeni su\u00e7 \u015f\u00fcphesi aras\u0131nda herhangi bir ba\u011flant\u0131 oldu\u011funa ili\u015fkin do\u011frulanm\u0131\u015f bilgi mevcut de\u011fildir.<\/p>\r\n\r\n<h2 style=\"color: #000000;font-size: 1.3rem;font-weight: bold;margin-top: 24px;margin-bottom: 12px;font-family: &#039;Helvetica Neue&#039;, Helvetica, Arial, &#039;Nimbus Sans L&#039;, sans-serif;text-align: left\">Rus havac\u0131l\u0131k personelinin OSINT yoluyla tespiti<\/h2>\r\n<p style=\"text-align: left\">Rusya\u2019n\u0131n Suriye\u2019deki hava harek\u00e2t\u0131n\u0131n ba\u015flamas\u0131n\u0131n ard\u0131ndan <a href=\"https:\/\/informnapalm.org\/en\/war-in-syria-russian-long-range-bomber-aviation-and-the-stray-missiles\/\">\u0130nformNapalm, Kas\u0131m 2015\u2019te tespit etti\u011fi<\/a> ki\u015filer aras\u0131nda Tu-160 tipi stratejik bombard\u0131man u\u00e7aklar\u0131n\u0131n m\u00fcrettebat\u0131na ve Rusya\u2019n\u0131n Engels kentindeki 6950. Muhaf\u0131z Hava \u00dcss\u00fc personeline yer verdi. Birli\u011fe ait Tu-160 ve Tu-95MS u\u00e7aklar\u0131, Suriye\u2019de Ch-55SM, Ch-555 ve Ch-101 seyir f\u00fczelerinin f\u0131rlat\u0131lmas\u0131nda kullan\u0131ld\u0131.<\/p>\r\n<p style=\"text-align: left\">\u0130nformNapalm, 2016 y\u0131l\u0131nda <a href=\"https:\/\/informnapalm.org\/en\/russian-bombs-civilians\/\">116 Rus pilot ve seyr\u00fcsefer subay\u0131na<\/a> ili\u015fkin bilgiler i\u00e7eren kapsaml\u0131 bir \u00e7al\u0131\u015fma yay\u0131mlad\u0131. \u00c7al\u0131\u015fman\u0131n temel d\u00fc\u015f\u00fcncesi, emirleri fiilen uygulayan ki\u015filerin Rusya Hava-Uzay Kuvvetleri gibi kurumsal yap\u0131lar\u0131n adlar\u0131n\u0131n veya Rus subay r\u00fctbelerinin arkas\u0131na s\u0131\u011f\u0131narak bireysel sorumluluktan ka\u00e7amamas\u0131n\u0131 sa\u011flamakt\u0131. Bu nedenle ama\u00e7, ki\u015filerin ayr\u0131 ayr\u0131 tespit edilmesi ve bireysel sorumlulu\u011fun belirlenmesine dayanak olu\u015fturacak bilgilerin derlenmesiydi.<\/p>\r\n\r\n<div style=\"width: 642px;max-width: 100%;margin: 24px auto;aspect-ratio: 16 \/ 9\"><iframe style=\"width: 100%;height: 100%;border: 0\" src=\"https:\/\/www.youtube.com\/embed\/V0Uzt_AmHjE?start=64\" allowfullscreen=\"allowfullscreen\">\r\n<\/iframe><\/div>\r\n<p style=\"text-align: left\">Rusya Hava-Uzay Kuvvetleri m\u00fcrettebat\u0131na ili\u015fkin bilgilerin 2016 y\u0131l\u0131nda yay\u0131mlanmas\u0131, Rus medyas\u0131nda g\u00fc\u00e7l\u00fc tepkilere yol a\u00e7t\u0131 ve \u00e7al\u0131\u015fma gizli bilgilerin s\u0131zd\u0131r\u0131lmas\u0131 olarak nitelendirildi. Rusya D\u0131\u015fi\u015fleri Bakanl\u0131\u011f\u0131 ayn\u0131 d\u00f6nemde diplomatik kanallar arac\u0131l\u0131\u011f\u0131yla InformNapalm.org sitesinin ayna s\u00fcr\u00fcmlerini bar\u0131nd\u0131ran sunucular\u0131n bulundu\u011fu \u00fclkelere bask\u0131 uygulamaya ve internet sitesinin kapat\u0131lmas\u0131n\u0131 talep etmeye \u00e7al\u0131\u015ft\u0131. Ancak bu giri\u015fimler ba\u015far\u0131s\u0131z oldu. \u00d6zg\u00fcn yay\u0131nda, a\u00e7\u0131klamayla ba\u011flant\u0131l\u0131 olarak g\u00f6m\u00fcl\u00fc bir YouTube videosu da yer ald\u0131.<\/p>\r\n<p style=\"text-align: left\">\u0130nformNapalm, Mart 2021\u2019de <a href=\"https:\/\/informnapalm.org\/tr\/tu-22m3\/\">a\u00e7\u0131k bir uyar\u0131da<\/a> bulundu. \u0130nformNapalm taraf\u0131ndan Rusya\u2019n\u0131n Suriye\u2019deki harek\u00e2t\u0131 s\u0131ras\u0131nda tespit edilen uzun menzilli havac\u0131l\u0131k subaylar\u0131n\u0131n, tam \u00f6l\u00e7ekli bir sava\u015f durumunda Ukrayna\u2019ya y\u00f6nelik sald\u0131r\u0131larda g\u00f6revlendirilebilece\u011fi belirtildi. \u0130nformNapalm\u2019\u0131n uyar\u0131da bulundu\u011fu geli\u015fme bir y\u0131ldan k\u0131sa s\u00fcre sonra ger\u00e7ekle\u015fti.<\/p>\r\n\r\n<h2 style=\"color: #000000;font-size: 1.3rem;font-weight: bold;margin-top: 24px;margin-bottom: 12px;font-family: &#039;Helvetica Neue&#039;, Helvetica, Arial, &#039;Nimbus Sans L&#039;, sans-serif;text-align: left\">Varpa\u015fovi\u00e7\u2019in Rusya\u2019n\u0131n stratejik bombard\u0131man havac\u0131l\u0131\u011f\u0131ndaki g\u00f6revi<\/h2>\r\n<p style=\"text-align: left\">1970 do\u011fumlu Nikolay Varpa\u015fovi\u00e7, Rus uzun menzilli havac\u0131l\u0131\u011f\u0131nda g\u00f6rev yapan meslek subay\u0131d\u0131r. Ukrayna asker\u00ee istihbarat\u0131 HUR\u2019a g\u00f6re, Tu-95MS ve Tu-95MSM tipi u\u00e7aklarda e\u011fitim alm\u0131\u015f ve bu u\u00e7aklarda g\u00f6rev tecr\u00fcbesi edinmi\u015ftir. HUR ayr\u0131ca Varpa\u015fovi\u00e7\u2019in Rusya\u2019da kullan\u0131lan \u201ckeskin ni\u015fanc\u0131 s\u0131n\u0131f\u0131 asker\u00ee pilot\u201d yeterlilik derecesine ve en az 2.500 saatlik u\u00e7u\u015f tecr\u00fcbesine sahip oldu\u011funu belirtmektedir.<\/p>\r\n<img class=\"alignnone wp-image-33091 size-full\" style=\"max-width: 100%;height: auto;border: 1pt solid #000\" title=\"Rus General Nikolay Varpa\u015fovi\u00e7\u2019e y\u00f6nelik suikast giri\u015fimi\" src=\"https:\/\/informnapalm.org\/ua\/wp-content\/uploads\/sites\/9\/2026\/09\/photo_2026-09-03_14-20-53.jpg\" alt=\"Rus General Nikolay Varpa\u015fovi\u00e7\u2019e y\u00f6nelik suikast giri\u015fimi\" width=\"642\" height=\"361\" \/>\r\n<p style=\"text-align: left\">Varpa\u015fovi\u00e7, Aral\u0131k 2014\u2019te Rusya\u2019n\u0131n Rjazan kenti yak\u0131nlar\u0131ndaki Djagilevo\u2019da bulunan Uzun Menzilli Havac\u0131l\u0131k U\u00e7u\u015f Personelinin Muharebe Kullan\u0131m\u0131 ve Yeniden E\u011fitimi 43. Merkezinin ba\u015f\u0131na getirildi. Ukrayna asker\u00ee istihbarat\u0131, Kas\u0131m 2021\u2019de 22. A\u011f\u0131r Bombard\u0131man Havac\u0131l\u0131k T\u00fcmeni Komutanl\u0131\u011f\u0131 g\u00f6revine ba\u015flad\u0131\u011f\u0131n\u0131 belirtmektedir. Ukrayna asker\u00ee istihbarat\u0131n\u0131n Varpa\u015fovi\u00e7 hakk\u0131ndaki <a href=\"https:\/\/gur.gov.ua\/content\/varpakhovych-mykola-mykolaiovych.html\">ayr\u0131nt\u0131l\u0131 hizmet kayd\u0131<\/a>, asker\u00ee ge\u00e7mi\u015fine ili\u015fkin ilave bilgiler i\u00e7ermektedir.<\/p>\r\n\r\n<h2 style=\"color: #000000;font-size: 1.3rem;font-weight: bold;margin-top: 24px;margin-bottom: 12px;font-family: &#039;Helvetica Neue&#039;, Helvetica, Arial, &#039;Nimbus Sans L&#039;, sans-serif;text-align: left\">Belgelenmi\u015f komuta g\u00f6revi ve o\u011flunun \u00f6l\u00fcm\u00fcne ili\u015fkin bilgiler<\/h2>\r\n<p style=\"text-align: left\">\u0130nformNapalm b\u00fcnyesinde faaliyet g\u00f6steren OSINT Bees inceleme grubu, Eyl\u00fcl 2022\u2019de <a href=\"https:\/\/informnapalm.org\/osintbees\/2022\/09\/21\/poidut-ly-voevat-synovia-heneralov\/\">ilave bilgiler<\/a> yay\u0131mlad\u0131. Bu bilgilere g\u00f6re Varpa\u015fovi\u00e7, Muhaf\u0131z A\u011f\u0131r Bombard\u0131man Havac\u0131l\u0131k T\u00fcmeni Komutan\u0131 ve Engels garnizonunun komutan\u0131yd\u0131. Varpa\u015fovi\u00e7 ayr\u0131ca Djagilevo\u2019daki Uzun Menzilli Havac\u0131l\u0131k Hava \u00dcss\u00fcn\u00fcn komuta yap\u0131s\u0131na ili\u015fkin daha sonraki bir <a href=\"https:\/\/informnapalm.org\/osintbees\/2022\/12\/13\/komandnyi-sklad-aerodroma-dalnoi-a\/\">OSINT yay\u0131n\u0131nda<\/a> da yer ald\u0131. B\u00f6ylece kimli\u011fi ve komuta g\u00f6revi, suikast giri\u015fiminin ger\u00e7ekle\u015fmesinden y\u0131llar \u00f6nce kamuya a\u00e7\u0131k kaynaklarda belgelenmi\u015f durumdayd\u0131.<\/p>\r\n<p style=\"text-align: left\">Ge\u00e7mi\u015finde daha az bilinen bir olay da bulunmaktad\u0131r. OSINT Bees, 2023 tarihli bir yay\u0131nda generalin 2002 do\u011fumlu k\u00fc\u00e7\u00fck o\u011flu Vladislav Varpa\u015fovi\u00e7\u2019in, Rjazan\u2019daki 41521 numaral\u0131 asker\u00ee birlikte zorunlu askerlik hizmetini yapt\u0131\u011f\u0131 s\u0131rada hayat\u0131n\u0131 kaybetti\u011fini bildirmektedir. Kamuya a\u00e7\u0131klanan adli t\u0131p belgelerinin kopyalar\u0131nda, ba\u015f b\u00f6lgesinde giri\u015f ve \u00e7\u0131k\u0131\u015f deli\u011fi bulunan bir ate\u015fli silah yaras\u0131 bulundu\u011fu belirtilmi\u015ftir. <a href=\"https:\/\/t.me\/osintbees\/7211\">OSINT Bees taraf\u0131ndan aktar\u0131lan<\/a> psikolojik ve psikiyatrik de\u011ferlendirmede, a\u011f\u0131r derecede olumsuz bir psiko-duygusal durumda bulundu\u011fu ifade edilmektedir.<\/p>\r\n<p style=\"text-align: left\">41521 numaral\u0131 asker\u00ee birlik, Varpa\u015fovi\u00e7\u2019in Engels Hava \u00dcss\u00fcne nakledilmesinden \u00f6nce birka\u00e7 y\u0131l boyunca y\u00f6netti\u011fi Djagilevo\u2019daki ayn\u0131 43. Merkezdir. Bununla birlikte, a\u00e7\u0131k kaynaklardaki materyal, \u00f6l\u00fcm\u00fcn intihar, kasten \u00f6ld\u00fcrme veya ba\u015fka bir olay sonucunda ger\u00e7ekle\u015fip ger\u00e7ekle\u015fmedi\u011fi konusunda kesin bir de\u011ferlendirme yap\u0131lmas\u0131 i\u00e7in yeterli de\u011fildir. Olay\u0131n, babas\u0131n\u0131n faaliyetleri nedeniyle Varpa\u015fovi\u00e7\u2019e y\u00f6nelik bir intikam eylemi oldu\u011fu varsay\u0131m\u0131n\u0131 destekleyen herhangi bir kan\u0131t da bulunmamaktad\u0131r. Bu nedenle b\u00f6yle bir varsay\u0131m olgu olarak sunulamaz.<\/p>\r\n\r\n<h2 style=\"color: #000000;font-size: 1.3rem;font-weight: bold;margin-top: 24px;margin-bottom: 12px;font-family: &#039;Helvetica Neue&#039;, Helvetica, Arial, &#039;Nimbus Sans L&#039;, sans-serif;text-align: left\">Ukrayna\u2019n\u0131n en b\u00fcy\u00fck \u00e7ocuk hastanesi ve t\u00fcmen i\u00e7inden gelen bilgiler<\/h2>\r\n<p style=\"text-align: left\">Ochmatdyt, Kyiv\u2019de bulunan Ukrayna Ulusal \u0130htisas \u00c7ocuk Hastanesidir ve \u00fclkenin en b\u00fcy\u00fck \u00e7ocuk hastanesidir. Hastane, Ukrayna\u2019n\u0131n d\u00f6rt bir yan\u0131ndan \u00e7ocuklar\u0131 kabul etmekte ve cerrahi ile yo\u011fun bak\u0131m hizmetlerinin yan\u0131 s\u0131ra kanser ve kan hastal\u0131klar\u0131n\u0131n tedavisini de y\u00fcr\u00fctmektedir. Hastaneye 8 Temmuz 2024 tarihinde bir f\u00fcze isabet etti. Aralar\u0131nda bir doktorun da bulundu\u011fu iki ki\u015fi hayat\u0131n\u0131 kaybetti ve birden fazla bina hasar g\u00f6rd\u00fc veya y\u0131k\u0131ld\u0131.<\/p>\r\n<p style=\"text-align: left\">HUR, 13 May\u0131s 2024 tarihinde Engels Hava \u00dcss\u00fcndeki 06987 numaral\u0131 asker\u00ee birlik olan 22. A\u011f\u0131r Bombard\u0131man Havac\u0131l\u0131k T\u00fcmeninin komuta kademesi ile personelinin <a href=\"https:\/\/gur.gov.ua\/content\/identyfikatsiia-voiennykh-zlochyntsiv-rf-rozvidnyky-vyznachyly-khto-obstriliuie-ukrainu-krylatymy-raketamy-spysok.html\">sistematik olarak tespit edilmesine ili\u015fkin \u00e7al\u0131\u015fman\u0131n sonu\u00e7lar\u0131n\u0131<\/a> a\u00e7\u0131klad\u0131. HUR\u2019a g\u00f6re tespit edilen ki\u015filer, Ukrayna\u2019daki sivil altyap\u0131ya y\u00f6nelik sald\u0131r\u0131lar\u0131n planlanmas\u0131na ve ger\u00e7ekle\u015ftirilmesine kat\u0131ld\u0131. Varpa\u015fovi\u00e7, derlemede yer alan ba\u015fl\u0131ca ki\u015filerden biridir. HUR ayr\u0131ca t\u00fcmenin birliklerinde Tu-95MS, Tu-160 ve Tu-22M3 bombard\u0131man u\u00e7aklar\u0131 ile Ch-101, Ch-555, Ch-55, Ch-22 ve Ch-32 f\u00fczelerinin kullan\u0131ld\u0131\u011f\u0131n\u0131 belirtmektedir.<\/p>\r\n<img class=\"alignnone wp-image-33090 size-full\" style=\"max-width: 100%;height: auto;border: 1pt solid #000\" title=\"Nikolay Varpa\u015fovi\u00e7, 22. A\u011f\u0131r Bombard\u0131man Havac\u0131l\u0131k T\u00fcmeni Komutan\u0131\" src=\"https:\/\/informnapalm.org\/ua\/wp-content\/uploads\/sites\/9\/2026\/09\/866e046-screenshot-2024-07-11-164314.jpg\" alt=\"Nikolay Varpa\u015fovi\u00e7, 22. A\u011f\u0131r Bombard\u0131man Havac\u0131l\u0131k T\u00fcmeni Komutan\u0131\" width=\"642\" height=\"325\" \/>\r\n<p style=\"text-align: left\">Ochmatdyt sald\u0131r\u0131s\u0131n\u0131n ard\u0131ndan \u00f6nem ta\u015f\u0131yan ilave bilgiler ortaya \u00e7\u0131kt\u0131. Ukrayna gazetesi <a href=\"https:\/\/www.pravda.com.ua\/news\/2024\/07\/11\/7465204\/\">Ukraynska Pravda<\/a>, HUR i\u00e7indeki kaynaklara dayanarak 11 Temmuz 2024 tarihli bir haberde, 22. T\u00fcmende g\u00f6rev yapan bir pilotun Ukrayna istihbarat servisiyle ileti\u015fime ge\u00e7ti\u011fini bildirdi. Gazetenin kaynaklar\u0131na g\u00f6re pilot, \u00e7ocuk hastanesine y\u00f6nelik sald\u0131r\u0131ya sert tepki g\u00f6sterdi\u011fini belirtmi\u015fti. Pilot ayr\u0131ca asker\u00ee birli\u011fe ait belgeleri, personel dosyalar\u0131ndan materyalleri, komuta kademesinin \u00f6zel foto\u011fraflar\u0131n\u0131 ve t\u00fcmene ait gizlilik dereceli belgeleri teslim etmi\u015fti.<\/p>\r\n<p style=\"text-align: left\">Teslim edilen materyalde Nikolay Nikolayevi\u00e7 Varpa\u015fovi\u00e7, 28. s\u0131rada yer almakta ve Uzun Menzilli Havac\u0131l\u0131k ile Rusya Hava-Uzay Kuvvetleri b\u00fcnyesindeki 22. A\u011f\u0131r Bombard\u0131man Havac\u0131l\u0131k T\u00fcmeninin komutan\u0131 olarak belirtilmektedir. HUR, materyalde yer alan 30 subay\u0131n \u00e7o\u011funun kimli\u011fini daha \u00f6nceden biliyordu. B\u00f6ylece birka\u00e7 y\u0131l boyunca OSINT yoluyla toplanan bilgiler, Rus stratejik havac\u0131l\u0131\u011f\u0131ndan elde edilen kurum i\u00e7i belgelerle tamamlanabildi.<\/p>\r\n\r\n<h2 style=\"color: #000000;font-size: 1.3rem;font-weight: bold;margin-top: 24px;margin-bottom: 12px;font-family: &#039;Helvetica Neue&#039;, Helvetica, Arial, &#039;Nimbus Sans L&#039;, sans-serif;text-align: left\">Sivil hedeflere y\u00f6nelik sald\u0131r\u0131lar hakk\u0131nda birden fazla Ukrayna ceza soru\u015fturmas\u0131<\/h2>\r\n<p style=\"text-align: left\">Ukrayna makamlar\u0131nca sava\u015f su\u00e7lar\u0131ndan \u015f\u00fcphelenilen Varpa\u015fovi\u00e7 hakk\u0131ndaki bilgiler, son y\u0131llarda istihbarat kay\u0131tlar\u0131n\u0131n d\u0131\u015f\u0131nda da yer alm\u0131\u015ft\u0131r.<\/p>\r\n<p style=\"text-align: left\">Ukraynal\u0131 soru\u015fturmac\u0131lar a\u015fa\u011f\u0131daki bilgileri a\u00e7\u0131klam\u0131\u015ft\u0131r:<\/p>\r\n\r\n<ol style=\"text-align: left\">\r\n \t<li style=\"text-align: left\">Kyiv televizyon kulesine 1 Mart 2022 tarihinde ger\u00e7ekle\u015ftirilen ve be\u015f sivilin hayat\u0131n\u0131 kaybetti\u011fi sald\u0131r\u0131ya ili\u015fkin dosyada <a href=\"https:\/\/armyinform.com.ua\/2026\/02\/12\/udar-po-kyyivskij-televezhi-rosijskyj-general-otrymav-pidozru\/\">Varpa\u015fovi\u00e7\u2019in<\/a>, muharebe emrini kendisine ba\u011fl\u0131 121. A\u011f\u0131r Bombard\u0131man Havac\u0131l\u0131k Alay\u0131na iletti\u011finden \u015f\u00fcphelenilmektedir.<\/li>\r\n \t<li style=\"text-align: left\">Odesa\u2019daki Tiras konut kompleksine 23 Nisan 2022 tarihinde Ch-101 f\u00fczesiyle ger\u00e7ekle\u015ftirilen ve sekiz ki\u015finin hayat\u0131n\u0131 kaybetti\u011fi sald\u0131r\u0131ya ili\u015fkin dosyada <a href=\"https:\/\/od.npu.gov.ua\/news\/viddavaly-nakazy-nanosyty-raketni-udary-po-zhk-tiras-odeski-slidchi-povidomyly-pro-pidozru-heneral-maioru-ta-polkovnyku-armii-rosii\">Ukrayna polisi<\/a>, Varpa\u015fovi\u00e7\u2019in sald\u0131r\u0131n\u0131n organizat\u00f6rlerinden biri oldu\u011funu de\u011ferlendirmektedir.<\/li>\r\n \t<li style=\"text-align: left\">Uman\u2019a 28 Nisan 2023 tarihinde ger\u00e7ekle\u015ftirilen ve alt\u0131s\u0131 \u00e7ocuk olmak \u00fczere 24 ki\u015finin hayat\u0131n\u0131 kaybetti\u011fi sald\u0131r\u0131ya ili\u015fkin dosyada Varpa\u015fovi\u00e7 hakk\u0131nda da <a href=\"https:\/\/armyinform.com.ua\/2025\/10\/13\/udar-shho-zabrav-24-zhyttya-sbu-vstanovyla-polkovnykiv-rf-yaki-znyshhyly-zhytlovyj-budynok-v-umani\/\">resm\u00ee \u015f\u00fcphe bildirimi<\/a> yap\u0131lm\u0131\u015ft\u0131r.<\/li>\r\n \t<li style=\"text-align: left\">Kryvyj Rih\u2019e 13 Haziran 2023 tarihinde ger\u00e7ekle\u015ftirilen sald\u0131r\u0131ya ili\u015fkin olarak <a href=\"https:\/\/dnipr.gp.gov.ua\/ua\/news.html?_m=publications&amp;_t=rec&amp;id=424054&amp;s=print\">Ukraynal\u0131 soru\u015fturmac\u0131lar<\/a>, Rusya Hava-Uzay Kuvvetlerinin en \u00fcst d\u00fczey y\u00f6netiminden Varpa\u015fovi\u00e7\u2019e ve 121. Alay Komutan\u0131na kadar uzanan komuta zincirini belirlemi\u015ftir. Varpa\u015fovi\u00e7\u2019in, sivil hedeflere y\u00f6nelik sald\u0131r\u0131 emrini iletti\u011finden \u015f\u00fcphelenilmektedir.<\/li>\r\n \t<li style=\"text-align: left\">Varpa\u015fovi\u00e7 ayr\u0131ca 4 Eyl\u00fcl 2024 tarihinde Lviv\u2019e y\u00f6nelik, Ch-101 seyir f\u00fczesi ile Rus Kinjal f\u00fczelerinin kullan\u0131ld\u0131\u011f\u0131 sald\u0131r\u0131ya ili\u015fkin <a href=\"https:\/\/fakty.com.ua\/ua\/ukraine\/20251111-prychetni-do-udaru-kyndzhalamy-po-lvovu-sbu-ogolosyla-pidozru-pyatom-komandyram-rf\/\">dosyada da yer almaktad\u0131r<\/a>.<\/li>\r\n<\/ol>\r\n<p style=\"text-align: left\">SBU, 31 A\u011fustos 2026 tarihinde Ochmatdyt\u2019e y\u00f6nelik sald\u0131r\u0131 nedeniyle Varpa\u015fovi\u00e7 hakk\u0131nda ayr\u0131ca resm\u00ee \u015f\u00fcphe bildiriminde bulundu. B\u00f6ylece Varpa\u015fovi\u00e7\u2019in ad\u0131, yay\u0131m tarihi itibar\u0131yla sivillere ve sivil altyap\u0131ya y\u00f6nelik f\u00fcze sald\u0131r\u0131lar\u0131yla ilgili birden fazla Ukrayna ceza soru\u015fturmas\u0131nda yer almaktad\u0131r.<\/p>\r\n<a href=\"https:\/\/informnapalm.org\/ua\/wp-content\/uploads\/sites\/9\/2026\/09\/EU.jpg\"><img class=\"alignnone wp-image-33093 size-full\" style=\"max-width: 100%;height: auto;border: 1pt solid #000\" title=\"AB\u2019nin yapt\u0131r\u0131m uygulanan ki\u015filer listesi\" src=\"https:\/\/informnapalm.org\/ua\/wp-content\/uploads\/sites\/9\/2026\/09\/EU.jpg\" alt=\"AB\u2019nin yapt\u0131r\u0131m uygulanan ki\u015filer listesi\" width=\"642\" height=\"301\" \/><\/a>\r\n<p style=\"text-align: left\">Varpa\u015fovi\u00e7, 16 Aral\u0131k 2024 tarihinden bu yana Avrupa Birli\u011finin bireysel yapt\u0131r\u0131mlar kapsam\u0131ndaki ki\u015filer listesinde yer almaktad\u0131r. AB\u2019nin resm\u00ee gerek\u00e7esinde, Engels-2 Hava \u00dcss\u00fcndeki 22. T\u00fcmenin komutan\u0131 olarak g\u00f6sterilmektedir. Gerek\u00e7ede ayr\u0131ca t\u00fcmene ait bir Ch-101 f\u00fczesinin Temmuz 2024\u2019te Ochmatdyt \u00c7ocuk Hastanesini vurdu\u011fu belirtilmektedir. <a href=\"https:\/\/eur-lex.europa.eu\/eli\/dec\/2024\/3182\/oj\/eng\/pdf\">AB\u2019nin Varpa\u015fovi\u00e7\u2019e ili\u015fkin resm\u00ee karar\u0131<\/a>, gerek\u00e7enin tamam\u0131n\u0131 i\u00e7ermektedir.<\/p>\r\n\r\n<h2 style=\"color: #000000;font-size: 1.3rem;font-weight: bold;margin-top: 24px;margin-bottom: 12px;font-family: &#039;Helvetica Neue&#039;, Helvetica, Arial, &#039;Nimbus Sans L&#039;, sans-serif;text-align: left\">Bireysel sorumlulu\u011fun dayana\u011f\u0131 zaman i\u00e7inde olu\u015fur<\/h2>\r\n<p style=\"text-align: left\">Ukrayna taraf\u0131ndan sava\u015f su\u00e7lar\u0131ndan \u015f\u00fcphelenilen \u00fcst d\u00fczey bir Rus askerine y\u00f6nelik suikast giri\u015fimi, kimlik tespitinin bir mahkeme karar\u0131 verilmesinden \u00e7ok \u00f6nce ger\u00e7ekle\u015ftirilebilece\u011fini g\u00f6stermektedir. A\u00e7\u0131k kaynaklardan ve ceza soru\u015fturmalar\u0131ndan elde edilen bilgiler y\u0131llar boyunca toplanabilir ve daha sonra bireysel sorumlulu\u011fun belirlenmesine dayanak olu\u015fturabilir.<\/p>\r\n<p style=\"text-align: left\">Hukuka ayk\u0131r\u0131 bir emri yerine getiren her Rus askeri, internette bulunan b\u00fcy\u00fck miktardaki bilginin kimli\u011finin tespitinde kullan\u0131labilece\u011fini hesaba katmak zorundad\u0131r. Bilgiler ayr\u0131ca ki\u015finin eski veya mevcut meslekta\u015flar\u0131 taraf\u0131ndan da sa\u011flanabilir.<\/p>\r\n<p style=\"text-align: left\">Yarg\u0131 s\u00fcre\u00e7leri uzun zaman alabilir. Bireysel sorumlulu\u011fun belirlenmesine temel olu\u015fturan bilgi ve belgeler ise y\u0131llar boyunca birikmeye devam edebilir. Bu durum, sorumluluktan ka\u00e7ma olanaklar\u0131n\u0131 giderek azalt\u0131r.<\/p>\r\n<p style=\"text-align: left\">Makale, \u0130nformNapalm i\u00e7in A\u015fton Berson taraf\u0131ndan haz\u0131rlanm\u0131\u015ft\u0131r.<\/p>\r\n\r\n\r\n<hr style=\"border: none;border-top: 1px solid #cfcfcf;margin: 24px 0;width: 75%;text-align: left\" \/>\r\n\r\n<h2 style=\"color: #000000;font-size: 1.5rem;font-weight: bold;margin-top: 24px;margin-bottom: 12px;font-family: &#039;Helvetica Neue&#039;, Helvetica, Arial, &#039;Nimbus Sans L&#039;, sans-serif;text-align: left\">\u0130nformNapalm\u2019dan di\u011fer makaleleri okuyun<\/h2>\r\n<ul>\r\n \t<li style=\"text-align: left\"><a href=\"https:\/\/informnapalm.org\/tr\/wildberries\/\"><span style=\"color: #333333\">Wildberries, \u0130HA sald\u0131r\u0131lar\u0131 ve siber operasyonlar\u0131n \u00e7apraz ate\u015finde<\/span><\/a><\/li>\r\n \t<li style=\"text-align: left\"><a href=\"https:\/\/informnapalm.org\/tr\/bastion\/\"><span style=\"color: #333333\">Ukrayna Donanmas\u0131\u2019ndan K\u0131r\u0131m\u2019daki Bastion k\u0131y\u0131 f\u00fcze sistemine sald\u0131r\u0131<\/span><\/a><\/li>\r\n \t<li style=\"text-align: left\"><a href=\"https:\/\/informnapalm.org\/tr\/rusya-iha-tehdidi-ukrayna-nato\/\"><span style=\"color: #333333\">Rusya\u2019n\u0131n 2026\u20132027 \u0130HA tehdidi ve Ukrayna\u2019dan NATO\u2019ya \u00e7\u0131kar\u0131lacak dersler<\/span><\/a><\/li>\r\n<\/ul>\r\n\r\n<hr style=\"border: none;border-top: 1px solid #cfcfcf;margin: 24px 0;width: 100%;text-align: left\" \/>\r\n<p style=\"text-align: left\"><span style=\"color: #000000\"><img class=\"alignleft\" title=\"\u0130nformNapalm&apos;\u0131n T\u00fcrk\u00e7e versiyonu\" src=\"https:\/\/informnapalm.org\/fr\/wp-content\/uploads\/sites\/2\/2015\/12\/InformNapalm_logo_05.png\" alt=\"\u0130nformNapalm&apos;\u0131n T\u00fcrk\u00e7e versiyonu\" width=\"120\" height=\"55\" \/> <span style=\"color: #333333\">Kayna\u011fa link atarak payla\u015f\u0131rsan\u0131z seviniriz! Creative Commons \u2013 Attribution 4.0 International \u2013 CC BY 4.0.<\/span> <span style=\"font-weight: bold\"><a href=\"https:\/\/www.facebook.com\/informnapalm24\/\">Facebook<\/a><\/span>, <span style=\"font-weight: bold\"><a href=\"https:\/\/twitter.com\/InformNapalm\">X<\/a><\/span> <span style=\"color: #333333\">ve<\/span> <span style=\"font-weight: bold\"><a href=\"https:\/\/t.me\/informnapalm\">Telegram'da<\/a><\/span> <span style=\"color: #333333\">\u0130nformNapalm'\u0131n sayfalar\u0131n\u0131 takip edin.<\/span><\/span><\/p>\r\n<p style=\"text-align: left\">\u0130nformNapalm'\u0131n herhangi bir h\u00fck\u00fcmetten veya sponsordan mali deste\u011fi yoktur. Tek sponsorumuz bireysel g\u00f6n\u00fcll\u00fcler ve okuyuculard\u0131r. Ayr\u0131ca <span style=\"color: #333333\">BuyMeACoffee<\/span> arac\u0131l\u0131\u011f\u0131yla ayl\u0131k <span style=\"font-weight: bold\"><a href=\"https:\/\/www.buymeacoffee.com\/informnapalm\" target=\"_blank\" rel=\"noopener\">mini ba\u011f\u0131\u015flar<\/a> <\/span> yaparak \u0130nformNapalm'\u0131 destekleyebilirsiniz.<\/p>\r\n\r\n<\/div>\r\n<\/div>","amp_enabled":false,"_links":{"self":[{"href":"https:\/\/informnapalm.org\/tr\/wp-json\/wp\/v2\/posts\/4692","targetHints":{"allow":["GET"]}}],"collection":[{"href":"https:\/\/informnapalm.org\/tr\/wp-json\/wp\/v2\/posts"}],"about":[{"href":"https:\/\/informnapalm.org\/tr\/wp-json\/wp\/v2\/types\/post"}],"author":[{"embeddable":true,"href":"https:\/\/informnapalm.org\/tr\/wp-json\/wp\/v2\/users\/72"}],"replies":[{"embeddable":true,"href":"https:\/\/informnapalm.org\/tr\/wp-json\/wp\/v2\/comments?post=4692"}],"version-history":[{"count":6,"href":"https:\/\/informnapalm.org\/tr\/wp-json\/wp\/v2\/posts\/4692\/revisions"}],"predecessor-version":[{"id":4699,"href":"https:\/\/informnapalm.org\/tr\/wp-json\/wp\/v2\/posts\/4692\/revisions\/4699"}],"wp:featuredmedia":[{"embeddable":true,"href":"https:\/\/informnapalm.org\/tr\/wp-json\/wp\/v2\/media\/4695"}],"wp:attachment":[{"href":"https:\/\/informnapalm.org\/tr\/wp-json\/wp\/v2\/media?parent=4692"}],"wp:term":[{"taxonomy":"category","embeddable":true,"href":"https:\/\/informnapalm.org\/tr\/wp-json\/wp\/v2\/categories?post=4692"},{"taxonomy":"post_tag","embeddable":true,"href":"https:\/\/informnapalm.org\/tr\/wp-json\/wp\/v2\/tags?post=4692"}],"curies":[{"name":"wp","href":"https:\/\/api.w.org\/{rel}","templated":true}]}}